{"id":507340,"date":"2016-04-11T15:32:42","date_gmt":"2016-04-11T13:32:42","guid":{"rendered":"http:\/\/www.varesenews.it\/?p=507340"},"modified":"2016-04-11T15:58:31","modified_gmt":"2016-04-11T13:58:31","slug":"cantare-e-stare-insieme-alla-corale-arnatese-si-puo","status":"publish","type":"post","link":"https:\/\/staging.varesenews.it\/2016\/04\/cantare-e-stare-insieme-alla-corale-arnatese-si-puo\/507340\/","title":{"rendered":"Cantare e stare insieme? Alla Corale Arnatese si pu\u00f2"},"content":{"rendered":"<p><strong>L&#8217;opera, la lirica sono tra le espressioni pi\u00f9 apprezzate della cultura italiana. <\/strong> Una passione che ha radici antiche, non solo nelle grandi citt\u00e0, ma anche in provincia. \u00abUn\u2019associazione come la nostra \u00e8 rara ed \u00e8 molto importante nella realt\u00e0 cittadina: \u00e8 qualcosa da conservare e proteggere\u00bb dice <strong>Giampaolo Vessella<\/strong> direttore del coro lirico della <strong><a href=\"http:\/\/www.coralearnatese.it\/index.html\">Corale Arnatese<\/a>, una delle pi\u00f9 antiche associazioni di Gallarate, nata nel 1928<\/strong>.<\/p>\n<p>Sono tre le realt\u00e0 che si possono trovare all\u2019interno della Corale, in via Marco Polo 8 a Gallarate. In primis, <strong>il coro delle voci bianche<\/strong>, un coro di alto livello, come dimostrato anche dai numerosi premi e riconoscimenti ottenuti. Il coro \u00e8 diretto dalla maestra Monica Balabio e accompagnato al pianoforte da Elena Fratipietro. <strong>Si tratta anche di lavorare sulla relazione<\/strong>: \u00abCol tempo, man mano che i bambini iniziano a fidarsi, <strong>si costruisce una relazione tra coro e strumento<\/strong>, e si acquisisce la capacit\u00e0 di adattarsi insieme a seconda dell\u2019acustica o, per esempio, di una particolare giornata\u00bb, spiega Giampaolo.<\/p>\n<p><strong>Musica et Ludus<\/strong> \u00e8 un\u2019altra delle realt\u00e0 della Corale, \u00ab<strong>Il coro che nasce come giovane, composto da persone mature<\/strong>\u00bb, spiega Franca Dell\u2019Acqua, Presidente dell\u2019Associazione. Musica et Ludus esegue diversi generi musicali, per esempio la musica polifonica, il vocal pop e il jazz, esibendosi sia a cappella sia accompagnato al pianoforte da Luca Orioli, che crea veri e propri spettacoli nei quali i coristi divengono protagonisti di \u201cscenette\u201d con coreografie, come lo spettacolo \u201cDa Gallarate a Manhattan\u201d.<\/p>\n<div class=\"photo-inside-post\"><img decoding=\"async\" loading=\"lazy\" fetchpriority=\"low\" width=\"610\" height=\"431\" src=\"https:\/\/staging.varesenews.it\/photogallery_new\/images\/2016\/04\/corale-arnatese-gallarate-530646.610x431.jpg\" alt=\"Corale Arnatese Gallarate\"><\/div>\n<p>Infine <strong>il coro \u201cstorico\u201d, ossia il coro lirico, cuore della vita associativa<\/strong>. La maggior parte del repertorio del coro lirico, diretto da Giampaolo Vessella accompagnato sia al pianoforte dal maestro Paolo Mingardi sia da orchestre, appartiene al melodramma. \u00ab<strong>Insceniamo anche vere e proprie opere<\/strong>, se possibile complete dal punto di vista della performance: ci trasformiamo in attori, ci trucchiamo e ci vestiamo con costumi. Poi c\u2019\u00e8 tutto il repertorio \u201csinfonico corale\u201d, un repertorio di ampio respiro che attinge dalla tradizione\u00bb spiega ancora Vessella.<\/p>\n<p><a href=\"http:\/\/www.varesenews.it\/wp-content\/uploads\/2016\/04\/corale-coristi.jpg\"><img loading=\"lazy\" decoding=\"async\" class=\"alignleft  wp-image-507392\" src=\"http:\/\/www.varesenews.it\/wp-content\/uploads\/2016\/04\/corale-coristi-1024x400.jpg\" alt=\"corale-coristi\" width=\"607\" height=\"237\" srcset=\"https:\/\/staging.varesenews.it\/wp-content\/uploads\/2016\/04\/corale-coristi-1024x400.jpg 1024w, https:\/\/staging.varesenews.it\/wp-content\/uploads\/2016\/04\/corale-coristi-300x117.jpg 300w, https:\/\/staging.varesenews.it\/wp-content\/uploads\/2016\/04\/corale-coristi.jpg 1280w\" sizes=\"(max-width: 607px) 100vw, 607px\" \/><\/a>Un\u2019Associazione grande e strutturata, insomma. Ma quali sono le difficolt\u00e0? \u00ab<strong>Non ci sono grandi difficolt\u00e0<\/strong>. Sicuramente \u00e8 impegnativo gestire il ricambio dei coristi e integrare i nuovi, anche per quanto riguarda chi \u00e8 intonato e che sa cantare\u00bb.<\/p>\n<p>E l\u2019ambizione pi\u00f9 grande? \u00ab<strong>L\u2019ambizione pi\u00f9 grande \u00e8 quella di inscenare un\u2019opera a Gallarate con l\u2019orchestra<\/strong> per quanto riguarda il coro lirico. Per Musica et Ludus e le voci bianche, sarebbe bello riproporre un <strong>musical<\/strong>. Tuttavia, non \u00e8 sempre facile: tutti i fondi sono a carico nostro, \u00e8 raro trovare degli sponsor, o meglio, <strong>non \u00e8 facile trovare amanti della cultura, anche se adesso c\u2019\u00e8 pi\u00f9 interesse rispetto a qualche tempo fa<\/strong>\u00bb.<\/p>\n<p>Sono tante le iniziative organizzate dalla Corale Arnatese: stage estivi per bambini e corsi per adulti, come per esempio quelli di arte scenica. Maestri e coristi hanno tutti <strong>la passione del canto e dello stare insieme<\/strong>. <strong>\u00abLa soddisfazione pi\u00f9 grande \u00e8 stata sicuramente eseguire il Requiem di Verdi nella chiesa di San Marco a Milano<\/strong>, con il maestro Parodi all\u2019organo\u00bb.<\/p>\n<p>\u00abAlcuni dei nostri coristi arrivano fin dalla Svizzera. <strong>Gli arnatesi per una vita intera sono stati una generazione di coristi<\/strong>: ci sono anche intere famiglie che vengono qui a cantare, in questa sede invidiata da tanti cori\u00bb, spiega Franca Dall\u2019Acqua. <strong>\u00abInoltre, forniamo l\u2019opportunit\u00e0 di crescita personale parallela, una crescita umana e collettiva, prima ancora che artistica\u00bb<\/strong>.<\/p>\n","protected":false},"excerpt":{"rendered":"<p>Attiva da 88 anni, \u00e8 una delle pi\u00f9 antiche realt\u00e0 associative cittadine<\/p>\n","protected":false},"author":46,"featured_media":0,"comment_status":"open","ping_status":"open","sticky":false,"template":"","format":"standard","meta":{"footnotes":""},"categories":[3,20],"tags":[1011,1552,74370],"acf":[],"yoast_head":"<!-- This site is optimized with the Yoast SEO plugin v20.1 - https:\/\/yoast.com\/wordpress\/plugins\/seo\/ -->\n<title>Cantare e stare insieme? Alla Corale Arnatese si pu\u00f2<\/title>\n<meta name=\"description\" content=\"Attiva da 88 anni, \u00e8 una delle pi\u00f9 antiche realt\u00e0 associative cittadine\" \/>\n<meta name=\"robots\" content=\"noindex, follow, max-snippet:-1, max-image-preview:large, max-video-preview:-1\" \/>\n<meta property=\"og:locale\" content=\"it_IT\" \/>\n<meta property=\"og:type\" content=\"article\" \/>\n<meta property=\"og:title\" content=\"Cantare e stare insieme? Alla Corale Arnatese si pu\u00f2\" \/>\n<meta property=\"og:description\" content=\"Attiva da 88 anni, \u00e8 una delle pi\u00f9 antiche realt\u00e0 associative cittadine\" \/>\n<meta property=\"og:url\" content=\"https:\/\/staging.varesenews.it\/2016\/04\/cantare-e-stare-insieme-alla-corale-arnatese-si-puo\/507340\/\" \/>\n<meta property=\"og:site_name\" content=\"VareseNews\" \/>\n<meta property=\"article:publisher\" content=\"https:\/\/www.facebook.com\/varesenews\" \/>\n<meta property=\"article:published_time\" content=\"2016-04-11T13:32:42+00:00\" \/>\n<meta property=\"article:modified_time\" content=\"2016-04-11T13:58:31+00:00\" \/>\n<meta property=\"og:image\" content=\"http:\/\/www.varesenews.it\/wp-content\/uploads\/2016\/04\/corale-coristi-1024x400.jpg\" \/>\n<meta name=\"author\" content=\"Roberto Morandi\" \/>\n<meta name=\"twitter:card\" content=\"summary_large_image\" \/>\n<meta name=\"twitter:creator\" content=\"@ilmorands\" \/>\n<meta name=\"twitter:site\" content=\"@varesenews\" \/>\n<meta name=\"twitter:label1\" content=\"Scritto da\" \/>\n\t<meta name=\"twitter:data1\" content=\"Roberto Morandi\" \/>\n\t<meta name=\"twitter:label2\" content=\"Tempo di lettura stimato\" \/>\n\t<meta name=\"twitter:data2\" content=\"3 minuti\" \/>\n<script type=\"application\/ld+json\" class=\"yoast-schema-graph\">{\"@context\":\"https:\/\/schema.org\",\"@graph\":[{\"@type\":\"WebPage\",\"@id\":\"https:\/\/staging.varesenews.it\/2016\/04\/cantare-e-stare-insieme-alla-corale-arnatese-si-puo\/507340\/\",\"url\":\"https:\/\/staging.varesenews.it\/2016\/04\/cantare-e-stare-insieme-alla-corale-arnatese-si-puo\/507340\/\",\"name\":\"Cantare e stare insieme? Alla Corale Arnatese si pu\u00f2\",\"isPartOf\":{\"@id\":\"https:\/\/staging.varesenews.it\/#website\"},\"datePublished\":\"2016-04-11T13:32:42+00:00\",\"dateModified\":\"2016-04-11T13:58:31+00:00\",\"author\":{\"@id\":\"https:\/\/staging.varesenews.it\/#\/schema\/person\/efe592ae4c76536b551f89d8b6674bc3\"},\"description\":\"Attiva da 88 anni, \u00e8 una delle pi\u00f9 antiche realt\u00e0 associative cittadine\",\"breadcrumb\":{\"@id\":\"https:\/\/staging.varesenews.it\/2016\/04\/cantare-e-stare-insieme-alla-corale-arnatese-si-puo\/507340\/#breadcrumb\"},\"inLanguage\":\"it-IT\",\"potentialAction\":[{\"@type\":\"ReadAction\",\"target\":[\"https:\/\/staging.varesenews.it\/2016\/04\/cantare-e-stare-insieme-alla-corale-arnatese-si-puo\/507340\/\"]}]},{\"@type\":\"BreadcrumbList\",\"@id\":\"https:\/\/staging.varesenews.it\/2016\/04\/cantare-e-stare-insieme-alla-corale-arnatese-si-puo\/507340\/#breadcrumb\",\"itemListElement\":[{\"@type\":\"ListItem\",\"position\":1,\"name\":\"Home\",\"item\":\"https:\/\/www.varesenews.it\/\"},{\"@type\":\"ListItem\",\"position\":2,\"name\":\"Cantare e stare insieme? Alla Corale Arnatese si pu\u00f2\"}]},{\"@type\":\"WebSite\",\"@id\":\"https:\/\/staging.varesenews.it\/#website\",\"url\":\"https:\/\/staging.varesenews.it\/\",\"name\":\"VareseNews\",\"description\":\"\",\"potentialAction\":[{\"@type\":\"SearchAction\",\"target\":{\"@type\":\"EntryPoint\",\"urlTemplate\":\"https:\/\/staging.varesenews.it\/?s={search_term_string}\"},\"query-input\":\"required name=search_term_string\"}],\"inLanguage\":\"it-IT\"},{\"@type\":\"Person\",\"@id\":\"https:\/\/staging.varesenews.it\/#\/schema\/person\/efe592ae4c76536b551f89d8b6674bc3\",\"name\":\"Roberto Morandi\",\"image\":{\"@type\":\"ImageObject\",\"inLanguage\":\"it-IT\",\"@id\":\"https:\/\/staging.varesenews.it\/#\/schema\/person\/image\/\",\"url\":\"https:\/\/staging.varesenews.it\/wp-content\/uploads\/2020\/12\/roberto_morandi_colori_500.jpg\",\"contentUrl\":\"https:\/\/staging.varesenews.it\/wp-content\/uploads\/2020\/12\/roberto_morandi_colori_500.jpg\",\"caption\":\"Roberto Morandi\"},\"description\":\"Classe 1980, laureato in storia, mi occupo dell&rsquo;area di Gallarate e di Malpensa, di trasporti e mobilit&agrave;. Amo molto la dimensione della citt&agrave;, come luogo d&rsquo;incontro di persone diverse e come organismo che si trasforma costantemente. Mi piace anche raccontare le piccole e grandi vicende, anche locali, che compongono la Storia con la S maiuscola. Appassionato di bicicletta: la macchina perfetta per muoversi in citt&agrave; e per viaggiare.\",\"sameAs\":[\"https:\/\/twitter.com\/ilmorands\"],\"url\":\"https:\/\/staging.varesenews.it\/persona\/roberto-morandi1\/\"}]}<\/script>\n<!-- \/ Yoast SEO plugin. -->","yoast_head_json":{"title":"Cantare e stare insieme? Alla Corale Arnatese si pu\u00f2","description":"Attiva da 88 anni, \u00e8 una delle pi\u00f9 antiche realt\u00e0 associative cittadine","robots":{"index":"noindex","follow":"follow","max-snippet":"max-snippet:-1","max-image-preview":"max-image-preview:large","max-video-preview":"max-video-preview:-1"},"og_locale":"it_IT","og_type":"article","og_title":"Cantare e stare insieme? Alla Corale Arnatese si pu\u00f2","og_description":"Attiva da 88 anni, \u00e8 una delle pi\u00f9 antiche realt\u00e0 associative cittadine","og_url":"https:\/\/staging.varesenews.it\/2016\/04\/cantare-e-stare-insieme-alla-corale-arnatese-si-puo\/507340\/","og_site_name":"VareseNews","article_publisher":"https:\/\/www.facebook.com\/varesenews","article_published_time":"2016-04-11T13:32:42+00:00","article_modified_time":"2016-04-11T13:58:31+00:00","og_image":[{"url":"http:\/\/www.varesenews.it\/wp-content\/uploads\/2016\/04\/corale-coristi-1024x400.jpg"}],"author":"Roberto Morandi","twitter_card":"summary_large_image","twitter_creator":"@ilmorands","twitter_site":"@varesenews","twitter_misc":{"Scritto da":"Roberto Morandi","Tempo di lettura stimato":"3 minuti"},"schema":{"@context":"https:\/\/schema.org","@graph":[{"@type":"WebPage","@id":"https:\/\/staging.varesenews.it\/2016\/04\/cantare-e-stare-insieme-alla-corale-arnatese-si-puo\/507340\/","url":"https:\/\/staging.varesenews.it\/2016\/04\/cantare-e-stare-insieme-alla-corale-arnatese-si-puo\/507340\/","name":"Cantare e stare insieme? Alla Corale Arnatese si pu\u00f2","isPartOf":{"@id":"https:\/\/staging.varesenews.it\/#website"},"datePublished":"2016-04-11T13:32:42+00:00","dateModified":"2016-04-11T13:58:31+00:00","author":{"@id":"https:\/\/staging.varesenews.it\/#\/schema\/person\/efe592ae4c76536b551f89d8b6674bc3"},"description":"Attiva da 88 anni, \u00e8 una delle pi\u00f9 antiche realt\u00e0 associative cittadine","breadcrumb":{"@id":"https:\/\/staging.varesenews.it\/2016\/04\/cantare-e-stare-insieme-alla-corale-arnatese-si-puo\/507340\/#breadcrumb"},"inLanguage":"it-IT","potentialAction":[{"@type":"ReadAction","target":["https:\/\/staging.varesenews.it\/2016\/04\/cantare-e-stare-insieme-alla-corale-arnatese-si-puo\/507340\/"]}]},{"@type":"BreadcrumbList","@id":"https:\/\/staging.varesenews.it\/2016\/04\/cantare-e-stare-insieme-alla-corale-arnatese-si-puo\/507340\/#breadcrumb","itemListElement":[{"@type":"ListItem","position":1,"name":"Home","item":"https:\/\/www.varesenews.it\/"},{"@type":"ListItem","position":2,"name":"Cantare e stare insieme? Alla Corale Arnatese si pu\u00f2"}]},{"@type":"WebSite","@id":"https:\/\/staging.varesenews.it\/#website","url":"https:\/\/staging.varesenews.it\/","name":"VareseNews","description":"","potentialAction":[{"@type":"SearchAction","target":{"@type":"EntryPoint","urlTemplate":"https:\/\/staging.varesenews.it\/?s={search_term_string}"},"query-input":"required name=search_term_string"}],"inLanguage":"it-IT"},{"@type":"Person","@id":"https:\/\/staging.varesenews.it\/#\/schema\/person\/efe592ae4c76536b551f89d8b6674bc3","name":"Roberto Morandi","image":{"@type":"ImageObject","inLanguage":"it-IT","@id":"https:\/\/staging.varesenews.it\/#\/schema\/person\/image\/","url":"https:\/\/staging.varesenews.it\/wp-content\/uploads\/2020\/12\/roberto_morandi_colori_500.jpg","contentUrl":"https:\/\/staging.varesenews.it\/wp-content\/uploads\/2020\/12\/roberto_morandi_colori_500.jpg","caption":"Roberto Morandi"},"description":"Classe 1980, laureato in storia, mi occupo dell&rsquo;area di Gallarate e di Malpensa, di trasporti e mobilit&agrave;. Amo molto la dimensione della citt&agrave;, come luogo d&rsquo;incontro di persone diverse e come organismo che si trasforma costantemente. Mi piace anche raccontare le piccole e grandi vicende, anche locali, che compongono la Storia con la S maiuscola. Appassionato di bicicletta: la macchina perfetta per muoversi in citt&agrave; e per viaggiare.","sameAs":["https:\/\/twitter.com\/ilmorands"],"url":"https:\/\/staging.varesenews.it\/persona\/roberto-morandi1\/"}]}},"post_meta":{"_edit_lock":"1460383296:46","_edit_last":"46","_category_permalink":"3","wdfb_og_title":"","wdfb_og_type":"","wdfb_og_description":"","wdfb_og_images":"a:1:{i:0;s:0:\"\";}","wdfb_og_custom_name":"a:1:{i:0;s:0:\"\";}","wdfb_og_custom_value":"a:1:{i:0;s:0:\"\";}","_jd_twitter":"","_jd_tweet_this":"yes","ratings_users":"0","ratings_score":"0","ratings_average":"0","foto":"530647","firma_come_redazione":"1","firma-personalizzata":"Camilla Malacarne","argomento":"Gallarate","_wpt_short_url":"http:\/\/www.varesenews.it\/2016\/04\/cantare-e-stare-insieme-alla-corale-arnatese-si-puo\/507340\/","_wp_jd_target":"http:\/\/www.varesenews.it\/2016\/04\/cantare-e-stare-insieme-alla-corale-arnatese-si-puo\/507340\/","_jd_wp_twitter":"a:1:{i:0;s:147:\"Cantare e stare insieme? Alla Corale Arnatese si pu\u00f2 http:\/\/www.varesenews.it\/2016\/04\/cantare-e-stare-insieme-alla-corale-arnatese-si-puo\/507340\/ \";}","_wpt_status_message":"Tweet inviato con successo."},"photos":[{"original":"https:\/\/staging.varesenews.it\/photogallery_new\/images\/2016\/04\/corale-arnatese-gallarate-530647.jpg","full":"https:\/\/staging.varesenews.it\/photogallery_new\/images\/2016\/04\/corale-arnatese-gallarate-530647.1024x768.jpg","large":"https:\/\/staging.varesenews.it\/photogallery_new\/images\/2016\/04\/corale-arnatese-gallarate-530647.610x431.jpg"}],"_links":{"self":[{"href":"https:\/\/staging.varesenews.it\/swgapi\/v1\/wp\/v2\/posts\/507340"}],"collection":[{"href":"https:\/\/staging.varesenews.it\/swgapi\/v1\/wp\/v2\/posts"}],"about":[{"href":"https:\/\/staging.varesenews.it\/swgapi\/v1\/wp\/v2\/types\/post"}],"author":[{"embeddable":true,"href":"https:\/\/staging.varesenews.it\/swgapi\/v1\/wp\/v2\/users\/46"}],"replies":[{"embeddable":true,"href":"https:\/\/staging.varesenews.it\/swgapi\/v1\/wp\/v2\/comments?post=507340"}],"version-history":[{"count":0,"href":"https:\/\/staging.varesenews.it\/swgapi\/v1\/wp\/v2\/posts\/507340\/revisions"}],"wp:attachment":[{"href":"https:\/\/staging.varesenews.it\/swgapi\/v1\/wp\/v2\/media?parent=507340"}],"wp:term":[{"taxonomy":"category","embeddable":true,"href":"https:\/\/staging.varesenews.it\/swgapi\/v1\/wp\/v2\/categories?post=507340"},{"taxonomy":"post_tag","embeddable":true,"href":"https:\/\/staging.varesenews.it\/swgapi\/v1\/wp\/v2\/tags?post=507340"}],"curies":[{"name":"wp","href":"https:\/\/api.w.org\/{rel}","templated":true}]}}