{"id":507638,"date":"2016-04-12T10:20:49","date_gmt":"2016-04-12T08:20:49","guid":{"rendered":"http:\/\/www.varesenews.it\/?p=507638"},"modified":"2016-04-12T10:33:51","modified_gmt":"2016-04-12T08:33:51","slug":"e-morto-il-professor-giovanni-rimoldi","status":"publish","type":"post","link":"https:\/\/staging.varesenews.it\/2016\/04\/e-morto-il-professor-giovanni-rimoldi\/507638\/","title":{"rendered":"E&#8217; morto il professor Giovanni Rimoldi"},"content":{"rendered":"<p>Giovanni Rimoldi si \u00e8 spento la notte tra il 10 e l&#8217;11 aprile a<strong> 68 anni,<\/strong> storico professore del Liceo Arturo Tosi di Busto Arsizio dove ha insegnato per anni storia e filosofia al liceo scientifico. Da mercoled\u00ec la salma verr\u00e0 esposta al battistero di San Giovanni mentre i funerali saranno celebrati in basilica venerd\u00ec alle 15.15.<\/p>\n<p><strong>Giovanni Rimoldi ha insegnato per anni all\u2019Arturo Tosi storia e filosofia.\u00a0<\/strong>Ha svolto nelle sue classi un corso di bioetica al termine del quale gli alunni hanno partecipato con successo al concorso scolastico europeo indetto dal Movimento per la Vita con il patrocinio delle massime autorit\u00e0 statali. Negli anni \u00e8 stato anche coordinatore de &#8220;La Voce degli Studenti&#8221;, il giornalino dell&#8217;istituto.<\/p>\n<p>Con la moglie\u00a0<strong>Anna Puricelli ha scritto \u201cCento giorni nell\u2019eternit\u00e0 \u2013 Alla ricerca del senso della vita\u201d<\/strong>\u00a0un volume sulla brevissima esistenza di Maria Gabriella, la loro figlia vissuta 100 giorni. Entrambi hanno collaborato\u00a0con il Direttivo del Centro di Aiuto alla Vita di Busto, un\u2019associazione che aiuta, attraverso il\u00a0<strong>Progetto Gemma<\/strong>, le giovani mamme in difficolt\u00e0 nel primo anno di vita del neonato.\u00a0<strong>Anna e Giovanni hanno ideato e creato la mostra \u201cUn grande s\u00ec alla vita\u201d<\/strong>che \u00e8 stata esposta in diversi luoghi d\u2019Italia ottenendo, ovunque, un grande successo.<\/p>\n<p>Nato a Cislago, laureato in Lettere e Filosofia alla Cattolica di Milano e in Psicologia a Padova, \u00e8 stato autore anche di diversi volumi storici. <strong>Molti di questi si sono concentrati sul quartiere bustocco di Borsano e sulle famiglie che ne hanno fatto la storia<\/strong>.<\/p>\n<p><a href=\"http:\/\/necrologie.varesenews.it\/annuncio-famiglia\/giovanni-rimoldi\/\/\" target=\"_blank\"><br \/>\n<img loading=\"lazy\" decoding=\"async\" src=\"http:\/\/www.varesenews.it\/photogallery_new\/images\/2016\/02\/necrologie-513306.jpg\" alt=\"\" width=\"600\" height=\"60\" border=\"0\" \/><\/a><\/p>\n","protected":false},"excerpt":{"rendered":"<p>Storico docente di storia e filosofia del Liceo Arturo Tosi \u00e8 morto a 68 anni. I funerali saranno venerd\u00ec alle 15.15<\/p>\n","protected":false},"author":42,"featured_media":0,"comment_status":"open","ping_status":"open","sticky":false,"template":"","format":"standard","meta":{"footnotes":""},"categories":[4,90],"tags":[858,3871],"acf":[],"yoast_head":"<!-- This site is optimized with the Yoast SEO plugin v20.1 - https:\/\/yoast.com\/wordpress\/plugins\/seo\/ -->\n<title>E&#039; morto il professor Giovanni Rimoldi<\/title>\n<meta name=\"description\" content=\"Storico docente di storia e filosofia del Liceo Arturo Tosi \u00e8 morto a 68 anni. I funerali saranno venerd\u00ec alle 15.15\" \/>\n<meta name=\"robots\" content=\"noindex, follow, max-snippet:-1, max-image-preview:large, max-video-preview:-1\" \/>\n<meta property=\"og:locale\" content=\"it_IT\" \/>\n<meta property=\"og:type\" content=\"article\" \/>\n<meta property=\"og:title\" content=\"E&#039; morto il professor Giovanni Rimoldi\" \/>\n<meta property=\"og:description\" content=\"Storico docente di storia e filosofia del Liceo Arturo Tosi \u00e8 morto a 68 anni. I funerali saranno venerd\u00ec alle 15.15\" \/>\n<meta property=\"og:url\" content=\"https:\/\/staging.varesenews.it\/2016\/04\/e-morto-il-professor-giovanni-rimoldi\/507638\/\" \/>\n<meta property=\"og:site_name\" content=\"VareseNews\" \/>\n<meta property=\"article:publisher\" content=\"https:\/\/www.facebook.com\/varesenews\" \/>\n<meta property=\"article:published_time\" content=\"2016-04-12T08:20:49+00:00\" \/>\n<meta property=\"article:modified_time\" content=\"2016-04-12T08:33:51+00:00\" \/>\n<meta property=\"og:image\" content=\"http:\/\/www.varesenews.it\/photogallery_new\/images\/2016\/02\/necrologie-513306.jpg\" \/>\n<meta name=\"author\" content=\"Marco Corso\" \/>\n<meta name=\"twitter:card\" content=\"summary_large_image\" \/>\n<meta name=\"twitter:creator\" content=\"@varesenews\" \/>\n<meta name=\"twitter:site\" content=\"@varesenews\" \/>\n<meta name=\"twitter:label1\" content=\"Scritto da\" \/>\n\t<meta name=\"twitter:data1\" content=\"Marco Corso\" \/>\n\t<meta name=\"twitter:label2\" content=\"Tempo di lettura stimato\" \/>\n\t<meta name=\"twitter:data2\" content=\"1 minuto\" \/>\n<script type=\"application\/ld+json\" class=\"yoast-schema-graph\">{\"@context\":\"https:\/\/schema.org\",\"@graph\":[{\"@type\":\"WebPage\",\"@id\":\"https:\/\/staging.varesenews.it\/2016\/04\/e-morto-il-professor-giovanni-rimoldi\/507638\/\",\"url\":\"https:\/\/staging.varesenews.it\/2016\/04\/e-morto-il-professor-giovanni-rimoldi\/507638\/\",\"name\":\"E' morto il professor Giovanni Rimoldi\",\"isPartOf\":{\"@id\":\"https:\/\/staging.varesenews.it\/#website\"},\"datePublished\":\"2016-04-12T08:20:49+00:00\",\"dateModified\":\"2016-04-12T08:33:51+00:00\",\"author\":{\"@id\":\"https:\/\/staging.varesenews.it\/#\/schema\/person\/f0b866bf1a4a7b2b1558574309a927fa\"},\"description\":\"Storico docente di storia e filosofia del Liceo Arturo Tosi \u00e8 morto a 68 anni. I funerali saranno venerd\u00ec alle 15.15\",\"breadcrumb\":{\"@id\":\"https:\/\/staging.varesenews.it\/2016\/04\/e-morto-il-professor-giovanni-rimoldi\/507638\/#breadcrumb\"},\"inLanguage\":\"it-IT\",\"potentialAction\":[{\"@type\":\"ReadAction\",\"target\":[\"https:\/\/staging.varesenews.it\/2016\/04\/e-morto-il-professor-giovanni-rimoldi\/507638\/\"]}]},{\"@type\":\"BreadcrumbList\",\"@id\":\"https:\/\/staging.varesenews.it\/2016\/04\/e-morto-il-professor-giovanni-rimoldi\/507638\/#breadcrumb\",\"itemListElement\":[{\"@type\":\"ListItem\",\"position\":1,\"name\":\"Home\",\"item\":\"https:\/\/www.varesenews.it\/\"},{\"@type\":\"ListItem\",\"position\":2,\"name\":\"E&#8217; morto il professor Giovanni Rimoldi\"}]},{\"@type\":\"WebSite\",\"@id\":\"https:\/\/staging.varesenews.it\/#website\",\"url\":\"https:\/\/staging.varesenews.it\/\",\"name\":\"VareseNews\",\"description\":\"\",\"potentialAction\":[{\"@type\":\"SearchAction\",\"target\":{\"@type\":\"EntryPoint\",\"urlTemplate\":\"https:\/\/staging.varesenews.it\/?s={search_term_string}\"},\"query-input\":\"required name=search_term_string\"}],\"inLanguage\":\"it-IT\"},{\"@type\":\"Person\",\"@id\":\"https:\/\/staging.varesenews.it\/#\/schema\/person\/f0b866bf1a4a7b2b1558574309a927fa\",\"name\":\"Marco Corso\",\"image\":{\"@type\":\"ImageObject\",\"inLanguage\":\"it-IT\",\"@id\":\"https:\/\/staging.varesenews.it\/#\/schema\/person\/image\/\",\"url\":\"https:\/\/staging.varesenews.it\/wp-content\/uploads\/2020\/12\/marco_corso_colori_500.jpg\",\"contentUrl\":\"https:\/\/staging.varesenews.it\/wp-content\/uploads\/2020\/12\/marco_corso_colori_500.jpg\",\"caption\":\"Marco Corso\"},\"description\":\"Classe 91, per diversi anni mi sono fregiato del titolo di pi&ugrave; giovane della redazione, ma adesso faccio il fratello maggiore alle nuove leve. Mi sono laureato nel 2013 in Scienze Sociali per la Globalizzazione alla Statale di Milano e nel 2015 mi sono diplomato in videogiornalismo alla Civica Scuola di Cinema di Milano. A VareseNews da 10 anni, ho seguito da sempre diversi progetti, partendo dalla mia Busto Arsizio per attraversare tutta la provincia. Adesso la \\\"sorvolo\\\" anche con il mio drone, regalando alle mie riprese sempre un punto di vista emozionale e narrativo sui luoghi e le vicende che racconto, ma rimanendo fedele alla cronaca. Quando non faccio il giornalista viaggio o mi arrampico sui monti, per guardare il mondo da altri punti di vista.\",\"sameAs\":[\"mar_corso\"],\"url\":\"https:\/\/staging.varesenews.it\/persona\/marco-corso1\/\"}]}<\/script>\n<!-- \/ Yoast SEO plugin. -->","yoast_head_json":{"title":"E' morto il professor Giovanni Rimoldi","description":"Storico docente di storia e filosofia del Liceo Arturo Tosi \u00e8 morto a 68 anni. I funerali saranno venerd\u00ec alle 15.15","robots":{"index":"noindex","follow":"follow","max-snippet":"max-snippet:-1","max-image-preview":"max-image-preview:large","max-video-preview":"max-video-preview:-1"},"og_locale":"it_IT","og_type":"article","og_title":"E' morto il professor Giovanni Rimoldi","og_description":"Storico docente di storia e filosofia del Liceo Arturo Tosi \u00e8 morto a 68 anni. I funerali saranno venerd\u00ec alle 15.15","og_url":"https:\/\/staging.varesenews.it\/2016\/04\/e-morto-il-professor-giovanni-rimoldi\/507638\/","og_site_name":"VareseNews","article_publisher":"https:\/\/www.facebook.com\/varesenews","article_published_time":"2016-04-12T08:20:49+00:00","article_modified_time":"2016-04-12T08:33:51+00:00","og_image":[{"url":"http:\/\/www.varesenews.it\/photogallery_new\/images\/2016\/02\/necrologie-513306.jpg"}],"author":"Marco Corso","twitter_card":"summary_large_image","twitter_creator":"@varesenews","twitter_site":"@varesenews","twitter_misc":{"Scritto da":"Marco Corso","Tempo di lettura stimato":"1 minuto"},"schema":{"@context":"https:\/\/schema.org","@graph":[{"@type":"WebPage","@id":"https:\/\/staging.varesenews.it\/2016\/04\/e-morto-il-professor-giovanni-rimoldi\/507638\/","url":"https:\/\/staging.varesenews.it\/2016\/04\/e-morto-il-professor-giovanni-rimoldi\/507638\/","name":"E' morto il professor Giovanni Rimoldi","isPartOf":{"@id":"https:\/\/staging.varesenews.it\/#website"},"datePublished":"2016-04-12T08:20:49+00:00","dateModified":"2016-04-12T08:33:51+00:00","author":{"@id":"https:\/\/staging.varesenews.it\/#\/schema\/person\/f0b866bf1a4a7b2b1558574309a927fa"},"description":"Storico docente di storia e filosofia del Liceo Arturo Tosi \u00e8 morto a 68 anni. I funerali saranno venerd\u00ec alle 15.15","breadcrumb":{"@id":"https:\/\/staging.varesenews.it\/2016\/04\/e-morto-il-professor-giovanni-rimoldi\/507638\/#breadcrumb"},"inLanguage":"it-IT","potentialAction":[{"@type":"ReadAction","target":["https:\/\/staging.varesenews.it\/2016\/04\/e-morto-il-professor-giovanni-rimoldi\/507638\/"]}]},{"@type":"BreadcrumbList","@id":"https:\/\/staging.varesenews.it\/2016\/04\/e-morto-il-professor-giovanni-rimoldi\/507638\/#breadcrumb","itemListElement":[{"@type":"ListItem","position":1,"name":"Home","item":"https:\/\/www.varesenews.it\/"},{"@type":"ListItem","position":2,"name":"E&#8217; morto il professor Giovanni Rimoldi"}]},{"@type":"WebSite","@id":"https:\/\/staging.varesenews.it\/#website","url":"https:\/\/staging.varesenews.it\/","name":"VareseNews","description":"","potentialAction":[{"@type":"SearchAction","target":{"@type":"EntryPoint","urlTemplate":"https:\/\/staging.varesenews.it\/?s={search_term_string}"},"query-input":"required name=search_term_string"}],"inLanguage":"it-IT"},{"@type":"Person","@id":"https:\/\/staging.varesenews.it\/#\/schema\/person\/f0b866bf1a4a7b2b1558574309a927fa","name":"Marco Corso","image":{"@type":"ImageObject","inLanguage":"it-IT","@id":"https:\/\/staging.varesenews.it\/#\/schema\/person\/image\/","url":"https:\/\/staging.varesenews.it\/wp-content\/uploads\/2020\/12\/marco_corso_colori_500.jpg","contentUrl":"https:\/\/staging.varesenews.it\/wp-content\/uploads\/2020\/12\/marco_corso_colori_500.jpg","caption":"Marco Corso"},"description":"Classe 91, per diversi anni mi sono fregiato del titolo di pi&ugrave; giovane della redazione, ma adesso faccio il fratello maggiore alle nuove leve. Mi sono laureato nel 2013 in Scienze Sociali per la Globalizzazione alla Statale di Milano e nel 2015 mi sono diplomato in videogiornalismo alla Civica Scuola di Cinema di Milano. A VareseNews da 10 anni, ho seguito da sempre diversi progetti, partendo dalla mia Busto Arsizio per attraversare tutta la provincia. Adesso la \"sorvolo\" anche con il mio drone, regalando alle mie riprese sempre un punto di vista emozionale e narrativo sui luoghi e le vicende che racconto, ma rimanendo fedele alla cronaca. Quando non faccio il giornalista viaggio o mi arrampico sui monti, per guardare il mondo da altri punti di vista.","sameAs":["mar_corso"],"url":"https:\/\/staging.varesenews.it\/persona\/marco-corso1\/"}]}},"post_meta":{"_edit_lock":"1460786458:5428","_edit_last":"5428","_category_permalink":"","wdfb_og_title":"","wdfb_og_type":"","wdfb_og_description":"","wdfb_og_images":"a:1:{i:0;s:0:\"\";}","wdfb_og_custom_name":"a:1:{i:0;s:0:\"\";}","wdfb_og_custom_value":"a:1:{i:0;s:0:\"\";}","foto":"530895","argomento":"Busto Arsizio","_jd_twitter":"","_jd_tweet_this":"yes","ratings_users":"0","ratings_score":"0","ratings_average":"0","_wpt_short_url":"http:\/\/www.varesenews.it\/2016\/04\/e-morto-il-professor-giovanni-rimoldi\/507638\/","_wp_jd_target":"http:\/\/www.varesenews.it\/2016\/04\/e-morto-il-professor-giovanni-rimoldi\/507638\/","_jd_wp_twitter":"a:1:{i:0;s:137:\"E' morto il professor Giovanni Rimoldi http:\/\/www.varesenews.it\/2016\/04\/e-morto-il-professor-giovanni-rimoldi\/507638\/ #borsano #liceotosi\";}","_wpt_status_message":"Tweet inviato con successo."},"photos":[{"original":"https:\/\/staging.varesenews.it\/photogallery_new\/images\/2016\/04\/varie-530895.jpg","full":"https:\/\/staging.varesenews.it\/photogallery_new\/images\/2016\/04\/varie-530895.1024x768.jpg","large":"https:\/\/staging.varesenews.it\/photogallery_new\/images\/2016\/04\/varie-530895.610x431.jpg"}],"_links":{"self":[{"href":"https:\/\/staging.varesenews.it\/swgapi\/v1\/wp\/v2\/posts\/507638"}],"collection":[{"href":"https:\/\/staging.varesenews.it\/swgapi\/v1\/wp\/v2\/posts"}],"about":[{"href":"https:\/\/staging.varesenews.it\/swgapi\/v1\/wp\/v2\/types\/post"}],"author":[{"embeddable":true,"href":"https:\/\/staging.varesenews.it\/swgapi\/v1\/wp\/v2\/users\/42"}],"replies":[{"embeddable":true,"href":"https:\/\/staging.varesenews.it\/swgapi\/v1\/wp\/v2\/comments?post=507638"}],"version-history":[{"count":0,"href":"https:\/\/staging.varesenews.it\/swgapi\/v1\/wp\/v2\/posts\/507638\/revisions"}],"wp:attachment":[{"href":"https:\/\/staging.varesenews.it\/swgapi\/v1\/wp\/v2\/media?parent=507638"}],"wp:term":[{"taxonomy":"category","embeddable":true,"href":"https:\/\/staging.varesenews.it\/swgapi\/v1\/wp\/v2\/categories?post=507638"},{"taxonomy":"post_tag","embeddable":true,"href":"https:\/\/staging.varesenews.it\/swgapi\/v1\/wp\/v2\/tags?post=507638"}],"curies":[{"name":"wp","href":"https:\/\/api.w.org\/{rel}","templated":true}]}}