{"id":509212,"date":"2016-04-16T10:14:59","date_gmt":"2016-04-16T08:14:59","guid":{"rendered":"http:\/\/www.varesenews.it\/?p=509212"},"modified":"2019-07-08T23:09:57","modified_gmt":"2019-07-08T21:09:57","slug":"tutto-quel-che-ce-da-sapere-su-giuseppe-uva","status":"publish","type":"post","link":"https:\/\/staging.varesenews.it\/2016\/04\/tutto-quel-che-ce-da-sapere-su-giuseppe-uva\/509212\/","title":{"rendered":"Tutto quel che c&#8217;\u00e8 da sapere su Giuseppe Uva"},"content":{"rendered":"<blockquote><p><strong><span style=\"color: #ff0000;\">BREAKING NEWS<\/span><\/strong>: l&#8217;<strong>8 luglio\u00a02019\u00a0<\/strong>i\u00a02 carabinieri e i 6 poliziotti imputati sono stati <strong>assolti<\/strong>\u00a0dall\u2019accusa di omicidio e sequestro di persona con formula piena anche dalla <b>Cassazione\u00a0<\/b>(<strong><a href=\"https:\/\/www.varesenews.it\/2019\/07\/caso-uva-assoluzione-definitva-poliziotti-carabinieri\/837173\/\">leggi qui<\/a><\/strong>).<\/p><\/blockquote>\n<p>La corte d&#8217;assise di Varese, il 15 aprile 2016,\u00a0<a href=\"http:\/\/www.varesenews.it\/2016\/04\/processo-uva-tutti-assolti\/509136\/\">ha assolto i 6 poliziotti e 2 carabinieri <\/a>accusati di aver picchiato Giuseppe Uva la notte del 14 giugno 2008. Ecco un riassunto della vicenda, per capire in sintesi i punti nodali della vicenda.<\/p>\n<p><strong>Quali erano i reati contestati?<\/strong><\/p>\n<p>Omicidio preterintenzionale, abbandono di incapace, abuso di autorit\u00e0 su arrestato, arresto illegale.<\/p>\n<p><strong>Ci sar\u00e0 un ricorso?<\/strong><\/p>\n<p>La Procura della Repubblica di Varese ha chiesto e ottenuto l&#8217;assoluzione e non ha fatto ricorso ma la procura generale di Milano ha impugnato la sentenza e , a marzo 2018, inizier\u00e0 il processo di secondo grado. La Parte civile ha affermato che si rivolger\u00e0 alla corte europea di Bruxelles.<\/p>\n<p><div class=\"photo-inside-post\"><img decoding=\"async\" loading=\"lazy\" fetchpriority=\"low\" width=\"610\" height=\"431\" src=\"https:\/\/staging.varesenews.it\/photogallery_new\/images\/2014\/07\/alberto-biggiogero-in-tribunale-il-testimone-del-caso-uva-in-176714.610x431.jpg\" alt=\"Alberto Biggiogero in tribunale (il testimone del caso Uva) (inserita in galleria)\"><\/div><br \/>\n(Alberto Biggiogero, il testimone che era con Uva quella notte in caserma)<\/p>\n<p><strong>Perch\u00e9 quella notte intervennero tre pattuglie?<\/strong><\/p>\n<p>I carabinieri furono chiamati alle 3 in via Dandolo, a Varese, dai residenti, perch\u00e9 due uomini facevano schiamazzi. La pattuglia chiese ausilio alla centrale operativa, che invi\u00f2 a rinforzo la polizia di stato, in caserma, con le due volanti in turno. La terza volante giunse perch\u00e9 il capo turno volle andare a sincerarsi della situazione e non aveva in corso, al momento, altri interventi.<\/p>\n<p><strong>Uva rimase da solo con gli agenti?<\/strong><\/p>\n<p>Uva e l&#8217;amico Alberto Biggiogero arrivarono alle 3 e 50 circa. Furono separati. Biggiogero ud\u00ec le urla dell&#8217;amico e pens\u00f2 a un pestaggio. Per tutti gli altri testimoni si tratt\u00f2 invece di una crisi di nervi. Alle 4 e 11 giunse il primo medico per il Tso. Il processo ha stabilito che non vi fu alcuna lesione sul corpo. Uva mor\u00ec alle 10 di mattina dopo il trasporto in ospedale, avvenuto alle 5 e 45, \u00a0e tre iniezioni.<\/p>\n<p><div class=\"photo-inside-post\"><img decoding=\"async\" loading=\"lazy\" fetchpriority=\"low\" width=\"610\" height=\"431\" src=\"https:\/\/staging.varesenews.it\/photogallery_new\/images\/2016\/04\/giuseppe-uva-531966.610x431.jpg\" alt=\"giuseppe uva\"><\/div><br \/>\n(Gli avvocati difensori: Fabio Schembri, Luca Marsico, Duilio Mancini, Piero Porciani e Luciano Di Pardo)<\/p>\n<p><strong>PERCHE&#8217; E&#8217; UN CASO COSI&#8217; CONTROVERSO?<\/strong><\/p>\n<p>Una parte dell&#8217;opinione pubblica ha associato questa vicenda a quella di<strong> Ferrara<\/strong> in cui mor\u00ec un giovane, Federico Aldrovandi, a seguiti di un intervento scomposto della polizia <a href=\"http:\/\/www.varesenews.it\/2016\/04\/uva-non-e-aldrovandi\/509157\/\">(un nostro commento a riguardo<\/a>). I poliziotti, in quel caso, sono stati condannati. Lucia Uva, sorella di Giuseppe Uva, ha ottenuto che del suo caso si occupasse <strong>lo stesso avvocato del processo Aldrovandi,<\/strong>\u00a0Fabio Anselmo, associando di fatto le due vicende. La tesi del pestaggio \u00e8 stata sostenuta anche dal senatore <strong>Luigi Manconi<\/strong> e dall&#8217;associazione Antigone. A favore di questa testi vi sono stati diversi interventi dei media negli anni.<\/p>\n<p><div class=\"photo-inside-post\"><img decoding=\"async\" loading=\"lazy\" fetchpriority=\"low\" width=\"610\" height=\"431\" src=\"https:\/\/staging.varesenews.it\/photogallery_new\/images\/2013\/06\/lucia-uva-protesta-in-500-inserita-in-galleria-55858.610x431.jpg\" alt=\"Lucia Uva, protesta in 500  (inserita in galleria)\"><\/div><br \/>\n(Lucia Uva, sorella di Giuseppe)<\/p>\n<p><strong>Il primo a occuparsene,<\/strong> fuori da Varese, fu il sito<strong> www.beppegrillo.it,<\/strong> ma ampi servizi sono stati realizzati anche dalla trasmissione tv &#8220;Le Iene&#8221;. Un giornalista della trasmissione \u00e8 stato anche indagato processato e assolto per diffamazione, proprio per un servizio sul caso di Giuseppe Uva. I Pm che sostennero le prime indagini, <strong>Agostino Abate e Sara Arduini<\/strong>, conclusero l&#8217;inchiesta sostenendo la tesi dell&#8217;assenza di violenze, sulla scorte delle testimonianze racoclte e dell&#8217;autopsia. Furono per\u00f2 sostituiti. Anche un secondo Pm inviato da Milano, Federico Isnardi, giunse alla stessa conclusione in udienza preliminare, ma il gup Giuseppe Battarino decise l&#8217;imputazione coatta.\u00a0 <strong>Infine, una terza conclusione favorevole agli imputati<\/strong> \u00e8 stata la richiesta di assoluzione pronunciata\u00a0 nel 2016 dall&#8217;ultimo pm, Daniela Borgonovo, procuratore capo di Varese.<\/p>\n<p>Il processo di primo grado \u00e8 stato mostrato, di recente, dalla trasmissione Un Giorno in Pretura<\/p>\n<p><strong>UN RIASSUNTO DI QUELLA \u00a0NOTTE<\/strong><\/p>\n<p>Il 14 giugno 2008 due amici,<strong> Giuseppe Uva e Alberto Biggiogero<\/strong>, dopo aver bevuto e fumato, stanno compiendo dei vandalismi tra via Dandolo e piazza 26 maggio nel quartiere di Biumo. Alcuni residenti chiamano i carabinieri. Una pattuglia, nella piazza di Biumo Inferiore, ferma i due uomini; arriva una volante della polizia chiamata in appoggio e i due vengono identificati e portati in caserma alle 3 e 45. Secondo <strong>la denuncia <\/strong>di Biggiogero, un carabiniere dice: &#8220;Proprio te Uva cercavo, adesso te la faccio pagare&#8221;.<\/p>\n<p>Durante la permanenza al comando di via Saffi, Bigioggero, che si trova in astanteria, sente l&#8217;amico, che si trova in un&#8217;altra stanza, urlare. Chiama il 118 dicendo che ha bisogno di un&#8217;autolettiga perch\u00e8 carabinieri <strong>lo stanno massacrando. <\/strong>Il 118 chiama il comando, ma l&#8217;ambulanza viene rifiutata. &#8220;Sono due ubriachi, ora gli togliamo il telefono&#8221; dice il carabiniere. Poco dopo, i carabinieri stessi chiamano la guardia medica, che arriva alle 4 e 11 minuti. C&#8217;\u00e8 un medico, Augustine Noubissi\u00e8, che non riesce a calmare il paziente. Dopo diversi tentativi, richiede il <strong>Tso<\/strong>. Arriva un&#8217;altra ambulanza alle 5 e 16 e un altro medico con personale del 118. Tutti i medici negano che sia stato picchiato. Alle 5 e 41 l&#8217;ambulanza arriva in ospedale a Varese. Uva viene accettato al pronto soccorso, gli vengono fatti esami e somministrati dei calmanti. <strong>Viene portato, dopo le 8, in psichiatria<\/strong>, dove muore intorno alle 10 di mattina.<\/p>\n<p>La procura di Varese ipotizza inizialmente\u00a0<strong>un errore medico<\/strong> e indaga 3 sanitari per aver somministrato dosi errate di farmaci a un uomo con un tasso etilico fuori norma. Il giudice fa riesumare il cadavere e viene fatta una perizia. Alla fine i\u00a0medici vengono tutti assolti dal tribunale. Una seconda inchiesta coinvolge i 2 carabinieri \u00a0e i 6 poliziotti presenti quella notte in caserma. I pm chiedono <strong>l&#8217;archiviazione<\/strong>, ma il gip ordina l&#8217;imputazione coatta. La corte d&#8217;assise li assolve. <strong>Durante il processo Alberto Biggiogero<\/strong> si contraddice diverse volte. L&#8217;uomo ha problemi psichiatrici e di dipendenza e dopo la fine del processo, il 15 febbraio del 2017, uccide il padre Ferruccio Biggiogero, a sua volta testimone, con una serie di coltellate, dopo un litigio nella loro abitazione di Varese.<\/p>\n<p><div class=\"photo-inside-post\"><img decoding=\"async\" loading=\"lazy\" fetchpriority=\"low\" width=\"610\" height=\"431\" src=\"https:\/\/staging.varesenews.it\/photogallery_new\/images\/2017\/02\/ferruccio-biggiogero-594330.610x431.jpg\" alt=\"Ferruccio Biggiogero\"><\/div><br \/>\n(Ferruccio Biggiogero, il padre di Alberto, mentre testimonia in aula. L&#8217;uomo sment\u00ec il figlio su un passaggio della ricostruzione della serata i cui mor\u00ec Giuseppe Uva)<\/p>\n<p><strong>I DOCUMENTI<\/strong><\/p>\n<p><strong>Quella notte ORE 3 &#8211; 6<\/strong><\/p>\n<p><a href=\"http:\/\/www.youtube.com\/watch?v=T6fRedtWF1E\"><strong><br \/>\n1. La telefonata di Bigioggero al 118<\/strong><\/a>\u00a0(audio dal time 0.30)<br \/>\nE&#8217; la testimonianza chiave della vicenda. Da una stanza della caserma, l&#8217;amico sente le urla di Uva e deduce che lo stanno picchiando.<\/p>\n<p><strong>2.\u00a0<a href=\"http:\/\/www.youtube.com\/watch?v=xJXtL1SmS5w\">La telefonata del 118 ai carabinieri: avete bisogno di un&#8217;ambulanza? <\/a><\/strong>(<a href=\"http:\/\/www.youtube.com\/watch?v=xJXtL1SmS5w\">audio<strong>)<br \/>\n<\/strong><\/a>I carabinieri rifiutano l&#8217;intervento<\/p>\n<p><strong>3.\u00a0<a href=\"http:\/\/www3.varesenews.it\/varese\/caso-uva-ecco-come-ando-secondo-la-polizia-280791.html\">Un poliziotto racconta cosa accadde in caserm<\/a><\/strong><strong><span style=\"text-decoration: underline;\">a<\/span><\/strong>\u00a0(verbale)<br \/>\nUno dei tanti verbali di quella notte, che racconta i concitati momenti dentro quelle stanze, negli stessi istanti in cui Biggiogero chiama il 118.<\/p>\n<p><strong>4.<\/strong>\u00a0<a href=\"http:\/\/www3.varesenews.it\/varese\/il-racconto-del-medico-quella-notte-ho-visto-uva-in-caserma-284577.html\"><strong>Il racconto del medico arrivato alle 4 e 11 in caserma<\/strong> (articolo)<br \/>\n<\/a>Poco dopo, il dottor Augustine Noubissi\u00e8 viene chiamato dai carabinieri. Secondo la cronologia della procura arriva alle 4 e 11, mentre Uva e Bigioggero sarebbero arrivati alle 3 e 45.<\/p>\n<p><div class=\"photo-inside-post\"><img decoding=\"async\" loading=\"lazy\" fetchpriority=\"low\" width=\"610\" height=\"431\" src=\"https:\/\/staging.varesenews.it\/photogallery_new\/images\/2015\/04\/biumo-antagonista-446767.610x431.jpg\" alt=\"Biumo antagonista\"><\/div><br \/>\n(Piazza 24 maggio a Varese, il punto dove la pattuglia dei carabinieri caric\u00f2 Giuseppe Uva)<\/p>\n<p><strong><span style=\"text-decoration: underline;\">5. <a href=\"http:\/\/www3.varesenews.it\/varese\/uva-la-supertestimone-smentita-dai-colleghi-289018.html\">Cosa dice l&#8217;operatrice del 118 arrivata alle 5 in caserma<\/a> <\/span><\/strong><span style=\"text-decoration: underline;\">(articolo)<br \/>\n<\/span>Secondo la cronologia della procura, questa sanitaria sarebbe arrivata con l&#8217;ambulanza e in equipaggio con un medico, Andrea Obert, alle 5 e 16. Si tratta dell&#8217;equipe chiamata dal medico che ha richiesto il tso con questa telefonata (<a href=\"http:\/\/www.youtube.com\/watch?v=vbdVdKUQO20\">audio della chiamata di Noubissi\u00e8<\/a>)<\/p>\n<p><strong>6.\u00a0<a href=\"http:\/\/www.youtube.com\/watch?v=l51-cy72f38\">La telefonata tra due carabinieri che il giorno dopo parlano di Uva ma che non erano presenti<\/a><\/strong><strong>\u00a0<\/strong>(audio)<br \/>\nUn audio che non aggiunge nulla, ma andato in onda in tv (i due non sapevano che Uva fosse morto)<\/p>\n<p><strong>7.<\/strong>\u00a0<a href=\"http:\/\/www.youtube.com\/watch?v=C_ydr_IOnZg\"><strong>L&#8217;interogatorio del pm Abate ad Alberto Biggiogero nel 2013<\/strong> <\/a>\u00a0(video)<br \/>\nE&#8217; noto soprattutto per le polemiche che ha suscitato, il gip lo ha giudicato eccessivo e lo ha apertamente criticato nella sua ordinanza. Tra le righe, Biggiogero conferma di aver sentito Uva dire &#8220;Basta&#8221; e &#8220;ahia&#8221;.<\/p>\n<p><strong>UVA IN OSPEDALE<\/strong><\/p>\n<p><strong>1.<\/strong>\u00a0<a href=\"http:\/\/www3.varesenews.it\/varese\/il-racconto-della-supertestimone-uva-urlava-lo-portarono-in-bagno-288929.html\"><strong>Il racconto della testimone Assunta Russo: &#8220;Uva urlava, lo portarono in bagno&#8221;<\/strong>(articolo)<br \/>\n<\/a>Una ausiliaria, nel 2014, afferma di aver sentito i carabinieri minacciarlo e portarlo in una stanzina quando era in pronto soccorso.<\/p>\n<p><strong>2.\u00a0<a href=\"http:\/\/www3.varesenews.it\/varese\/uva-la-supertestimone-smentita-dai-colleghi-289018.html\">I colleghi smentiscono la supertestimone<\/a>\u00a0<\/strong>(articolo)<br \/>\nNel 2014 vengono ascoltati tutti i sanitari presenti quella notte nel p.s. La versione della testimone \u00e8 contraddetta o non confermata, da 31 persone.<\/p>\n<p><strong>3.<\/strong>\u00a0<a href=\"http:\/\/www3.varesenews.it\/varese\/uva-non-fu-picchiato-in-ospedale-285373.html\"><strong>Infermiere e Guardia giurata escludono botte in ospedale<\/strong><\/a>\u00a0(articolo)<br \/>\nSi tratta delle testimonianze rese nel processo del 2012. L&#8217;infermiere del triage chiede a Uva: Ti hanno picchiato? Risposta: No.<\/p>\n<p><strong>4.<\/strong> <a href=\"http:\/\/www.youtube.com\/watch?v=ELp8qlvYgxQ\"><strong>La dottoressa che fu chiamata in pronto soccorso<\/strong><\/a> (video dell&#8217;interrogatorio)<br \/>\nIn questo video, la dottoressa Finazzi, prosciolta, afferma che invece Uva disse di essere stato picchiato. (aggiornamento: l&#8217;avvocato della dottoressa ha diffidato chi ha inserito il video, e pertanto \u00e8 stato rimosso)<\/p>\n<p><strong><br \/>\nLE INDAGINI<\/strong><strong><br \/>\n<\/strong><br \/>\nLa prima inchiesta dei pm Abate e Arduini (ipotesi: \u00e8 colpa dei medici)<\/p>\n<p><a href=\"http:\/\/www.youtube.com\/watch?v=CuxK53Tju7w\"><strong>Interrogatorio del capo delle Volanti della Polizia<\/strong><\/a>\u00a0(video)<\/p>\n<p><a href=\"http:\/\/www.youtube.com\/watch?v=PhIHU8hvshs\"><strong>Interrogatorio di Luigi Manconi<\/strong><\/a>\u00a0(video)<\/p>\n<p>Il primo processo<\/p>\n<p><a href=\"http:\/\/www3.varesenews.it\/varese\/uva-riesumato-la-vera-inchiesta-comincia-ora--221383.html\"><strong>La riesumazione del 16 dic 2011<\/strong><\/a>(articolo)\u00a0e<strong>\u00a0<\/strong>(<a href=\"http:\/\/www3.varesenews.it\/gallerie\/?id=10082\">foto<\/a>)<\/p>\n<p><strong><a href=\"http:\/\/www3.varesenews.it\/varese\/uva-non-fu-ammazzato-di-botte-227914.html\">La perizia<\/a><\/strong><strong>\u00a0<\/strong>e<strong>\u00a0<\/strong><a href=\"http:\/\/www.innocentievasioni.net\/upload\/files\/UVA.pdf\"><strong>LA RELAZIONE PRELIMINARE<\/strong><\/a><\/p>\n<p><strong><a href=\"http:\/\/www3.varesenews.it\/varese\/caso-uva-assolto-il-medico-232028.html\">Assoluzione del medico Fraticell<\/a><\/strong><span style=\"text-decoration: underline;\">i<\/span> <span style=\"text-decoration: underline;\">(aprile 2012)<\/span>\u00a0(articolo)<\/p>\n<p><a href=\"http:\/\/www3.varesenews.it\/varese\/caso-uva-prosciolti-tutti-i-medici-260473.html\"><strong>Il proscioglimento di due medici (aprile 2013)<\/strong><\/a>\u00a0(articolo)<\/p>\n<p>La seconda inchiesta dei pm Abate e Arduini (indagati poliziotti e carabinieri)<\/p>\n<p><a href=\"http:\/\/www3.varesenews.it\/varese\/uva-l-inchiesta-su-carabinieri-e-poliziotti-va-avanti-273067.html\"><strong>La prima richiesta di archiviazione viene rigettata dal gip<\/strong><\/a><strong>\u00a0<\/strong>(articolo)<\/p>\n<p><a href=\"http:\/\/www3.varesenews.it\/varese\/caso-uva-le-accuse-disciplinari-contro-il-pm-281662.html\"><strong>Le accuse disciplinari contro il pm Abate<\/strong><\/a>\u00a0(articolo)<\/p>\n<p><a href=\"http:\/\/www3.varesenews.it\/varese\/manconi-critica-l-interrogatorio-di-bigioggero-279433.html\"><strong>La polemica sull&#8217;interrogatorio di Biggiogero<\/strong><\/a>\u00a0(articolo)<br \/>\n<strong><br \/>\n<\/strong><a href=\"http:\/\/www3.varesenews.it\/varese\/uva-ebbe-scatto-d-ira-per-la-patente--284460.html\"><strong>La seconda richiesta di archiviazione di Abate e Arduini<\/strong><\/a>\u00a0(articolo)<\/p>\n<p>L&#8217;ordinanza del gip Battarino riapre il caso<br \/>\n<a href=\"http:\/\/www3.varesenews.it\/varese\/caso-uva-spunta-l-ipotesi-delle-percosse-in-ospedale-288877.html\"><br \/>\n<\/a><strong><a href=\"http:\/\/www3.varesenews.it\/varese\/uva-picchiato-e-non-soccorso-l-ordinanza-che-ordina-il-processo-284083.html\">Il gip dispone l&#8217;imputazione coatta per omicidio preterintenzionale<\/a>\u00a0<\/strong>(articolo)<\/p>\n<p><a href=\"http:\/\/www3.varesenews.it\/varese\/il-procuratore-toglie-il-fascicolo-uva-ai-pm-285097.html\"><strong>Il procuratore toglie il fascicolo ai pm Abate e Arduini<\/strong><\/a><strong>\u00a0<\/strong>(articolo)<strong><br \/>\n<\/strong><br \/>\n<a href=\"http:\/\/www3.varesenews.it\/varese\/l-ordinanza-del-gip-su-uva-va-annullata-284913.html?fm_comune=\/comuni\/luino\/\"><strong>L&#8217;avvocato Marsico fa ricorso contro il gip<\/strong><\/a>\u00a0(articolo)<\/p>\n<p><strong><a href=\"http:\/\/www3.varesenews.it\/varese\/diffamo-i-carabinieri-indagata-lucia-uva-259049.html\">Lucia Uva indagata per diffamazione<\/a><\/strong>\u00a0(disse che Giuseppe fu violentato &#8211; articolo)<\/p>\n<p class=\"p1\"><strong><br \/>\n<a href=\"http:\/\/www3.varesenews.it\/varese\/uva-nuove-indagini-anche-in-un-hotel-288905.html?fm_comune=\/comuni\/buguggiate\/\">Uva, nuove indagini anche in un hotel<\/a><\/strong>\u00a0(la pista della relazione tra Uva e la moglie di un carabiniere viene esplorata ma \u00e8 senza riscontri)<\/p>\n<p><strong>IL PROCESSO ALLE FORZE DELL&#8217;ORDINE<br \/>\n<\/strong><br \/>\n<strong><a href=\"http:\/\/&quot;Uva non fu ucciso&quot;, chiesto il proscioglimento per gli agenti\">&#8220;Uva non fu ucciso&#8221;, chiesto il proscioglimento per gli agenti<\/a><\/strong><\/p>\n<p>&nbsp;<\/p>\n<div style=\"padding: 20px; background-color: #f0f0f0; font-family: Georgia, 'Times New Roman', Times, serif;\"><strong>LA CRONOLOGIA<br \/>\n<\/strong><strong style=\"font-family: Georgia, 'Times New Roman', Times, serif; font-size: 14px; line-height: 20px;\">Secondo la procura:<\/strong><br style=\"font-family: Georgia, 'Times New Roman', Times, serif; font-size: 14px; line-height: 20px;\" \/><strong style=\"font-family: Georgia, 'Times New Roman', Times, serif; font-size: 14px; line-height: 20px;\"><br \/>\nore 3 circa<\/strong><span style=\"font-family: Georgia, 'Times New Roman', Times, serif; font-size: 14px; line-height: 20px; background-color: #f0f0f0;\">, intervento della pattuglia in via Dandolo<\/span><br style=\"font-family: Georgia, 'Times New Roman', Times, serif; font-size: 14px; line-height: 20px;\" \/><span style=\"font-family: Georgia, 'Times New Roman', Times, serif; font-size: 14px; line-height: 20px; background-color: #f0f0f0;\">ore 3,20 circa, arrivo in supporto dei poliziotti<\/span><br style=\"font-family: Georgia, 'Times New Roman', Times, serif; font-size: 14px; line-height: 20px;\" \/><span style=\"font-family: Georgia, 'Times New Roman', Times, serif; font-size: 14px; line-height: 20px; background-color: #f0f0f0;\">ore 3,35 circa partenza di piazza 26 maggio<\/span><br style=\"font-family: Georgia, 'Times New Roman', Times, serif; font-size: 14px; line-height: 20px;\" \/><strong style=\"font-family: Georgia, 'Times New Roman', Times, serif; font-size: 14px; line-height: 20px;\">ore 3,45\/50<\/strong><span style=\"font-family: Georgia, 'Times New Roman', Times, serif; font-size: 14px; line-height: 20px; background-color: #f0f0f0;\">\u00a0arrivo e sistemazione in caserma di Giuseppe Uva e Alberto Biggiogero in due diversi uffici<\/span><br style=\"font-family: Georgia, 'Times New Roman', Times, serif; font-size: 14px; line-height: 20px;\" \/><strong style=\"font-family: Georgia, 'Times New Roman', Times, serif; font-size: 14px; line-height: 20px;\">ore 3,57<\/strong><span style=\"font-family: Georgia, 'Times New Roman', Times, serif; font-size: 14px; line-height: 20px; background-color: #f0f0f0;\">, telefonata di Biggiogero al 118 (la famosa chiamata \u201cstanno massacrando un ragazzo, ndr)<\/span><br style=\"font-family: Georgia, 'Times New Roman', Times, serif; font-size: 14px; line-height: 20px;\" \/><span style=\"font-family: Georgia, 'Times New Roman', Times, serif; font-size: 14px; line-height: 20px; background-color: #f0f0f0;\">ore 4,00, telefonata dei carabinieri al 118<\/span><br style=\"font-family: Georgia, 'Times New Roman', Times, serif; font-size: 14px; line-height: 20px;\" \/><strong style=\"font-family: Georgia, 'Times New Roman', Times, serif; font-size: 14px; line-height: 20px;\">ore 4,11<\/strong><span style=\"font-family: Georgia, 'Times New Roman', Times, serif; font-size: 14px; line-height: 20px; background-color: #f0f0f0;\">\u00a0arrivo del medico del 118 in caserma (si tratta di Augustine Desire Noubissie, della guardia medica)<\/span><br style=\"font-family: Georgia, 'Times New Roman', Times, serif; font-size: 14px; line-height: 20px;\" \/><strong style=\"font-family: Georgia, 'Times New Roman', Times, serif; font-size: 14px; line-height: 20px;\">ore 4,15<\/strong><span style=\"font-family: Georgia, 'Times New Roman', Times, serif; font-size: 14px; line-height: 20px; background-color: #f0f0f0;\">\u00a0visita da parte del medici<\/span><br style=\"font-family: Georgia, 'Times New Roman', Times, serif; font-size: 14px; line-height: 20px;\" \/><span style=\"font-family: Georgia, 'Times New Roman', Times, serif; font-size: 14px; line-height: 20px; background-color: #f0f0f0;\"><strong>ore 5,16<\/strong> arrivo di ambulanza in caserma\u00a0<\/span><br style=\"font-family: Georgia, 'Times New Roman', Times, serif; font-size: 14px; line-height: 20px;\" \/><span style=\"font-family: Georgia, 'Times New Roman', Times, serif; font-size: 14px; line-height: 20px; background-color: #f0f0f0;\"><strong>ore 5,30<\/strong> partenza ambulanza diretta in ospedale<\/span><br style=\"font-family: Georgia, 'Times New Roman', Times, serif; font-size: 14px; line-height: 20px;\" \/><strong style=\"font-family: Georgia, 'Times New Roman', Times, serif; font-size: 14px; line-height: 20px;\">ore 5,41<\/strong><span style=\"font-family: Georgia, 'Times New Roman', Times, serif; font-size: 14px; line-height: 20px; background-color: #f0f0f0;\">\u00a0arrivo ambulanza al ps dell\u2019ospedale<\/span><br style=\"font-family: Georgia, 'Times New Roman', Times, serif; font-size: 14px; line-height: 20px;\" \/><strong><span style=\"font-family: Georgia, 'Times New Roman', Times, serif; font-size: 14px; line-height: 20px; background-color: #f0f0f0;\">ore 10 circa<\/span><\/strong><span style=\"font-family: Georgia, 'Times New Roman', Times, serif; font-size: 14px; line-height: 20px; background-color: #f0f0f0;\">, evento morte<\/span><\/div>\n","protected":false},"excerpt":{"rendered":"<p>I verbali, gli audio, i video degli interrogatori, i resoconti delle indagini e dei processi. Una guida per riepilogare un caso giudiziario molto controverso<\/p>\n","protected":false},"author":50,"featured_media":0,"comment_status":"open","ping_status":"open","sticky":false,"template":"","format":"standard","meta":{"footnotes":""},"categories":[2],"tags":[1475,4177,3816],"acf":[],"yoast_head":"<!-- This site is optimized with the Yoast SEO plugin v20.1 - https:\/\/yoast.com\/wordpress\/plugins\/seo\/ -->\n<title>Tutto quel che c&#039;\u00e8 da sapere su Giuseppe Uva<\/title>\n<meta name=\"description\" content=\"I verbali, gli audio, i video degli interrogatori, i resoconti delle indagini e dei processi. Una guida per riepilogare un caso giudiziario molto controverso\" \/>\n<meta name=\"robots\" content=\"noindex, follow, max-snippet:-1, max-image-preview:large, max-video-preview:-1\" \/>\n<meta property=\"og:locale\" content=\"it_IT\" \/>\n<meta property=\"og:type\" content=\"article\" \/>\n<meta property=\"og:title\" content=\"Tutto quel che c&#039;\u00e8 da sapere su Giuseppe Uva\" \/>\n<meta property=\"og:description\" content=\"I verbali, gli audio, i video degli interrogatori, i resoconti delle indagini e dei processi. Una guida per riepilogare un caso giudiziario molto controverso\" \/>\n<meta property=\"og:url\" content=\"https:\/\/www.varesenews.it\/2016\/04\/tutto-quel-che-ce-da-sapere-su-giuseppe-uva\/509212\/\" \/>\n<meta property=\"og:site_name\" content=\"VareseNews\" \/>\n<meta property=\"article:publisher\" content=\"https:\/\/www.facebook.com\/varesenews\" \/>\n<meta property=\"article:published_time\" content=\"2016-04-16T08:14:59+00:00\" \/>\n<meta property=\"article:modified_time\" content=\"2019-07-08T21:09:57+00:00\" \/>\n<meta name=\"author\" content=\"Roberto Rotondo\" \/>\n<meta name=\"twitter:card\" content=\"summary_large_image\" \/>\n<meta name=\"twitter:creator\" content=\"@robertorotondo\" \/>\n<meta name=\"twitter:site\" content=\"@varesenews\" \/>\n<meta name=\"twitter:label1\" content=\"Scritto da\" \/>\n\t<meta name=\"twitter:data1\" content=\"Roberto Rotondo\" \/>\n\t<meta name=\"twitter:label2\" content=\"Tempo di lettura stimato\" \/>\n\t<meta name=\"twitter:data2\" content=\"8 minuti\" \/>\n<script type=\"application\/ld+json\" class=\"yoast-schema-graph\">{\"@context\":\"https:\/\/schema.org\",\"@graph\":[{\"@type\":\"WebPage\",\"@id\":\"https:\/\/www.varesenews.it\/2016\/04\/tutto-quel-che-ce-da-sapere-su-giuseppe-uva\/509212\/\",\"url\":\"https:\/\/www.varesenews.it\/2016\/04\/tutto-quel-che-ce-da-sapere-su-giuseppe-uva\/509212\/\",\"name\":\"Tutto quel che c'\u00e8 da sapere su Giuseppe Uva\",\"isPartOf\":{\"@id\":\"https:\/\/staging.varesenews.it\/#website\"},\"datePublished\":\"2016-04-16T08:14:59+00:00\",\"dateModified\":\"2019-07-08T21:09:57+00:00\",\"author\":{\"@id\":\"https:\/\/staging.varesenews.it\/#\/schema\/person\/bace96b9ce1b4905df659e51a83c17fe\"},\"description\":\"I verbali, gli audio, i video degli interrogatori, i resoconti delle indagini e dei processi. Una guida per riepilogare un caso giudiziario molto controverso\",\"breadcrumb\":{\"@id\":\"https:\/\/www.varesenews.it\/2016\/04\/tutto-quel-che-ce-da-sapere-su-giuseppe-uva\/509212\/#breadcrumb\"},\"inLanguage\":\"it-IT\",\"potentialAction\":[{\"@type\":\"ReadAction\",\"target\":[\"https:\/\/www.varesenews.it\/2016\/04\/tutto-quel-che-ce-da-sapere-su-giuseppe-uva\/509212\/\"]}]},{\"@type\":\"BreadcrumbList\",\"@id\":\"https:\/\/www.varesenews.it\/2016\/04\/tutto-quel-che-ce-da-sapere-su-giuseppe-uva\/509212\/#breadcrumb\",\"itemListElement\":[{\"@type\":\"ListItem\",\"position\":1,\"name\":\"Home\",\"item\":\"https:\/\/www.varesenews.it\/\"},{\"@type\":\"ListItem\",\"position\":2,\"name\":\"Tutto quel che c&#8217;\u00e8 da sapere su Giuseppe Uva\"}]},{\"@type\":\"WebSite\",\"@id\":\"https:\/\/staging.varesenews.it\/#website\",\"url\":\"https:\/\/staging.varesenews.it\/\",\"name\":\"VareseNews\",\"description\":\"\",\"potentialAction\":[{\"@type\":\"SearchAction\",\"target\":{\"@type\":\"EntryPoint\",\"urlTemplate\":\"https:\/\/staging.varesenews.it\/?s={search_term_string}\"},\"query-input\":\"required name=search_term_string\"}],\"inLanguage\":\"it-IT\"},{\"@type\":\"Person\",\"@id\":\"https:\/\/staging.varesenews.it\/#\/schema\/person\/bace96b9ce1b4905df659e51a83c17fe\",\"name\":\"Roberto Rotondo\",\"image\":{\"@type\":\"ImageObject\",\"inLanguage\":\"it-IT\",\"@id\":\"https:\/\/staging.varesenews.it\/#\/schema\/person\/image\/\",\"url\":\"https:\/\/staging.varesenews.it\/wp-content\/uploads\/2015\/03\/10888676_10204734543537926_609787919772941341_n.jpg\",\"contentUrl\":\"https:\/\/staging.varesenews.it\/wp-content\/uploads\/2015\/03\/10888676_10204734543537926_609787919772941341_n.jpg\",\"caption\":\"Roberto Rotondo\"},\"description\":\"Nato a Varese nel 1972. Laureato in Storia alla Statale di Milano. A Varese News dal 1998. Ho iniziato a scrivere su riviste locali, poi sono entrato nel progetto di Varese News quando ancora era agli inizi. Nel frattempo mi sono occupato di ricerca storica e ho collaborato con un settimanale e un quotidiano della Svizzera italiana scrivendo di cronaca e politica. Mi sono preso una pausa da Varese nel 2004. Ho lavorato per alcuni anni a Milano all'agenzia di stampa Adnkronos, con qualche stage a Roma nei palazzi della politica. Lanci di agenzia e servizi tv multimediali erano tra i miei compiti. In quegli anni ho lavorato per alcune radio anche nazionali, Radio Capital su tutte, come corrispondente locale. Ho scritto anche per un settimanale di gossip, ma sempre cronaca nera. Ed eccomi qui. Dal 2007 lavoro anche per il Corriere della sera, di cui sono corrispondente. A Varesenews sono ormai uno dei senatori. Mi occupo di cronaca nera, giudiziaria e di politica e della cronaca cittadina di Varese.\",\"sameAs\":[\"robertorotondo\",\"https:\/\/twitter.com\/robertorotondo\"],\"url\":\"https:\/\/staging.varesenews.it\/persona\/roberto-rotondo\/\"}]}<\/script>\n<!-- \/ Yoast SEO plugin. -->","yoast_head_json":{"title":"Tutto quel che c'\u00e8 da sapere su Giuseppe Uva","description":"I verbali, gli audio, i video degli interrogatori, i resoconti delle indagini e dei processi. Una guida per riepilogare un caso giudiziario molto controverso","robots":{"index":"noindex","follow":"follow","max-snippet":"max-snippet:-1","max-image-preview":"max-image-preview:large","max-video-preview":"max-video-preview:-1"},"og_locale":"it_IT","og_type":"article","og_title":"Tutto quel che c'\u00e8 da sapere su Giuseppe Uva","og_description":"I verbali, gli audio, i video degli interrogatori, i resoconti delle indagini e dei processi. Una guida per riepilogare un caso giudiziario molto controverso","og_url":"https:\/\/www.varesenews.it\/2016\/04\/tutto-quel-che-ce-da-sapere-su-giuseppe-uva\/509212\/","og_site_name":"VareseNews","article_publisher":"https:\/\/www.facebook.com\/varesenews","article_published_time":"2016-04-16T08:14:59+00:00","article_modified_time":"2019-07-08T21:09:57+00:00","author":"Roberto Rotondo","twitter_card":"summary_large_image","twitter_creator":"@robertorotondo","twitter_site":"@varesenews","twitter_misc":{"Scritto da":"Roberto Rotondo","Tempo di lettura stimato":"8 minuti"},"schema":{"@context":"https:\/\/schema.org","@graph":[{"@type":"WebPage","@id":"https:\/\/www.varesenews.it\/2016\/04\/tutto-quel-che-ce-da-sapere-su-giuseppe-uva\/509212\/","url":"https:\/\/www.varesenews.it\/2016\/04\/tutto-quel-che-ce-da-sapere-su-giuseppe-uva\/509212\/","name":"Tutto quel che c'\u00e8 da sapere su Giuseppe Uva","isPartOf":{"@id":"https:\/\/staging.varesenews.it\/#website"},"datePublished":"2016-04-16T08:14:59+00:00","dateModified":"2019-07-08T21:09:57+00:00","author":{"@id":"https:\/\/staging.varesenews.it\/#\/schema\/person\/bace96b9ce1b4905df659e51a83c17fe"},"description":"I verbali, gli audio, i video degli interrogatori, i resoconti delle indagini e dei processi. Una guida per riepilogare un caso giudiziario molto controverso","breadcrumb":{"@id":"https:\/\/www.varesenews.it\/2016\/04\/tutto-quel-che-ce-da-sapere-su-giuseppe-uva\/509212\/#breadcrumb"},"inLanguage":"it-IT","potentialAction":[{"@type":"ReadAction","target":["https:\/\/www.varesenews.it\/2016\/04\/tutto-quel-che-ce-da-sapere-su-giuseppe-uva\/509212\/"]}]},{"@type":"BreadcrumbList","@id":"https:\/\/www.varesenews.it\/2016\/04\/tutto-quel-che-ce-da-sapere-su-giuseppe-uva\/509212\/#breadcrumb","itemListElement":[{"@type":"ListItem","position":1,"name":"Home","item":"https:\/\/www.varesenews.it\/"},{"@type":"ListItem","position":2,"name":"Tutto quel che c&#8217;\u00e8 da sapere su Giuseppe Uva"}]},{"@type":"WebSite","@id":"https:\/\/staging.varesenews.it\/#website","url":"https:\/\/staging.varesenews.it\/","name":"VareseNews","description":"","potentialAction":[{"@type":"SearchAction","target":{"@type":"EntryPoint","urlTemplate":"https:\/\/staging.varesenews.it\/?s={search_term_string}"},"query-input":"required name=search_term_string"}],"inLanguage":"it-IT"},{"@type":"Person","@id":"https:\/\/staging.varesenews.it\/#\/schema\/person\/bace96b9ce1b4905df659e51a83c17fe","name":"Roberto Rotondo","image":{"@type":"ImageObject","inLanguage":"it-IT","@id":"https:\/\/staging.varesenews.it\/#\/schema\/person\/image\/","url":"https:\/\/staging.varesenews.it\/wp-content\/uploads\/2015\/03\/10888676_10204734543537926_609787919772941341_n.jpg","contentUrl":"https:\/\/staging.varesenews.it\/wp-content\/uploads\/2015\/03\/10888676_10204734543537926_609787919772941341_n.jpg","caption":"Roberto Rotondo"},"description":"Nato a Varese nel 1972. Laureato in Storia alla Statale di Milano. A Varese News dal 1998. Ho iniziato a scrivere su riviste locali, poi sono entrato nel progetto di Varese News quando ancora era agli inizi. Nel frattempo mi sono occupato di ricerca storica e ho collaborato con un settimanale e un quotidiano della Svizzera italiana scrivendo di cronaca e politica. Mi sono preso una pausa da Varese nel 2004. Ho lavorato per alcuni anni a Milano all'agenzia di stampa Adnkronos, con qualche stage a Roma nei palazzi della politica. Lanci di agenzia e servizi tv multimediali erano tra i miei compiti. In quegli anni ho lavorato per alcune radio anche nazionali, Radio Capital su tutte, come corrispondente locale. Ho scritto anche per un settimanale di gossip, ma sempre cronaca nera. Ed eccomi qui. Dal 2007 lavoro anche per il Corriere della sera, di cui sono corrispondente. A Varesenews sono ormai uno dei senatori. Mi occupo di cronaca nera, giudiziaria e di politica e della cronaca cittadina di Varese.","sameAs":["robertorotondo","https:\/\/twitter.com\/robertorotondo"],"url":"https:\/\/staging.varesenews.it\/persona\/roberto-rotondo\/"}]}},"post_meta":{"id_old":"289195","argomento":"Dossier uVA","autore_old":"Roberto Rotondo - twitter: @robertorotondo","id_leggi_anche":"509136,509157,509388,510952,554696,707324,825344,900288,1345650","_edit_lock":"1562620159:46","_dp_original":"34669","_edit_last":"46","ratings_users":"0","ratings_score":"0","ratings_average":"0","_category_permalink":"a:1:{s:8:\"category\";s:0:\"\";}","wdfb_og_title":"","wdfb_og_type":"","wdfb_og_description":"","wdfb_og_images":"a:1:{i:0;s:0:\"\";}","wdfb_og_custom_name":"a:1:{i:0;s:0:\"\";}","wdfb_og_custom_value":"a:1:{i:0;s:0:\"\";}","foto":"107700","nascondi_adsense":"1","_jd_tweet_this":"yes","_wpt_short_url":"http:\/\/www.varesenews.it\/2016\/04\/tutto-quel-che-ce-da-sapere-su-giuseppe-uva\/509212\/","_wp_jd_target":"http:\/\/www.varesenews.it\/2016\/04\/tutto-quel-che-ce-da-sapere-su-giuseppe-uva\/509212\/","_jd_wp_twitter":"a:1:{i:0;s:165:\"Tutto quel che c'\u00e8 da sapere su Giuseppe Uva http:\/\/www.varesenews.it\/2016\/04\/tutto-quel-che-ce-da-sapere-su-giuseppe-uva\/509212\/ #casouva #giuseppeuva #processouva\";}","_wpt_status_message":"Tweet inviato con successo.","_yoast_wpseo_content_score":"30"},"photos":[{"original":"https:\/\/staging.varesenews.it\/photogallery_new\/images\/2014\/06\/giuseppe-uva-apertura-107700.jpg","full":"https:\/\/staging.varesenews.it\/photogallery_new\/images\/2014\/06\/giuseppe-uva-apertura-107700.1024x768.jpg","large":"https:\/\/staging.varesenews.it\/photogallery_new\/images\/2014\/06\/giuseppe-uva-apertura-107700.610x431.jpg"}],"_links":{"self":[{"href":"https:\/\/staging.varesenews.it\/swgapi\/v1\/wp\/v2\/posts\/509212"}],"collection":[{"href":"https:\/\/staging.varesenews.it\/swgapi\/v1\/wp\/v2\/posts"}],"about":[{"href":"https:\/\/staging.varesenews.it\/swgapi\/v1\/wp\/v2\/types\/post"}],"author":[{"embeddable":true,"href":"https:\/\/staging.varesenews.it\/swgapi\/v1\/wp\/v2\/users\/50"}],"replies":[{"embeddable":true,"href":"https:\/\/staging.varesenews.it\/swgapi\/v1\/wp\/v2\/comments?post=509212"}],"version-history":[{"count":0,"href":"https:\/\/staging.varesenews.it\/swgapi\/v1\/wp\/v2\/posts\/509212\/revisions"}],"wp:attachment":[{"href":"https:\/\/staging.varesenews.it\/swgapi\/v1\/wp\/v2\/media?parent=509212"}],"wp:term":[{"taxonomy":"category","embeddable":true,"href":"https:\/\/staging.varesenews.it\/swgapi\/v1\/wp\/v2\/categories?post=509212"},{"taxonomy":"post_tag","embeddable":true,"href":"https:\/\/staging.varesenews.it\/swgapi\/v1\/wp\/v2\/tags?post=509212"}],"curies":[{"name":"wp","href":"https:\/\/api.w.org\/{rel}","templated":true}]}}