{"id":510405,"date":"2016-04-20T11:34:27","date_gmt":"2016-04-20T09:34:27","guid":{"rendered":"http:\/\/www.varesenews.it\/?p=510405"},"modified":"2017-03-23T10:48:03","modified_gmt":"2017-03-23T09:48:03","slug":"primo-maggio-con-il-fai","status":"publish","type":"post","link":"https:\/\/staging.varesenews.it\/2016\/04\/primo-maggio-con-il-fai\/510405\/","title":{"rendered":"Primo maggio con il Fai"},"content":{"rendered":"<p><strong>In occasione della Festa dei Lavoratori, si replicano le tradizionali scampagnate nei beni del FAI<\/strong> \u2013 Fondo Ambiente Italiano a Varese. Domenica 1 maggio 2016, si potranno effettuare picnic che non prevedano l\u2019accensione di fuochi a <strong>Villa e Collezione Panza<\/strong> a Varese, al <strong>Monastero di Torba<\/strong> a Gornate Olona (VA) e a <strong>Villa Della Porta Bozzolo<\/strong> a Casalzuigno (VA), oltre a vivere i parchi in libert\u00e0, tra giochi, laboratori e colori.<\/p>\n<p><strong>Partiamo da Varese: \u201cRelax a colori\u201d a Villa e Collezione Panza<\/strong>, dalle ore 10 alle 18 \u00e8 la proposta per una giornata all\u2019insegna del relax e del colore da vivere immersi nella quiete del parco. Oltre alle visite al giardino alle ore 11 e alle 15, sar\u00e0 possibile partecipare a due lezioni di Viniyoga per adulti &#8211; a cura di Chiara Puricelli, insegnante dell\u2019Associazione Gingko Yoga \u2013 che abbineranno alle posizioni delle particolari suggestioni cromatiche (su prenotazione). Colorare un mandala in mezzo alla natura permetter\u00e0 di immergersi in un\u2019attivit\u00e0 rilassante atta a migliorare concentrazione, memoria e creativit\u00e0, mentre alle 16.30 tutti saranno invitati a prendere parte al flash-mob \u201cMonocromatico\u201d, dove i partecipanti saranno suddivisi in base al colore degli abiti per formare una grande iride (richiesto dress code monocromatico). Alle ore 11 e alle 15 si potr\u00e0 partecipare anche a laboratori creativi a tema (su prenotazione).<\/p>\n<p>Lezioni di Yoga e laboratori avranno luogo anche in caso di maltempo. Sar\u00e0 inoltre possibile prenotare cestini da picnic presso il Ristorante Luce (tel. 0332\/242199).<br \/>\n<em>Per informazioni e prezzi: Villa e Collezione Panza, tel. 0332.283960; email faibiumo@fondoambiente.it <\/em><\/p>\n<p><strong>Il Monastero di Torba, Gornate Olona,\u00a0<\/strong>dalle ore 10 alle 18 offrir\u00e0 relax e attivit\u00e0 all\u2019aria aperta saranno gli ingredienti di questa giornata al Monastero di Torba, splendido bene Unesco immerso nei verdi boschi del Varesotto. Oltre alle visite a rotazione \u2013 nel corso di tutta la giornata \u2013 alla torre e ai suoi preziosi affreschi, i visitatori potranno trascorrere la festivit\u00e0 secondo la pi\u00f9 tipica delle tradizioni, ovvero con un rilassante picnic nel prato del Monastero che non preveda l\u2019accensione di fuochi; i partecipanti potranno portare il proprio pranzo al sacco da gustare sul prato.<\/p>\n<p>Per i pi\u00f9 piccoli alle ore 11,30 e alle 15 \u201csi gioca ai Longobardi!\u201d sotto il portico del monastero, luogo dove viandanti e pellegrini venivano ospitati dalle monache. In piccole squadre composte da bambini insieme alle mamme e ai pap\u00e0 oppure da due o pi\u00f9 amici, si viagger\u00e0 il lungo e in largo per lo Stivale sulle orme di Longobardi: i giocatori si sfideranno con quiz e domande, le cui risposte sono nascoste tra le mura del monastero.<\/p>\n<p>Per chi lo desidera, il ristorante del monastero metter\u00e0 a disposizione, su prenotazione, dei cestini da picnic. A disposizione dei visitatori anche comodi plaid per stendersi al sole sul prato.<br \/>\nLa manifestazione avr\u00e0 luogo anche in caso di maltempo.<br \/>\n<em>Per informazioni e prezzi: Monastero di Torba \u2013 tel. 0331\/820301; 328-8377206<\/em><\/p>\n<p><strong>Villa Della Porta Bozzolo, Casalzuigno<\/strong>, dalle ore 10 alle 18 fra i tesori della Valcuvia.<br \/>\nUna giornata per lasciarsi cullare dall\u2019ozio tra i sentieri del giardino e le sale affrescate della villa, tra visite guidate e attivit\u00e0 per i pi\u00f9 piccoli a contatto con la natura. Per la Festa della Liberazione, lo splendido giardino monumentale della villa si propone come luogo perfetto per concedersi un picnic indimenticabile all\u2019aria aperta, offrendo anche numerose attivit\u00e0 di intrattenimento per tutta la famiglia. Durante la giornata, si susseguiranno visite alle sale della villa per riscoprire la sua storia centenaria e i suoi meravigliosi affreschi e trompe-l&#8217;oeil. I bambini potranno partecipare a un laboratorio sugli antichi mestieri della villa, dove si potranno anche vestire i panni di un antico falegname per apprendere i primi rudimenti della lavorazione del legno (prenotazione, fino a esaurimento posti). Presso il ristorante \u201cLa cucina di casa\u201d si potranno acquistare su prenotazione cestini picnic.<\/p>\n<p><em>Per informazioni e prezzi: Villa Della Porta Bozzolo \u2013 tel. 0332\/624136; faibozzolo@fondoambiente.it<\/em><\/p>\n","protected":false},"excerpt":{"rendered":"<p>Tre le bellezze da visitare: Villa e Collezione Panza, Villa Della Porta Bozzolo e Monastero di Torba <\/p>\n","protected":false},"author":34,"featured_media":0,"comment_status":"open","ping_status":"open","sticky":false,"template":"","format":"standard","meta":{"footnotes":""},"categories":[21,2],"tags":[1247,13503,1248,7460,74804,691],"acf":[],"yoast_head":"<!-- This site is optimized with the Yoast SEO plugin v20.1 - https:\/\/yoast.com\/wordpress\/plugins\/seo\/ -->\n<title>Primo maggio con il Fai<\/title>\n<meta name=\"description\" content=\"Primo maggio con il Fai\" \/>\n<meta name=\"robots\" content=\"noindex, follow, max-snippet:-1, max-image-preview:large, max-video-preview:-1\" \/>\n<meta property=\"og:locale\" content=\"it_IT\" \/>\n<meta property=\"og:type\" content=\"article\" \/>\n<meta property=\"og:title\" content=\"Primo maggio con il Fai\" \/>\n<meta property=\"og:description\" content=\"Primo maggio con il Fai\" \/>\n<meta property=\"og:url\" content=\"https:\/\/staging.varesenews.it\/2016\/04\/primo-maggio-con-il-fai\/510405\/\" \/>\n<meta property=\"og:site_name\" content=\"VareseNews\" \/>\n<meta property=\"article:publisher\" content=\"https:\/\/www.facebook.com\/varesenews\" \/>\n<meta property=\"article:author\" content=\"https:\/\/www.facebook.com\/andrea.camurani?fref=photo\" \/>\n<meta property=\"article:published_time\" content=\"2016-04-20T09:34:27+00:00\" \/>\n<meta property=\"article:modified_time\" content=\"2017-03-23T09:48:03+00:00\" \/>\n<meta name=\"author\" content=\"Andrea Camurani\" \/>\n<meta name=\"twitter:card\" content=\"summary_large_image\" \/>\n<meta name=\"twitter:creator\" content=\"@AndreaCamurani\" \/>\n<meta name=\"twitter:site\" content=\"@varesenews\" \/>\n<meta name=\"twitter:label1\" content=\"Scritto da\" \/>\n\t<meta name=\"twitter:data1\" content=\"Andrea Camurani\" \/>\n\t<meta name=\"twitter:label2\" content=\"Tempo di lettura stimato\" \/>\n\t<meta name=\"twitter:data2\" content=\"3 minuti\" \/>\n<script type=\"application\/ld+json\" class=\"yoast-schema-graph\">{\"@context\":\"https:\/\/schema.org\",\"@graph\":[{\"@type\":\"WebPage\",\"@id\":\"https:\/\/staging.varesenews.it\/2016\/04\/primo-maggio-con-il-fai\/510405\/\",\"url\":\"https:\/\/staging.varesenews.it\/2016\/04\/primo-maggio-con-il-fai\/510405\/\",\"name\":\"Primo maggio con il Fai\",\"isPartOf\":{\"@id\":\"https:\/\/staging.varesenews.it\/#website\"},\"datePublished\":\"2016-04-20T09:34:27+00:00\",\"dateModified\":\"2017-03-23T09:48:03+00:00\",\"author\":{\"@id\":\"https:\/\/staging.varesenews.it\/#\/schema\/person\/3eb5832c6beae763de8d9596fdbe8c49\"},\"description\":\"Primo maggio con il Fai\",\"breadcrumb\":{\"@id\":\"https:\/\/staging.varesenews.it\/2016\/04\/primo-maggio-con-il-fai\/510405\/#breadcrumb\"},\"inLanguage\":\"it-IT\",\"potentialAction\":[{\"@type\":\"ReadAction\",\"target\":[\"https:\/\/staging.varesenews.it\/2016\/04\/primo-maggio-con-il-fai\/510405\/\"]}]},{\"@type\":\"BreadcrumbList\",\"@id\":\"https:\/\/staging.varesenews.it\/2016\/04\/primo-maggio-con-il-fai\/510405\/#breadcrumb\",\"itemListElement\":[{\"@type\":\"ListItem\",\"position\":1,\"name\":\"Home\",\"item\":\"https:\/\/www.varesenews.it\/\"},{\"@type\":\"ListItem\",\"position\":2,\"name\":\"Primo maggio con il Fai\"}]},{\"@type\":\"WebSite\",\"@id\":\"https:\/\/staging.varesenews.it\/#website\",\"url\":\"https:\/\/staging.varesenews.it\/\",\"name\":\"VareseNews\",\"description\":\"\",\"potentialAction\":[{\"@type\":\"SearchAction\",\"target\":{\"@type\":\"EntryPoint\",\"urlTemplate\":\"https:\/\/staging.varesenews.it\/?s={search_term_string}\"},\"query-input\":\"required name=search_term_string\"}],\"inLanguage\":\"it-IT\"},{\"@type\":\"Person\",\"@id\":\"https:\/\/staging.varesenews.it\/#\/schema\/person\/3eb5832c6beae763de8d9596fdbe8c49\",\"name\":\"Andrea Camurani\",\"image\":{\"@type\":\"ImageObject\",\"inLanguage\":\"it-IT\",\"@id\":\"https:\/\/staging.varesenews.it\/#\/schema\/person\/image\/\",\"url\":\"https:\/\/staging.varesenews.it\/wp-content\/uploads\/2020\/12\/andrea_camurani_colori_500.jpg\",\"contentUrl\":\"https:\/\/staging.varesenews.it\/wp-content\/uploads\/2020\/12\/andrea_camurani_colori_500.jpg\",\"caption\":\"Andrea Camurani\"},\"description\":\"Sono figlio degli anni Settanta e di Milano, dove ho imparato a riconoscere buoni e cattivi. Laurea in scienze politiche, lavoro a VareseNews dal 2000. Racconto quel che trovo quando incontro chi vuole lasciare al mondo un pezzetto di vita, che si chiama cronaca. &ldquo;...perch&eacute; &egrave; la gente il pi&ugrave; grande spettacolo del mondo. E non si paga il biglietto...&rdquo; (Charles Bukowsky)\",\"sameAs\":[\"https:\/\/www.facebook.com\/andrea.camurani?fref=photo\",\"andreacamurani\",\"https:\/\/www.linkedin.com\/hp\/?dnr=A9a84RfzsLdo9xg4NcGV4dLiMknoc9ms4WM\",\"https:\/\/twitter.com\/AndreaCamurani\"],\"url\":\"https:\/\/staging.varesenews.it\/persona\/andrea_camurani\/\"}]}<\/script>\n<!-- \/ Yoast SEO plugin. -->","yoast_head_json":{"title":"Primo maggio con il Fai","description":"Primo maggio con il Fai","robots":{"index":"noindex","follow":"follow","max-snippet":"max-snippet:-1","max-image-preview":"max-image-preview:large","max-video-preview":"max-video-preview:-1"},"og_locale":"it_IT","og_type":"article","og_title":"Primo maggio con il Fai","og_description":"Primo maggio con il Fai","og_url":"https:\/\/staging.varesenews.it\/2016\/04\/primo-maggio-con-il-fai\/510405\/","og_site_name":"VareseNews","article_publisher":"https:\/\/www.facebook.com\/varesenews","article_author":"https:\/\/www.facebook.com\/andrea.camurani?fref=photo","article_published_time":"2016-04-20T09:34:27+00:00","article_modified_time":"2017-03-23T09:48:03+00:00","author":"Andrea Camurani","twitter_card":"summary_large_image","twitter_creator":"@AndreaCamurani","twitter_site":"@varesenews","twitter_misc":{"Scritto da":"Andrea Camurani","Tempo di lettura stimato":"3 minuti"},"schema":{"@context":"https:\/\/schema.org","@graph":[{"@type":"WebPage","@id":"https:\/\/staging.varesenews.it\/2016\/04\/primo-maggio-con-il-fai\/510405\/","url":"https:\/\/staging.varesenews.it\/2016\/04\/primo-maggio-con-il-fai\/510405\/","name":"Primo maggio con il Fai","isPartOf":{"@id":"https:\/\/staging.varesenews.it\/#website"},"datePublished":"2016-04-20T09:34:27+00:00","dateModified":"2017-03-23T09:48:03+00:00","author":{"@id":"https:\/\/staging.varesenews.it\/#\/schema\/person\/3eb5832c6beae763de8d9596fdbe8c49"},"description":"Primo maggio con il Fai","breadcrumb":{"@id":"https:\/\/staging.varesenews.it\/2016\/04\/primo-maggio-con-il-fai\/510405\/#breadcrumb"},"inLanguage":"it-IT","potentialAction":[{"@type":"ReadAction","target":["https:\/\/staging.varesenews.it\/2016\/04\/primo-maggio-con-il-fai\/510405\/"]}]},{"@type":"BreadcrumbList","@id":"https:\/\/staging.varesenews.it\/2016\/04\/primo-maggio-con-il-fai\/510405\/#breadcrumb","itemListElement":[{"@type":"ListItem","position":1,"name":"Home","item":"https:\/\/www.varesenews.it\/"},{"@type":"ListItem","position":2,"name":"Primo maggio con il Fai"}]},{"@type":"WebSite","@id":"https:\/\/staging.varesenews.it\/#website","url":"https:\/\/staging.varesenews.it\/","name":"VareseNews","description":"","potentialAction":[{"@type":"SearchAction","target":{"@type":"EntryPoint","urlTemplate":"https:\/\/staging.varesenews.it\/?s={search_term_string}"},"query-input":"required name=search_term_string"}],"inLanguage":"it-IT"},{"@type":"Person","@id":"https:\/\/staging.varesenews.it\/#\/schema\/person\/3eb5832c6beae763de8d9596fdbe8c49","name":"Andrea Camurani","image":{"@type":"ImageObject","inLanguage":"it-IT","@id":"https:\/\/staging.varesenews.it\/#\/schema\/person\/image\/","url":"https:\/\/staging.varesenews.it\/wp-content\/uploads\/2020\/12\/andrea_camurani_colori_500.jpg","contentUrl":"https:\/\/staging.varesenews.it\/wp-content\/uploads\/2020\/12\/andrea_camurani_colori_500.jpg","caption":"Andrea Camurani"},"description":"Sono figlio degli anni Settanta e di Milano, dove ho imparato a riconoscere buoni e cattivi. Laurea in scienze politiche, lavoro a VareseNews dal 2000. Racconto quel che trovo quando incontro chi vuole lasciare al mondo un pezzetto di vita, che si chiama cronaca. &ldquo;...perch&eacute; &egrave; la gente il pi&ugrave; grande spettacolo del mondo. E non si paga il biglietto...&rdquo; (Charles Bukowsky)","sameAs":["https:\/\/www.facebook.com\/andrea.camurani?fref=photo","andreacamurani","https:\/\/www.linkedin.com\/hp\/?dnr=A9a84RfzsLdo9xg4NcGV4dLiMknoc9ms4WM","https:\/\/twitter.com\/AndreaCamurani"],"url":"https:\/\/staging.varesenews.it\/persona\/andrea_camurani\/"}]}},"post_meta":{"_edit_lock":"1490262487:54","_edit_last":"54","ratings_users":"0","ratings_score":"0","ratings_average":"0","_category_permalink":"","wdfb_og_title":"","wdfb_og_type":"","wdfb_og_description":"","wdfb_og_images":"a:1:{i:0;s:0:\"\";}","wdfb_og_custom_name":"a:1:{i:0;s:0:\"\";}","wdfb_og_custom_value":"a:1:{i:0;s:0:\"\";}","foto":"532852","firma_come_redazione":"1","argomento":"Varese","_yoast_wpseo_focuskw":"Primo maggio con il Fai","_yoast_wpseo_metadesc":"Primo maggio con il Fai","_jd_twitter":"","_jd_tweet_this":"yes","_wpt_short_url":"http:\/\/www.varesenews.it\/2016\/04\/primo-maggio-con-il-fai\/510405\/","_wp_jd_target":"http:\/\/www.varesenews.it\/2016\/04\/primo-maggio-con-il-fai\/510405\/","_jd_wp_twitter":"a:1:{i:0;s:120:\"Primo maggio con il Fai http:\/\/www.varesenews.it\/2016\/04\/primo-maggio-con-il-fai\/510405\/ #FAI #primomaggio #villabozzolo\";}","_wpt_status_message":"Tweet inviato con successo.","_yoast_wpseo_linkdex":"74"},"photos":[{"original":"https:\/\/staging.varesenews.it\/photogallery_new\/images\/2016\/04\/avarie-532852.jpg","full":"https:\/\/staging.varesenews.it\/photogallery_new\/images\/2016\/04\/avarie-532852.1024x768.jpg","large":"https:\/\/staging.varesenews.it\/photogallery_new\/images\/2016\/04\/avarie-532852.610x431.jpg"}],"_links":{"self":[{"href":"https:\/\/staging.varesenews.it\/swgapi\/v1\/wp\/v2\/posts\/510405"}],"collection":[{"href":"https:\/\/staging.varesenews.it\/swgapi\/v1\/wp\/v2\/posts"}],"about":[{"href":"https:\/\/staging.varesenews.it\/swgapi\/v1\/wp\/v2\/types\/post"}],"author":[{"embeddable":true,"href":"https:\/\/staging.varesenews.it\/swgapi\/v1\/wp\/v2\/users\/34"}],"replies":[{"embeddable":true,"href":"https:\/\/staging.varesenews.it\/swgapi\/v1\/wp\/v2\/comments?post=510405"}],"version-history":[{"count":0,"href":"https:\/\/staging.varesenews.it\/swgapi\/v1\/wp\/v2\/posts\/510405\/revisions"}],"wp:attachment":[{"href":"https:\/\/staging.varesenews.it\/swgapi\/v1\/wp\/v2\/media?parent=510405"}],"wp:term":[{"taxonomy":"category","embeddable":true,"href":"https:\/\/staging.varesenews.it\/swgapi\/v1\/wp\/v2\/categories?post=510405"},{"taxonomy":"post_tag","embeddable":true,"href":"https:\/\/staging.varesenews.it\/swgapi\/v1\/wp\/v2\/tags?post=510405"}],"curies":[{"name":"wp","href":"https:\/\/api.w.org\/{rel}","templated":true}]}}