{"id":510829,"date":"2016-04-21T12:14:00","date_gmt":"2016-04-21T10:14:00","guid":{"rendered":"http:\/\/www.varesenews.it\/?p=510829"},"modified":"2016-04-21T12:14:00","modified_gmt":"2016-04-21T10:14:00","slug":"25-aprile-il-programma-delle-manifestazioni","status":"publish","type":"post","link":"https:\/\/staging.varesenews.it\/2016\/04\/25-aprile-il-programma-delle-manifestazioni\/510829\/","title":{"rendered":"25 aprile, il programma delle manifestazioni"},"content":{"rendered":"<p>L&#8217;Amministrazione comunale, in collaborazione con le associazioni del territorio e alcune scuole cittadine celebra il 71\u00b0 anniversario della Liberazione con un ricco programma di eventi.<\/p>\n<p><b>Luned\u00ec 25 aprile <\/b>dalle ore 8.30 assessori, consiglieri comunali e rappresentanti delle Associazioni <strong>renderanno onore ai partigiani, ai caduti e ai deportati con la deposizione di corone ai cippi e ai luoghi della memoria<\/strong>.\u00a0 Le delegazioni si recheranno al monumento a Rodolfo Gallazzi (via Solbiate), a Mauro Venegoni (via per Cassano), a Romeo Coppe (via Q. Sella), ai deportati della Comerio Ercole (parco via Magenta), a Maurizio Macciantelli (ore via Lonate). Non mancher\u00e0 una sosta al Cimitero principale per l&#8217;omaggio alla Cripta ai Partigiani e al Sacrario ai Caduti in Guerra. Al cimitero di Sacconago verranno deposte corone davanti alla targa Minelli, al monumento ai Partigiani, al monumento ai Caduti in Guerra. Una sosta anche davanti alla lapide a don Angelo Volont\u00e8 presso la chiesa vecchia di Sacconago e alla quella intitolata a don Ambrogio Gianotti a S. Edoardo. A Borsano invece si far\u00e0 tappa alla Cappella ai Caduti e al Portichetto delle Memorie (S. Croce). Un momento di raccoglimento anche davanti al monumento alle Patrie Battaglie che si trova nel parco di via Foscolo e alla stele che ricorda l\u2019artigliere alpino Gian Battista Candiani al parco degli Alpini di via Mameli. Ultima tappa la lapide posta sul palazzo comunale sul lato del viale Duca d\u2019Aosta e il monumento ai Deportati che si trova nel palazzo Comunale. Saranno addobbate per l\u2019occasione anche la teca che, accanto al tempio civico, ricorda i Caduti di Cefalonia e la targa dell\u2019aula \u201cAli della Libert\u00e0\u201d che si trova nell\u2019edificio scolastico di piazza Trento Trieste.<\/p>\n<p><strong>Alle ore 9.30 al Tempio civico Sant\u2019Anna \u00e8 in programma la santa messa celebrata da mons. Pagani.\u00a0<\/strong>Dopo la deposizione di una corona al monumento alla Resistenza e Deportazione di via Fratelli d\u2019Italia, alle 10.15 prender\u00e0 il via il corteo accompagnato dal Corpo musicale Pro Busto che, attraverso via Daniele Crespi, raggiunger\u00e0 piazza Trento Trieste. Il corteo render\u00e0 onore al Monumento ai caduti e poi proseguir\u00e0 per il teatro Sociale \u201cDelia Cajelli\u201d (via Ugo Foscolo, via Guerrazzi, piazza Plebiscito), <strong>dove alle 11 si svolger\u00e0 la celebrazione che vedr\u00e0 protagonisti gli studenti di ben sei scuole superiori:<\/strong>\u00a0Liceo Classico Crespi, Liceo Scientifico Tosi, Liceo Artistico Candiani, Liceo Coreutico Bausch,\u00a0 Istituto Tecnico Economico Tosi, Istituti Superiori Olga Fiorini, Istituto Professionale Verri. Dopo il saluto del sindaco Gigi Farioli, il professor Raffaele Mantegazza, docente di Pedagogia Generale all\u2019Universit\u00e0 degli Studi Milano Bicocca, introdurr\u00e0 i lavori che i ragazzi hanno realizzato nell\u2019ambito del progetto \u201cOggi \u00e8 il 25 aprile: il 25 aprile \u00e8 oggi\u201d.<\/p>\n<p><strong>Gli studenti sono stati invitati ad attualizzare il tema della Resistenza e della Liberazione<\/strong> a partire dalle situazioni di disagio e di sofferenza che un adolescente sperimenta nella sua vita quotidiana e dalle risorse che mette in campo per poterle affrontare. Come afferma il professore: \u201cad essere chiamata in campo \u00e8 una Pedagogia della resistenza che nasce dall\u2019idea che resistenti non si nasce ma si diventa, che si puo\u2019 imparare e insegnare a resistere, oggi come ieri\u201d. Ad ogni scuola \u00e8 stato proposto un tema relativo alle imposizioni, oppressioni e umiliazioni tipiche di una societ\u00e0 totalitaria (violazione della dignit\u00e0 umana e della privacy, gli strumenti di controllo dell\u2019opposizione e del pensiero divergente, il linguaggio del totalitarismo, il ruolo della scuola nei totalitarismi, lo sport come veicolo di oppressione e di resistenza, la stampa e la radio: i mass media e il regime). Alcune scuole hanno lavorato anche sui temi del voto alle donne e la questione femminile, e della democrazia e la partecipazione popolare. Gli elaborati saranno di diverso tipo, dalle letture agli striscioni, dalle scene teatrali alla coreografia proposta dal coreutico Bausch.<\/p>\n<p>Si ricorda infine che fino al 7 maggio la Biblioteca Comunale Roggia ospiter\u00e0 la Mostra \u201cTestimonianze della Resistenza\u201d, che raccoglie libri, film e documenti che ripercorrono le tappe pi\u00f9 significative della lotta per la Liberazione, dal Fascismo alla Resistenza. Si tratta di una mostra \u201cdiffusa\u201d: una scelta dei libri della bibliografia saranno esposti sugli scaffali davanti al bancone del prestito; nella vetrinetta si approfondir\u00e0 il dramma dei ghetti, mentre in Sala Monaco saranno esposti i DVD con i film (orari: luned\u00ec-venerd\u00ec ore 9.00-18.45 e sabato ore 9.00-17.45).<\/p>\n","protected":false},"excerpt":{"rendered":"<p>Commemorazioni davanti a lapidi e cippi, messa, corte e spettacolo. Un ricco programma per commemorare il 71esimo anniversario della liberazione<\/p>\n","protected":false},"author":42,"featured_media":0,"comment_status":"open","ping_status":"open","sticky":false,"template":"","format":"standard","meta":{"footnotes":""},"categories":[4],"tags":[7405,158],"acf":[],"yoast_head":"<!-- This site is optimized with the Yoast SEO plugin v20.1 - https:\/\/yoast.com\/wordpress\/plugins\/seo\/ -->\n<title>25 aprile, il programma delle manifestazioni<\/title>\n<meta name=\"description\" content=\"Commemorazioni davanti a lapidi e cippi, messa, corte e spettacolo. Un ricco programma per commemorare il 71esimo anniversario della liberazione\" \/>\n<meta name=\"robots\" content=\"noindex, follow, max-snippet:-1, max-image-preview:large, max-video-preview:-1\" \/>\n<meta property=\"og:locale\" content=\"it_IT\" \/>\n<meta property=\"og:type\" content=\"article\" \/>\n<meta property=\"og:title\" content=\"25 aprile, il programma delle manifestazioni\" \/>\n<meta property=\"og:description\" content=\"Commemorazioni davanti a lapidi e cippi, messa, corte e spettacolo. Un ricco programma per commemorare il 71esimo anniversario della liberazione\" \/>\n<meta property=\"og:url\" content=\"https:\/\/staging.varesenews.it\/2016\/04\/25-aprile-il-programma-delle-manifestazioni\/510829\/\" \/>\n<meta property=\"og:site_name\" content=\"VareseNews\" \/>\n<meta property=\"article:publisher\" content=\"https:\/\/www.facebook.com\/varesenews\" \/>\n<meta property=\"article:published_time\" content=\"2016-04-21T10:14:00+00:00\" \/>\n<meta name=\"author\" content=\"Marco Corso\" \/>\n<meta name=\"twitter:card\" content=\"summary_large_image\" \/>\n<meta name=\"twitter:creator\" content=\"@varesenews\" \/>\n<meta name=\"twitter:site\" content=\"@varesenews\" \/>\n<meta name=\"twitter:label1\" content=\"Scritto da\" \/>\n\t<meta name=\"twitter:data1\" content=\"Marco Corso\" \/>\n\t<meta name=\"twitter:label2\" content=\"Tempo di lettura stimato\" \/>\n\t<meta name=\"twitter:data2\" content=\"4 minuti\" \/>\n<script type=\"application\/ld+json\" class=\"yoast-schema-graph\">{\"@context\":\"https:\/\/schema.org\",\"@graph\":[{\"@type\":\"WebPage\",\"@id\":\"https:\/\/staging.varesenews.it\/2016\/04\/25-aprile-il-programma-delle-manifestazioni\/510829\/\",\"url\":\"https:\/\/staging.varesenews.it\/2016\/04\/25-aprile-il-programma-delle-manifestazioni\/510829\/\",\"name\":\"25 aprile, il programma delle manifestazioni\",\"isPartOf\":{\"@id\":\"https:\/\/staging.varesenews.it\/#website\"},\"datePublished\":\"2016-04-21T10:14:00+00:00\",\"dateModified\":\"2016-04-21T10:14:00+00:00\",\"author\":{\"@id\":\"https:\/\/staging.varesenews.it\/#\/schema\/person\/f0b866bf1a4a7b2b1558574309a927fa\"},\"description\":\"Commemorazioni davanti a lapidi e cippi, messa, corte e spettacolo. Un ricco programma per commemorare il 71esimo anniversario della liberazione\",\"breadcrumb\":{\"@id\":\"https:\/\/staging.varesenews.it\/2016\/04\/25-aprile-il-programma-delle-manifestazioni\/510829\/#breadcrumb\"},\"inLanguage\":\"it-IT\",\"potentialAction\":[{\"@type\":\"ReadAction\",\"target\":[\"https:\/\/staging.varesenews.it\/2016\/04\/25-aprile-il-programma-delle-manifestazioni\/510829\/\"]}]},{\"@type\":\"BreadcrumbList\",\"@id\":\"https:\/\/staging.varesenews.it\/2016\/04\/25-aprile-il-programma-delle-manifestazioni\/510829\/#breadcrumb\",\"itemListElement\":[{\"@type\":\"ListItem\",\"position\":1,\"name\":\"Home\",\"item\":\"https:\/\/www.varesenews.it\/\"},{\"@type\":\"ListItem\",\"position\":2,\"name\":\"25 aprile, il programma delle manifestazioni\"}]},{\"@type\":\"WebSite\",\"@id\":\"https:\/\/staging.varesenews.it\/#website\",\"url\":\"https:\/\/staging.varesenews.it\/\",\"name\":\"VareseNews\",\"description\":\"\",\"potentialAction\":[{\"@type\":\"SearchAction\",\"target\":{\"@type\":\"EntryPoint\",\"urlTemplate\":\"https:\/\/staging.varesenews.it\/?s={search_term_string}\"},\"query-input\":\"required name=search_term_string\"}],\"inLanguage\":\"it-IT\"},{\"@type\":\"Person\",\"@id\":\"https:\/\/staging.varesenews.it\/#\/schema\/person\/f0b866bf1a4a7b2b1558574309a927fa\",\"name\":\"Marco Corso\",\"image\":{\"@type\":\"ImageObject\",\"inLanguage\":\"it-IT\",\"@id\":\"https:\/\/staging.varesenews.it\/#\/schema\/person\/image\/\",\"url\":\"https:\/\/staging.varesenews.it\/wp-content\/uploads\/2020\/12\/marco_corso_colori_500.jpg\",\"contentUrl\":\"https:\/\/staging.varesenews.it\/wp-content\/uploads\/2020\/12\/marco_corso_colori_500.jpg\",\"caption\":\"Marco Corso\"},\"description\":\"Classe 91, per diversi anni mi sono fregiato del titolo di pi&ugrave; giovane della redazione, ma adesso faccio il fratello maggiore alle nuove leve. Mi sono laureato nel 2013 in Scienze Sociali per la Globalizzazione alla Statale di Milano e nel 2015 mi sono diplomato in videogiornalismo alla Civica Scuola di Cinema di Milano. A VareseNews da 10 anni, ho seguito da sempre diversi progetti, partendo dalla mia Busto Arsizio per attraversare tutta la provincia. Adesso la \\\"sorvolo\\\" anche con il mio drone, regalando alle mie riprese sempre un punto di vista emozionale e narrativo sui luoghi e le vicende che racconto, ma rimanendo fedele alla cronaca. Quando non faccio il giornalista viaggio o mi arrampico sui monti, per guardare il mondo da altri punti di vista.\",\"sameAs\":[\"mar_corso\"],\"url\":\"https:\/\/staging.varesenews.it\/persona\/marco-corso1\/\"}]}<\/script>\n<!-- \/ Yoast SEO plugin. -->","yoast_head_json":{"title":"25 aprile, il programma delle manifestazioni","description":"Commemorazioni davanti a lapidi e cippi, messa, corte e spettacolo. Un ricco programma per commemorare il 71esimo anniversario della liberazione","robots":{"index":"noindex","follow":"follow","max-snippet":"max-snippet:-1","max-image-preview":"max-image-preview:large","max-video-preview":"max-video-preview:-1"},"og_locale":"it_IT","og_type":"article","og_title":"25 aprile, il programma delle manifestazioni","og_description":"Commemorazioni davanti a lapidi e cippi, messa, corte e spettacolo. Un ricco programma per commemorare il 71esimo anniversario della liberazione","og_url":"https:\/\/staging.varesenews.it\/2016\/04\/25-aprile-il-programma-delle-manifestazioni\/510829\/","og_site_name":"VareseNews","article_publisher":"https:\/\/www.facebook.com\/varesenews","article_published_time":"2016-04-21T10:14:00+00:00","author":"Marco Corso","twitter_card":"summary_large_image","twitter_creator":"@varesenews","twitter_site":"@varesenews","twitter_misc":{"Scritto da":"Marco Corso","Tempo di lettura stimato":"4 minuti"},"schema":{"@context":"https:\/\/schema.org","@graph":[{"@type":"WebPage","@id":"https:\/\/staging.varesenews.it\/2016\/04\/25-aprile-il-programma-delle-manifestazioni\/510829\/","url":"https:\/\/staging.varesenews.it\/2016\/04\/25-aprile-il-programma-delle-manifestazioni\/510829\/","name":"25 aprile, il programma delle manifestazioni","isPartOf":{"@id":"https:\/\/staging.varesenews.it\/#website"},"datePublished":"2016-04-21T10:14:00+00:00","dateModified":"2016-04-21T10:14:00+00:00","author":{"@id":"https:\/\/staging.varesenews.it\/#\/schema\/person\/f0b866bf1a4a7b2b1558574309a927fa"},"description":"Commemorazioni davanti a lapidi e cippi, messa, corte e spettacolo. Un ricco programma per commemorare il 71esimo anniversario della liberazione","breadcrumb":{"@id":"https:\/\/staging.varesenews.it\/2016\/04\/25-aprile-il-programma-delle-manifestazioni\/510829\/#breadcrumb"},"inLanguage":"it-IT","potentialAction":[{"@type":"ReadAction","target":["https:\/\/staging.varesenews.it\/2016\/04\/25-aprile-il-programma-delle-manifestazioni\/510829\/"]}]},{"@type":"BreadcrumbList","@id":"https:\/\/staging.varesenews.it\/2016\/04\/25-aprile-il-programma-delle-manifestazioni\/510829\/#breadcrumb","itemListElement":[{"@type":"ListItem","position":1,"name":"Home","item":"https:\/\/www.varesenews.it\/"},{"@type":"ListItem","position":2,"name":"25 aprile, il programma delle manifestazioni"}]},{"@type":"WebSite","@id":"https:\/\/staging.varesenews.it\/#website","url":"https:\/\/staging.varesenews.it\/","name":"VareseNews","description":"","potentialAction":[{"@type":"SearchAction","target":{"@type":"EntryPoint","urlTemplate":"https:\/\/staging.varesenews.it\/?s={search_term_string}"},"query-input":"required name=search_term_string"}],"inLanguage":"it-IT"},{"@type":"Person","@id":"https:\/\/staging.varesenews.it\/#\/schema\/person\/f0b866bf1a4a7b2b1558574309a927fa","name":"Marco Corso","image":{"@type":"ImageObject","inLanguage":"it-IT","@id":"https:\/\/staging.varesenews.it\/#\/schema\/person\/image\/","url":"https:\/\/staging.varesenews.it\/wp-content\/uploads\/2020\/12\/marco_corso_colori_500.jpg","contentUrl":"https:\/\/staging.varesenews.it\/wp-content\/uploads\/2020\/12\/marco_corso_colori_500.jpg","caption":"Marco Corso"},"description":"Classe 91, per diversi anni mi sono fregiato del titolo di pi&ugrave; giovane della redazione, ma adesso faccio il fratello maggiore alle nuove leve. Mi sono laureato nel 2013 in Scienze Sociali per la Globalizzazione alla Statale di Milano e nel 2015 mi sono diplomato in videogiornalismo alla Civica Scuola di Cinema di Milano. A VareseNews da 10 anni, ho seguito da sempre diversi progetti, partendo dalla mia Busto Arsizio per attraversare tutta la provincia. Adesso la \"sorvolo\" anche con il mio drone, regalando alle mie riprese sempre un punto di vista emozionale e narrativo sui luoghi e le vicende che racconto, ma rimanendo fedele alla cronaca. Quando non faccio il giornalista viaggio o mi arrampico sui monti, per guardare il mondo da altri punti di vista.","sameAs":["mar_corso"],"url":"https:\/\/staging.varesenews.it\/persona\/marco-corso1\/"}]}},"post_meta":{"_edit_lock":"1461234000:42","_edit_last":"42","_category_permalink":"","wdfb_og_title":"","wdfb_og_type":"","wdfb_og_description":"","wdfb_og_images":"a:1:{i:0;s:0:\"\";}","wdfb_og_custom_name":"a:1:{i:0;s:0:\"\";}","wdfb_og_custom_value":"a:1:{i:0;s:0:\"\";}","foto":"448054","argomento":"Busto Arsizio","_jd_twitter":"","_jd_tweet_this":"yes","ratings_users":"0","ratings_score":"0","ratings_average":"0","firma_come_redazione":"1","_wpt_short_url":"http:\/\/www.varesenews.it\/2016\/04\/25-aprile-il-programma-delle-manifestazioni\/510829\/","_wp_jd_target":"http:\/\/www.varesenews.it\/2016\/04\/25-aprile-il-programma-delle-manifestazioni\/510829\/","_jd_wp_twitter":"a:1:{i:0;s:148:\"25 aprile, il programma delle manifestazioni http:\/\/www.varesenews.it\/2016\/04\/25-aprile-il-programma-delle-manifestazioni\/510829\/ #25aprile #weekend\";}","_wpt_status_message":"Tweet inviato con successo."},"photos":[{"original":"https:\/\/staging.varesenews.it\/photogallery_new\/images\/2015\/04\/25-aprile-busto-arsizio-448054.jpg","full":"https:\/\/staging.varesenews.it\/photogallery_new\/images\/2015\/04\/25-aprile-busto-arsizio-448054.1024x768.jpg","large":"https:\/\/staging.varesenews.it\/photogallery_new\/images\/2015\/04\/25-aprile-busto-arsizio-448054.610x431.jpg"}],"_links":{"self":[{"href":"https:\/\/staging.varesenews.it\/swgapi\/v1\/wp\/v2\/posts\/510829"}],"collection":[{"href":"https:\/\/staging.varesenews.it\/swgapi\/v1\/wp\/v2\/posts"}],"about":[{"href":"https:\/\/staging.varesenews.it\/swgapi\/v1\/wp\/v2\/types\/post"}],"author":[{"embeddable":true,"href":"https:\/\/staging.varesenews.it\/swgapi\/v1\/wp\/v2\/users\/42"}],"replies":[{"embeddable":true,"href":"https:\/\/staging.varesenews.it\/swgapi\/v1\/wp\/v2\/comments?post=510829"}],"version-history":[{"count":0,"href":"https:\/\/staging.varesenews.it\/swgapi\/v1\/wp\/v2\/posts\/510829\/revisions"}],"wp:attachment":[{"href":"https:\/\/staging.varesenews.it\/swgapi\/v1\/wp\/v2\/media?parent=510829"}],"wp:term":[{"taxonomy":"category","embeddable":true,"href":"https:\/\/staging.varesenews.it\/swgapi\/v1\/wp\/v2\/categories?post=510829"},{"taxonomy":"post_tag","embeddable":true,"href":"https:\/\/staging.varesenews.it\/swgapi\/v1\/wp\/v2\/tags?post=510829"}],"curies":[{"name":"wp","href":"https:\/\/api.w.org\/{rel}","templated":true}]}}