{"id":511603,"date":"2016-04-23T15:04:20","date_gmt":"2016-04-23T13:04:20","guid":{"rendered":"http:\/\/www.varesenews.it\/?p=511603"},"modified":"2016-04-23T15:04:20","modified_gmt":"2016-04-23T13:04:20","slug":"ci-avete-messo-la-faccia-vi-meritate-un-libro","status":"publish","type":"post","link":"https:\/\/staging.varesenews.it\/2016\/04\/ci-avete-messo-la-faccia-vi-meritate-un-libro\/511603\/","title":{"rendered":"Ci avete messo la faccia, vi meritate un libro"},"content":{"rendered":"<p><strong>Buona giornata internazionale del libro a tutti<\/strong>. A tutti quelli che amano leggere, a\u00a0quelli che vorrebbero avere pi\u00f9 tempo per leggere, a chi legge a letto, a chi legge sul divano, a chi sfrutta ogni momento della giornata per prendere in mano un libro.<\/p>\n<p>Sono tante e belle <a title=\"Selfie con il libro, mandaci la tua foto\" href=\"http:\/\/www.varesenews.it\/2016\/04\/selfie-con-il-libro-mandaci-la-tua-foto\/510367\/\">le foto che ci avete inviato insieme al vostro libro del cuore<\/a> (le trovate <strong><a title=\"#faccialibro, le vostre foto\" href=\"http:\/\/www.varesenews.it\/photogallery\/faccialibro-le-vostre-foto\/\">qui <\/a><\/strong>e <strong><a title=\"#faccialibro, le vostre foto 2\" href=\"http:\/\/www.varesenews.it\/photogallery\/faccialibro-le-vostre-foto-2\/\">qui<\/a><\/strong>, mentre <a title=\"#faccialibro, il libri della redazione\" href=\"http:\/\/www.varesenews.it\/photogallery\/faccialibro-il-libri-della-redazione\/\"><strong>qui t<\/strong>rovate quelle della redazione<\/a>).<\/p>\n<p><strong>Quando volete passate in redazione: un libro vi aspetta<\/strong>.<\/p>\n<p>Ma abbiamo anche una vincitrice per il <a href=\"http:\/\/www.varesenews.it\/2016\/04\/ami-leggere-risolvi-il-nostro-quiz\/511161\/\" target=\"_blank\">nostro gioco<\/a>: come vi avevamo annunciato il vincitore sarebbe stato\u00a0uno solo, colui che avrebbe risposto per primo alle tre domande, inviandoci un&#8217;email.<br \/>\nSiete stati davvero tantissimi, ma la pi\u00f9 veloce \u00e8 stata <strong>Miriam<\/strong> che ha dato risposte corrette alle nostre domande in un tempo rapidissimo (per i curiosi, eccole qui: 1) Universit\u00e0 di Harvard; 2) L&#8217;incipit \u00e8 tratto da &#8220;Il Maestro e Margherita&#8221; di Bulgakov; 3) Il romanzo \u00e8 ambientato a Ferrara).<\/p>\n<p>E noi chiudiamo la nostra settimana dedicata ai libri con questa bella frase che vi &#8220;regaliamo&#8221; augurandovi che valga anche per voi:<\/p>\n<p>Non ho avuto mai un dolore che un\u2019ora di lettura non abbia dissipato.<br \/>\n(Charles Montesquieu)<\/p>\n<p>&nbsp;<\/p>\n","protected":false},"excerpt":{"rendered":"<p>Siete stati davvero tantissimi a mandarci le foto per #faccialibro: un regalo vi aspetta in redazione. Miriam la vincitrice del nostro quiz<\/p>\n","protected":false},"author":49,"featured_media":0,"comment_status":"open","ping_status":"open","sticky":false,"template":"","format":"standard","meta":{"footnotes":""},"categories":[18],"tags":[2579,794,60295,767],"acf":[],"yoast_head":"<!-- This site is optimized with the Yoast SEO plugin v20.1 - https:\/\/yoast.com\/wordpress\/plugins\/seo\/ -->\n<title>Ci avete messo la faccia, vi meritate un libro<\/title>\n<meta name=\"description\" content=\"Siete stati davvero tantissimi a mandarci le foto per #faccialibro: un regalo vi aspetta in redazione. Miriam la vincitrice del nostro quiz\" \/>\n<meta name=\"robots\" content=\"noindex, follow, max-snippet:-1, max-image-preview:large, max-video-preview:-1\" \/>\n<meta property=\"og:locale\" content=\"it_IT\" \/>\n<meta property=\"og:type\" content=\"article\" \/>\n<meta property=\"og:title\" content=\"Ci avete messo la faccia, vi meritate un libro\" \/>\n<meta property=\"og:description\" content=\"Siete stati davvero tantissimi a mandarci le foto per #faccialibro: un regalo vi aspetta in redazione. Miriam la vincitrice del nostro quiz\" \/>\n<meta property=\"og:url\" content=\"https:\/\/staging.varesenews.it\/2016\/04\/ci-avete-messo-la-faccia-vi-meritate-un-libro\/511603\/\" \/>\n<meta property=\"og:site_name\" content=\"VareseNews\" \/>\n<meta property=\"article:publisher\" content=\"https:\/\/www.facebook.com\/varesenews\" \/>\n<meta property=\"article:author\" content=\"https:\/\/www.facebook.com\/roberta.bertolini.9\" \/>\n<meta property=\"article:published_time\" content=\"2016-04-23T13:04:20+00:00\" \/>\n<meta name=\"author\" content=\"Roberta Bertolini\" \/>\n<meta name=\"twitter:card\" content=\"summary_large_image\" \/>\n<meta name=\"twitter:creator\" content=\"@robybertolini\" \/>\n<meta name=\"twitter:site\" content=\"@varesenews\" \/>\n<meta name=\"twitter:label1\" content=\"Scritto da\" \/>\n\t<meta name=\"twitter:data1\" content=\"Roberta Bertolini\" \/>\n\t<meta name=\"twitter:label2\" content=\"Tempo di lettura stimato\" \/>\n\t<meta name=\"twitter:data2\" content=\"1 minuto\" \/>\n<script type=\"application\/ld+json\" class=\"yoast-schema-graph\">{\"@context\":\"https:\/\/schema.org\",\"@graph\":[{\"@type\":\"WebPage\",\"@id\":\"https:\/\/staging.varesenews.it\/2016\/04\/ci-avete-messo-la-faccia-vi-meritate-un-libro\/511603\/\",\"url\":\"https:\/\/staging.varesenews.it\/2016\/04\/ci-avete-messo-la-faccia-vi-meritate-un-libro\/511603\/\",\"name\":\"Ci avete messo la faccia, vi meritate un libro\",\"isPartOf\":{\"@id\":\"https:\/\/staging.varesenews.it\/#website\"},\"datePublished\":\"2016-04-23T13:04:20+00:00\",\"dateModified\":\"2016-04-23T13:04:20+00:00\",\"author\":{\"@id\":\"https:\/\/staging.varesenews.it\/#\/schema\/person\/58fbd3e567d5c00f0a64d5137fef3e68\"},\"description\":\"Siete stati davvero tantissimi a mandarci le foto per #faccialibro: un regalo vi aspetta in redazione. Miriam la vincitrice del nostro quiz\",\"breadcrumb\":{\"@id\":\"https:\/\/staging.varesenews.it\/2016\/04\/ci-avete-messo-la-faccia-vi-meritate-un-libro\/511603\/#breadcrumb\"},\"inLanguage\":\"it-IT\",\"potentialAction\":[{\"@type\":\"ReadAction\",\"target\":[\"https:\/\/staging.varesenews.it\/2016\/04\/ci-avete-messo-la-faccia-vi-meritate-un-libro\/511603\/\"]}]},{\"@type\":\"BreadcrumbList\",\"@id\":\"https:\/\/staging.varesenews.it\/2016\/04\/ci-avete-messo-la-faccia-vi-meritate-un-libro\/511603\/#breadcrumb\",\"itemListElement\":[{\"@type\":\"ListItem\",\"position\":1,\"name\":\"Home\",\"item\":\"https:\/\/www.varesenews.it\/\"},{\"@type\":\"ListItem\",\"position\":2,\"name\":\"Ci avete messo la faccia, vi meritate un libro\"}]},{\"@type\":\"WebSite\",\"@id\":\"https:\/\/staging.varesenews.it\/#website\",\"url\":\"https:\/\/staging.varesenews.it\/\",\"name\":\"VareseNews\",\"description\":\"\",\"potentialAction\":[{\"@type\":\"SearchAction\",\"target\":{\"@type\":\"EntryPoint\",\"urlTemplate\":\"https:\/\/staging.varesenews.it\/?s={search_term_string}\"},\"query-input\":\"required name=search_term_string\"}],\"inLanguage\":\"it-IT\"},{\"@type\":\"Person\",\"@id\":\"https:\/\/staging.varesenews.it\/#\/schema\/person\/58fbd3e567d5c00f0a64d5137fef3e68\",\"name\":\"Roberta Bertolini\",\"image\":{\"@type\":\"ImageObject\",\"inLanguage\":\"it-IT\",\"@id\":\"https:\/\/staging.varesenews.it\/#\/schema\/person\/image\/\",\"url\":\"https:\/\/staging.varesenews.it\/wp-content\/uploads\/2020\/12\/roberta_bertolini_colori_500.jpg\",\"contentUrl\":\"https:\/\/staging.varesenews.it\/wp-content\/uploads\/2020\/12\/roberta_bertolini_colori_500.jpg\",\"caption\":\"Roberta Bertolini\"},\"description\":\"Giornalista professionista dal 1991, sono passata, ormai molti anni fa, dalla carta al web. Oggi mi occupo di cronaca locale e guardo con curiosit&agrave; ed attenzione il mondo dei social. Parlo poco, ascolto molto.\",\"sameAs\":[\"https:\/\/www.facebook.com\/roberta.bertolini.9\",\"bettabertolini\",\"https:\/\/www.linkedin.com\/hp\/?dnr=v9e-Gp7a6_oxqTuQyZA0Lf4aEi4t91g6wMH\",\"https:\/\/twitter.com\/robybertolini\"],\"url\":\"https:\/\/staging.varesenews.it\/persona\/roberta-bertolini1\/\"}]}<\/script>\n<!-- \/ Yoast SEO plugin. -->","yoast_head_json":{"title":"Ci avete messo la faccia, vi meritate un libro","description":"Siete stati davvero tantissimi a mandarci le foto per #faccialibro: un regalo vi aspetta in redazione. Miriam la vincitrice del nostro quiz","robots":{"index":"noindex","follow":"follow","max-snippet":"max-snippet:-1","max-image-preview":"max-image-preview:large","max-video-preview":"max-video-preview:-1"},"og_locale":"it_IT","og_type":"article","og_title":"Ci avete messo la faccia, vi meritate un libro","og_description":"Siete stati davvero tantissimi a mandarci le foto per #faccialibro: un regalo vi aspetta in redazione. Miriam la vincitrice del nostro quiz","og_url":"https:\/\/staging.varesenews.it\/2016\/04\/ci-avete-messo-la-faccia-vi-meritate-un-libro\/511603\/","og_site_name":"VareseNews","article_publisher":"https:\/\/www.facebook.com\/varesenews","article_author":"https:\/\/www.facebook.com\/roberta.bertolini.9","article_published_time":"2016-04-23T13:04:20+00:00","author":"Roberta Bertolini","twitter_card":"summary_large_image","twitter_creator":"@robybertolini","twitter_site":"@varesenews","twitter_misc":{"Scritto da":"Roberta Bertolini","Tempo di lettura stimato":"1 minuto"},"schema":{"@context":"https:\/\/schema.org","@graph":[{"@type":"WebPage","@id":"https:\/\/staging.varesenews.it\/2016\/04\/ci-avete-messo-la-faccia-vi-meritate-un-libro\/511603\/","url":"https:\/\/staging.varesenews.it\/2016\/04\/ci-avete-messo-la-faccia-vi-meritate-un-libro\/511603\/","name":"Ci avete messo la faccia, vi meritate un libro","isPartOf":{"@id":"https:\/\/staging.varesenews.it\/#website"},"datePublished":"2016-04-23T13:04:20+00:00","dateModified":"2016-04-23T13:04:20+00:00","author":{"@id":"https:\/\/staging.varesenews.it\/#\/schema\/person\/58fbd3e567d5c00f0a64d5137fef3e68"},"description":"Siete stati davvero tantissimi a mandarci le foto per #faccialibro: un regalo vi aspetta in redazione. Miriam la vincitrice del nostro quiz","breadcrumb":{"@id":"https:\/\/staging.varesenews.it\/2016\/04\/ci-avete-messo-la-faccia-vi-meritate-un-libro\/511603\/#breadcrumb"},"inLanguage":"it-IT","potentialAction":[{"@type":"ReadAction","target":["https:\/\/staging.varesenews.it\/2016\/04\/ci-avete-messo-la-faccia-vi-meritate-un-libro\/511603\/"]}]},{"@type":"BreadcrumbList","@id":"https:\/\/staging.varesenews.it\/2016\/04\/ci-avete-messo-la-faccia-vi-meritate-un-libro\/511603\/#breadcrumb","itemListElement":[{"@type":"ListItem","position":1,"name":"Home","item":"https:\/\/www.varesenews.it\/"},{"@type":"ListItem","position":2,"name":"Ci avete messo la faccia, vi meritate un libro"}]},{"@type":"WebSite","@id":"https:\/\/staging.varesenews.it\/#website","url":"https:\/\/staging.varesenews.it\/","name":"VareseNews","description":"","potentialAction":[{"@type":"SearchAction","target":{"@type":"EntryPoint","urlTemplate":"https:\/\/staging.varesenews.it\/?s={search_term_string}"},"query-input":"required name=search_term_string"}],"inLanguage":"it-IT"},{"@type":"Person","@id":"https:\/\/staging.varesenews.it\/#\/schema\/person\/58fbd3e567d5c00f0a64d5137fef3e68","name":"Roberta Bertolini","image":{"@type":"ImageObject","inLanguage":"it-IT","@id":"https:\/\/staging.varesenews.it\/#\/schema\/person\/image\/","url":"https:\/\/staging.varesenews.it\/wp-content\/uploads\/2020\/12\/roberta_bertolini_colori_500.jpg","contentUrl":"https:\/\/staging.varesenews.it\/wp-content\/uploads\/2020\/12\/roberta_bertolini_colori_500.jpg","caption":"Roberta Bertolini"},"description":"Giornalista professionista dal 1991, sono passata, ormai molti anni fa, dalla carta al web. Oggi mi occupo di cronaca locale e guardo con curiosit&agrave; ed attenzione il mondo dei social. Parlo poco, ascolto molto.","sameAs":["https:\/\/www.facebook.com\/roberta.bertolini.9","bettabertolini","https:\/\/www.linkedin.com\/hp\/?dnr=v9e-Gp7a6_oxqTuQyZA0Lf4aEi4t91g6wMH","https:\/\/twitter.com\/robybertolini"],"url":"https:\/\/staging.varesenews.it\/persona\/roberta-bertolini1\/"}]}},"post_meta":{"_edit_lock":"1461419390:49","_edit_last":"49","_category_permalink":"","wdfb_og_title":"","wdfb_og_type":"","wdfb_og_description":"","wdfb_og_images":"a:1:{i:0;s:0:\"\";}","wdfb_og_custom_name":"a:1:{i:0;s:0:\"\";}","wdfb_og_custom_value":"a:1:{i:0;s:0:\"\";}","foto":"533642","id_link_fotogallery":"510374,510766,510499","firma_come_redazione":"1","argomento":"Cultura","_jd_twitter":"","_jd_tweet_this":"yes","ratings_users":"0","ratings_score":"0","ratings_average":"0","_wpt_short_url":"http:\/\/www.varesenews.it\/2016\/04\/ci-avete-messo-la-faccia-vi-meritate-un-libro\/511603\/","_wp_jd_target":"http:\/\/www.varesenews.it\/2016\/04\/ci-avete-messo-la-faccia-vi-meritate-un-libro\/511603\/","_jd_wp_twitter":"a:1:{i:0;s:165:\"Ci avete messo la faccia, vi meritate un libro http:\/\/www.varesenews.it\/2016\/04\/ci-avete-messo-la-faccia-vi-meritate-un-libro\/511603\/ #Concorso #cultura #faccialibro\";}","_wpt_status_message":"Tweet inviato con successo."},"photos":[{"original":"https:\/\/staging.varesenews.it\/photogallery_new\/images\/2016\/04\/faccialibro-le-foto-dei-lettori-2-533642.jpg","full":"https:\/\/staging.varesenews.it\/photogallery_new\/images\/2016\/04\/faccialibro-le-foto-dei-lettori-2-533642.1024x768.jpg","large":"https:\/\/staging.varesenews.it\/photogallery_new\/images\/2016\/04\/faccialibro-le-foto-dei-lettori-2-533642.610x431.jpg"}],"_links":{"self":[{"href":"https:\/\/staging.varesenews.it\/swgapi\/v1\/wp\/v2\/posts\/511603"}],"collection":[{"href":"https:\/\/staging.varesenews.it\/swgapi\/v1\/wp\/v2\/posts"}],"about":[{"href":"https:\/\/staging.varesenews.it\/swgapi\/v1\/wp\/v2\/types\/post"}],"author":[{"embeddable":true,"href":"https:\/\/staging.varesenews.it\/swgapi\/v1\/wp\/v2\/users\/49"}],"replies":[{"embeddable":true,"href":"https:\/\/staging.varesenews.it\/swgapi\/v1\/wp\/v2\/comments?post=511603"}],"version-history":[{"count":0,"href":"https:\/\/staging.varesenews.it\/swgapi\/v1\/wp\/v2\/posts\/511603\/revisions"}],"wp:attachment":[{"href":"https:\/\/staging.varesenews.it\/swgapi\/v1\/wp\/v2\/media?parent=511603"}],"wp:term":[{"taxonomy":"category","embeddable":true,"href":"https:\/\/staging.varesenews.it\/swgapi\/v1\/wp\/v2\/categories?post=511603"},{"taxonomy":"post_tag","embeddable":true,"href":"https:\/\/staging.varesenews.it\/swgapi\/v1\/wp\/v2\/tags?post=511603"}],"curies":[{"name":"wp","href":"https:\/\/api.w.org\/{rel}","templated":true}]}}