{"id":511667,"date":"2016-04-23T19:41:27","date_gmt":"2016-04-23T17:41:27","guid":{"rendered":"http:\/\/www.varesenews.it\/?p=511667"},"modified":"2016-04-24T12:31:44","modified_gmt":"2016-04-24T10:31:44","slug":"si-e-spento-mauro-luoni","status":"publish","type":"post","link":"https:\/\/staging.varesenews.it\/2016\/04\/si-e-spento-mauro-luoni\/511667\/","title":{"rendered":"Si \u00e8 spento Mauro Luoni"},"content":{"rendered":"<p>Si \u00e8 spento dopo un lunga malattia <strong>Mauro Luoni<\/strong> <em>(a destra nella foto)<\/em>, capo da pi\u00f9 di un decennio dell&#8217;area\u00a0Comunicazione e Immagine dell&#8217;Unione Industriali di Varese. <div class=\"related-posts related-01\"><h4>Leggi anche<\/h4><ul><li><a title=\"&#8220;Mauro, un uomo di altri tempi con una grande umanit\u00e0&#8221;\" target=\"_blank\" href=\"https:\/\/staging.varesenews.it\/2016\/04\/mauro-un-uomo-di-altri-tempi-con-una-grande-umanita\/511680\/\"><strong>Varese <\/strong> - &#8220;Mauro, un uomo di altri tempi con una grande umanit\u00e0&#8221;<\/a><\/li><li><a title=\"&#8220;Addio Mauro, innamorato di arte, cultura e bellezza&#8221;\" target=\"_blank\" href=\"https:\/\/staging.varesenews.it\/2016\/04\/addio-mauro-innamorato-di-arte-cultura-e-bellezza\/511714\/\"><strong>Varese <\/strong> - &#8220;Addio Mauro, innamorato di arte, cultura e bellezza&#8221;<\/a><\/li><li><a title=\"Cos\u00ec il coro Antiqua Laus ricorda l&#8217;amico Mauro Luoni\" target=\"_blank\" href=\"https:\/\/staging.varesenews.it\/2016\/04\/cosi-il-coro-antiqua-laus-ricorda-lamico-mauro-luoni\/511952\/\"><strong>Gallarate <\/strong> - Cos\u00ec il coro Antiqua Laus ricorda l&#8217;amico Mauro Luoni<\/a><\/li><li><a title=\"Grande commozione per l&#8217;ultimo saluto a Mauro Luoni\" target=\"_blank\" href=\"https:\/\/staging.varesenews.it\/2016\/04\/grande-commozione-per-lultimo-saluto-a-mauro-luoni\/512251\/\"><strong>Gallarate <\/strong> - Grande commozione per l&#8217;ultimo saluto a Mauro Luoni<\/a><\/li><li><a title=\"Il coro &#8220;Antiqua Laus&#8221; ricorda Mauro Luoni al sacro Monte\" target=\"_blank\" href=\"https:\/\/staging.varesenews.it\/2016\/07\/il-coro-antiqua-laus-ricorda-mauro-luoni-al-sacro-monte\/536395\/\"><strong>Varese <\/strong> - Il coro &#8220;Antiqua Laus&#8221; ricorda Mauro Luoni al sacro Monte<\/a><\/li><\/ul><\/div><\/p>\n<p>Mauro Luoni \u00e8 nato a Cassano Magnago il 6 settembre 1954. Giornalista pubblicista, era direttore responsabile del mensile <strong>VareseFocus<\/strong>, e ha scritto sei libri per la <strong>Pietro Macchione editore<\/strong>.<\/p>\n<p>Sposato con due figli, Luoni \u00a0abitava a\u00a0Gallarate.<\/p>\n<p>Era appassionato di canto: dal 2008 faceva parte del gruppo vocale &#8220;Antiqua Laus&#8221; diretto dal Maestro <strong>Alessandro Riganti<\/strong>, che si dedica al repertorio gregoriano e ambrosiano. Con tale gruppo ha partecipato alle incisioni discografiche e aveva scritto anche\u00a0libri sull&#8217;argomento, recuperando antichi antifonari.<\/p>\n<p>\u00abCon la scomparsa di Mauro Luoni viene a mancare un insostituibile bagaglio di conoscenza dell\u2019industria &#8211; ha commentato\u00a0<strong>Vittorio Gandini<\/strong>,\u00a0direttore dell&#8217;Unione degli Industriali della Provincia di Varese &#8211; Una penna autorevole che ha saputo raccontare con colta maestria le vicende industriali del Varesotto e del territorio in generale, anche grazie al prezioso lavoro svolto attraverso le pagine del magazine dell\u2019Unione Industriali, Varesefocus, di cui per tanti anni \u00e8 stato Direttore. \u00c8 giusto dunque che a lui vadano oggi non solo le nostre preghiere, ma anche un sentito grazie per la dedizione e l\u2019eleganza con cui si \u00e8 prodigato in questa preziosa opera di informazione e divulgazione, di cui ha tratto giovamento l\u2019intera comunit\u00e0 locale\u00bb.<\/p>\n<p><strong>I funerali si terranno alle 15 di marted\u00ec 26 aprile nella basilica Santa Maria Assunta a Gallarate<\/strong>.<br \/>\nE&#8217; previsto un rosario alle 19 di luned\u00ec 25 aprile, sempre presso la basilica.<\/p>\n<p>Il Direttore e tutta la redazione di Varesenews esprimono le condoglianze alla famiglia, ai tanti amici e ai colleghi che collaboravano con Mauro.<\/p>\n<p><a href=\"http:\/\/necrologie.varesenews.it\/annuncio-famiglia\/mauro-luoni\/\/\" target=\"_blank\"> <img loading=\"lazy\" decoding=\"async\" src=\"http:\/\/www.varesenews.it\/photogallery_new\/images\/2016\/02\/necrologie-513306.jpg\" alt=\"\" width=\"600\" height=\"60\" border=\"0\" \/><\/a><\/p>\n<p>&nbsp;<\/p>\n<p>&nbsp;<\/p>\n","protected":false},"excerpt":{"rendered":"<p>E&#8217; morto dopo lunga malattia il responsabile dell&#8217;area Comunicazione e Immagine dell&#8217;Unione Industriali di Varese<\/p>\n","protected":false},"author":48,"featured_media":0,"comment_status":"open","ping_status":"open","sticky":false,"template":"","format":"standard","meta":{"footnotes":""},"categories":[3,26,2],"tags":[588],"acf":[],"yoast_head":"<!-- This site is optimized with the Yoast SEO plugin v20.1 - https:\/\/yoast.com\/wordpress\/plugins\/seo\/ -->\n<title>Si \u00e8 spento Mauro Luoni<\/title>\n<meta name=\"description\" content=\"Si \u00e8 spento dopo un lunga malattia Mauro Luoni, capo da pi\u00f9 di un decennio della dell&#039;area Comunicazione e Immagine dell&#039;Unione Industriali di Varese\" \/>\n<meta name=\"robots\" content=\"noindex, follow, max-snippet:-1, max-image-preview:large, max-video-preview:-1\" \/>\n<meta property=\"og:locale\" content=\"it_IT\" \/>\n<meta property=\"og:type\" content=\"article\" \/>\n<meta property=\"og:title\" content=\"Si \u00e8 spento Mauro Luoni\" \/>\n<meta property=\"og:description\" content=\"Si \u00e8 spento dopo un lunga malattia Mauro Luoni, capo da pi\u00f9 di un decennio della dell&#039;area Comunicazione e Immagine dell&#039;Unione Industriali di Varese\" \/>\n<meta property=\"og:url\" content=\"https:\/\/staging.varesenews.it\/2016\/04\/si-e-spento-mauro-luoni\/511667\/\" \/>\n<meta property=\"og:site_name\" content=\"VareseNews\" \/>\n<meta property=\"article:publisher\" content=\"https:\/\/www.facebook.com\/varesenews\" \/>\n<meta property=\"article:author\" content=\"https:\/\/www.facebook.com\/stefaniaradman\" \/>\n<meta property=\"article:published_time\" content=\"2016-04-23T17:41:27+00:00\" \/>\n<meta property=\"article:modified_time\" content=\"2016-04-24T10:31:44+00:00\" \/>\n<meta property=\"og:image\" content=\"http:\/\/www.varesenews.it\/photogallery_new\/images\/2016\/02\/necrologie-513306.jpg\" \/>\n<meta name=\"author\" content=\"Stefania Radman\" \/>\n<meta name=\"twitter:card\" content=\"summary_large_image\" \/>\n<meta name=\"twitter:creator\" content=\"@LaRadman\" \/>\n<meta name=\"twitter:site\" content=\"@varesenews\" \/>\n<meta name=\"twitter:label1\" content=\"Scritto da\" \/>\n\t<meta name=\"twitter:data1\" content=\"Stefania Radman\" \/>\n\t<meta name=\"twitter:label2\" content=\"Tempo di lettura stimato\" \/>\n\t<meta name=\"twitter:data2\" content=\"1 minuto\" \/>\n<script type=\"application\/ld+json\" class=\"yoast-schema-graph\">{\"@context\":\"https:\/\/schema.org\",\"@graph\":[{\"@type\":\"WebPage\",\"@id\":\"https:\/\/staging.varesenews.it\/2016\/04\/si-e-spento-mauro-luoni\/511667\/\",\"url\":\"https:\/\/staging.varesenews.it\/2016\/04\/si-e-spento-mauro-luoni\/511667\/\",\"name\":\"Si \u00e8 spento Mauro Luoni\",\"isPartOf\":{\"@id\":\"https:\/\/staging.varesenews.it\/#website\"},\"datePublished\":\"2016-04-23T17:41:27+00:00\",\"dateModified\":\"2016-04-24T10:31:44+00:00\",\"author\":{\"@id\":\"https:\/\/staging.varesenews.it\/#\/schema\/person\/995d2e6a31c67237a9a1bc1f0079f3aa\"},\"description\":\"Si \u00e8 spento dopo un lunga malattia Mauro Luoni, capo da pi\u00f9 di un decennio della dell'area Comunicazione e Immagine dell'Unione Industriali di Varese\",\"breadcrumb\":{\"@id\":\"https:\/\/staging.varesenews.it\/2016\/04\/si-e-spento-mauro-luoni\/511667\/#breadcrumb\"},\"inLanguage\":\"it-IT\",\"potentialAction\":[{\"@type\":\"ReadAction\",\"target\":[\"https:\/\/staging.varesenews.it\/2016\/04\/si-e-spento-mauro-luoni\/511667\/\"]}]},{\"@type\":\"BreadcrumbList\",\"@id\":\"https:\/\/staging.varesenews.it\/2016\/04\/si-e-spento-mauro-luoni\/511667\/#breadcrumb\",\"itemListElement\":[{\"@type\":\"ListItem\",\"position\":1,\"name\":\"Home\",\"item\":\"https:\/\/www.varesenews.it\/\"},{\"@type\":\"ListItem\",\"position\":2,\"name\":\"Si \u00e8 spento Mauro Luoni\"}]},{\"@type\":\"WebSite\",\"@id\":\"https:\/\/staging.varesenews.it\/#website\",\"url\":\"https:\/\/staging.varesenews.it\/\",\"name\":\"VareseNews\",\"description\":\"\",\"potentialAction\":[{\"@type\":\"SearchAction\",\"target\":{\"@type\":\"EntryPoint\",\"urlTemplate\":\"https:\/\/staging.varesenews.it\/?s={search_term_string}\"},\"query-input\":\"required name=search_term_string\"}],\"inLanguage\":\"it-IT\"},{\"@type\":\"Person\",\"@id\":\"https:\/\/staging.varesenews.it\/#\/schema\/person\/995d2e6a31c67237a9a1bc1f0079f3aa\",\"name\":\"Stefania Radman\",\"image\":{\"@type\":\"ImageObject\",\"inLanguage\":\"it-IT\",\"@id\":\"https:\/\/staging.varesenews.it\/#\/schema\/person\/image\/\",\"url\":\"https:\/\/staging.varesenews.it\/wp-content\/uploads\/2020\/12\/stefania_radman_colori_500.jpg\",\"contentUrl\":\"https:\/\/staging.varesenews.it\/wp-content\/uploads\/2020\/12\/stefania_radman_colori_500.jpg\",\"caption\":\"Stefania Radman\"},\"description\":\"Varesina dal 1991, lavoro dal 2000 per Varesenews.it, prima come responsabile della pagina dell&rsquo;economia, poi della pagina life, ora della citt&agrave; di Varese.Ma sono (e sono stata) anche altro: per esempio, agli albori delle radio private ero dj in una radio milanese, Onda Radio. Da 20 anni sono corrispondente da Varese di Radio Popolare e ho collaborato con Espresso, Repubblica, Diario della Settimana, Italia Oggi. &ldquo;Smanettona&rdquo; da sempre, ho aperto il mio primo sito personale con Geocities nei primi anni novanta (chi se lo ricorda?) e i miei primi blog in Splinder all&rsquo;inizio del 2000. Ora sono sui social: qui quasi sempre sono semplicemente \\\"LaRadman&rdquo;.\",\"sameAs\":[\"http:\/\/laradman.blogspot.it\",\"https:\/\/www.facebook.com\/stefaniaradman\",\"@LaRadman\",\"https:\/\/www.linkedin.com\/in\/stefaniaradman\",\"https:\/\/twitter.com\/LaRadman\"],\"url\":\"https:\/\/staging.varesenews.it\/persona\/stefania-radman1\/\"}]}<\/script>\n<!-- \/ Yoast SEO plugin. -->","yoast_head_json":{"title":"Si \u00e8 spento Mauro Luoni","description":"Si \u00e8 spento dopo un lunga malattia Mauro Luoni, capo da pi\u00f9 di un decennio della dell'area Comunicazione e Immagine dell'Unione Industriali di Varese","robots":{"index":"noindex","follow":"follow","max-snippet":"max-snippet:-1","max-image-preview":"max-image-preview:large","max-video-preview":"max-video-preview:-1"},"og_locale":"it_IT","og_type":"article","og_title":"Si \u00e8 spento Mauro Luoni","og_description":"Si \u00e8 spento dopo un lunga malattia Mauro Luoni, capo da pi\u00f9 di un decennio della dell'area Comunicazione e Immagine dell'Unione Industriali di Varese","og_url":"https:\/\/staging.varesenews.it\/2016\/04\/si-e-spento-mauro-luoni\/511667\/","og_site_name":"VareseNews","article_publisher":"https:\/\/www.facebook.com\/varesenews","article_author":"https:\/\/www.facebook.com\/stefaniaradman","article_published_time":"2016-04-23T17:41:27+00:00","article_modified_time":"2016-04-24T10:31:44+00:00","og_image":[{"url":"http:\/\/www.varesenews.it\/photogallery_new\/images\/2016\/02\/necrologie-513306.jpg"}],"author":"Stefania Radman","twitter_card":"summary_large_image","twitter_creator":"@LaRadman","twitter_site":"@varesenews","twitter_misc":{"Scritto da":"Stefania Radman","Tempo di lettura stimato":"1 minuto"},"schema":{"@context":"https:\/\/schema.org","@graph":[{"@type":"WebPage","@id":"https:\/\/staging.varesenews.it\/2016\/04\/si-e-spento-mauro-luoni\/511667\/","url":"https:\/\/staging.varesenews.it\/2016\/04\/si-e-spento-mauro-luoni\/511667\/","name":"Si \u00e8 spento Mauro Luoni","isPartOf":{"@id":"https:\/\/staging.varesenews.it\/#website"},"datePublished":"2016-04-23T17:41:27+00:00","dateModified":"2016-04-24T10:31:44+00:00","author":{"@id":"https:\/\/staging.varesenews.it\/#\/schema\/person\/995d2e6a31c67237a9a1bc1f0079f3aa"},"description":"Si \u00e8 spento dopo un lunga malattia Mauro Luoni, capo da pi\u00f9 di un decennio della dell'area Comunicazione e Immagine dell'Unione Industriali di Varese","breadcrumb":{"@id":"https:\/\/staging.varesenews.it\/2016\/04\/si-e-spento-mauro-luoni\/511667\/#breadcrumb"},"inLanguage":"it-IT","potentialAction":[{"@type":"ReadAction","target":["https:\/\/staging.varesenews.it\/2016\/04\/si-e-spento-mauro-luoni\/511667\/"]}]},{"@type":"BreadcrumbList","@id":"https:\/\/staging.varesenews.it\/2016\/04\/si-e-spento-mauro-luoni\/511667\/#breadcrumb","itemListElement":[{"@type":"ListItem","position":1,"name":"Home","item":"https:\/\/www.varesenews.it\/"},{"@type":"ListItem","position":2,"name":"Si \u00e8 spento Mauro Luoni"}]},{"@type":"WebSite","@id":"https:\/\/staging.varesenews.it\/#website","url":"https:\/\/staging.varesenews.it\/","name":"VareseNews","description":"","potentialAction":[{"@type":"SearchAction","target":{"@type":"EntryPoint","urlTemplate":"https:\/\/staging.varesenews.it\/?s={search_term_string}"},"query-input":"required name=search_term_string"}],"inLanguage":"it-IT"},{"@type":"Person","@id":"https:\/\/staging.varesenews.it\/#\/schema\/person\/995d2e6a31c67237a9a1bc1f0079f3aa","name":"Stefania Radman","image":{"@type":"ImageObject","inLanguage":"it-IT","@id":"https:\/\/staging.varesenews.it\/#\/schema\/person\/image\/","url":"https:\/\/staging.varesenews.it\/wp-content\/uploads\/2020\/12\/stefania_radman_colori_500.jpg","contentUrl":"https:\/\/staging.varesenews.it\/wp-content\/uploads\/2020\/12\/stefania_radman_colori_500.jpg","caption":"Stefania Radman"},"description":"Varesina dal 1991, lavoro dal 2000 per Varesenews.it, prima come responsabile della pagina dell&rsquo;economia, poi della pagina life, ora della citt&agrave; di Varese.Ma sono (e sono stata) anche altro: per esempio, agli albori delle radio private ero dj in una radio milanese, Onda Radio. Da 20 anni sono corrispondente da Varese di Radio Popolare e ho collaborato con Espresso, Repubblica, Diario della Settimana, Italia Oggi. &ldquo;Smanettona&rdquo; da sempre, ho aperto il mio primo sito personale con Geocities nei primi anni novanta (chi se lo ricorda?) e i miei primi blog in Splinder all&rsquo;inizio del 2000. Ora sono sui social: qui quasi sempre sono semplicemente \"LaRadman&rdquo;.","sameAs":["http:\/\/laradman.blogspot.it","https:\/\/www.facebook.com\/stefaniaradman","@LaRadman","https:\/\/www.linkedin.com\/in\/stefaniaradman","https:\/\/twitter.com\/LaRadman"],"url":"https:\/\/staging.varesenews.it\/persona\/stefania-radman1\/"}]}},"post_meta":{"_edit_lock":"1461824472:48","_edit_last":"43","_category_permalink":"","wdfb_og_title":"","wdfb_og_type":"","wdfb_og_description":"","wdfb_og_images":"a:1:{i:0;s:0:\"\";}","wdfb_og_custom_name":"a:1:{i:0;s:0:\"\";}","wdfb_og_custom_value":"a:1:{i:0;s:0:\"\";}","foto":"225278","_yoast_wpseo_focuskw":"luoni","_jd_twitter":"","_jd_tweet_this":"yes","_yoast_wpseo_linkdex":"87","ratings_users":"0","ratings_score":"0","ratings_average":"0","argomento":"Gallarate","_yoast_wpseo_metadesc":"Si \u00e8 spento dopo un lunga malattia Mauro Luoni, capo da pi\u00f9 di un decennio della dell'area Comunicazione e Immagine dell'Unione Industriali di Varese","_wpt_short_url":"http:\/\/www.varesenews.it\/2016\/04\/si-e-spento-mauro-luoni\/511667\/","_wp_jd_target":"http:\/\/www.varesenews.it\/2016\/04\/si-e-spento-mauro-luoni\/511667\/","_jd_wp_twitter":"a:1:{i:0;s:96:\"Si \u00e8 spento Mauro Luoni http:\/\/www.varesenews.it\/2016\/04\/si-e-spento-mauro-luoni\/511667\/ #univa\";}","_wpt_status_message":"Tweet inviato con successo.","id_leggi_anche":"511680,511714,511952,512251,536395","firma_come_redazione":"1"},"photos":[{"original":"https:\/\/staging.varesenews.it\/photogallery_new\/images\/2011\/11\/antiqua-laus-canti-gregoriani-mauro-luoni-225278.jpg","full":"https:\/\/staging.varesenews.it\/photogallery_new\/images\/2011\/11\/antiqua-laus-canti-gregoriani-mauro-luoni-225278.1024x768.jpg","large":"https:\/\/staging.varesenews.it\/photogallery_new\/images\/2011\/11\/antiqua-laus-canti-gregoriani-mauro-luoni-225278.610x431.jpg"}],"_links":{"self":[{"href":"https:\/\/staging.varesenews.it\/swgapi\/v1\/wp\/v2\/posts\/511667"}],"collection":[{"href":"https:\/\/staging.varesenews.it\/swgapi\/v1\/wp\/v2\/posts"}],"about":[{"href":"https:\/\/staging.varesenews.it\/swgapi\/v1\/wp\/v2\/types\/post"}],"author":[{"embeddable":true,"href":"https:\/\/staging.varesenews.it\/swgapi\/v1\/wp\/v2\/users\/48"}],"replies":[{"embeddable":true,"href":"https:\/\/staging.varesenews.it\/swgapi\/v1\/wp\/v2\/comments?post=511667"}],"version-history":[{"count":0,"href":"https:\/\/staging.varesenews.it\/swgapi\/v1\/wp\/v2\/posts\/511667\/revisions"}],"wp:attachment":[{"href":"https:\/\/staging.varesenews.it\/swgapi\/v1\/wp\/v2\/media?parent=511667"}],"wp:term":[{"taxonomy":"category","embeddable":true,"href":"https:\/\/staging.varesenews.it\/swgapi\/v1\/wp\/v2\/categories?post=511667"},{"taxonomy":"post_tag","embeddable":true,"href":"https:\/\/staging.varesenews.it\/swgapi\/v1\/wp\/v2\/tags?post=511667"}],"curies":[{"name":"wp","href":"https:\/\/api.w.org\/{rel}","templated":true}]}}