{"id":512227,"date":"2016-04-26T16:28:08","date_gmt":"2016-04-26T14:28:08","guid":{"rendered":"http:\/\/www.varesenews.it\/?p=512227"},"modified":"2016-04-26T16:28:08","modified_gmt":"2016-04-26T14:28:08","slug":"invasione-straniera-non-diciamo-sciocchezze","status":"publish","type":"post","link":"https:\/\/staging.varesenews.it\/2016\/04\/invasione-straniera-non-diciamo-sciocchezze\/512227\/","title":{"rendered":"&#8220;Invasione straniera? Non diciamo sciocchezze&#8221;"},"content":{"rendered":"<p>Italiana, Albanese, Islandese, Ucraina, Russa, Bosniaca, Moldova, Bielorussa, Repubblica del Bangladesh, Cinese, Filippina, Indiana, Pakistana, Siriana, Turca, Ivoriana, Burkina Faso, Ghanese, Marocchina, Sudafricana, Tunisina, Canadese, Salvadoregna, Brasiliana, Ecuadoriana, Peruviana, Australiana, Austriaca, Belga, Bulgara, Danese, Francese, Tedesca, Britannica, Olandese, Polacca, Portoghese, Rumena, Spagnola, Svedese, Ungherese, Croata.<\/p>\n<p>\u00c8 un lungo elenco quello che il sindaco Silvio Aimetti ha pubblicato sul suo profilo Facebook. Una lista di nazionalit\u00e0 e Paesi di provenienza degli stranieri residenti a Comerio. Quarantuno nazionalit\u00e0 diverse che popolano il paese alle porte di Gavirate. Non \u00e8 impazzito il primo cittadino comeriese, ha pubblicato il sopracitato elenco per attaccare chi parla di \u00abinvasione o sciocchezze simili\u00bb riferite al progetto profughi che ha portato a Comerio 7 stranieri richiedenti asilo.<\/p>\n<p>\u00abOggi ho verificato le diverse\u00a0 nazionalit\u00e0 presenti a Comerio, quelle straniere sono 41 per un totale di circa 300 persone (pi\u00f9 del 10 % del totale). Le persone ospitate nell&#8217;ambito del progetto &#8220;emergenza profughi&#8221; sono 7, e poi qualcuno parla di invasione o sciocchezze simili. Ma dove vivono ? Siamo ricchi di culture ed esperienze diverse che possono farci crescere e migliorare\u00bb.<\/p>\n","protected":false},"excerpt":{"rendered":"<p>Il sindaco Silvio Aimetti elenca le 41 nazionalit\u00e0 presenti sul territorio comunale e bolla come sciocchezze quelle accampate da chi attacca il Comune per i 7 richiedenti asilo ospitati a Comerio<\/p>\n","protected":false},"author":39,"featured_media":0,"comment_status":"open","ping_status":"open","sticky":false,"template":"","format":"standard","meta":{"footnotes":""},"categories":[2],"tags":[5556],"acf":[],"yoast_head":"<!-- This site is optimized with the Yoast SEO plugin v20.1 - https:\/\/yoast.com\/wordpress\/plugins\/seo\/ -->\n<title>&quot;Invasione straniera? Non diciamo sciocchezze&quot;<\/title>\n<meta name=\"description\" content=\"Il sindaco Silvio Aimetti elenca le 41 nazionalit\u00e0 presenti sul territorio comunale e bolla come sciocchezze quelle accampate da chi attacca il Comune per i 7 richiedenti asilo ospitati a Comerio\" \/>\n<meta name=\"robots\" content=\"noindex, follow, max-snippet:-1, max-image-preview:large, max-video-preview:-1\" \/>\n<meta property=\"og:locale\" content=\"it_IT\" \/>\n<meta property=\"og:type\" content=\"article\" \/>\n<meta property=\"og:title\" content=\"&quot;Invasione straniera? Non diciamo sciocchezze&quot;\" \/>\n<meta property=\"og:description\" content=\"Il sindaco Silvio Aimetti elenca le 41 nazionalit\u00e0 presenti sul territorio comunale e bolla come sciocchezze quelle accampate da chi attacca il Comune per i 7 richiedenti asilo ospitati a Comerio\" \/>\n<meta property=\"og:url\" content=\"https:\/\/staging.varesenews.it\/2016\/04\/invasione-straniera-non-diciamo-sciocchezze\/512227\/\" \/>\n<meta property=\"og:site_name\" content=\"VareseNews\" \/>\n<meta property=\"article:publisher\" content=\"https:\/\/www.facebook.com\/varesenews\" \/>\n<meta property=\"article:author\" content=\"https:\/\/www.facebook.com\/tommaso.guidotti.7\" \/>\n<meta property=\"article:published_time\" content=\"2016-04-26T14:28:08+00:00\" \/>\n<meta name=\"author\" content=\"Tommaso Guidotti\" \/>\n<meta name=\"twitter:card\" content=\"summary_large_image\" \/>\n<meta name=\"twitter:creator\" content=\"@tomguidoz\" \/>\n<meta name=\"twitter:site\" content=\"@varesenews\" \/>\n<meta name=\"twitter:label1\" content=\"Scritto da\" \/>\n\t<meta name=\"twitter:data1\" content=\"Tommaso Guidotti\" \/>\n\t<meta name=\"twitter:label2\" content=\"Tempo di lettura stimato\" \/>\n\t<meta name=\"twitter:data2\" content=\"1 minuto\" \/>\n<script type=\"application\/ld+json\" class=\"yoast-schema-graph\">{\"@context\":\"https:\/\/schema.org\",\"@graph\":[{\"@type\":\"WebPage\",\"@id\":\"https:\/\/staging.varesenews.it\/2016\/04\/invasione-straniera-non-diciamo-sciocchezze\/512227\/\",\"url\":\"https:\/\/staging.varesenews.it\/2016\/04\/invasione-straniera-non-diciamo-sciocchezze\/512227\/\",\"name\":\"\\\"Invasione straniera? Non diciamo sciocchezze\\\"\",\"isPartOf\":{\"@id\":\"https:\/\/staging.varesenews.it\/#website\"},\"datePublished\":\"2016-04-26T14:28:08+00:00\",\"dateModified\":\"2016-04-26T14:28:08+00:00\",\"author\":{\"@id\":\"https:\/\/staging.varesenews.it\/#\/schema\/person\/5ae9c65889c40fea73a6c40733b93f8a\"},\"description\":\"Il sindaco Silvio Aimetti elenca le 41 nazionalit\u00e0 presenti sul territorio comunale e bolla come sciocchezze quelle accampate da chi attacca il Comune per i 7 richiedenti asilo ospitati a Comerio\",\"breadcrumb\":{\"@id\":\"https:\/\/staging.varesenews.it\/2016\/04\/invasione-straniera-non-diciamo-sciocchezze\/512227\/#breadcrumb\"},\"inLanguage\":\"it-IT\",\"potentialAction\":[{\"@type\":\"ReadAction\",\"target\":[\"https:\/\/staging.varesenews.it\/2016\/04\/invasione-straniera-non-diciamo-sciocchezze\/512227\/\"]}]},{\"@type\":\"BreadcrumbList\",\"@id\":\"https:\/\/staging.varesenews.it\/2016\/04\/invasione-straniera-non-diciamo-sciocchezze\/512227\/#breadcrumb\",\"itemListElement\":[{\"@type\":\"ListItem\",\"position\":1,\"name\":\"Home\",\"item\":\"https:\/\/www.varesenews.it\/\"},{\"@type\":\"ListItem\",\"position\":2,\"name\":\"&#8220;Invasione straniera? Non diciamo sciocchezze&#8221;\"}]},{\"@type\":\"WebSite\",\"@id\":\"https:\/\/staging.varesenews.it\/#website\",\"url\":\"https:\/\/staging.varesenews.it\/\",\"name\":\"VareseNews\",\"description\":\"\",\"potentialAction\":[{\"@type\":\"SearchAction\",\"target\":{\"@type\":\"EntryPoint\",\"urlTemplate\":\"https:\/\/staging.varesenews.it\/?s={search_term_string}\"},\"query-input\":\"required name=search_term_string\"}],\"inLanguage\":\"it-IT\"},{\"@type\":\"Person\",\"@id\":\"https:\/\/staging.varesenews.it\/#\/schema\/person\/5ae9c65889c40fea73a6c40733b93f8a\",\"name\":\"Tommaso Guidotti\",\"image\":{\"@type\":\"ImageObject\",\"inLanguage\":\"it-IT\",\"@id\":\"https:\/\/staging.varesenews.it\/#\/schema\/person\/image\/\",\"url\":\"https:\/\/staging.varesenews.it\/wp-content\/uploads\/2020\/12\/tommaso_guidotti_colori_500.jpg\",\"contentUrl\":\"https:\/\/staging.varesenews.it\/wp-content\/uploads\/2020\/12\/tommaso_guidotti_colori_500.jpg\",\"caption\":\"Tommaso Guidotti\"},\"description\":\"Nato a Milano e trasferito nel Varesotto in tenera et&agrave;, sposato con Chiara dal 2012 e padre di due figli, Lorenzo e Alice. Sono laureato in Scienze Politiche e ho nel mio bagaglio lontani studi classici al Liceo Cairoli di Varese. Amo leggere, le serie tv, i viaggi e mi piace sperimentare e conoscere. La passione pi&ugrave; grande? Il calcio, giocato, simulato e guardato: occupo parte del mio tempo libero con quella che &egrave; pi&ugrave; di una squadra di calcio, i Bidone, una vera e propria seconda famiglia con cui ho portato avanti tanti progetti sportivi e benefici. Faccio parte dal 2004 della squadra di VareseNews e sono giornalista professionista dal 2009: per dieci anni ho ricoperto il ruolo di caporedattore. Dal 2019 coordino insieme ad una redazione di giovani collaboratori il nuovo progetto del gruppo nella zona del Saronnese, il giornale SaronnoNews, spin-off di VareseNews, restando comunque radicato al territorio di Casciago, paese che mi ha adottato e che amo moltissimo come il lago di Varese e Cazzago Brabbia, il paese dove ho vissuto da giovane.\",\"sameAs\":[\"https:\/\/www.facebook.com\/tommaso.guidotti.7\",\"tomguidoz80\",\"https:\/\/www.linkedin.com\/profile\/view?id=36891883&authType=name&authToken=9pNm&locale=en_US&goback=npv_36891883_*1_*1_name_9pNm_*1_*1_*1_*1_*1_*1_*1_*1_*1_*1_*1_*1_*1_*1_*1_*1_*1_*1_*1_*1_*1_*1_*1_*1_*1_*1_*1_*1_*1_*1_*1_*1_*1\",\"https:\/\/twitter.com\/tomguidoz\"],\"url\":\"https:\/\/staging.varesenews.it\/persona\/tommaso_guidotti\/\"}]}<\/script>\n<!-- \/ Yoast SEO plugin. -->","yoast_head_json":{"title":"\"Invasione straniera? Non diciamo sciocchezze\"","description":"Il sindaco Silvio Aimetti elenca le 41 nazionalit\u00e0 presenti sul territorio comunale e bolla come sciocchezze quelle accampate da chi attacca il Comune per i 7 richiedenti asilo ospitati a Comerio","robots":{"index":"noindex","follow":"follow","max-snippet":"max-snippet:-1","max-image-preview":"max-image-preview:large","max-video-preview":"max-video-preview:-1"},"og_locale":"it_IT","og_type":"article","og_title":"\"Invasione straniera? Non diciamo sciocchezze\"","og_description":"Il sindaco Silvio Aimetti elenca le 41 nazionalit\u00e0 presenti sul territorio comunale e bolla come sciocchezze quelle accampate da chi attacca il Comune per i 7 richiedenti asilo ospitati a Comerio","og_url":"https:\/\/staging.varesenews.it\/2016\/04\/invasione-straniera-non-diciamo-sciocchezze\/512227\/","og_site_name":"VareseNews","article_publisher":"https:\/\/www.facebook.com\/varesenews","article_author":"https:\/\/www.facebook.com\/tommaso.guidotti.7","article_published_time":"2016-04-26T14:28:08+00:00","author":"Tommaso Guidotti","twitter_card":"summary_large_image","twitter_creator":"@tomguidoz","twitter_site":"@varesenews","twitter_misc":{"Scritto da":"Tommaso Guidotti","Tempo di lettura stimato":"1 minuto"},"schema":{"@context":"https:\/\/schema.org","@graph":[{"@type":"WebPage","@id":"https:\/\/staging.varesenews.it\/2016\/04\/invasione-straniera-non-diciamo-sciocchezze\/512227\/","url":"https:\/\/staging.varesenews.it\/2016\/04\/invasione-straniera-non-diciamo-sciocchezze\/512227\/","name":"\"Invasione straniera? Non diciamo sciocchezze\"","isPartOf":{"@id":"https:\/\/staging.varesenews.it\/#website"},"datePublished":"2016-04-26T14:28:08+00:00","dateModified":"2016-04-26T14:28:08+00:00","author":{"@id":"https:\/\/staging.varesenews.it\/#\/schema\/person\/5ae9c65889c40fea73a6c40733b93f8a"},"description":"Il sindaco Silvio Aimetti elenca le 41 nazionalit\u00e0 presenti sul territorio comunale e bolla come sciocchezze quelle accampate da chi attacca il Comune per i 7 richiedenti asilo ospitati a Comerio","breadcrumb":{"@id":"https:\/\/staging.varesenews.it\/2016\/04\/invasione-straniera-non-diciamo-sciocchezze\/512227\/#breadcrumb"},"inLanguage":"it-IT","potentialAction":[{"@type":"ReadAction","target":["https:\/\/staging.varesenews.it\/2016\/04\/invasione-straniera-non-diciamo-sciocchezze\/512227\/"]}]},{"@type":"BreadcrumbList","@id":"https:\/\/staging.varesenews.it\/2016\/04\/invasione-straniera-non-diciamo-sciocchezze\/512227\/#breadcrumb","itemListElement":[{"@type":"ListItem","position":1,"name":"Home","item":"https:\/\/www.varesenews.it\/"},{"@type":"ListItem","position":2,"name":"&#8220;Invasione straniera? Non diciamo sciocchezze&#8221;"}]},{"@type":"WebSite","@id":"https:\/\/staging.varesenews.it\/#website","url":"https:\/\/staging.varesenews.it\/","name":"VareseNews","description":"","potentialAction":[{"@type":"SearchAction","target":{"@type":"EntryPoint","urlTemplate":"https:\/\/staging.varesenews.it\/?s={search_term_string}"},"query-input":"required name=search_term_string"}],"inLanguage":"it-IT"},{"@type":"Person","@id":"https:\/\/staging.varesenews.it\/#\/schema\/person\/5ae9c65889c40fea73a6c40733b93f8a","name":"Tommaso Guidotti","image":{"@type":"ImageObject","inLanguage":"it-IT","@id":"https:\/\/staging.varesenews.it\/#\/schema\/person\/image\/","url":"https:\/\/staging.varesenews.it\/wp-content\/uploads\/2020\/12\/tommaso_guidotti_colori_500.jpg","contentUrl":"https:\/\/staging.varesenews.it\/wp-content\/uploads\/2020\/12\/tommaso_guidotti_colori_500.jpg","caption":"Tommaso Guidotti"},"description":"Nato a Milano e trasferito nel Varesotto in tenera et&agrave;, sposato con Chiara dal 2012 e padre di due figli, Lorenzo e Alice. Sono laureato in Scienze Politiche e ho nel mio bagaglio lontani studi classici al Liceo Cairoli di Varese. Amo leggere, le serie tv, i viaggi e mi piace sperimentare e conoscere. La passione pi&ugrave; grande? Il calcio, giocato, simulato e guardato: occupo parte del mio tempo libero con quella che &egrave; pi&ugrave; di una squadra di calcio, i Bidone, una vera e propria seconda famiglia con cui ho portato avanti tanti progetti sportivi e benefici. Faccio parte dal 2004 della squadra di VareseNews e sono giornalista professionista dal 2009: per dieci anni ho ricoperto il ruolo di caporedattore. Dal 2019 coordino insieme ad una redazione di giovani collaboratori il nuovo progetto del gruppo nella zona del Saronnese, il giornale SaronnoNews, spin-off di VareseNews, restando comunque radicato al territorio di Casciago, paese che mi ha adottato e che amo moltissimo come il lago di Varese e Cazzago Brabbia, il paese dove ho vissuto da giovane.","sameAs":["https:\/\/www.facebook.com\/tommaso.guidotti.7","tomguidoz80","https:\/\/www.linkedin.com\/profile\/view?id=36891883&authType=name&authToken=9pNm&locale=en_US&goback=npv_36891883_*1_*1_name_9pNm_*1_*1_*1_*1_*1_*1_*1_*1_*1_*1_*1_*1_*1_*1_*1_*1_*1_*1_*1_*1_*1_*1_*1_*1_*1_*1_*1_*1_*1_*1_*1_*1_*1","https:\/\/twitter.com\/tomguidoz"],"url":"https:\/\/staging.varesenews.it\/persona\/tommaso_guidotti\/"}]}},"post_meta":{"_edit_lock":"1461686465:39","_edit_last":"39","ratings_users":"0","ratings_score":"0","ratings_average":"0","_category_permalink":"","wdfb_og_title":"","wdfb_og_type":"","wdfb_og_description":"","wdfb_og_images":"a:1:{i:0;s:0:\"\";}","wdfb_og_custom_name":"a:1:{i:0;s:0:\"\";}","wdfb_og_custom_value":"a:1:{i:0;s:0:\"\";}","foto":"484277","firma_come_redazione":"1","argomento":"Comerio","_jd_twitter":"","_jd_tweet_this":"yes","_wpt_short_url":"http:\/\/www.varesenews.it\/2016\/04\/invasione-straniera-non-diciamo-sciocchezze\/512227\/","_wp_jd_target":"http:\/\/www.varesenews.it\/2016\/04\/invasione-straniera-non-diciamo-sciocchezze\/512227\/","_jd_wp_twitter":"a:1:{i:0;s:132:\"\"Invasione straniera? Non diciamo sciocchezze\" http:\/\/www.varesenews.it\/2016\/04\/invasione-straniera-non-diciamo-sciocchezze\/512227\/ \";}","_wpt_status_message":"Tweet inviato con successo."},"photos":[{"original":"https:\/\/staging.varesenews.it\/photogallery_new\/images\/2015\/09\/141tour-484277.jpg","full":"https:\/\/staging.varesenews.it\/photogallery_new\/images\/2015\/09\/141tour-484277.1024x768.jpg","large":"https:\/\/staging.varesenews.it\/photogallery_new\/images\/2015\/09\/141tour-484277.610x431.jpg"}],"_links":{"self":[{"href":"https:\/\/staging.varesenews.it\/swgapi\/v1\/wp\/v2\/posts\/512227"}],"collection":[{"href":"https:\/\/staging.varesenews.it\/swgapi\/v1\/wp\/v2\/posts"}],"about":[{"href":"https:\/\/staging.varesenews.it\/swgapi\/v1\/wp\/v2\/types\/post"}],"author":[{"embeddable":true,"href":"https:\/\/staging.varesenews.it\/swgapi\/v1\/wp\/v2\/users\/39"}],"replies":[{"embeddable":true,"href":"https:\/\/staging.varesenews.it\/swgapi\/v1\/wp\/v2\/comments?post=512227"}],"version-history":[{"count":0,"href":"https:\/\/staging.varesenews.it\/swgapi\/v1\/wp\/v2\/posts\/512227\/revisions"}],"wp:attachment":[{"href":"https:\/\/staging.varesenews.it\/swgapi\/v1\/wp\/v2\/media?parent=512227"}],"wp:term":[{"taxonomy":"category","embeddable":true,"href":"https:\/\/staging.varesenews.it\/swgapi\/v1\/wp\/v2\/categories?post=512227"},{"taxonomy":"post_tag","embeddable":true,"href":"https:\/\/staging.varesenews.it\/swgapi\/v1\/wp\/v2\/tags?post=512227"}],"curies":[{"name":"wp","href":"https:\/\/api.w.org\/{rel}","templated":true}]}}