{"id":512280,"date":"2016-04-26T19:16:50","date_gmt":"2016-04-26T17:16:50","guid":{"rendered":"http:\/\/www.varesenews.it\/?p=512280"},"modified":"2016-04-26T23:14:02","modified_gmt":"2016-04-26T21:14:02","slug":"cosi-e-se-mi-piace-il-passaggio-dalla-carte-al-digitale","status":"publish","type":"post","link":"https:\/\/staging.varesenews.it\/2016\/04\/cosi-e-se-mi-piace-il-passaggio-dalla-carte-al-digitale\/512280\/","title":{"rendered":"&#8220;Cos\u00ec \u00e8 se mi piace&#8221;, il passaggio dalla carta al digitale"},"content":{"rendered":"<p><strong>Giovedi 28 aprile a<\/strong>lle ore 18, presso la<strong> Biblioteca Civica di Varese<\/strong> si terr\u00e0 la presentazione del libro di <strong>Santi Moschella<\/strong>\u00a0(nella foto)\u00a0<strong>\u201cCos\u00ec \u00e8 se mi piace\u201d<\/strong>\u00a0(TraccePerLameta edizioni<strong>)<\/strong>. Il protagonista del romanzo <strong>Primo<\/strong>, in contrapposizione con <strong>Secondo<\/strong>, mostra il suo amore infinito verso il libro cartaceo.<\/p>\n<p>A questo proposito Michele Mancino giornalista di <strong>Varesenews<\/strong> ha cos\u00ec commentato: \u00abResistere al cambiamento pu\u00f2 apparire come atto inutile e al tempo stesso eroico. La volont\u00e0 di cambiare come doveroso e romantico. In ogni transizione storica entrambi sono indispensabili per non perdere il senso dell\u2019esistenza, di ci\u00f2 che \u00e8 stato, e procedere verso il nuovo senza rimorsi. Anche il passaggio dalla carta al digitale ha generato queste due anime che vanno in direzione ostinata e contraria con il loro carico di aspettative e preoccupazioni, speranze e delusioni. La transizione \u00e8 ormai quasi compiuta e l&#8217;autore prova a fare un ultimo tentativo per riunire queste due anime usando una formula tipica dei nuovi tempi, la chat, nell&#8217;intima speranza che accettare la trasformazione sia l&#8217;unico antidoto contro l&#8217;oblio\u00bb.<\/p>\n<p><strong>Anna Maria Folchini Stabile<\/strong>, presidente dell&#8217;<strong>Associazione Culturale TracceperLaMeta ha dichiarato<\/strong>: \u00abDavanti al nuovo che avanza costituito dall&#8217;oceano digitale, delle condivisioni, dei mi piace, del copia\/incolla, noi, \u201cdi prima\u201d, cosa pensiamo e come possiamo difendere, l&#8217;ultimo baluardo di ci\u00f2 che siamo dall&#8217;attacco dei villeggianti globali della cultura in tanga e crema abbronzante che pensano di sapere e non si riconoscono in alcuna tradizione e sapienza? Probabilmente \u00e8 troppo tardi, anche per <strong>Santi Moschella<\/strong> che con i suoi libri ci aveva invitato a coltivare la speranza. Ecco, quindi, il senso di questo viaggio che dura una sola sera, onirico e discendente, incalzato dallo scorrere del tempo, verso il fondo di una nuova &#8220;citt\u00e0 del foco\u201d .Tra le <strong>&#8220;tragedie&#8221;, citate e simboleggiate dal rimpianto per la perdita<\/strong> della grande <strong>biblioteca di Alessandria<\/strong> che custodiva il sapere delle origini, e dalla constatazione del delirio collettivo che sta distruggendo la &#8220;biblioteca&#8217;&#8221; delle conoscenze nuovamente recuperate e custodite dalla cultura diffusa, ma ormai svilita, si staglia la farsa di ci\u00f2 che in realt\u00e0 siamo, e del momento in cui viviamo. Il libro e il sapere sono il vero patrimonio mondiale dell&#8217;umanit\u00e0, perch\u00e9 conservano e tramandano l&#8217;uomo e la sua cultura.<\/p>\n<p>Interverranno all&#8217;evento <strong>Michele Mancino ed Enzo Boschetto<\/strong>. La presentazione del libro si svolge in collaborazione con <strong>Ermanno Morosi, Pina De Maria, Alessandra Leonardi, Elio Totaro e Antonella Visconti.<\/strong><\/p>\n","protected":false},"excerpt":{"rendered":"<p>Giovedi 28 aprile alle ore 18 alla Biblioteca Civica di Varese, si terr\u00e0 la presentazione del libro di Santi Moschella \u201cCos\u00ec \u00e8 se mi piace\u201d (TraccePerLameta edizioni)<\/p>\n","protected":false},"author":45,"featured_media":0,"comment_status":"open","ping_status":"open","sticky":false,"template":"","format":"standard","meta":{"footnotes":""},"categories":[18,2],"tags":[19792,767],"acf":[],"yoast_head":"<!-- This site is optimized with the Yoast SEO plugin v20.1 - https:\/\/yoast.com\/wordpress\/plugins\/seo\/ -->\n<title>&quot;Cos\u00ec \u00e8 se mi piace&quot;, il passaggio dalla carta al digitale<\/title>\n<meta name=\"description\" content=\"Giovedi 28 aprile alle ore 18 alla Biblioteca Civica di Varese, si terr\u00e0 la presentazione del libro di Santi Moschella \u201cCos\u00ec \u00e8 se mi piace\u201d (TraccePerLameta edizioni)\" \/>\n<meta name=\"robots\" content=\"noindex, follow, max-snippet:-1, max-image-preview:large, max-video-preview:-1\" \/>\n<meta property=\"og:locale\" content=\"it_IT\" \/>\n<meta property=\"og:type\" content=\"article\" \/>\n<meta property=\"og:title\" content=\"&quot;Cos\u00ec \u00e8 se mi piace&quot;, il passaggio dalla carta al digitale\" \/>\n<meta property=\"og:description\" content=\"Giovedi 28 aprile alle ore 18 alla Biblioteca Civica di Varese, si terr\u00e0 la presentazione del libro di Santi Moschella \u201cCos\u00ec \u00e8 se mi piace\u201d (TraccePerLameta edizioni)\" \/>\n<meta property=\"og:url\" content=\"https:\/\/staging.varesenews.it\/2016\/04\/cosi-e-se-mi-piace-il-passaggio-dalla-carte-al-digitale\/512280\/\" \/>\n<meta property=\"og:site_name\" content=\"VareseNews\" \/>\n<meta property=\"article:publisher\" content=\"https:\/\/www.facebook.com\/varesenews\" \/>\n<meta property=\"article:author\" content=\"https:\/\/www.facebook.com\/michele.mancino.5\" \/>\n<meta property=\"article:published_time\" content=\"2016-04-26T17:16:50+00:00\" \/>\n<meta property=\"article:modified_time\" content=\"2016-04-26T21:14:02+00:00\" \/>\n<meta name=\"author\" content=\"Michele Mancino\" \/>\n<meta name=\"twitter:card\" content=\"summary_large_image\" \/>\n<meta name=\"twitter:creator\" content=\"@micmancio\" \/>\n<meta name=\"twitter:site\" content=\"@varesenews\" \/>\n<meta name=\"twitter:label1\" content=\"Scritto da\" \/>\n\t<meta name=\"twitter:data1\" content=\"Michele Mancino\" \/>\n\t<meta name=\"twitter:label2\" content=\"Tempo di lettura stimato\" \/>\n\t<meta name=\"twitter:data2\" content=\"2 minuti\" \/>\n<script type=\"application\/ld+json\" class=\"yoast-schema-graph\">{\"@context\":\"https:\/\/schema.org\",\"@graph\":[{\"@type\":\"WebPage\",\"@id\":\"https:\/\/staging.varesenews.it\/2016\/04\/cosi-e-se-mi-piace-il-passaggio-dalla-carte-al-digitale\/512280\/\",\"url\":\"https:\/\/staging.varesenews.it\/2016\/04\/cosi-e-se-mi-piace-il-passaggio-dalla-carte-al-digitale\/512280\/\",\"name\":\"\\\"Cos\u00ec \u00e8 se mi piace\\\", il passaggio dalla carta al digitale\",\"isPartOf\":{\"@id\":\"https:\/\/staging.varesenews.it\/#website\"},\"datePublished\":\"2016-04-26T17:16:50+00:00\",\"dateModified\":\"2016-04-26T21:14:02+00:00\",\"author\":{\"@id\":\"https:\/\/staging.varesenews.it\/#\/schema\/person\/308b491d3cb680ead199e5ff6c6ce540\"},\"description\":\"Giovedi 28 aprile alle ore 18 alla Biblioteca Civica di Varese, si terr\u00e0 la presentazione del libro di Santi Moschella \u201cCos\u00ec \u00e8 se mi piace\u201d (TraccePerLameta edizioni)\",\"breadcrumb\":{\"@id\":\"https:\/\/staging.varesenews.it\/2016\/04\/cosi-e-se-mi-piace-il-passaggio-dalla-carte-al-digitale\/512280\/#breadcrumb\"},\"inLanguage\":\"it-IT\",\"potentialAction\":[{\"@type\":\"ReadAction\",\"target\":[\"https:\/\/staging.varesenews.it\/2016\/04\/cosi-e-se-mi-piace-il-passaggio-dalla-carte-al-digitale\/512280\/\"]}]},{\"@type\":\"BreadcrumbList\",\"@id\":\"https:\/\/staging.varesenews.it\/2016\/04\/cosi-e-se-mi-piace-il-passaggio-dalla-carte-al-digitale\/512280\/#breadcrumb\",\"itemListElement\":[{\"@type\":\"ListItem\",\"position\":1,\"name\":\"Home\",\"item\":\"https:\/\/www.varesenews.it\/\"},{\"@type\":\"ListItem\",\"position\":2,\"name\":\"&#8220;Cos\u00ec \u00e8 se mi piace&#8221;, il passaggio dalla carta al digitale\"}]},{\"@type\":\"WebSite\",\"@id\":\"https:\/\/staging.varesenews.it\/#website\",\"url\":\"https:\/\/staging.varesenews.it\/\",\"name\":\"VareseNews\",\"description\":\"\",\"potentialAction\":[{\"@type\":\"SearchAction\",\"target\":{\"@type\":\"EntryPoint\",\"urlTemplate\":\"https:\/\/staging.varesenews.it\/?s={search_term_string}\"},\"query-input\":\"required name=search_term_string\"}],\"inLanguage\":\"it-IT\"},{\"@type\":\"Person\",\"@id\":\"https:\/\/staging.varesenews.it\/#\/schema\/person\/308b491d3cb680ead199e5ff6c6ce540\",\"name\":\"Michele Mancino\",\"image\":{\"@type\":\"ImageObject\",\"inLanguage\":\"it-IT\",\"@id\":\"https:\/\/staging.varesenews.it\/#\/schema\/person\/image\/\",\"url\":\"https:\/\/staging.varesenews.it\/wp-content\/uploads\/2020\/12\/michele_mancino_colori_500.jpg\",\"contentUrl\":\"https:\/\/staging.varesenews.it\/wp-content\/uploads\/2020\/12\/michele_mancino_colori_500.jpg\",\"caption\":\"Michele Mancino\"},\"description\":\"Sono a VareseNews da prima che nascesse. Ho inserito le prime notizie in una stringa di codice html, la lingua di internet. Aprivo i computer, cambiavo schede di rete e portavo i server dal provider. A met&agrave; degli anni &rsquo;90 il giornalista online doveva saper fare anche questo. Ho vissuto gli anni drammatici della bolla speculativa di Internet e quelli entusiastici della crescita, anni in cui VareseNews era un Davide in mezzo a tanti Golia. Poi sono arrivati i social, le nuove piattaforme e soprattutto gli smartphone, una postazione di lavoro racchiusa in una mano. Una nuova rivoluzione. Insomma, &egrave; stata, ed &egrave; ancora, un&rsquo;avventura entusiasmante perch&eacute; mi insegna giorno dopo giorno che il cambiamento &egrave; l&rsquo;unica certezza di questa fragile esistenza.\",\"sameAs\":[\"https:\/\/www.facebook.com\/michele.mancino.5\",\"micmancio\",\"Aggiorna le impostazioni del tuo profilo pubblicoit.linkedin.com\/pub\/michele-mancino\/28\/b71\/890\/it\",\"https:\/\/twitter.com\/micmancio\"],\"url\":\"https:\/\/staging.varesenews.it\/persona\/michele_mancino\/\"}]}<\/script>\n<!-- \/ Yoast SEO plugin. -->","yoast_head_json":{"title":"\"Cos\u00ec \u00e8 se mi piace\", il passaggio dalla carta al digitale","description":"Giovedi 28 aprile alle ore 18 alla Biblioteca Civica di Varese, si terr\u00e0 la presentazione del libro di Santi Moschella \u201cCos\u00ec \u00e8 se mi piace\u201d (TraccePerLameta edizioni)","robots":{"index":"noindex","follow":"follow","max-snippet":"max-snippet:-1","max-image-preview":"max-image-preview:large","max-video-preview":"max-video-preview:-1"},"og_locale":"it_IT","og_type":"article","og_title":"\"Cos\u00ec \u00e8 se mi piace\", il passaggio dalla carta al digitale","og_description":"Giovedi 28 aprile alle ore 18 alla Biblioteca Civica di Varese, si terr\u00e0 la presentazione del libro di Santi Moschella \u201cCos\u00ec \u00e8 se mi piace\u201d (TraccePerLameta edizioni)","og_url":"https:\/\/staging.varesenews.it\/2016\/04\/cosi-e-se-mi-piace-il-passaggio-dalla-carte-al-digitale\/512280\/","og_site_name":"VareseNews","article_publisher":"https:\/\/www.facebook.com\/varesenews","article_author":"https:\/\/www.facebook.com\/michele.mancino.5","article_published_time":"2016-04-26T17:16:50+00:00","article_modified_time":"2016-04-26T21:14:02+00:00","author":"Michele Mancino","twitter_card":"summary_large_image","twitter_creator":"@micmancio","twitter_site":"@varesenews","twitter_misc":{"Scritto da":"Michele Mancino","Tempo di lettura stimato":"2 minuti"},"schema":{"@context":"https:\/\/schema.org","@graph":[{"@type":"WebPage","@id":"https:\/\/staging.varesenews.it\/2016\/04\/cosi-e-se-mi-piace-il-passaggio-dalla-carte-al-digitale\/512280\/","url":"https:\/\/staging.varesenews.it\/2016\/04\/cosi-e-se-mi-piace-il-passaggio-dalla-carte-al-digitale\/512280\/","name":"\"Cos\u00ec \u00e8 se mi piace\", il passaggio dalla carta al digitale","isPartOf":{"@id":"https:\/\/staging.varesenews.it\/#website"},"datePublished":"2016-04-26T17:16:50+00:00","dateModified":"2016-04-26T21:14:02+00:00","author":{"@id":"https:\/\/staging.varesenews.it\/#\/schema\/person\/308b491d3cb680ead199e5ff6c6ce540"},"description":"Giovedi 28 aprile alle ore 18 alla Biblioteca Civica di Varese, si terr\u00e0 la presentazione del libro di Santi Moschella \u201cCos\u00ec \u00e8 se mi piace\u201d (TraccePerLameta edizioni)","breadcrumb":{"@id":"https:\/\/staging.varesenews.it\/2016\/04\/cosi-e-se-mi-piace-il-passaggio-dalla-carte-al-digitale\/512280\/#breadcrumb"},"inLanguage":"it-IT","potentialAction":[{"@type":"ReadAction","target":["https:\/\/staging.varesenews.it\/2016\/04\/cosi-e-se-mi-piace-il-passaggio-dalla-carte-al-digitale\/512280\/"]}]},{"@type":"BreadcrumbList","@id":"https:\/\/staging.varesenews.it\/2016\/04\/cosi-e-se-mi-piace-il-passaggio-dalla-carte-al-digitale\/512280\/#breadcrumb","itemListElement":[{"@type":"ListItem","position":1,"name":"Home","item":"https:\/\/www.varesenews.it\/"},{"@type":"ListItem","position":2,"name":"&#8220;Cos\u00ec \u00e8 se mi piace&#8221;, il passaggio dalla carta al digitale"}]},{"@type":"WebSite","@id":"https:\/\/staging.varesenews.it\/#website","url":"https:\/\/staging.varesenews.it\/","name":"VareseNews","description":"","potentialAction":[{"@type":"SearchAction","target":{"@type":"EntryPoint","urlTemplate":"https:\/\/staging.varesenews.it\/?s={search_term_string}"},"query-input":"required name=search_term_string"}],"inLanguage":"it-IT"},{"@type":"Person","@id":"https:\/\/staging.varesenews.it\/#\/schema\/person\/308b491d3cb680ead199e5ff6c6ce540","name":"Michele Mancino","image":{"@type":"ImageObject","inLanguage":"it-IT","@id":"https:\/\/staging.varesenews.it\/#\/schema\/person\/image\/","url":"https:\/\/staging.varesenews.it\/wp-content\/uploads\/2020\/12\/michele_mancino_colori_500.jpg","contentUrl":"https:\/\/staging.varesenews.it\/wp-content\/uploads\/2020\/12\/michele_mancino_colori_500.jpg","caption":"Michele Mancino"},"description":"Sono a VareseNews da prima che nascesse. Ho inserito le prime notizie in una stringa di codice html, la lingua di internet. Aprivo i computer, cambiavo schede di rete e portavo i server dal provider. A met&agrave; degli anni &rsquo;90 il giornalista online doveva saper fare anche questo. Ho vissuto gli anni drammatici della bolla speculativa di Internet e quelli entusiastici della crescita, anni in cui VareseNews era un Davide in mezzo a tanti Golia. Poi sono arrivati i social, le nuove piattaforme e soprattutto gli smartphone, una postazione di lavoro racchiusa in una mano. Una nuova rivoluzione. Insomma, &egrave; stata, ed &egrave; ancora, un&rsquo;avventura entusiasmante perch&eacute; mi insegna giorno dopo giorno che il cambiamento &egrave; l&rsquo;unica certezza di questa fragile esistenza.","sameAs":["https:\/\/www.facebook.com\/michele.mancino.5","micmancio","Aggiorna le impostazioni del tuo profilo pubblicoit.linkedin.com\/pub\/michele-mancino\/28\/b71\/890\/it","https:\/\/twitter.com\/micmancio"],"url":"https:\/\/staging.varesenews.it\/persona\/michele_mancino\/"}]}},"post_meta":{"_edit_lock":"1461710596:54","_edit_last":"54","_category_permalink":"","wdfb_og_title":"","wdfb_og_type":"","wdfb_og_description":"","wdfb_og_images":"a:1:{i:0;s:0:\"\";}","wdfb_og_custom_name":"a:1:{i:0;s:0:\"\";}","wdfb_og_custom_value":"a:1:{i:0;s:0:\"\";}","firma_come_redazione":"1","argomento":"Varese","_jd_twitter":"","_jd_tweet_this":"yes","ratings_users":"0","ratings_score":"0","ratings_average":"0","foto":"534352","_wpt_short_url":"http:\/\/www.varesenews.it\/2016\/04\/cosi-e-se-mi-piace-il-passaggio-dalla-carte-al-digitale\/512280\/","_wp_jd_target":"http:\/\/www.varesenews.it\/2016\/04\/cosi-e-se-mi-piace-il-passaggio-dalla-carte-al-digitale\/512280\/","_jd_wp_twitter":"a:1:{i:0;s:174:\"\"Cos\u00ec \u00e8 se mi piace\", il passaggio dalla carte al digitale http:\/\/www.varesenews.it\/2016\/04\/cosi-e-se-mi-piace-il-passaggio-dalla-carte-al-digitale\/512280\/ #digitale #libri\";}","_wpt_status_message":"Tweet inviato con successo."},"photos":[{"original":"https:\/\/staging.varesenews.it\/photogallery_new\/images\/2016\/04\/santi-moschella-534352.jpg","full":"https:\/\/staging.varesenews.it\/photogallery_new\/images\/2016\/04\/santi-moschella-534352.1024x768.jpg","large":"https:\/\/staging.varesenews.it\/photogallery_new\/images\/2016\/04\/santi-moschella-534352.610x431.jpg"}],"_links":{"self":[{"href":"https:\/\/staging.varesenews.it\/swgapi\/v1\/wp\/v2\/posts\/512280"}],"collection":[{"href":"https:\/\/staging.varesenews.it\/swgapi\/v1\/wp\/v2\/posts"}],"about":[{"href":"https:\/\/staging.varesenews.it\/swgapi\/v1\/wp\/v2\/types\/post"}],"author":[{"embeddable":true,"href":"https:\/\/staging.varesenews.it\/swgapi\/v1\/wp\/v2\/users\/45"}],"replies":[{"embeddable":true,"href":"https:\/\/staging.varesenews.it\/swgapi\/v1\/wp\/v2\/comments?post=512280"}],"version-history":[{"count":0,"href":"https:\/\/staging.varesenews.it\/swgapi\/v1\/wp\/v2\/posts\/512280\/revisions"}],"wp:attachment":[{"href":"https:\/\/staging.varesenews.it\/swgapi\/v1\/wp\/v2\/media?parent=512280"}],"wp:term":[{"taxonomy":"category","embeddable":true,"href":"https:\/\/staging.varesenews.it\/swgapi\/v1\/wp\/v2\/categories?post=512280"},{"taxonomy":"post_tag","embeddable":true,"href":"https:\/\/staging.varesenews.it\/swgapi\/v1\/wp\/v2\/tags?post=512280"}],"curies":[{"name":"wp","href":"https:\/\/api.w.org\/{rel}","templated":true}]}}