{"id":512308,"date":"2016-04-26T20:49:10","date_gmt":"2016-04-26T18:49:10","guid":{"rendered":"http:\/\/www.varesenews.it\/?p=512308"},"modified":"2016-04-26T20:49:52","modified_gmt":"2016-04-26T18:49:52","slug":"mirabelli-lega-da-brividi-sulla-protesta-dei-richiedenti-asilo","status":"publish","type":"post","link":"https:\/\/staging.varesenews.it\/2016\/04\/mirabelli-lega-da-brividi-sulla-protesta-dei-richiedenti-asilo\/512308\/","title":{"rendered":"Mirabelli: &#8220;Lega da brividi sulla protesta dei richiedenti asilo&#8221;"},"content":{"rendered":"<p><em>La risposta del consigliere provinciale del Partito Democratico, Fabrizio Mirabelli, alla Lega Nord dopo la protesta dei richiedenti asilo a Tradate:<\/em><\/p>\n<p>A leggere le dichiarazioni del sen. Candiani e del consigliere regionale Emanuele Monti, c&#8217;\u00e8 veramente da rabbrividire.<\/p>\n<p>E&#8217; evidente, infatti, come la demagogia prevalga sulla volont\u00e0 di comprendere cosa sia, effettivamente, successo a Tradate. <div class=\"related-posts related-01\"><h4>Leggi anche<\/h4><ul><li><a title=\"Candiani: &#8220;Protesta dei richiedenti asilo colpa del Pd e del sindaco&#8221;\" target=\"_blank\" href=\"https:\/\/staging.varesenews.it\/2016\/04\/candiani-protesta-dei-richiedenti-asilo-colpa-del-pd-e-del-sindaco\/512153\/\"><strong>Tradate <\/strong> - Candiani: &#8220;Protesta dei richiedenti asilo colpa del Pd e del sindaco&#8221;<\/a><\/li><li><a title=\"Protesta dei richiedenti asilo alla Melzi: &#8220;Burocrazia troppo lenta&#8221;\" target=\"_blank\" href=\"https:\/\/staging.varesenews.it\/2016\/04\/protesta-dei-richiedenti-asilo-alla-melzi-burocrazia-troppo-lenta\/512007\/\"><strong>Tradate <\/strong> - Protesta dei richiedenti asilo alla Melzi: &#8220;Burocrazia troppo lenta&#8221;<\/a><\/li><li><a title=\"Lega Nord: &#8220;Sinistra lasciva e ipocritamente buonista&#8221;\" target=\"_blank\" href=\"https:\/\/staging.varesenews.it\/2016\/04\/lega-nord-sinistra-lasciva-e-ipocritamente-buonista\/512447\/\"><strong>Tradate <\/strong> - Lega Nord: &#8220;Sinistra lasciva e ipocritamente buonista&#8221;<\/a><\/li><li><a title=\"Il sindaco: &#8220;Non strumentalizzate una protesta pacifica&#8221;\" target=\"_blank\" href=\"https:\/\/staging.varesenews.it\/2016\/04\/il-sindaco-non-strumentalizzate-una-protesta-pacifica\/512581\/\"><strong>Tradate <\/strong> - Il sindaco: &#8220;Non strumentalizzate una protesta pacifica&#8221;<\/a><\/li><li><a title=\"Pipolo: &#8220;Si ai profughi, no ai migranti economici&#8221;\" target=\"_blank\" href=\"https:\/\/staging.varesenews.it\/2016\/04\/pipolo-si-ai-profughi-no-ai-migranti-economici\/513414\/\"><strong>Tradate <\/strong> - Pipolo: &#8220;Si ai profughi, no ai migranti economici&#8221;<\/a><\/li><li><a title=\"&#8220;Protesta dei richiedenti asilo, dalla Lega attacchi infondati e razzisti&#8221;\" target=\"_blank\" href=\"https:\/\/staging.varesenews.it\/2016\/04\/protesta-dei-richiedenti-asilo-dalla-lega-attacchi-infondati-e-razzisti\/513536\/\"><strong>Tradate <\/strong> - &#8220;Protesta dei richiedenti asilo, dalla Lega attacchi infondati e razzisti&#8221;<\/a><\/li><\/ul><\/div><\/p>\n<p>Del resto, il Carroccio punta il dito contro il PD che avrebbe consentito &#8220;questa invasione&#8221; quando sa benissimo che fu l&#8217;allora ministro dell&#8217;Interno Maroni, nel 2011, a chiedere l&#8217;accoglienza dei profughi a Regioni, Province e Comuni.<\/p>\n<p>Blatera di &#8220;cooperative&#8221; a cui farebbero molto comodo i tempi lunghi della burocrazia quando sa benissimo che a gestire l&#8217;ospitalit\u00e0 all&#8217;Istituto Barbara Melzi, che rappresenta un&#8217;eccellenza, \u00e8 la Croce Rossa Italiana.<\/p>\n<p>Prendiamo atto che esiste una Lega che quando \u00e8 al governo \u00e8 per l&#8217;accoglienza mentre quando \u00e8 all&#8217;opposizione pretende di costruire muri.<\/p>\n<p>Siamo sicuri che i cittadini sappiano distinguere tra chi cerca di risolvere il problema dei profughi, che sono delle persone, nel rispetto dei trattati internazionali, e coloro che, invece, sono capaci solo di fomentare l&#8217;odio.<\/p>\n","protected":false},"excerpt":{"rendered":"<p>La risposta del consigliere provinciale del Partito Democratico, Fabrizio Mirabelli, alla Lega Nord dopo la protesta dei richiedenti asilo a Tradate<\/p>\n","protected":false},"author":51,"featured_media":0,"comment_status":"open","ping_status":"open","sticky":false,"template":"","format":"standard","meta":{"footnotes":""},"categories":[5],"tags":[5556],"acf":[],"yoast_head":"<!-- This site is optimized with the Yoast SEO plugin v20.1 - https:\/\/yoast.com\/wordpress\/plugins\/seo\/ -->\n<title>Mirabelli: &quot;Lega da brividi sulla protesta dei richiedenti asilo&quot;<\/title>\n<meta name=\"description\" content=\"La risposta del consigliere provinciale del Partito Democratico, Fabrizio Mirabelli, alla Lega Nord dopo la protesta dei richiedenti asilo a Tradate\" \/>\n<meta name=\"robots\" content=\"noindex, follow, max-snippet:-1, max-image-preview:large, max-video-preview:-1\" \/>\n<meta property=\"og:locale\" content=\"it_IT\" \/>\n<meta property=\"og:type\" content=\"article\" \/>\n<meta property=\"og:title\" content=\"Mirabelli: &quot;Lega da brividi sulla protesta dei richiedenti asilo&quot;\" \/>\n<meta property=\"og:description\" content=\"La risposta del consigliere provinciale del Partito Democratico, Fabrizio Mirabelli, alla Lega Nord dopo la protesta dei richiedenti asilo a Tradate\" \/>\n<meta property=\"og:url\" content=\"https:\/\/staging.varesenews.it\/2016\/04\/mirabelli-lega-da-brividi-sulla-protesta-dei-richiedenti-asilo\/512308\/\" \/>\n<meta property=\"og:site_name\" content=\"VareseNews\" \/>\n<meta property=\"article:publisher\" content=\"https:\/\/www.facebook.com\/varesenews\" \/>\n<meta property=\"article:author\" content=\"https:\/\/www.facebook.com\/manuel.sgarella\" \/>\n<meta property=\"article:published_time\" content=\"2016-04-26T18:49:10+00:00\" \/>\n<meta property=\"article:modified_time\" content=\"2016-04-26T18:49:52+00:00\" \/>\n<meta name=\"author\" content=\"Manuel Sgarella\" \/>\n<meta name=\"twitter:card\" content=\"summary_large_image\" \/>\n<meta name=\"twitter:creator\" content=\"@Sgarel\" \/>\n<meta name=\"twitter:site\" content=\"@varesenews\" \/>\n<meta name=\"twitter:label1\" content=\"Scritto da\" \/>\n\t<meta name=\"twitter:data1\" content=\"Manuel Sgarella\" \/>\n\t<meta name=\"twitter:label2\" content=\"Tempo di lettura stimato\" \/>\n\t<meta name=\"twitter:data2\" content=\"1 minuto\" \/>\n<script type=\"application\/ld+json\" class=\"yoast-schema-graph\">{\"@context\":\"https:\/\/schema.org\",\"@graph\":[{\"@type\":\"WebPage\",\"@id\":\"https:\/\/staging.varesenews.it\/2016\/04\/mirabelli-lega-da-brividi-sulla-protesta-dei-richiedenti-asilo\/512308\/\",\"url\":\"https:\/\/staging.varesenews.it\/2016\/04\/mirabelli-lega-da-brividi-sulla-protesta-dei-richiedenti-asilo\/512308\/\",\"name\":\"Mirabelli: \\\"Lega da brividi sulla protesta dei richiedenti asilo\\\"\",\"isPartOf\":{\"@id\":\"https:\/\/staging.varesenews.it\/#website\"},\"datePublished\":\"2016-04-26T18:49:10+00:00\",\"dateModified\":\"2016-04-26T18:49:52+00:00\",\"author\":{\"@id\":\"https:\/\/staging.varesenews.it\/#\/schema\/person\/1ec987bf360cbcf5fab38b0367dbc9d4\"},\"description\":\"La risposta del consigliere provinciale del Partito Democratico, Fabrizio Mirabelli, alla Lega Nord dopo la protesta dei richiedenti asilo a Tradate\",\"breadcrumb\":{\"@id\":\"https:\/\/staging.varesenews.it\/2016\/04\/mirabelli-lega-da-brividi-sulla-protesta-dei-richiedenti-asilo\/512308\/#breadcrumb\"},\"inLanguage\":\"it-IT\",\"potentialAction\":[{\"@type\":\"ReadAction\",\"target\":[\"https:\/\/staging.varesenews.it\/2016\/04\/mirabelli-lega-da-brividi-sulla-protesta-dei-richiedenti-asilo\/512308\/\"]}]},{\"@type\":\"BreadcrumbList\",\"@id\":\"https:\/\/staging.varesenews.it\/2016\/04\/mirabelli-lega-da-brividi-sulla-protesta-dei-richiedenti-asilo\/512308\/#breadcrumb\",\"itemListElement\":[{\"@type\":\"ListItem\",\"position\":1,\"name\":\"Home\",\"item\":\"https:\/\/www.varesenews.it\/\"},{\"@type\":\"ListItem\",\"position\":2,\"name\":\"Mirabelli: &#8220;Lega da brividi sulla protesta dei richiedenti asilo&#8221;\"}]},{\"@type\":\"WebSite\",\"@id\":\"https:\/\/staging.varesenews.it\/#website\",\"url\":\"https:\/\/staging.varesenews.it\/\",\"name\":\"VareseNews\",\"description\":\"\",\"potentialAction\":[{\"@type\":\"SearchAction\",\"target\":{\"@type\":\"EntryPoint\",\"urlTemplate\":\"https:\/\/staging.varesenews.it\/?s={search_term_string}\"},\"query-input\":\"required name=search_term_string\"}],\"inLanguage\":\"it-IT\"},{\"@type\":\"Person\",\"@id\":\"https:\/\/staging.varesenews.it\/#\/schema\/person\/1ec987bf360cbcf5fab38b0367dbc9d4\",\"name\":\"Manuel Sgarella\",\"image\":{\"@type\":\"ImageObject\",\"inLanguage\":\"it-IT\",\"@id\":\"https:\/\/staging.varesenews.it\/#\/schema\/person\/image\/\",\"url\":\"https:\/\/staging.varesenews.it\/wp-content\/uploads\/2020\/12\/manuel_sgarella_colori_500.jpg\",\"contentUrl\":\"https:\/\/staging.varesenews.it\/wp-content\/uploads\/2020\/12\/manuel_sgarella_colori_500.jpg\",\"caption\":\"Manuel Sgarella\"},\"description\":\"A VareseNews dal 1999, da quando ho iniziato a collaborare per la pagina del cinema. Col tempo mi sono occupato della cronaca del territorio di Saronno-Tradate e dell'organizzazione di alcuni progetti speciali di VareseNews, tra cui la produzione del film Digitalife. Dal 2009 sono giornalista professionista. Diplomato alla Civica scuola del cinema di Milano, coltivo da sempre una passione per tutto quello che &egrave; narrazione, soprattutto per film e serie tv. Dal 2014 Pubblico romanzi come autore indipendente.&nbsp;\",\"sameAs\":[\"https:\/\/www.facebook.com\/manuel.sgarella\",\"Sgarel\",\"https:\/\/twitter.com\/Sgarel\"],\"url\":\"https:\/\/staging.varesenews.it\/persona\/manuel-sgarella1\/\"}]}<\/script>\n<!-- \/ Yoast SEO plugin. -->","yoast_head_json":{"title":"Mirabelli: \"Lega da brividi sulla protesta dei richiedenti asilo\"","description":"La risposta del consigliere provinciale del Partito Democratico, Fabrizio Mirabelli, alla Lega Nord dopo la protesta dei richiedenti asilo a Tradate","robots":{"index":"noindex","follow":"follow","max-snippet":"max-snippet:-1","max-image-preview":"max-image-preview:large","max-video-preview":"max-video-preview:-1"},"og_locale":"it_IT","og_type":"article","og_title":"Mirabelli: \"Lega da brividi sulla protesta dei richiedenti asilo\"","og_description":"La risposta del consigliere provinciale del Partito Democratico, Fabrizio Mirabelli, alla Lega Nord dopo la protesta dei richiedenti asilo a Tradate","og_url":"https:\/\/staging.varesenews.it\/2016\/04\/mirabelli-lega-da-brividi-sulla-protesta-dei-richiedenti-asilo\/512308\/","og_site_name":"VareseNews","article_publisher":"https:\/\/www.facebook.com\/varesenews","article_author":"https:\/\/www.facebook.com\/manuel.sgarella","article_published_time":"2016-04-26T18:49:10+00:00","article_modified_time":"2016-04-26T18:49:52+00:00","author":"Manuel Sgarella","twitter_card":"summary_large_image","twitter_creator":"@Sgarel","twitter_site":"@varesenews","twitter_misc":{"Scritto da":"Manuel Sgarella","Tempo di lettura stimato":"1 minuto"},"schema":{"@context":"https:\/\/schema.org","@graph":[{"@type":"WebPage","@id":"https:\/\/staging.varesenews.it\/2016\/04\/mirabelli-lega-da-brividi-sulla-protesta-dei-richiedenti-asilo\/512308\/","url":"https:\/\/staging.varesenews.it\/2016\/04\/mirabelli-lega-da-brividi-sulla-protesta-dei-richiedenti-asilo\/512308\/","name":"Mirabelli: \"Lega da brividi sulla protesta dei richiedenti asilo\"","isPartOf":{"@id":"https:\/\/staging.varesenews.it\/#website"},"datePublished":"2016-04-26T18:49:10+00:00","dateModified":"2016-04-26T18:49:52+00:00","author":{"@id":"https:\/\/staging.varesenews.it\/#\/schema\/person\/1ec987bf360cbcf5fab38b0367dbc9d4"},"description":"La risposta del consigliere provinciale del Partito Democratico, Fabrizio Mirabelli, alla Lega Nord dopo la protesta dei richiedenti asilo a Tradate","breadcrumb":{"@id":"https:\/\/staging.varesenews.it\/2016\/04\/mirabelli-lega-da-brividi-sulla-protesta-dei-richiedenti-asilo\/512308\/#breadcrumb"},"inLanguage":"it-IT","potentialAction":[{"@type":"ReadAction","target":["https:\/\/staging.varesenews.it\/2016\/04\/mirabelli-lega-da-brividi-sulla-protesta-dei-richiedenti-asilo\/512308\/"]}]},{"@type":"BreadcrumbList","@id":"https:\/\/staging.varesenews.it\/2016\/04\/mirabelli-lega-da-brividi-sulla-protesta-dei-richiedenti-asilo\/512308\/#breadcrumb","itemListElement":[{"@type":"ListItem","position":1,"name":"Home","item":"https:\/\/www.varesenews.it\/"},{"@type":"ListItem","position":2,"name":"Mirabelli: &#8220;Lega da brividi sulla protesta dei richiedenti asilo&#8221;"}]},{"@type":"WebSite","@id":"https:\/\/staging.varesenews.it\/#website","url":"https:\/\/staging.varesenews.it\/","name":"VareseNews","description":"","potentialAction":[{"@type":"SearchAction","target":{"@type":"EntryPoint","urlTemplate":"https:\/\/staging.varesenews.it\/?s={search_term_string}"},"query-input":"required name=search_term_string"}],"inLanguage":"it-IT"},{"@type":"Person","@id":"https:\/\/staging.varesenews.it\/#\/schema\/person\/1ec987bf360cbcf5fab38b0367dbc9d4","name":"Manuel Sgarella","image":{"@type":"ImageObject","inLanguage":"it-IT","@id":"https:\/\/staging.varesenews.it\/#\/schema\/person\/image\/","url":"https:\/\/staging.varesenews.it\/wp-content\/uploads\/2020\/12\/manuel_sgarella_colori_500.jpg","contentUrl":"https:\/\/staging.varesenews.it\/wp-content\/uploads\/2020\/12\/manuel_sgarella_colori_500.jpg","caption":"Manuel Sgarella"},"description":"A VareseNews dal 1999, da quando ho iniziato a collaborare per la pagina del cinema. Col tempo mi sono occupato della cronaca del territorio di Saronno-Tradate e dell'organizzazione di alcuni progetti speciali di VareseNews, tra cui la produzione del film Digitalife. Dal 2009 sono giornalista professionista. Diplomato alla Civica scuola del cinema di Milano, coltivo da sempre una passione per tutto quello che &egrave; narrazione, soprattutto per film e serie tv. Dal 2014 Pubblico romanzi come autore indipendente.&nbsp;","sameAs":["https:\/\/www.facebook.com\/manuel.sgarella","Sgarel","https:\/\/twitter.com\/Sgarel"],"url":"https:\/\/staging.varesenews.it\/persona\/manuel-sgarella1\/"}]}},"post_meta":{"_edit_lock":"1461697130:51","_edit_last":"51","ratings_users":"0","ratings_score":"0","ratings_average":"0","_category_permalink":"","wdfb_og_title":"","wdfb_og_type":"","wdfb_og_description":"","wdfb_og_images":"a:1:{i:0;s:0:\"\";}","wdfb_og_custom_name":"a:1:{i:0;s:0:\"\";}","wdfb_og_custom_value":"a:1:{i:0;s:0:\"\";}","foto":"447181","firma-personalizzata":"Fabrizio Mirabelli, Consigliere provinciale PD","argomento":"Tradate","_yoast_wpseo_focuskw":"richiedenti asilo","_yoast_wpseo_metadesc":"La risposta del consigliere provinciale del Partito Democratico, Fabrizio Mirabelli, alla Lega Nord dopo la protesta dei richiedenti asilo a Tradate","_jd_twitter":"","_jd_tweet_this":"yes","_wpt_short_url":"http:\/\/www.varesenews.it\/2016\/04\/mirabelli-lega-da-brividi-sulla-protesta-dei-richiedenti-asilo\/512308\/","_wp_jd_target":"http:\/\/www.varesenews.it\/2016\/04\/mirabelli-lega-da-brividi-sulla-protesta-dei-richiedenti-asilo\/512308\/","_jd_wp_twitter":"a:1:{i:0;s:170:\"Mirabelli: \"Lega da brividi sulla protesta dei richiedenti asilo\" http:\/\/www.varesenews.it\/2016\/04\/mirabelli-lega-da-brividi-sulla-protesta-dei-richiedenti-asilo\/512308\/ \";}","_wpt_status_message":"Tweet inviato con successo.","_yoast_wpseo_linkdex":"55","id_leggi_anche":"512153,512007,512447,512581,513414,513536"},"photos":[{"original":"https:\/\/staging.varesenews.it\/photogallery_new\/images\/2015\/04\/protezione-civile-unit-cinofile-e-vigili-del-fuoco-447181.jpg","full":"https:\/\/staging.varesenews.it\/photogallery_new\/images\/2015\/04\/protezione-civile-unit-cinofile-e-vigili-del-fuoco-447181.1024x768.jpg","large":"https:\/\/staging.varesenews.it\/photogallery_new\/images\/2015\/04\/protezione-civile-unit-cinofile-e-vigili-del-fuoco-447181.610x431.jpg"}],"_links":{"self":[{"href":"https:\/\/staging.varesenews.it\/swgapi\/v1\/wp\/v2\/posts\/512308"}],"collection":[{"href":"https:\/\/staging.varesenews.it\/swgapi\/v1\/wp\/v2\/posts"}],"about":[{"href":"https:\/\/staging.varesenews.it\/swgapi\/v1\/wp\/v2\/types\/post"}],"author":[{"embeddable":true,"href":"https:\/\/staging.varesenews.it\/swgapi\/v1\/wp\/v2\/users\/51"}],"replies":[{"embeddable":true,"href":"https:\/\/staging.varesenews.it\/swgapi\/v1\/wp\/v2\/comments?post=512308"}],"version-history":[{"count":0,"href":"https:\/\/staging.varesenews.it\/swgapi\/v1\/wp\/v2\/posts\/512308\/revisions"}],"wp:attachment":[{"href":"https:\/\/staging.varesenews.it\/swgapi\/v1\/wp\/v2\/media?parent=512308"}],"wp:term":[{"taxonomy":"category","embeddable":true,"href":"https:\/\/staging.varesenews.it\/swgapi\/v1\/wp\/v2\/categories?post=512308"},{"taxonomy":"post_tag","embeddable":true,"href":"https:\/\/staging.varesenews.it\/swgapi\/v1\/wp\/v2\/tags?post=512308"}],"curies":[{"name":"wp","href":"https:\/\/api.w.org\/{rel}","templated":true}]}}