{"id":512367,"date":"2016-04-27T10:01:54","date_gmt":"2016-04-27T08:01:54","guid":{"rendered":"http:\/\/www.varesenews.it\/?p=512367"},"modified":"2016-04-28T10:02:16","modified_gmt":"2016-04-28T08:02:16","slug":"orino-coltellate-per-i-soldi","status":"publish","type":"post","link":"https:\/\/staging.varesenews.it\/2016\/04\/orino-coltellate-per-i-soldi\/512367\/","title":{"rendered":"Orino, coltellate per i soldi"},"content":{"rendered":"<p><strong>Potrebbe essere una questione di soldi<\/strong> il movente che ha scatenato la rissa tra Marco Moscatelli, presidente della Pro Loco, e il suo socio G.R., in cui quest&#8217;ultimo ha avuto la peggio: ricoverato in ospedale con tagli alla gola, si \u00e8 salvato dopo un&#8217;operazione chirurgica e ora \u00e8 fuori pericolo, trasferito in reparto.<\/p>\n<p><strong>Secondo quando hanno raccontato i testimoni,<\/strong> in particolare la compagna di Moscatelli ma anche un&#8217;altra persona,, G.R. si sarebbe presentato presso l&#8217;abitazione di Orino dell&#8217;amico che ospita anche <strong>l&#8217;ufficio<\/strong> di grafica pubblicitaria. La discussione sarebbe stata originata perch\u00e9 il socio pretendeva del denaro e sarebbe stata talmente violenta da sfociare in una <strong>rissa<\/strong> all&#8217;arma bianca. Moscatelli \u00e8 stato colpito con un <strong>cacciavite,<\/strong>\u00a0ha ammesso di aver reagito e di aver colpito l&#8217;uomo con un <strong>taglierino alla gola<\/strong>. Egli afferma che voleva solo difendersi. Tuttavia il socio, G.R. ha raccontato una versione diversa e inconciliabile della vicenda <strong>ai carabinieri di Luino.\u00a0<\/strong><\/p>\n<p><strong>Da chiarire<\/strong> anche gli attimi successivi alla rissa. Moscatelli ha caricato in auto il rivale, ma ci\u00f2 che \u00e8 accaduto successivamente \u00e8 in fase di accertamento. Non \u00e8 chiaro se l&#8217;uomo abbia portato il rivale all&#8217;<strong>ospedale di Cittiglio<\/strong>, o se invece il ferito grave sia uscito dalla macchina e vi si sia recato da solo, cadendo poi a terra\u00a0nei pressi del nosocomio. Nelle prossime ore sar\u00e0 interrogato dal gip, ma sar\u00e0 sentito presto anche l&#8217;accoltellato. Tuttavia per il pm<strong> Sara Arduini<\/strong> si tratta di un tentato omicidio e per ora il presiedente delle Pro Loco di Orino rimane in carcere ai Miogni.<\/p>\n","protected":false},"excerpt":{"rendered":"<p>Resta in carcere il presidente della Pro Loco Moscatelli. Forse problemi di denaro alla base dell&#8217;alterco ma per gli inquirenti la vicenda \u00e8 ancora da chiarire<\/p>\n","protected":false},"author":50,"featured_media":0,"comment_status":"open","ping_status":"open","sticky":false,"template":"","format":"standard","meta":{"footnotes":""},"categories":[2],"tags":[9260,60474],"acf":[],"yoast_head":"<!-- This site is optimized with the Yoast SEO plugin v20.1 - https:\/\/yoast.com\/wordpress\/plugins\/seo\/ -->\n<title>Orino, coltellate per i soldi<\/title>\n<meta name=\"description\" content=\"Resta in carcere il presidente della Pro Loco Moscatelli. Forse problemi di denaro alla base dell&#039;alterco ma per gli inquirenti la vicenda \u00e8 ancora da chiarire\" \/>\n<meta name=\"robots\" content=\"noindex, follow, max-snippet:-1, max-image-preview:large, max-video-preview:-1\" \/>\n<meta property=\"og:locale\" content=\"it_IT\" \/>\n<meta property=\"og:type\" content=\"article\" \/>\n<meta property=\"og:title\" content=\"Orino, coltellate per i soldi\" \/>\n<meta property=\"og:description\" content=\"Resta in carcere il presidente della Pro Loco Moscatelli. Forse problemi di denaro alla base dell&#039;alterco ma per gli inquirenti la vicenda \u00e8 ancora da chiarire\" \/>\n<meta property=\"og:url\" content=\"https:\/\/staging.varesenews.it\/2016\/04\/orino-coltellate-per-i-soldi\/512367\/\" \/>\n<meta property=\"og:site_name\" content=\"VareseNews\" \/>\n<meta property=\"article:publisher\" content=\"https:\/\/www.facebook.com\/varesenews\" \/>\n<meta property=\"article:published_time\" content=\"2016-04-27T08:01:54+00:00\" \/>\n<meta property=\"article:modified_time\" content=\"2016-04-28T08:02:16+00:00\" \/>\n<meta name=\"author\" content=\"Roberto Rotondo\" \/>\n<meta name=\"twitter:card\" content=\"summary_large_image\" \/>\n<meta name=\"twitter:creator\" content=\"@robertorotondo\" \/>\n<meta name=\"twitter:site\" content=\"@varesenews\" \/>\n<meta name=\"twitter:label1\" content=\"Scritto da\" \/>\n\t<meta name=\"twitter:data1\" content=\"Roberto Rotondo\" \/>\n\t<meta name=\"twitter:label2\" content=\"Tempo di lettura stimato\" \/>\n\t<meta name=\"twitter:data2\" content=\"1 minuto\" \/>\n<script type=\"application\/ld+json\" class=\"yoast-schema-graph\">{\"@context\":\"https:\/\/schema.org\",\"@graph\":[{\"@type\":\"WebPage\",\"@id\":\"https:\/\/staging.varesenews.it\/2016\/04\/orino-coltellate-per-i-soldi\/512367\/\",\"url\":\"https:\/\/staging.varesenews.it\/2016\/04\/orino-coltellate-per-i-soldi\/512367\/\",\"name\":\"Orino, coltellate per i soldi\",\"isPartOf\":{\"@id\":\"https:\/\/staging.varesenews.it\/#website\"},\"datePublished\":\"2016-04-27T08:01:54+00:00\",\"dateModified\":\"2016-04-28T08:02:16+00:00\",\"author\":{\"@id\":\"https:\/\/staging.varesenews.it\/#\/schema\/person\/bace96b9ce1b4905df659e51a83c17fe\"},\"description\":\"Resta in carcere il presidente della Pro Loco Moscatelli. Forse problemi di denaro alla base dell'alterco ma per gli inquirenti la vicenda \u00e8 ancora da chiarire\",\"breadcrumb\":{\"@id\":\"https:\/\/staging.varesenews.it\/2016\/04\/orino-coltellate-per-i-soldi\/512367\/#breadcrumb\"},\"inLanguage\":\"it-IT\",\"potentialAction\":[{\"@type\":\"ReadAction\",\"target\":[\"https:\/\/staging.varesenews.it\/2016\/04\/orino-coltellate-per-i-soldi\/512367\/\"]}]},{\"@type\":\"BreadcrumbList\",\"@id\":\"https:\/\/staging.varesenews.it\/2016\/04\/orino-coltellate-per-i-soldi\/512367\/#breadcrumb\",\"itemListElement\":[{\"@type\":\"ListItem\",\"position\":1,\"name\":\"Home\",\"item\":\"https:\/\/www.varesenews.it\/\"},{\"@type\":\"ListItem\",\"position\":2,\"name\":\"Orino, coltellate per i soldi\"}]},{\"@type\":\"WebSite\",\"@id\":\"https:\/\/staging.varesenews.it\/#website\",\"url\":\"https:\/\/staging.varesenews.it\/\",\"name\":\"VareseNews\",\"description\":\"\",\"potentialAction\":[{\"@type\":\"SearchAction\",\"target\":{\"@type\":\"EntryPoint\",\"urlTemplate\":\"https:\/\/staging.varesenews.it\/?s={search_term_string}\"},\"query-input\":\"required name=search_term_string\"}],\"inLanguage\":\"it-IT\"},{\"@type\":\"Person\",\"@id\":\"https:\/\/staging.varesenews.it\/#\/schema\/person\/bace96b9ce1b4905df659e51a83c17fe\",\"name\":\"Roberto Rotondo\",\"image\":{\"@type\":\"ImageObject\",\"inLanguage\":\"it-IT\",\"@id\":\"https:\/\/staging.varesenews.it\/#\/schema\/person\/image\/\",\"url\":\"https:\/\/staging.varesenews.it\/wp-content\/uploads\/2015\/03\/10888676_10204734543537926_609787919772941341_n.jpg\",\"contentUrl\":\"https:\/\/staging.varesenews.it\/wp-content\/uploads\/2015\/03\/10888676_10204734543537926_609787919772941341_n.jpg\",\"caption\":\"Roberto Rotondo\"},\"description\":\"Nato a Varese nel 1972. Laureato in Storia alla Statale di Milano. A Varese News dal 1998. Ho iniziato a scrivere su riviste locali, poi sono entrato nel progetto di Varese News quando ancora era agli inizi. Nel frattempo mi sono occupato di ricerca storica e ho collaborato con un settimanale e un quotidiano della Svizzera italiana scrivendo di cronaca e politica. Mi sono preso una pausa da Varese nel 2004. Ho lavorato per alcuni anni a Milano all'agenzia di stampa Adnkronos, con qualche stage a Roma nei palazzi della politica. Lanci di agenzia e servizi tv multimediali erano tra i miei compiti. In quegli anni ho lavorato per alcune radio anche nazionali, Radio Capital su tutte, come corrispondente locale. Ho scritto anche per un settimanale di gossip, ma sempre cronaca nera. Ed eccomi qui. Dal 2007 lavoro anche per il Corriere della sera, di cui sono corrispondente. A Varesenews sono ormai uno dei senatori. Mi occupo di cronaca nera, giudiziaria e di politica e della cronaca cittadina di Varese.\",\"sameAs\":[\"robertorotondo\",\"https:\/\/twitter.com\/robertorotondo\"],\"url\":\"https:\/\/staging.varesenews.it\/persona\/roberto-rotondo\/\"}]}<\/script>\n<!-- \/ Yoast SEO plugin. -->","yoast_head_json":{"title":"Orino, coltellate per i soldi","description":"Resta in carcere il presidente della Pro Loco Moscatelli. Forse problemi di denaro alla base dell'alterco ma per gli inquirenti la vicenda \u00e8 ancora da chiarire","robots":{"index":"noindex","follow":"follow","max-snippet":"max-snippet:-1","max-image-preview":"max-image-preview:large","max-video-preview":"max-video-preview:-1"},"og_locale":"it_IT","og_type":"article","og_title":"Orino, coltellate per i soldi","og_description":"Resta in carcere il presidente della Pro Loco Moscatelli. Forse problemi di denaro alla base dell'alterco ma per gli inquirenti la vicenda \u00e8 ancora da chiarire","og_url":"https:\/\/staging.varesenews.it\/2016\/04\/orino-coltellate-per-i-soldi\/512367\/","og_site_name":"VareseNews","article_publisher":"https:\/\/www.facebook.com\/varesenews","article_published_time":"2016-04-27T08:01:54+00:00","article_modified_time":"2016-04-28T08:02:16+00:00","author":"Roberto Rotondo","twitter_card":"summary_large_image","twitter_creator":"@robertorotondo","twitter_site":"@varesenews","twitter_misc":{"Scritto da":"Roberto Rotondo","Tempo di lettura stimato":"1 minuto"},"schema":{"@context":"https:\/\/schema.org","@graph":[{"@type":"WebPage","@id":"https:\/\/staging.varesenews.it\/2016\/04\/orino-coltellate-per-i-soldi\/512367\/","url":"https:\/\/staging.varesenews.it\/2016\/04\/orino-coltellate-per-i-soldi\/512367\/","name":"Orino, coltellate per i soldi","isPartOf":{"@id":"https:\/\/staging.varesenews.it\/#website"},"datePublished":"2016-04-27T08:01:54+00:00","dateModified":"2016-04-28T08:02:16+00:00","author":{"@id":"https:\/\/staging.varesenews.it\/#\/schema\/person\/bace96b9ce1b4905df659e51a83c17fe"},"description":"Resta in carcere il presidente della Pro Loco Moscatelli. Forse problemi di denaro alla base dell'alterco ma per gli inquirenti la vicenda \u00e8 ancora da chiarire","breadcrumb":{"@id":"https:\/\/staging.varesenews.it\/2016\/04\/orino-coltellate-per-i-soldi\/512367\/#breadcrumb"},"inLanguage":"it-IT","potentialAction":[{"@type":"ReadAction","target":["https:\/\/staging.varesenews.it\/2016\/04\/orino-coltellate-per-i-soldi\/512367\/"]}]},{"@type":"BreadcrumbList","@id":"https:\/\/staging.varesenews.it\/2016\/04\/orino-coltellate-per-i-soldi\/512367\/#breadcrumb","itemListElement":[{"@type":"ListItem","position":1,"name":"Home","item":"https:\/\/www.varesenews.it\/"},{"@type":"ListItem","position":2,"name":"Orino, coltellate per i soldi"}]},{"@type":"WebSite","@id":"https:\/\/staging.varesenews.it\/#website","url":"https:\/\/staging.varesenews.it\/","name":"VareseNews","description":"","potentialAction":[{"@type":"SearchAction","target":{"@type":"EntryPoint","urlTemplate":"https:\/\/staging.varesenews.it\/?s={search_term_string}"},"query-input":"required name=search_term_string"}],"inLanguage":"it-IT"},{"@type":"Person","@id":"https:\/\/staging.varesenews.it\/#\/schema\/person\/bace96b9ce1b4905df659e51a83c17fe","name":"Roberto Rotondo","image":{"@type":"ImageObject","inLanguage":"it-IT","@id":"https:\/\/staging.varesenews.it\/#\/schema\/person\/image\/","url":"https:\/\/staging.varesenews.it\/wp-content\/uploads\/2015\/03\/10888676_10204734543537926_609787919772941341_n.jpg","contentUrl":"https:\/\/staging.varesenews.it\/wp-content\/uploads\/2015\/03\/10888676_10204734543537926_609787919772941341_n.jpg","caption":"Roberto Rotondo"},"description":"Nato a Varese nel 1972. Laureato in Storia alla Statale di Milano. A Varese News dal 1998. Ho iniziato a scrivere su riviste locali, poi sono entrato nel progetto di Varese News quando ancora era agli inizi. Nel frattempo mi sono occupato di ricerca storica e ho collaborato con un settimanale e un quotidiano della Svizzera italiana scrivendo di cronaca e politica. Mi sono preso una pausa da Varese nel 2004. Ho lavorato per alcuni anni a Milano all'agenzia di stampa Adnkronos, con qualche stage a Roma nei palazzi della politica. Lanci di agenzia e servizi tv multimediali erano tra i miei compiti. In quegli anni ho lavorato per alcune radio anche nazionali, Radio Capital su tutte, come corrispondente locale. Ho scritto anche per un settimanale di gossip, ma sempre cronaca nera. Ed eccomi qui. Dal 2007 lavoro anche per il Corriere della sera, di cui sono corrispondente. A Varesenews sono ormai uno dei senatori. Mi occupo di cronaca nera, giudiziaria e di politica e della cronaca cittadina di Varese.","sameAs":["robertorotondo","https:\/\/twitter.com\/robertorotondo"],"url":"https:\/\/staging.varesenews.it\/persona\/roberto-rotondo\/"}]}},"post_meta":{"_edit_lock":"1461831112:50","_edit_last":"50","_category_permalink":"2","wdfb_og_title":"","wdfb_og_type":"","wdfb_og_description":"","wdfb_og_images":"a:1:{i:0;s:0:\"\";}","wdfb_og_custom_name":"a:1:{i:0;s:0:\"\";}","wdfb_og_custom_value":"a:1:{i:0;s:0:\"\";}","id_leggi_anche":"512113,512080,512977,534963,555626","foto":"534428","argomento":"Orino","_yoast_wpseo_focuskw":"coltellate","_jd_twitter":"","_jd_tweet_this":"yes","ratings_users":"0","ratings_score":"0","ratings_average":"0","_wpt_short_url":"http:\/\/www.varesenews.it\/2016\/04\/orino-coltellate-per-i-soldi\/512367\/","_wp_jd_target":"http:\/\/www.varesenews.it\/2016\/04\/orino-coltellate-per-i-soldi\/512367\/","_jd_wp_twitter":"a:1:{i:0;s:130:\"Orino, coltellate per i soldi http:\/\/www.varesenews.it\/2016\/04\/orino-coltellate-per-i-soldi\/512367\/ #accoltellamento #prolocoorino\";}","_wpt_status_message":"Tweet inviato con successo.","_yoast_wpseo_linkdex":"64"},"photos":[{"original":"https:\/\/staging.varesenews.it\/photogallery_new\/images\/2016\/04\/marijuana-orino-534428.jpg","full":"https:\/\/staging.varesenews.it\/photogallery_new\/images\/2016\/04\/marijuana-orino-534428.1024x768.jpg","large":"https:\/\/staging.varesenews.it\/photogallery_new\/images\/2016\/04\/marijuana-orino-534428.610x431.jpg"}],"_links":{"self":[{"href":"https:\/\/staging.varesenews.it\/swgapi\/v1\/wp\/v2\/posts\/512367"}],"collection":[{"href":"https:\/\/staging.varesenews.it\/swgapi\/v1\/wp\/v2\/posts"}],"about":[{"href":"https:\/\/staging.varesenews.it\/swgapi\/v1\/wp\/v2\/types\/post"}],"author":[{"embeddable":true,"href":"https:\/\/staging.varesenews.it\/swgapi\/v1\/wp\/v2\/users\/50"}],"replies":[{"embeddable":true,"href":"https:\/\/staging.varesenews.it\/swgapi\/v1\/wp\/v2\/comments?post=512367"}],"version-history":[{"count":0,"href":"https:\/\/staging.varesenews.it\/swgapi\/v1\/wp\/v2\/posts\/512367\/revisions"}],"wp:attachment":[{"href":"https:\/\/staging.varesenews.it\/swgapi\/v1\/wp\/v2\/media?parent=512367"}],"wp:term":[{"taxonomy":"category","embeddable":true,"href":"https:\/\/staging.varesenews.it\/swgapi\/v1\/wp\/v2\/categories?post=512367"},{"taxonomy":"post_tag","embeddable":true,"href":"https:\/\/staging.varesenews.it\/swgapi\/v1\/wp\/v2\/tags?post=512367"}],"curies":[{"name":"wp","href":"https:\/\/api.w.org\/{rel}","templated":true}]}}