{"id":512523,"date":"2016-04-27T15:19:49","date_gmt":"2016-04-27T13:19:49","guid":{"rendered":"http:\/\/www.varesenews.it\/?p=512523"},"modified":"2016-04-27T15:40:28","modified_gmt":"2016-04-27T13:40:28","slug":"a-origgio-i-re-delle-moto-customizzate","status":"publish","type":"post","link":"https:\/\/staging.varesenews.it\/2016\/04\/a-origgio-i-re-delle-moto-customizzate\/512523\/","title":{"rendered":"A Origgio i re delle moto customizzate"},"content":{"rendered":"<p><strong>A Origgio il re delle moto &#8220;customizzate&#8221;<\/strong>. Si tratta dell<strong>&#8216;OMT Garage<\/strong> che nella serata di marted\u00ec 26 aprile ha vinto il singolare contest per appassionati di moto <strong>&#8220;Lord of the bikes&#8221;<\/strong>, in onda su Sky Uno Hd da diverse settimane. Il programma televisivo prevedeva una sfida a eliminazione tra diversi garage e appassionati che, a ogni confronto, <strong>dovevano personalizzare una moto messa a disposizione da Moto Guzzi.<\/strong><\/p>\n<p>Nella serata di marted\u00ec si \u00e8 svolta la finale e<strong> l&#8217;OMT Garage, di cui sono proprietari Marco e Mario Troiano, hanno vinto il primo titolo italiano<\/strong> del format televisivo che da anni prosegue con successo negli Stati Uniti. Nelle foto si pu\u00f2 vedere <strong>la personalizzazione della moto che ha vinto il contest.<\/strong> Per l&#8217;occasione al Garage di Origgio si \u00e8 svolta una grande festa con centinaia di persone presenti.<\/p>\n<p>Per i due fratelli Troiano<strong> \u00e8 un altro sogno che si realizza,<\/strong> per una passione che viene portata avanti da anni. Infatti, entrare nel capannone\/garage dei fratelli Troiano<strong> \u00e8 come entrare in un pezzo di mitologia alla \u201cEasy rider<\/strong>\u201d il film di Dennis Hopper che ha lanciato il mito della libert\u00e0 su due ruote: oltre al bar con tanto di hot dog e caff\u00e8, ci sono locandine cinematografiche, statue di Elvis, ambientazioni espositive di Harley vecchie anche 30 anni, e molto altro. <div class=\"photo-inside-post\"><img decoding=\"async\" loading=\"lazy\" fetchpriority=\"low\" width=\"610\" height=\"431\" src=\"https:\/\/staging.varesenews.it\/photogallery_new\/images\/2016\/04\/a-origgio-i-re-delle-moto-customizzate-534542.610x431.jpg\" alt=\"A Origgio i re delle moto customizzate\"><\/div><\/p>\n<p>\u00ab\u00c8 stata una bellissima vittoria &#8211; commentano ancora increduli -. <strong>Un successo non aspettato, molto sofferto perch\u00e9 i contendenti erano tutti fortissimi.<\/strong> Siamo contenti che molti sacrifici siano stati ripagati!A dimostrazione del fatto che che<strong> quando si fa un lavoro con passione<\/strong> e solo successivamente per lucro, questi sono i risultati\u00bb.<\/p>\n<p><strong>La descrizione della moto vincitrice apparsa sulla pagina ufficiale Facebook di Moto Guzzi<\/strong>: \u00abUna moto per il gentleman che vuole una cavalcatura diversa da quella di chiunque altro. Signore e signori, ecco a voi Silver Knight, la Moto Guzzi V9 altamente personalizzata da OMT Garage: una custom che vuole essere una celebrazione delle moto da corsa d\u2019epoca, ma che spinge allo stesso tempo sull\u2019acceleratore dell\u2019unicit\u00e0 e della sportivit\u00e0.\u00a0Per questo i fratelli Troiano hanno lavorato per sottrazioni successive, allo scopo di non lasciare sulla moto nulla pi\u00f9 dell\u2019indispensabile. La Silver Knight \u00e8 una moto austera, per un biker dall\u2019estetica minimale. Il telaio \u00e8 stato irrigidito, cos\u00ec come il forcellone posteriore, su cui lavora, in bellissima esposizione, il mono-ammortizzatore. La forcella \u00e8 stata sostituita con un\u2019unit\u00e0 a molle. Le ruote originali hanno entrambe ceduto il posto a cerchioni da 19 pollici, lenticolari; una misura solitamente inusuale per il posteriore, dove il mozzo centrale del cerchio, ricavato dal pieno in ergal, \u00e8 stato lavorato e fresato per essere accoppiato al giunto cardanico.\u00a0Il serbatoio in alluminio, pi\u00f9 piccolo rispetto al modello di serie, \u00e8 stato costruito a mano in officina. La generale pulizia della linea prevede l\u2019occultamento della parte funzionale in favore della dimensione estetica: i comandi a scomparsa sul manubrio, ad esempio, seguono questa filosofia radicale. Senza dubbio, la Silver Knight \u00e8 una moto per il gentleman amante dell\u2019estetica pura, da sfoggiare senza compromessi.\u00a0Regina fra le bellissime, \u00e8 lei la vincitrice della prima edizione di Lord of the Bikes\u00bb.<\/p>\n","protected":false},"excerpt":{"rendered":"<p>I fratelli Troiano dell&#8217;OMT Garage hanno vinto il contest di Sky &#8220;Lord of the bikes&#8221;: &#8220;Una vittoria fantastica per un lavoro fatto con passione&#8221;<\/p>\n","protected":false},"author":51,"featured_media":0,"comment_status":"open","ping_status":"open","sticky":false,"template":"","format":"standard","meta":{"footnotes":""},"categories":[26,5],"tags":[2854,60492],"acf":[],"yoast_head":"<!-- This site is optimized with the Yoast SEO plugin v20.1 - https:\/\/yoast.com\/wordpress\/plugins\/seo\/ -->\n<title>A Origgio i re delle moto customizzate<\/title>\n<meta name=\"description\" content=\"I fratelli Troiano dell&#039;OMT Garage hanno vinto il contest di Sky &quot;Lord of the bikes&quot;: &quot;Una vittoria fantastica per un lavoro fatto con passione&quot;\" \/>\n<meta name=\"robots\" content=\"noindex, follow, max-snippet:-1, max-image-preview:large, max-video-preview:-1\" \/>\n<meta property=\"og:locale\" content=\"it_IT\" \/>\n<meta property=\"og:type\" content=\"article\" \/>\n<meta property=\"og:title\" content=\"A Origgio i re delle moto customizzate\" \/>\n<meta property=\"og:description\" content=\"I fratelli Troiano dell&#039;OMT Garage hanno vinto il contest di Sky &quot;Lord of the bikes&quot;: &quot;Una vittoria fantastica per un lavoro fatto con passione&quot;\" \/>\n<meta property=\"og:url\" content=\"https:\/\/staging.varesenews.it\/2016\/04\/a-origgio-i-re-delle-moto-customizzate\/512523\/\" \/>\n<meta property=\"og:site_name\" content=\"VareseNews\" \/>\n<meta property=\"article:publisher\" content=\"https:\/\/www.facebook.com\/varesenews\" \/>\n<meta property=\"article:author\" content=\"https:\/\/www.facebook.com\/manuel.sgarella\" \/>\n<meta property=\"article:published_time\" content=\"2016-04-27T13:19:49+00:00\" \/>\n<meta property=\"article:modified_time\" content=\"2016-04-27T13:40:28+00:00\" \/>\n<meta name=\"author\" content=\"Manuel Sgarella\" \/>\n<meta name=\"twitter:card\" content=\"summary_large_image\" \/>\n<meta name=\"twitter:creator\" content=\"@Sgarel\" \/>\n<meta name=\"twitter:site\" content=\"@varesenews\" \/>\n<meta name=\"twitter:label1\" content=\"Scritto da\" \/>\n\t<meta name=\"twitter:data1\" content=\"Manuel Sgarella\" \/>\n\t<meta name=\"twitter:label2\" content=\"Tempo di lettura stimato\" \/>\n\t<meta name=\"twitter:data2\" content=\"3 minuti\" \/>\n<script type=\"application\/ld+json\" class=\"yoast-schema-graph\">{\"@context\":\"https:\/\/schema.org\",\"@graph\":[{\"@type\":\"WebPage\",\"@id\":\"https:\/\/staging.varesenews.it\/2016\/04\/a-origgio-i-re-delle-moto-customizzate\/512523\/\",\"url\":\"https:\/\/staging.varesenews.it\/2016\/04\/a-origgio-i-re-delle-moto-customizzate\/512523\/\",\"name\":\"A Origgio i re delle moto customizzate\",\"isPartOf\":{\"@id\":\"https:\/\/staging.varesenews.it\/#website\"},\"datePublished\":\"2016-04-27T13:19:49+00:00\",\"dateModified\":\"2016-04-27T13:40:28+00:00\",\"author\":{\"@id\":\"https:\/\/staging.varesenews.it\/#\/schema\/person\/1ec987bf360cbcf5fab38b0367dbc9d4\"},\"description\":\"I fratelli Troiano dell'OMT Garage hanno vinto il contest di Sky \\\"Lord of the bikes\\\": \\\"Una vittoria fantastica per un lavoro fatto con passione\\\"\",\"breadcrumb\":{\"@id\":\"https:\/\/staging.varesenews.it\/2016\/04\/a-origgio-i-re-delle-moto-customizzate\/512523\/#breadcrumb\"},\"inLanguage\":\"it-IT\",\"potentialAction\":[{\"@type\":\"ReadAction\",\"target\":[\"https:\/\/staging.varesenews.it\/2016\/04\/a-origgio-i-re-delle-moto-customizzate\/512523\/\"]}]},{\"@type\":\"BreadcrumbList\",\"@id\":\"https:\/\/staging.varesenews.it\/2016\/04\/a-origgio-i-re-delle-moto-customizzate\/512523\/#breadcrumb\",\"itemListElement\":[{\"@type\":\"ListItem\",\"position\":1,\"name\":\"Home\",\"item\":\"https:\/\/www.varesenews.it\/\"},{\"@type\":\"ListItem\",\"position\":2,\"name\":\"A Origgio i re delle moto customizzate\"}]},{\"@type\":\"WebSite\",\"@id\":\"https:\/\/staging.varesenews.it\/#website\",\"url\":\"https:\/\/staging.varesenews.it\/\",\"name\":\"VareseNews\",\"description\":\"\",\"potentialAction\":[{\"@type\":\"SearchAction\",\"target\":{\"@type\":\"EntryPoint\",\"urlTemplate\":\"https:\/\/staging.varesenews.it\/?s={search_term_string}\"},\"query-input\":\"required name=search_term_string\"}],\"inLanguage\":\"it-IT\"},{\"@type\":\"Person\",\"@id\":\"https:\/\/staging.varesenews.it\/#\/schema\/person\/1ec987bf360cbcf5fab38b0367dbc9d4\",\"name\":\"Manuel Sgarella\",\"image\":{\"@type\":\"ImageObject\",\"inLanguage\":\"it-IT\",\"@id\":\"https:\/\/staging.varesenews.it\/#\/schema\/person\/image\/\",\"url\":\"https:\/\/staging.varesenews.it\/wp-content\/uploads\/2020\/12\/manuel_sgarella_colori_500.jpg\",\"contentUrl\":\"https:\/\/staging.varesenews.it\/wp-content\/uploads\/2020\/12\/manuel_sgarella_colori_500.jpg\",\"caption\":\"Manuel Sgarella\"},\"description\":\"A VareseNews dal 1999, da quando ho iniziato a collaborare per la pagina del cinema. Col tempo mi sono occupato della cronaca del territorio di Saronno-Tradate e dell'organizzazione di alcuni progetti speciali di VareseNews, tra cui la produzione del film Digitalife. Dal 2009 sono giornalista professionista. Diplomato alla Civica scuola del cinema di Milano, coltivo da sempre una passione per tutto quello che &egrave; narrazione, soprattutto per film e serie tv. Dal 2014 Pubblico romanzi come autore indipendente.&nbsp;\",\"sameAs\":[\"https:\/\/www.facebook.com\/manuel.sgarella\",\"Sgarel\",\"https:\/\/twitter.com\/Sgarel\"],\"url\":\"https:\/\/staging.varesenews.it\/persona\/manuel-sgarella1\/\"}]}<\/script>\n<!-- \/ Yoast SEO plugin. -->","yoast_head_json":{"title":"A Origgio i re delle moto customizzate","description":"I fratelli Troiano dell'OMT Garage hanno vinto il contest di Sky \"Lord of the bikes\": \"Una vittoria fantastica per un lavoro fatto con passione\"","robots":{"index":"noindex","follow":"follow","max-snippet":"max-snippet:-1","max-image-preview":"max-image-preview:large","max-video-preview":"max-video-preview:-1"},"og_locale":"it_IT","og_type":"article","og_title":"A Origgio i re delle moto customizzate","og_description":"I fratelli Troiano dell'OMT Garage hanno vinto il contest di Sky \"Lord of the bikes\": \"Una vittoria fantastica per un lavoro fatto con passione\"","og_url":"https:\/\/staging.varesenews.it\/2016\/04\/a-origgio-i-re-delle-moto-customizzate\/512523\/","og_site_name":"VareseNews","article_publisher":"https:\/\/www.facebook.com\/varesenews","article_author":"https:\/\/www.facebook.com\/manuel.sgarella","article_published_time":"2016-04-27T13:19:49+00:00","article_modified_time":"2016-04-27T13:40:28+00:00","author":"Manuel Sgarella","twitter_card":"summary_large_image","twitter_creator":"@Sgarel","twitter_site":"@varesenews","twitter_misc":{"Scritto da":"Manuel Sgarella","Tempo di lettura stimato":"3 minuti"},"schema":{"@context":"https:\/\/schema.org","@graph":[{"@type":"WebPage","@id":"https:\/\/staging.varesenews.it\/2016\/04\/a-origgio-i-re-delle-moto-customizzate\/512523\/","url":"https:\/\/staging.varesenews.it\/2016\/04\/a-origgio-i-re-delle-moto-customizzate\/512523\/","name":"A Origgio i re delle moto customizzate","isPartOf":{"@id":"https:\/\/staging.varesenews.it\/#website"},"datePublished":"2016-04-27T13:19:49+00:00","dateModified":"2016-04-27T13:40:28+00:00","author":{"@id":"https:\/\/staging.varesenews.it\/#\/schema\/person\/1ec987bf360cbcf5fab38b0367dbc9d4"},"description":"I fratelli Troiano dell'OMT Garage hanno vinto il contest di Sky \"Lord of the bikes\": \"Una vittoria fantastica per un lavoro fatto con passione\"","breadcrumb":{"@id":"https:\/\/staging.varesenews.it\/2016\/04\/a-origgio-i-re-delle-moto-customizzate\/512523\/#breadcrumb"},"inLanguage":"it-IT","potentialAction":[{"@type":"ReadAction","target":["https:\/\/staging.varesenews.it\/2016\/04\/a-origgio-i-re-delle-moto-customizzate\/512523\/"]}]},{"@type":"BreadcrumbList","@id":"https:\/\/staging.varesenews.it\/2016\/04\/a-origgio-i-re-delle-moto-customizzate\/512523\/#breadcrumb","itemListElement":[{"@type":"ListItem","position":1,"name":"Home","item":"https:\/\/www.varesenews.it\/"},{"@type":"ListItem","position":2,"name":"A Origgio i re delle moto customizzate"}]},{"@type":"WebSite","@id":"https:\/\/staging.varesenews.it\/#website","url":"https:\/\/staging.varesenews.it\/","name":"VareseNews","description":"","potentialAction":[{"@type":"SearchAction","target":{"@type":"EntryPoint","urlTemplate":"https:\/\/staging.varesenews.it\/?s={search_term_string}"},"query-input":"required name=search_term_string"}],"inLanguage":"it-IT"},{"@type":"Person","@id":"https:\/\/staging.varesenews.it\/#\/schema\/person\/1ec987bf360cbcf5fab38b0367dbc9d4","name":"Manuel Sgarella","image":{"@type":"ImageObject","inLanguage":"it-IT","@id":"https:\/\/staging.varesenews.it\/#\/schema\/person\/image\/","url":"https:\/\/staging.varesenews.it\/wp-content\/uploads\/2020\/12\/manuel_sgarella_colori_500.jpg","contentUrl":"https:\/\/staging.varesenews.it\/wp-content\/uploads\/2020\/12\/manuel_sgarella_colori_500.jpg","caption":"Manuel Sgarella"},"description":"A VareseNews dal 1999, da quando ho iniziato a collaborare per la pagina del cinema. Col tempo mi sono occupato della cronaca del territorio di Saronno-Tradate e dell'organizzazione di alcuni progetti speciali di VareseNews, tra cui la produzione del film Digitalife. Dal 2009 sono giornalista professionista. Diplomato alla Civica scuola del cinema di Milano, coltivo da sempre una passione per tutto quello che &egrave; narrazione, soprattutto per film e serie tv. Dal 2014 Pubblico romanzi come autore indipendente.&nbsp;","sameAs":["https:\/\/www.facebook.com\/manuel.sgarella","Sgarel","https:\/\/twitter.com\/Sgarel"],"url":"https:\/\/staging.varesenews.it\/persona\/manuel-sgarella1\/"}]}},"post_meta":{"_edit_lock":"1461764893:51","_edit_last":"51","_category_permalink":"5","ratings_users":"0","ratings_score":"0","ratings_average":"0","wdfb_og_title":"","wdfb_og_type":"","wdfb_og_description":"","wdfb_og_images":"a:1:{i:0;s:0:\"\";}","wdfb_og_custom_name":"a:1:{i:0;s:0:\"\";}","wdfb_og_custom_value":"a:1:{i:0;s:0:\"\";}","foto":"534543","id_link_fotogallery":"512533","argomento":"Origgio","_jd_twitter":"","_jd_tweet_this":"yes","_wpt_short_url":"http:\/\/www.varesenews.it\/2016\/04\/a-origgio-i-re-delle-moto-customizzate\/512523\/","_wp_jd_target":"http:\/\/www.varesenews.it\/2016\/04\/a-origgio-i-re-delle-moto-customizzate\/512523\/","_jd_wp_twitter":"a:1:{i:0;s:135:\"A Origgio i re delle moto customizzate http:\/\/www.varesenews.it\/2016\/04\/a-origgio-i-re-delle-moto-customizzate\/512523\/ #moto #omtgarage\";}","_wpt_status_message":"Tweet inviato con successo."},"photos":[{"original":"https:\/\/staging.varesenews.it\/photogallery_new\/images\/2016\/04\/a-origgio-i-re-delle-moto-customizzate-534543.jpg","full":"https:\/\/staging.varesenews.it\/photogallery_new\/images\/2016\/04\/a-origgio-i-re-delle-moto-customizzate-534543.1024x768.jpg","large":"https:\/\/staging.varesenews.it\/photogallery_new\/images\/2016\/04\/a-origgio-i-re-delle-moto-customizzate-534543.610x431.jpg"}],"_links":{"self":[{"href":"https:\/\/staging.varesenews.it\/swgapi\/v1\/wp\/v2\/posts\/512523"}],"collection":[{"href":"https:\/\/staging.varesenews.it\/swgapi\/v1\/wp\/v2\/posts"}],"about":[{"href":"https:\/\/staging.varesenews.it\/swgapi\/v1\/wp\/v2\/types\/post"}],"author":[{"embeddable":true,"href":"https:\/\/staging.varesenews.it\/swgapi\/v1\/wp\/v2\/users\/51"}],"replies":[{"embeddable":true,"href":"https:\/\/staging.varesenews.it\/swgapi\/v1\/wp\/v2\/comments?post=512523"}],"version-history":[{"count":0,"href":"https:\/\/staging.varesenews.it\/swgapi\/v1\/wp\/v2\/posts\/512523\/revisions"}],"wp:attachment":[{"href":"https:\/\/staging.varesenews.it\/swgapi\/v1\/wp\/v2\/media?parent=512523"}],"wp:term":[{"taxonomy":"category","embeddable":true,"href":"https:\/\/staging.varesenews.it\/swgapi\/v1\/wp\/v2\/categories?post=512523"},{"taxonomy":"post_tag","embeddable":true,"href":"https:\/\/staging.varesenews.it\/swgapi\/v1\/wp\/v2\/tags?post=512523"}],"curies":[{"name":"wp","href":"https:\/\/api.w.org\/{rel}","templated":true}]}}