{"id":512893,"date":"2016-04-28T15:01:56","date_gmt":"2016-04-28T13:01:56","guid":{"rendered":"http:\/\/www.varesenews.it\/?p=512893"},"modified":"2016-04-28T15:01:56","modified_gmt":"2016-04-28T13:01:56","slug":"lefficienza-energetica-in-tre-mosse","status":"publish","type":"post","link":"https:\/\/staging.varesenews.it\/2016\/04\/lefficienza-energetica-in-tre-mosse\/512893\/","title":{"rendered":"L&#8217;efficienza energetica in tre mosse"},"content":{"rendered":"<p>Led o lampade alogene? Pannelli solari o fonti tradizionali? Scegliere la soluzione migliore per la propria azienda (ma vale anche per le case e il luoghi pubblici) non \u00e8 sempre semplice e risparmiatori di energia non ci si improvvisa. Anzi,\u00a0un po&#8217; come ricordava\u00a0anni fa la pubblicit\u00e0 di noto un tour operator, il fai da te\u00a0spesso\u00a0non \u00e8 la scelta migliore.<\/p>\n<p>Secondo <strong>Nino Di Franco di Enea<\/strong>, (Agenzia nazionale per le nuove tecnologie, l&#8217;energia e lo sviluppo sostenibile) tra i relatori del primo <strong>Efficiency Day<\/strong>, organizzato dall&#8217;Unione industriali della provincia di Varese e da Spi Power, la divisione energia di Spi, Servizi e Promozioni industriali Srl,\u00a0questa mattina alla Liuc di Castellanza, <strong>la consapevolezza \u00e8 il requisito fondamentale<\/strong> per avviare gli interventi che potrebbero consentire alla propria azienda di risparmiare in energia.<\/p>\n<p>\u00abSe parliamo di efficienza energetica &#8211; ha spiegato &#8211; ci sono tre pilastri che devono essere sempre considerati: l&#8217;economia, la tecnica e la diagnosi, senza questi siamo fuori strada\u00bb. In dettaglio:<\/p>\n<p><strong>DEVE ESSERCI UN GUADAGNO<\/strong> &#8211; \u00abEssere energicamente efficienti non \u00e8 semplice e costa, bisogna saperlo. Per questo motivo \u00e8 importante misurare anche la convenienza economica di un determinato intervento: bisogna darsi un limite temporale e analizzare la differenza tra il costo per l&#8217;investimento iniziale e il risparmio che ne otterremo, in altre parole\u00a0il\u00a0valore attuale netto. E solo se i benefici sono maggiori dell&#8217;investimento l&#8217;intervento \u00e8 conveniente in caso contrario \u00e8 meglio lasciar perdere\u00bb.<\/p>\n<p><strong>RICETTE PERSONALIZZATE<\/strong> &#8211; \u00abChi fa la diagnosi energetica o vuole individuare l&#8217;intervento da realizzare\u00a0deve conoscere l&#8217;offerta del mercato per capire\u00a0quali sono le soluzioni migliori per la propria realt\u00e0. Non esistono soluzioni universali, ognuno deve trovare le misure pi\u00f9 adeguate. Esistono due tipi di interventi: le misure orizzontali, ossia quelle che possono essere applicate ovunque e le misure verticali, una serie di interventi tipici, che si adattano ad esempio ad uno specifico settore\u00bb.<\/p>\n<p><a href=\"http:\/\/www.varesenews.it\/2015\/09\/bollette-piu-leggere-si-puo-grazie-ai-dottori-dellenergia\/403504\/\"><strong>DIAGNOSI ENERGETICA<\/strong><\/a> &#8211; \u00ab\u00c8 fondamentale che prima di attuare\u00a0qualsiasi intervento si conosca perfettamente la tipologia di fabbisogno energetico della propria impresa. La diagnosi energetica \u00e8 il primo passo per capire dove e come si pu\u00f2 effettivamente risparmiare. Soltanto con la consapevolezza della propria situazione si potr\u00e0 scegliere le soluzioni migliori\u00bb.<\/p>\n","protected":false},"excerpt":{"rendered":"<p>Valgono per le aziende ma si possono applicare anche alla casa e ai luoghi pubblici, i consigli di Nino Di Franco (Enea) tra i relatori del primo Efficiency Day<\/p>\n","protected":false},"author":43,"featured_media":0,"comment_status":"open","ping_status":"open","sticky":false,"template":"","format":"standard","meta":{"footnotes":""},"categories":[4,15,1,22],"tags":[53762,3030,52070,588],"acf":[],"yoast_head":"<!-- This site is optimized with the Yoast SEO plugin v20.1 - https:\/\/yoast.com\/wordpress\/plugins\/seo\/ -->\n<title>L&#039;efficienza energetica in tre mosse<\/title>\n<meta name=\"description\" content=\"Valgono per le aziende ma si possono applicare anche alla casa e ai luoghi pubblici, i consigli di Nino Di Franco (Enea) tra i relatori del primo Efficiency Day\" \/>\n<meta name=\"robots\" content=\"noindex, follow, max-snippet:-1, max-image-preview:large, max-video-preview:-1\" \/>\n<meta property=\"og:locale\" content=\"it_IT\" \/>\n<meta property=\"og:type\" content=\"article\" \/>\n<meta property=\"og:title\" content=\"L&#039;efficienza energetica in tre mosse\" \/>\n<meta property=\"og:description\" content=\"Valgono per le aziende ma si possono applicare anche alla casa e ai luoghi pubblici, i consigli di Nino Di Franco (Enea) tra i relatori del primo Efficiency Day\" \/>\n<meta property=\"og:url\" content=\"https:\/\/staging.varesenews.it\/2016\/04\/lefficienza-energetica-in-tre-mosse\/512893\/\" \/>\n<meta property=\"og:site_name\" content=\"VareseNews\" \/>\n<meta property=\"article:publisher\" content=\"https:\/\/www.facebook.com\/varesenews\" \/>\n<meta property=\"article:author\" content=\"https:\/\/www.facebook.com\/mariacarla.cebrelli\" \/>\n<meta property=\"article:published_time\" content=\"2016-04-28T13:01:56+00:00\" \/>\n<meta name=\"author\" content=\"Maria Carla Cebrelli\" \/>\n<meta name=\"twitter:card\" content=\"summary_large_image\" \/>\n<meta name=\"twitter:creator\" content=\"@pikapiketti\" \/>\n<meta name=\"twitter:site\" content=\"@varesenews\" \/>\n<meta name=\"twitter:label1\" content=\"Scritto da\" \/>\n\t<meta name=\"twitter:data1\" content=\"Maria Carla Cebrelli\" \/>\n\t<meta name=\"twitter:label2\" content=\"Tempo di lettura stimato\" \/>\n\t<meta name=\"twitter:data2\" content=\"2 minuti\" \/>\n<script type=\"application\/ld+json\" class=\"yoast-schema-graph\">{\"@context\":\"https:\/\/schema.org\",\"@graph\":[{\"@type\":\"WebPage\",\"@id\":\"https:\/\/staging.varesenews.it\/2016\/04\/lefficienza-energetica-in-tre-mosse\/512893\/\",\"url\":\"https:\/\/staging.varesenews.it\/2016\/04\/lefficienza-energetica-in-tre-mosse\/512893\/\",\"name\":\"L'efficienza energetica in tre mosse\",\"isPartOf\":{\"@id\":\"https:\/\/staging.varesenews.it\/#website\"},\"datePublished\":\"2016-04-28T13:01:56+00:00\",\"dateModified\":\"2016-04-28T13:01:56+00:00\",\"author\":{\"@id\":\"https:\/\/staging.varesenews.it\/#\/schema\/person\/5bf790e99d7ec50061119cc825c454de\"},\"description\":\"Valgono per le aziende ma si possono applicare anche alla casa e ai luoghi pubblici, i consigli di Nino Di Franco (Enea) tra i relatori del primo Efficiency Day\",\"breadcrumb\":{\"@id\":\"https:\/\/staging.varesenews.it\/2016\/04\/lefficienza-energetica-in-tre-mosse\/512893\/#breadcrumb\"},\"inLanguage\":\"it-IT\",\"potentialAction\":[{\"@type\":\"ReadAction\",\"target\":[\"https:\/\/staging.varesenews.it\/2016\/04\/lefficienza-energetica-in-tre-mosse\/512893\/\"]}]},{\"@type\":\"BreadcrumbList\",\"@id\":\"https:\/\/staging.varesenews.it\/2016\/04\/lefficienza-energetica-in-tre-mosse\/512893\/#breadcrumb\",\"itemListElement\":[{\"@type\":\"ListItem\",\"position\":1,\"name\":\"Home\",\"item\":\"https:\/\/www.varesenews.it\/\"},{\"@type\":\"ListItem\",\"position\":2,\"name\":\"L&#8217;efficienza energetica in tre mosse\"}]},{\"@type\":\"WebSite\",\"@id\":\"https:\/\/staging.varesenews.it\/#website\",\"url\":\"https:\/\/staging.varesenews.it\/\",\"name\":\"VareseNews\",\"description\":\"\",\"potentialAction\":[{\"@type\":\"SearchAction\",\"target\":{\"@type\":\"EntryPoint\",\"urlTemplate\":\"https:\/\/staging.varesenews.it\/?s={search_term_string}\"},\"query-input\":\"required name=search_term_string\"}],\"inLanguage\":\"it-IT\"},{\"@type\":\"Person\",\"@id\":\"https:\/\/staging.varesenews.it\/#\/schema\/person\/5bf790e99d7ec50061119cc825c454de\",\"name\":\"Maria Carla Cebrelli\",\"image\":{\"@type\":\"ImageObject\",\"inLanguage\":\"it-IT\",\"@id\":\"https:\/\/staging.varesenews.it\/#\/schema\/person\/image\/\",\"url\":\"https:\/\/staging.varesenews.it\/wp-content\/uploads\/2020\/12\/mariacarla_cebrelli_colori_500-1.jpg\",\"contentUrl\":\"https:\/\/staging.varesenews.it\/wp-content\/uploads\/2020\/12\/mariacarla_cebrelli_colori_500-1.jpg\",\"caption\":\"Maria Carla Cebrelli\"},\"description\":\"Economista di formazione, giornalista per passione. A VareseNews dal 2005, mi sono occupata negli anni di universit&agrave;, tematiche di confine, news locali e comunicazione nel settore sociale. Attualmente sono responsabile di VerbanoNews, del canale di VareseNews dedicato al Turismo e seguo i social dell'area business.\",\"sameAs\":[\"https:\/\/www.facebook.com\/mariacarla.cebrelli\",\"pikapiketti\",\"https:\/\/twitter.com\/pikapiketti\"],\"url\":\"https:\/\/staging.varesenews.it\/persona\/mariacarla-cebrelli1\/\"}]}<\/script>\n<!-- \/ Yoast SEO plugin. -->","yoast_head_json":{"title":"L'efficienza energetica in tre mosse","description":"Valgono per le aziende ma si possono applicare anche alla casa e ai luoghi pubblici, i consigli di Nino Di Franco (Enea) tra i relatori del primo Efficiency Day","robots":{"index":"noindex","follow":"follow","max-snippet":"max-snippet:-1","max-image-preview":"max-image-preview:large","max-video-preview":"max-video-preview:-1"},"og_locale":"it_IT","og_type":"article","og_title":"L'efficienza energetica in tre mosse","og_description":"Valgono per le aziende ma si possono applicare anche alla casa e ai luoghi pubblici, i consigli di Nino Di Franco (Enea) tra i relatori del primo Efficiency Day","og_url":"https:\/\/staging.varesenews.it\/2016\/04\/lefficienza-energetica-in-tre-mosse\/512893\/","og_site_name":"VareseNews","article_publisher":"https:\/\/www.facebook.com\/varesenews","article_author":"https:\/\/www.facebook.com\/mariacarla.cebrelli","article_published_time":"2016-04-28T13:01:56+00:00","author":"Maria Carla Cebrelli","twitter_card":"summary_large_image","twitter_creator":"@pikapiketti","twitter_site":"@varesenews","twitter_misc":{"Scritto da":"Maria Carla Cebrelli","Tempo di lettura stimato":"2 minuti"},"schema":{"@context":"https:\/\/schema.org","@graph":[{"@type":"WebPage","@id":"https:\/\/staging.varesenews.it\/2016\/04\/lefficienza-energetica-in-tre-mosse\/512893\/","url":"https:\/\/staging.varesenews.it\/2016\/04\/lefficienza-energetica-in-tre-mosse\/512893\/","name":"L'efficienza energetica in tre mosse","isPartOf":{"@id":"https:\/\/staging.varesenews.it\/#website"},"datePublished":"2016-04-28T13:01:56+00:00","dateModified":"2016-04-28T13:01:56+00:00","author":{"@id":"https:\/\/staging.varesenews.it\/#\/schema\/person\/5bf790e99d7ec50061119cc825c454de"},"description":"Valgono per le aziende ma si possono applicare anche alla casa e ai luoghi pubblici, i consigli di Nino Di Franco (Enea) tra i relatori del primo Efficiency Day","breadcrumb":{"@id":"https:\/\/staging.varesenews.it\/2016\/04\/lefficienza-energetica-in-tre-mosse\/512893\/#breadcrumb"},"inLanguage":"it-IT","potentialAction":[{"@type":"ReadAction","target":["https:\/\/staging.varesenews.it\/2016\/04\/lefficienza-energetica-in-tre-mosse\/512893\/"]}]},{"@type":"BreadcrumbList","@id":"https:\/\/staging.varesenews.it\/2016\/04\/lefficienza-energetica-in-tre-mosse\/512893\/#breadcrumb","itemListElement":[{"@type":"ListItem","position":1,"name":"Home","item":"https:\/\/www.varesenews.it\/"},{"@type":"ListItem","position":2,"name":"L&#8217;efficienza energetica in tre mosse"}]},{"@type":"WebSite","@id":"https:\/\/staging.varesenews.it\/#website","url":"https:\/\/staging.varesenews.it\/","name":"VareseNews","description":"","potentialAction":[{"@type":"SearchAction","target":{"@type":"EntryPoint","urlTemplate":"https:\/\/staging.varesenews.it\/?s={search_term_string}"},"query-input":"required name=search_term_string"}],"inLanguage":"it-IT"},{"@type":"Person","@id":"https:\/\/staging.varesenews.it\/#\/schema\/person\/5bf790e99d7ec50061119cc825c454de","name":"Maria Carla Cebrelli","image":{"@type":"ImageObject","inLanguage":"it-IT","@id":"https:\/\/staging.varesenews.it\/#\/schema\/person\/image\/","url":"https:\/\/staging.varesenews.it\/wp-content\/uploads\/2020\/12\/mariacarla_cebrelli_colori_500-1.jpg","contentUrl":"https:\/\/staging.varesenews.it\/wp-content\/uploads\/2020\/12\/mariacarla_cebrelli_colori_500-1.jpg","caption":"Maria Carla Cebrelli"},"description":"Economista di formazione, giornalista per passione. A VareseNews dal 2005, mi sono occupata negli anni di universit&agrave;, tematiche di confine, news locali e comunicazione nel settore sociale. Attualmente sono responsabile di VerbanoNews, del canale di VareseNews dedicato al Turismo e seguo i social dell'area business.","sameAs":["https:\/\/www.facebook.com\/mariacarla.cebrelli","pikapiketti","https:\/\/twitter.com\/pikapiketti"],"url":"https:\/\/staging.varesenews.it\/persona\/mariacarla-cebrelli1\/"}]}},"post_meta":{"_edit_lock":"1461848543:43","_edit_last":"43","_category_permalink":"15","ratings_users":"0","ratings_score":"0","ratings_average":"0","wdfb_og_title":"","wdfb_og_type":"","wdfb_og_description":"","wdfb_og_images":"a:1:{i:0;s:0:\"\";}","wdfb_og_custom_name":"a:1:{i:0;s:0:\"\";}","wdfb_og_custom_value":"a:1:{i:0;s:0:\"\";}","foto":"501948","argomento":"Economia","_jd_twitter":"","_jd_tweet_this":"yes","_wpt_short_url":"http:\/\/www.varesenews.it\/2016\/04\/lefficienza-energetica-in-tre-mosse\/512893\/","_wp_jd_target":"http:\/\/www.varesenews.it\/2016\/04\/lefficienza-energetica-in-tre-mosse\/512893\/","_jd_wp_twitter":"a:1:{i:0;s:139:\"L'efficienza energetica in tre mosse http:\/\/www.varesenews.it\/2016\/04\/lefficienza-energetica-in-tre-mosse\/512893\/ #energia #spiuniva #univa\";}","_wpt_status_message":"Tweet inviato con successo.","id_leggi_anche":"512939"},"photos":[{"original":"https:\/\/staging.varesenews.it\/photogallery_new\/images\/2015\/12\/energia-501948.jpg","full":"https:\/\/staging.varesenews.it\/photogallery_new\/images\/2015\/12\/energia-501948.1024x768.jpg","large":"https:\/\/staging.varesenews.it\/photogallery_new\/images\/2015\/12\/energia-501948.610x431.jpg"}],"_links":{"self":[{"href":"https:\/\/staging.varesenews.it\/swgapi\/v1\/wp\/v2\/posts\/512893"}],"collection":[{"href":"https:\/\/staging.varesenews.it\/swgapi\/v1\/wp\/v2\/posts"}],"about":[{"href":"https:\/\/staging.varesenews.it\/swgapi\/v1\/wp\/v2\/types\/post"}],"author":[{"embeddable":true,"href":"https:\/\/staging.varesenews.it\/swgapi\/v1\/wp\/v2\/users\/43"}],"replies":[{"embeddable":true,"href":"https:\/\/staging.varesenews.it\/swgapi\/v1\/wp\/v2\/comments?post=512893"}],"version-history":[{"count":0,"href":"https:\/\/staging.varesenews.it\/swgapi\/v1\/wp\/v2\/posts\/512893\/revisions"}],"wp:attachment":[{"href":"https:\/\/staging.varesenews.it\/swgapi\/v1\/wp\/v2\/media?parent=512893"}],"wp:term":[{"taxonomy":"category","embeddable":true,"href":"https:\/\/staging.varesenews.it\/swgapi\/v1\/wp\/v2\/categories?post=512893"},{"taxonomy":"post_tag","embeddable":true,"href":"https:\/\/staging.varesenews.it\/swgapi\/v1\/wp\/v2\/tags?post=512893"}],"curies":[{"name":"wp","href":"https:\/\/api.w.org\/{rel}","templated":true}]}}