{"id":52030,"date":"2013-09-18T00:00:00","date_gmt":"2013-09-18T00:00:00","guid":{"rendered":""},"modified":"2013-09-18T00:00:00","modified_gmt":"2013-09-18T00:00:00","slug":"davide-pojer-al-lavoro-con-il-mondiale-nel-mirino","status":"publish","type":"post","link":"https:\/\/staging.varesenews.it\/2013\/09\/davide-pojer-al-lavoro-con-il-mondiale-nel-mirino\/52030\/","title":{"rendered":"Davide Pojer al lavoro con il Mondiale nel mirino"},"content":{"rendered":"<p><img loading=\"lazy\" decoding=\"async\" border=\"1\" hspace=\"5\" vspace=\"5\" align=\"right\" width=\"230\" height=\"315\" alt=\"\" src=\"https:\/\/www3.varesenews.it\/immagini_articoli\/201309\/tmax600x480_1307317930_2.jpg\" \/>La <strong>strada per le Hawaii parte da Varese <\/strong>e, almeno nel caso di <strong>Davide Pojer, passa dalla Svizzera<\/strong>. Non stiamo certo parlando di trasporti, &egrave; chiaro, ma di triathlon, lo sport in cui eccelle questo atleta che il prossimo 23 ottobre sar&agrave; al via del <strong>Campionato del Mondo della specialit&agrave; XTerra <\/strong>organizzato a Maui, una delle isole che appartengono all&#8217;arcipelago situato nel bel mezzo del Pacifico. Pojer &egrave;<strong> tra le punte di diamante della Varese Triathlon <\/strong>e ha conquistato il pass per le Hawaii grazie a una grande prestazione arrivata a fine giugno nella gara di qualificazione che si disputa nei pressi di Losanna.<br \/>\n<strong>L&#8217;XTerra &egrave; una variante molto impegnativa e pi&ugrave; &quot;impervia&quot; rispetto al triathlon olimpico<\/strong>: gli atleti devno infatti percorrere 1.500 metri a nuoto, 30 chilometri in mountain bike e 10 a piedi, ma su percorsi sterrati. Nella prova svizzera Pojer ha completato il percorso in <strong>2h 30&#8242; 22&quot;<\/strong> ed &egrave; risultato il miglior italiano, quarto della propria categoria e <strong>39&deg; assoluto<\/strong> in una giornata caratterizzata da pioggia e freddo. Da allora Davide, <strong>classe 1977, ha iniziato gli allenamenti per preparare al meglio la prova iridata, <\/strong>affiancato dai compagni di squadra e dai dirigenti della Varese Triathlon&nbsp;oltre che di alcuni sponsor che lo accompagneranno nell&#8217;avventura hawaiiana.&nbsp;Il percorso di Maui &#8211; si disputa nella <strong>zona di Kapalua<\/strong>, famosa per i suoi bellissimi green da golf &#8211; si&nbsp;preannuncia insidioso, con tratti in grado di mettere in difficolt&agrave; anche i triathleti pi&ugrave; forti;&nbsp;<strong>Pojer per&ograve;&nbsp;non si spaventa <\/strong>e non &egrave; nuovo a imprese simili ed avendo gi&agrave;&nbsp;un&nbsp;palmares ad alto livello, che conta anche un titolo mondiale master nel canottaggio.<\/p>\n","protected":false},"excerpt":{"rendered":"<p>Il 36enne varesino parteciper\u00e0 alla rassegna iridati della specialit\u00e0 XTerra che si disputa alle Hawaii. Dopo la qualificazione, ottenuta a fine giugno, \u00e8 iniziata la lunga preparazione fisica<\/p>\n","protected":false},"author":10,"featured_media":0,"comment_status":"open","ping_status":"open","sticky":false,"template":"","format":"standard","meta":{"footnotes":""},"categories":[14],"tags":[938,14028],"acf":[],"yoast_head":"<!-- This site is optimized with the Yoast SEO plugin v20.1 - https:\/\/yoast.com\/wordpress\/plugins\/seo\/ -->\n<title>Davide Pojer al lavoro con il Mondiale nel mirino<\/title>\n<meta name=\"description\" content=\"Il 36enne varesino parteciper\u00e0 alla rassegna iridati della specialit\u00e0 XTerra che si disputa alle Hawaii. Dopo la qualificazione, ottenuta a fine giugno, \u00e8 iniziata la lunga preparazione fisica\" \/>\n<meta name=\"robots\" content=\"noindex, follow, max-snippet:-1, max-image-preview:large, max-video-preview:-1\" \/>\n<meta property=\"og:locale\" content=\"it_IT\" \/>\n<meta property=\"og:type\" content=\"article\" \/>\n<meta property=\"og:title\" content=\"Davide Pojer al lavoro con il Mondiale nel mirino\" \/>\n<meta property=\"og:description\" content=\"Il 36enne varesino parteciper\u00e0 alla rassegna iridati della specialit\u00e0 XTerra che si disputa alle Hawaii. Dopo la qualificazione, ottenuta a fine giugno, \u00e8 iniziata la lunga preparazione fisica\" \/>\n<meta property=\"og:url\" content=\"https:\/\/staging.varesenews.it\/2013\/09\/davide-pojer-al-lavoro-con-il-mondiale-nel-mirino\/52030\/\" \/>\n<meta property=\"og:site_name\" content=\"VareseNews\" \/>\n<meta property=\"article:publisher\" content=\"https:\/\/www.facebook.com\/varesenews\" \/>\n<meta property=\"article:published_time\" content=\"2013-09-18T00:00:00+00:00\" \/>\n<meta property=\"og:image\" content=\"https:\/\/www3.varesenews.it\/immagini_articoli\/201309\/tmax600x480_1307317930_2.jpg\" \/>\n<meta name=\"author\" content=\"Redazione VareseNews\" \/>\n<meta name=\"twitter:card\" content=\"summary_large_image\" \/>\n<meta name=\"twitter:creator\" content=\"@varesenews\" \/>\n<meta name=\"twitter:site\" content=\"@varesenews\" \/>\n<meta name=\"twitter:label1\" content=\"Scritto da\" \/>\n\t<meta name=\"twitter:data1\" content=\"Redazione VareseNews\" \/>\n\t<meta name=\"twitter:label2\" content=\"Tempo di lettura stimato\" \/>\n\t<meta name=\"twitter:data2\" content=\"1 minuto\" \/>\n<script type=\"application\/ld+json\" class=\"yoast-schema-graph\">{\"@context\":\"https:\/\/schema.org\",\"@graph\":[{\"@type\":\"WebPage\",\"@id\":\"https:\/\/staging.varesenews.it\/2013\/09\/davide-pojer-al-lavoro-con-il-mondiale-nel-mirino\/52030\/\",\"url\":\"https:\/\/staging.varesenews.it\/2013\/09\/davide-pojer-al-lavoro-con-il-mondiale-nel-mirino\/52030\/\",\"name\":\"Davide Pojer al lavoro con il Mondiale nel mirino\",\"isPartOf\":{\"@id\":\"https:\/\/staging.varesenews.it\/#website\"},\"datePublished\":\"2013-09-18T00:00:00+00:00\",\"dateModified\":\"2013-09-18T00:00:00+00:00\",\"author\":{\"@id\":\"https:\/\/staging.varesenews.it\/#\/schema\/person\/fb20c4da0b7b16c291707a20db73e169\"},\"description\":\"Il 36enne varesino parteciper\u00e0 alla rassegna iridati della specialit\u00e0 XTerra che si disputa alle Hawaii. Dopo la qualificazione, ottenuta a fine giugno, \u00e8 iniziata la lunga preparazione fisica\",\"breadcrumb\":{\"@id\":\"https:\/\/staging.varesenews.it\/2013\/09\/davide-pojer-al-lavoro-con-il-mondiale-nel-mirino\/52030\/#breadcrumb\"},\"inLanguage\":\"it-IT\",\"potentialAction\":[{\"@type\":\"ReadAction\",\"target\":[\"https:\/\/staging.varesenews.it\/2013\/09\/davide-pojer-al-lavoro-con-il-mondiale-nel-mirino\/52030\/\"]}]},{\"@type\":\"BreadcrumbList\",\"@id\":\"https:\/\/staging.varesenews.it\/2013\/09\/davide-pojer-al-lavoro-con-il-mondiale-nel-mirino\/52030\/#breadcrumb\",\"itemListElement\":[{\"@type\":\"ListItem\",\"position\":1,\"name\":\"Home\",\"item\":\"https:\/\/www.varesenews.it\/\"},{\"@type\":\"ListItem\",\"position\":2,\"name\":\"Davide Pojer al lavoro con il Mondiale nel mirino\"}]},{\"@type\":\"WebSite\",\"@id\":\"https:\/\/staging.varesenews.it\/#website\",\"url\":\"https:\/\/staging.varesenews.it\/\",\"name\":\"VareseNews\",\"description\":\"\",\"potentialAction\":[{\"@type\":\"SearchAction\",\"target\":{\"@type\":\"EntryPoint\",\"urlTemplate\":\"https:\/\/staging.varesenews.it\/?s={search_term_string}\"},\"query-input\":\"required name=search_term_string\"}],\"inLanguage\":\"it-IT\"},{\"@type\":\"Person\",\"@id\":\"https:\/\/staging.varesenews.it\/#\/schema\/person\/fb20c4da0b7b16c291707a20db73e169\",\"name\":\"Redazione VareseNews\",\"image\":{\"@type\":\"ImageObject\",\"inLanguage\":\"it-IT\",\"@id\":\"https:\/\/staging.varesenews.it\/#\/schema\/person\/image\/\",\"url\":\"https:\/\/staging.varesenews.it\/wp-content\/uploads\/2020\/12\/logo_VN_colori_500.png\",\"contentUrl\":\"https:\/\/staging.varesenews.it\/wp-content\/uploads\/2020\/12\/logo_VN_colori_500.png\",\"caption\":\"Redazione VareseNews\"},\"url\":\"https:\/\/staging.varesenews.it\/persona\/redazione1\/\"}]}<\/script>\n<!-- \/ Yoast SEO plugin. -->","yoast_head_json":{"title":"Davide Pojer al lavoro con il Mondiale nel mirino","description":"Il 36enne varesino parteciper\u00e0 alla rassegna iridati della specialit\u00e0 XTerra che si disputa alle Hawaii. Dopo la qualificazione, ottenuta a fine giugno, \u00e8 iniziata la lunga preparazione fisica","robots":{"index":"noindex","follow":"follow","max-snippet":"max-snippet:-1","max-image-preview":"max-image-preview:large","max-video-preview":"max-video-preview:-1"},"og_locale":"it_IT","og_type":"article","og_title":"Davide Pojer al lavoro con il Mondiale nel mirino","og_description":"Il 36enne varesino parteciper\u00e0 alla rassegna iridati della specialit\u00e0 XTerra che si disputa alle Hawaii. Dopo la qualificazione, ottenuta a fine giugno, \u00e8 iniziata la lunga preparazione fisica","og_url":"https:\/\/staging.varesenews.it\/2013\/09\/davide-pojer-al-lavoro-con-il-mondiale-nel-mirino\/52030\/","og_site_name":"VareseNews","article_publisher":"https:\/\/www.facebook.com\/varesenews","article_published_time":"2013-09-18T00:00:00+00:00","og_image":[{"url":"https:\/\/www3.varesenews.it\/immagini_articoli\/201309\/tmax600x480_1307317930_2.jpg"}],"author":"Redazione VareseNews","twitter_card":"summary_large_image","twitter_creator":"@varesenews","twitter_site":"@varesenews","twitter_misc":{"Scritto da":"Redazione VareseNews","Tempo di lettura stimato":"1 minuto"},"schema":{"@context":"https:\/\/schema.org","@graph":[{"@type":"WebPage","@id":"https:\/\/staging.varesenews.it\/2013\/09\/davide-pojer-al-lavoro-con-il-mondiale-nel-mirino\/52030\/","url":"https:\/\/staging.varesenews.it\/2013\/09\/davide-pojer-al-lavoro-con-il-mondiale-nel-mirino\/52030\/","name":"Davide Pojer al lavoro con il Mondiale nel mirino","isPartOf":{"@id":"https:\/\/staging.varesenews.it\/#website"},"datePublished":"2013-09-18T00:00:00+00:00","dateModified":"2013-09-18T00:00:00+00:00","author":{"@id":"https:\/\/staging.varesenews.it\/#\/schema\/person\/fb20c4da0b7b16c291707a20db73e169"},"description":"Il 36enne varesino parteciper\u00e0 alla rassegna iridati della specialit\u00e0 XTerra che si disputa alle Hawaii. Dopo la qualificazione, ottenuta a fine giugno, \u00e8 iniziata la lunga preparazione fisica","breadcrumb":{"@id":"https:\/\/staging.varesenews.it\/2013\/09\/davide-pojer-al-lavoro-con-il-mondiale-nel-mirino\/52030\/#breadcrumb"},"inLanguage":"it-IT","potentialAction":[{"@type":"ReadAction","target":["https:\/\/staging.varesenews.it\/2013\/09\/davide-pojer-al-lavoro-con-il-mondiale-nel-mirino\/52030\/"]}]},{"@type":"BreadcrumbList","@id":"https:\/\/staging.varesenews.it\/2013\/09\/davide-pojer-al-lavoro-con-il-mondiale-nel-mirino\/52030\/#breadcrumb","itemListElement":[{"@type":"ListItem","position":1,"name":"Home","item":"https:\/\/www.varesenews.it\/"},{"@type":"ListItem","position":2,"name":"Davide Pojer al lavoro con il Mondiale nel mirino"}]},{"@type":"WebSite","@id":"https:\/\/staging.varesenews.it\/#website","url":"https:\/\/staging.varesenews.it\/","name":"VareseNews","description":"","potentialAction":[{"@type":"SearchAction","target":{"@type":"EntryPoint","urlTemplate":"https:\/\/staging.varesenews.it\/?s={search_term_string}"},"query-input":"required name=search_term_string"}],"inLanguage":"it-IT"},{"@type":"Person","@id":"https:\/\/staging.varesenews.it\/#\/schema\/person\/fb20c4da0b7b16c291707a20db73e169","name":"Redazione VareseNews","image":{"@type":"ImageObject","inLanguage":"it-IT","@id":"https:\/\/staging.varesenews.it\/#\/schema\/person\/image\/","url":"https:\/\/staging.varesenews.it\/wp-content\/uploads\/2020\/12\/logo_VN_colori_500.png","contentUrl":"https:\/\/staging.varesenews.it\/wp-content\/uploads\/2020\/12\/logo_VN_colori_500.png","caption":"Redazione VareseNews"},"url":"https:\/\/staging.varesenews.it\/persona\/redazione1\/"}]}},"post_meta":{"id_old":"271502","argomento":"Triathlon","autore_old":"d. f.","id_link_fotogallery":"298604"},"photos":[],"_links":{"self":[{"href":"https:\/\/staging.varesenews.it\/swgapi\/v1\/wp\/v2\/posts\/52030"}],"collection":[{"href":"https:\/\/staging.varesenews.it\/swgapi\/v1\/wp\/v2\/posts"}],"about":[{"href":"https:\/\/staging.varesenews.it\/swgapi\/v1\/wp\/v2\/types\/post"}],"author":[{"embeddable":true,"href":"https:\/\/staging.varesenews.it\/swgapi\/v1\/wp\/v2\/users\/10"}],"replies":[{"embeddable":true,"href":"https:\/\/staging.varesenews.it\/swgapi\/v1\/wp\/v2\/comments?post=52030"}],"version-history":[{"count":0,"href":"https:\/\/staging.varesenews.it\/swgapi\/v1\/wp\/v2\/posts\/52030\/revisions"}],"wp:attachment":[{"href":"https:\/\/staging.varesenews.it\/swgapi\/v1\/wp\/v2\/media?parent=52030"}],"wp:term":[{"taxonomy":"category","embeddable":true,"href":"https:\/\/staging.varesenews.it\/swgapi\/v1\/wp\/v2\/categories?post=52030"},{"taxonomy":"post_tag","embeddable":true,"href":"https:\/\/staging.varesenews.it\/swgapi\/v1\/wp\/v2\/tags?post=52030"}],"curies":[{"name":"wp","href":"https:\/\/api.w.org\/{rel}","templated":true}]}}