{"id":520360,"date":"2016-05-20T16:28:43","date_gmt":"2016-05-20T14:28:43","guid":{"rendered":"http:\/\/www.varesenews.it\/?p=520360"},"modified":"2016-05-20T16:28:43","modified_gmt":"2016-05-20T14:28:43","slug":"il-weekend-pop-di-busto-arsizio","status":"publish","type":"post","link":"https:\/\/staging.varesenews.it\/2016\/05\/il-weekend-pop-di-busto-arsizio\/520360\/","title":{"rendered":"Il weekend &#8220;pop&#8221; di Busto Arsizio"},"content":{"rendered":"<p>Di seguito le iniziative previste nel prossimo week end, realizzate, coordinate o patrocinate dall&#8217;Amministrazione Comunale in collaborazione con le associazioni locali.<\/p>\n<p style=\"text-align: center;\"><strong>DA VENERDI&#8217; 20 A DOMENICA 22<\/strong><\/p>\n<p><em>Teatro s. Giovanni Bosco \u2013 via Bergamo, 12<\/em><br \/>\n<b>Rassegna teatrale \u201cBuona la prima \u2013 il teatro di Claudio\u201d<\/b>, organizzata da P.A.D. (A.S.D. ProPatria Polisportiva Disabili Onlus). I riflettori saranno puntati su diverse compagnie di attori diversamente abili. La rassegna \u00e8 inserita nei festeggiamenti del 50esimo anno di attivit\u00e0 del centro A.I.A.S. ed \u00e8 dedicata al volontario Claudio De Bernardi, prematuramente scomparso.<\/p>\n<p>Il programma \u00e8 il seguente:<\/p>\n<p>&#8211; venerd\u00ec 20 alle 20.45: \u201cUn sussurro nel cuore\u201d di \u201cInsieme \u00e8 bello\u201d<br \/>\n&#8211; sabato 21 alle 20.45: \u201cLe tre piume\u201d di A.F.P.D.<br \/>\n&#8211; domenica 22 alle 17.00: \u201cCon le ali\u201d di \u201cAnffas Ticino\u201d e \u201cAssociazione Culturale Radice Timbrica\u201d<br \/>\n&#8211; domenica 22 alle 17.45: \u201cPinocchio\u201d di \u201cIl Granello\u201d<\/p>\n<p style=\"text-align: center;\"><strong>VENERDI&#8217; 20<\/strong><\/p>\n<p><em>Dalle 21.00, sala delle Feste del Museo del Tessile<\/em><br \/>\n<b>\u201cNotte dei campioni\u201d<\/b>. Busto Arsizio celebra i suoi campioni del passato e del presente con un\u2019 iniziativa dedicata agli atleti, nati in citt\u00e0 o cresciuti nelle societ\u00e0 sportive cittadine, che hanno conquistato titoli italiani, europei o addirittura mondiali. Parteciperanno Pietro Rosanna, campione di biliardo, Paolo Villa e Massimiliano Cagelli per il nuoto, il primatista di apnea profonda Gianluca Genoni, il campioni di karate della polisportiva \u201cBudokan\u201d Andrea Grasselli e Alessandra Lazzarin, il pattinatore artistico Marco Frattolillo, le pattinatrici free style dell&#8217;Accademia Bustese Sara Barlocco e Chiara Lualdi, Chiara Stefanazzi per il twirling e Antonio De Tommaso e Massimo Roggiero per la motonautica. Sar\u00e0 inoltre presente la Unendo Yamamay.<\/p>\n<p><em>Dalle 21.00, Teatro Sociale \u201cDelia Cajelli\u201d<br \/>\n<\/em><b>Spettacolo teatrale \u00abCarpe Diem \u2013 Cogli l\u2019attimo, ragazzo!\u00bb<\/b>, nell\u2019ambito della stagione cittadina di \u201cBA Teatro\u201d.<br \/>\nLo spettacolo, ispirato al celebre film \u201cL\u2019attimo fuggente\u201d, mette in scena la vicenda dell\u2019eccentrico professor Leonardi (Igino Poratatadino), insegnante capace di trasmettere ai suoi alunni una lezione pi\u00f9 importante di quella impressa sulle pagine di un libro. La rappresentazione \u00e8 il saggio di fine anno del laboratorio di recitazione per adolescenti e giovani \u00abIl metodo\u00bb, condotto e coordinato da Marina De Juli per conto dell\u2019impresa sociale Il Teatro Sociale Srl e con il contributo economico della Fondazione Comunitaria del Varesotto Onlus. L\u2019ingresso \u00e8 libero e gratuito.<\/p>\n<p><em>Dalle 21.00, Sala Tramogge dei Molini Marzoli \u2013 via Molino, 1<br \/>\n<\/em>Il <b>Festival Chitarristico Bustese<\/b> prosegue con il concerto del celebre maestro russo Rovshan Mamedkuliev, artista con all\u2019attivo pi\u00f9 di 20 premi in competizioni chitarristiche nazionali e internazionali. Il Festival, che ha lo scopo di promuovere la conoscenza di chitarristi di fama internazionale, fa parte della rassegna \u201cIncontri Chitarristici e Mandolinistici Bustesi\u201d organizzata dai Mandolinisti Bustesi con in contributo del Comune. Ingresso libero e gratuito.<\/p>\n<p style=\"text-align: center;\"><b>SABATO\u00a021 MAGGIO<\/b><\/p>\n<p><em>Dalle 10.00 alle 13.00, via XX settembre, 80<br \/>\n<\/em><b>Open day della Scuola dell\u2019Infanzia \u201cVilla Sioli\u201d<\/b>, rivolto a bambini e bambine di et\u00e0 compresa tra i 2 e 3 anni. I pi\u00f9 piccoli si divertiranno con tanti laboratori e con dolci sorprese. Per informazioni e prenotazioni: 0331 620144, da luned\u00ec e venerd\u00ec dalle 9.30 alle 15.00.<\/p>\n<p><em>Dalle 16.00 alle 18.00, Museo del Tessile \u2013 Via Volta, 6<br \/>\n<\/em><b>Identit\u00e0 tessile: dalla fibra all\u2019etichetta<\/b>. Ritorna l\u2019appuntamento con il ciclo di incontri sulla cultura del tessile, organizzati da Bottega Artigiana in collaborazione con l\u2019Associazione ex allievi e sostenitori dell\u2019ITIS Facchinetti con lo scopo di far conoscere le principali caratteristiche di manufatti coi quali ciascuno di noi entra in contatto ogni giorno, in modo da valutarne le caratteristiche di salubrit\u00e0 e di qualit\u00e0. Questo pomeriggio il docente Aurelio Tessaro parler\u00e0 di \u201cProcessi di tintura\u201d. Per informazioni ed iscrizioni: infobottegartigiana@gmail.com.<\/p>\n<p><em>Dalle 17.00 alle 19.00, piazza s. Maria<br \/>\n<\/em>Il Comitato commercianti centro cittadino, in collaborazione con il Distretto del Commercio, organizza una <b>sfilata di moda<\/b>. Parteciperanno a questa iniziativa vari negozi del centro cittadino, fra cui Brums, Imperial, Ruggieri, Tosi Tessuti, Ottica Rocchitelli, L\u2019arte del regalo, Fiorista De Bernardi.<\/p>\n<p><em>Dalle 10.00 alle 13.00, Campus Pro Patria Judo \u2013 via Luigi Settembrini, 33 (anche domenica)<br \/>\n<\/em><b>Progetto \u201cDonna sicura\u201d<\/b>. Presa in considerazione la drammatica realt\u00e0 delle aggressioni maschili ai danni delle donne, Il Campus Pro Patria Judo ssd offre alle donne residenti in citt\u00e0 un servizio gratuito: quattro incontri di difesa personale. Si terranno una introduzione psicologica e un\u2019analisi degli aspetti giuridici della questione. Quindi, con Luciano Peritore, istruttore di Krav-Maga, la disciplina di autodifesa dell\u2019esercito israeliano, si studieranno e metteranno in pratica varie tecniche di autodifesa, con simulazioni di possibili scenari. Gli ultimi due appuntamenti si terranno il weekend del 28-29 maggio secondo gli stessi orari. Il corso \u00e8 gratuito e a numero chiuso con prenotazione obbligatoria.<\/p>\n<p><em>Dalle 19.00 di sabato 21, p.za s. Giovanni<br \/>\n<\/em><b>\u201cPop art invasion\u201d<\/b>. La pop art di Mario Lodola invade il centro di Busto in una mostra di sculture luminose, organizzata dalla galleria Deodato Arte di Milano in collaborazione con Kerakoll Design House e Ceramiche &amp; Co. Lodola \u00e8 un artista conosciuto in tutto il mondo grazie alle sue sculture in perspex e neon dai colori vivaci e dalle sagome ben definite. Le sue opere sono un inno al tempo libero, rappresentato da ballerini e da coppie che scorrazzano sulla vespa, ma anche dai Beatles, gli Oasis e Michael Jackson.<\/p>\n<p style=\"text-align: center;\"><strong>DOMENICA 22 MAGGIO<\/strong><\/p>\n<p><em>Dalle 13.00 alle 20.00, palestra del Liceo Scientifico A. Tosi \u2013 via Ferrini, 42<br \/>\n<\/em>Pallacanestro Busto Arsizio Associazione Dilettantistica in collaborazione con Ardor Basket organizza il saggio sportivo di fine anno di <b>minibasket<\/b> e le premiazioni delle categorie giovanili.<\/p>\n<p><em>Dalle 14.00, partenza dalla Cascinetta del Parco Altomilanese \u2013 via Guerrini, 40, Bust<\/em>o<br \/>\n<b>Primo appuntamento con il cicloturismo: \u201cRinascimento a confronto. Tra Busto Arsizio e Legnano\u201d<\/b>. Quali connessioni artistiche possiamo trovare tra Busto Arsizio e Legnano? Potremo scoprirlo con i nuovi itinerari di Cicloturismo 2016, che ci guideranno alla scoperta di analogie e differenze tra storia e arte nella nostra Citt\u00e0 e nel territorio. Ogni itinerario sar\u00e0 strutturato in due appuntamenti: una visita guidata presso un punto di interesse di Busto e una successiva escursione fuori Citt\u00e0.<\/p>\n<p><em>Dalle 15.30 alle 17.00, parco del Museo del Tessile \u2013 via Volta, 6\/8<br \/>\n<\/em>Si terr\u00e0 una nuova <b>\u201cGiocomerenda\u201d <\/b>per bambini dai 4 ai 10 anni. Il tema sar\u00e0 \u201cArtisti e natura\u201d: \u00abCielo, nuvole, alberi\u2026come gli artisti del passato, lasciamoci ispirare da ci\u00f2 che ci circonda e improvvisiamoci pittori <i>en plein air<\/i>. Con una speciale cornice, inquadriamo un pezzetto di natura e sperimentiamo la pittura all\u2019aria aperta, creando il nostro paesaggio seguendo l\u2019ispirazione del momento!\u00bb. Al termine si far\u00e0 merenda al Museo. Partecipazione libera e gratuita.<\/p>\n<p style=\"text-align: center;\"><b>MOSTRE<\/b><\/p>\n<p><b>Fino a domenica 29 maggio<br \/>\n<\/b>Palazzo Cicogna \u2013 P.za Vittorio Emanuele II<br \/>\n<b>Mostra di Giovanni Beluffi<\/b> \u201cArtisticamente in Valle Olona\u201d.<br \/>\nLa mostra inaugurata sabato 30 aprile sar\u00e0 a ingresso libero e sar\u00e0 aperta nei seguenti orari: marted\u00ec-sabato 15.00-19.00, venerd\u00ec: 10.00-13.00, domenica 16.00-19.00. Presso il Museo \u00e8 disponibile il catalogo, con introduzione del Sindaco di Busto Arsizio Gigi Farioli e dell\u2019Assessore all\u2019Educazione, Biblioteca e Musei Claudio Fantinati e contributi critici di Ettore Ceriani e Alessandra Claudia Croci.<\/p>\n<p style=\"text-align: center;\"><b>FESTE RIONALI O PATRONALI<\/b><\/p>\n<p><b>Da gioved\u00ec 19 maggio a domenica 5 giugno<br \/>\n<\/b>Parco Campione di Borsano, via Madonna del Monte &#8211; Festa rionale del Club Borsanese Folclore e Sport.<\/p>\n<p><b>Da sabato 21 maggio a domenica 5 giugno<br \/>\n<\/b>Parrocchia di s. Maria Regina &#8211; Festa Patronale e festa Acli.<\/p>\n","protected":false},"excerpt":{"rendered":"<p>Tra la notte dei campioni, gli spettacoli teatrali, le sfilate di moda e le mostre sar\u00e0 un weekend senza un attimo di pausa quello che aspetta la citt\u00e0<\/p>\n","protected":false},"author":42,"featured_media":0,"comment_status":"open","ping_status":"open","sticky":false,"template":"","format":"standard","meta":{"footnotes":""},"categories":[4,21],"tags":[],"acf":[],"yoast_head":"<!-- This site is optimized with the Yoast SEO plugin v20.1 - https:\/\/yoast.com\/wordpress\/plugins\/seo\/ -->\n<title>Il weekend &quot;pop&quot; di Busto Arsizio<\/title>\n<meta name=\"description\" content=\"Tra la notte dei campioni, gli spettacoli teatrali, le sfilate di moda e le mostre sar\u00e0 un weekend senza un attimo di pausa quello che aspetta la citt\u00e0\" \/>\n<meta name=\"robots\" content=\"noindex, follow, max-snippet:-1, max-image-preview:large, max-video-preview:-1\" \/>\n<meta property=\"og:locale\" content=\"it_IT\" \/>\n<meta property=\"og:type\" content=\"article\" \/>\n<meta property=\"og:title\" content=\"Il weekend &quot;pop&quot; di Busto Arsizio\" \/>\n<meta property=\"og:description\" content=\"Tra la notte dei campioni, gli spettacoli teatrali, le sfilate di moda e le mostre sar\u00e0 un weekend senza un attimo di pausa quello che aspetta la citt\u00e0\" \/>\n<meta property=\"og:url\" content=\"https:\/\/staging.varesenews.it\/2016\/05\/il-weekend-pop-di-busto-arsizio\/520360\/\" \/>\n<meta property=\"og:site_name\" content=\"VareseNews\" \/>\n<meta property=\"article:publisher\" content=\"https:\/\/www.facebook.com\/varesenews\" \/>\n<meta property=\"article:published_time\" content=\"2016-05-20T14:28:43+00:00\" \/>\n<meta name=\"author\" content=\"Marco Corso\" \/>\n<meta name=\"twitter:card\" content=\"summary_large_image\" \/>\n<meta name=\"twitter:creator\" content=\"@varesenews\" \/>\n<meta name=\"twitter:site\" content=\"@varesenews\" \/>\n<meta name=\"twitter:label1\" content=\"Scritto da\" \/>\n\t<meta name=\"twitter:data1\" content=\"Marco Corso\" \/>\n\t<meta name=\"twitter:label2\" content=\"Tempo di lettura stimato\" \/>\n\t<meta name=\"twitter:data2\" content=\"6 minuti\" \/>\n<script type=\"application\/ld+json\" class=\"yoast-schema-graph\">{\"@context\":\"https:\/\/schema.org\",\"@graph\":[{\"@type\":\"WebPage\",\"@id\":\"https:\/\/staging.varesenews.it\/2016\/05\/il-weekend-pop-di-busto-arsizio\/520360\/\",\"url\":\"https:\/\/staging.varesenews.it\/2016\/05\/il-weekend-pop-di-busto-arsizio\/520360\/\",\"name\":\"Il weekend \\\"pop\\\" di Busto Arsizio\",\"isPartOf\":{\"@id\":\"https:\/\/staging.varesenews.it\/#website\"},\"datePublished\":\"2016-05-20T14:28:43+00:00\",\"dateModified\":\"2016-05-20T14:28:43+00:00\",\"author\":{\"@id\":\"https:\/\/staging.varesenews.it\/#\/schema\/person\/f0b866bf1a4a7b2b1558574309a927fa\"},\"description\":\"Tra la notte dei campioni, gli spettacoli teatrali, le sfilate di moda e le mostre sar\u00e0 un weekend senza un attimo di pausa quello che aspetta la citt\u00e0\",\"breadcrumb\":{\"@id\":\"https:\/\/staging.varesenews.it\/2016\/05\/il-weekend-pop-di-busto-arsizio\/520360\/#breadcrumb\"},\"inLanguage\":\"it-IT\",\"potentialAction\":[{\"@type\":\"ReadAction\",\"target\":[\"https:\/\/staging.varesenews.it\/2016\/05\/il-weekend-pop-di-busto-arsizio\/520360\/\"]}]},{\"@type\":\"BreadcrumbList\",\"@id\":\"https:\/\/staging.varesenews.it\/2016\/05\/il-weekend-pop-di-busto-arsizio\/520360\/#breadcrumb\",\"itemListElement\":[{\"@type\":\"ListItem\",\"position\":1,\"name\":\"Home\",\"item\":\"https:\/\/www.varesenews.it\/\"},{\"@type\":\"ListItem\",\"position\":2,\"name\":\"Il weekend &#8220;pop&#8221; di Busto Arsizio\"}]},{\"@type\":\"WebSite\",\"@id\":\"https:\/\/staging.varesenews.it\/#website\",\"url\":\"https:\/\/staging.varesenews.it\/\",\"name\":\"VareseNews\",\"description\":\"\",\"potentialAction\":[{\"@type\":\"SearchAction\",\"target\":{\"@type\":\"EntryPoint\",\"urlTemplate\":\"https:\/\/staging.varesenews.it\/?s={search_term_string}\"},\"query-input\":\"required name=search_term_string\"}],\"inLanguage\":\"it-IT\"},{\"@type\":\"Person\",\"@id\":\"https:\/\/staging.varesenews.it\/#\/schema\/person\/f0b866bf1a4a7b2b1558574309a927fa\",\"name\":\"Marco Corso\",\"image\":{\"@type\":\"ImageObject\",\"inLanguage\":\"it-IT\",\"@id\":\"https:\/\/staging.varesenews.it\/#\/schema\/person\/image\/\",\"url\":\"https:\/\/staging.varesenews.it\/wp-content\/uploads\/2020\/12\/marco_corso_colori_500.jpg\",\"contentUrl\":\"https:\/\/staging.varesenews.it\/wp-content\/uploads\/2020\/12\/marco_corso_colori_500.jpg\",\"caption\":\"Marco Corso\"},\"description\":\"Classe 91, per diversi anni mi sono fregiato del titolo di pi&ugrave; giovane della redazione, ma adesso faccio il fratello maggiore alle nuove leve. Mi sono laureato nel 2013 in Scienze Sociali per la Globalizzazione alla Statale di Milano e nel 2015 mi sono diplomato in videogiornalismo alla Civica Scuola di Cinema di Milano. A VareseNews da 10 anni, ho seguito da sempre diversi progetti, partendo dalla mia Busto Arsizio per attraversare tutta la provincia. Adesso la \\\"sorvolo\\\" anche con il mio drone, regalando alle mie riprese sempre un punto di vista emozionale e narrativo sui luoghi e le vicende che racconto, ma rimanendo fedele alla cronaca. Quando non faccio il giornalista viaggio o mi arrampico sui monti, per guardare il mondo da altri punti di vista.\",\"sameAs\":[\"mar_corso\"],\"url\":\"https:\/\/staging.varesenews.it\/persona\/marco-corso1\/\"}]}<\/script>\n<!-- \/ Yoast SEO plugin. -->","yoast_head_json":{"title":"Il weekend \"pop\" di Busto Arsizio","description":"Tra la notte dei campioni, gli spettacoli teatrali, le sfilate di moda e le mostre sar\u00e0 un weekend senza un attimo di pausa quello che aspetta la citt\u00e0","robots":{"index":"noindex","follow":"follow","max-snippet":"max-snippet:-1","max-image-preview":"max-image-preview:large","max-video-preview":"max-video-preview:-1"},"og_locale":"it_IT","og_type":"article","og_title":"Il weekend \"pop\" di Busto Arsizio","og_description":"Tra la notte dei campioni, gli spettacoli teatrali, le sfilate di moda e le mostre sar\u00e0 un weekend senza un attimo di pausa quello che aspetta la citt\u00e0","og_url":"https:\/\/staging.varesenews.it\/2016\/05\/il-weekend-pop-di-busto-arsizio\/520360\/","og_site_name":"VareseNews","article_publisher":"https:\/\/www.facebook.com\/varesenews","article_published_time":"2016-05-20T14:28:43+00:00","author":"Marco Corso","twitter_card":"summary_large_image","twitter_creator":"@varesenews","twitter_site":"@varesenews","twitter_misc":{"Scritto da":"Marco Corso","Tempo di lettura stimato":"6 minuti"},"schema":{"@context":"https:\/\/schema.org","@graph":[{"@type":"WebPage","@id":"https:\/\/staging.varesenews.it\/2016\/05\/il-weekend-pop-di-busto-arsizio\/520360\/","url":"https:\/\/staging.varesenews.it\/2016\/05\/il-weekend-pop-di-busto-arsizio\/520360\/","name":"Il weekend \"pop\" di Busto Arsizio","isPartOf":{"@id":"https:\/\/staging.varesenews.it\/#website"},"datePublished":"2016-05-20T14:28:43+00:00","dateModified":"2016-05-20T14:28:43+00:00","author":{"@id":"https:\/\/staging.varesenews.it\/#\/schema\/person\/f0b866bf1a4a7b2b1558574309a927fa"},"description":"Tra la notte dei campioni, gli spettacoli teatrali, le sfilate di moda e le mostre sar\u00e0 un weekend senza un attimo di pausa quello che aspetta la citt\u00e0","breadcrumb":{"@id":"https:\/\/staging.varesenews.it\/2016\/05\/il-weekend-pop-di-busto-arsizio\/520360\/#breadcrumb"},"inLanguage":"it-IT","potentialAction":[{"@type":"ReadAction","target":["https:\/\/staging.varesenews.it\/2016\/05\/il-weekend-pop-di-busto-arsizio\/520360\/"]}]},{"@type":"BreadcrumbList","@id":"https:\/\/staging.varesenews.it\/2016\/05\/il-weekend-pop-di-busto-arsizio\/520360\/#breadcrumb","itemListElement":[{"@type":"ListItem","position":1,"name":"Home","item":"https:\/\/www.varesenews.it\/"},{"@type":"ListItem","position":2,"name":"Il weekend &#8220;pop&#8221; di Busto Arsizio"}]},{"@type":"WebSite","@id":"https:\/\/staging.varesenews.it\/#website","url":"https:\/\/staging.varesenews.it\/","name":"VareseNews","description":"","potentialAction":[{"@type":"SearchAction","target":{"@type":"EntryPoint","urlTemplate":"https:\/\/staging.varesenews.it\/?s={search_term_string}"},"query-input":"required name=search_term_string"}],"inLanguage":"it-IT"},{"@type":"Person","@id":"https:\/\/staging.varesenews.it\/#\/schema\/person\/f0b866bf1a4a7b2b1558574309a927fa","name":"Marco Corso","image":{"@type":"ImageObject","inLanguage":"it-IT","@id":"https:\/\/staging.varesenews.it\/#\/schema\/person\/image\/","url":"https:\/\/staging.varesenews.it\/wp-content\/uploads\/2020\/12\/marco_corso_colori_500.jpg","contentUrl":"https:\/\/staging.varesenews.it\/wp-content\/uploads\/2020\/12\/marco_corso_colori_500.jpg","caption":"Marco Corso"},"description":"Classe 91, per diversi anni mi sono fregiato del titolo di pi&ugrave; giovane della redazione, ma adesso faccio il fratello maggiore alle nuove leve. Mi sono laureato nel 2013 in Scienze Sociali per la Globalizzazione alla Statale di Milano e nel 2015 mi sono diplomato in videogiornalismo alla Civica Scuola di Cinema di Milano. A VareseNews da 10 anni, ho seguito da sempre diversi progetti, partendo dalla mia Busto Arsizio per attraversare tutta la provincia. Adesso la \"sorvolo\" anche con il mio drone, regalando alle mie riprese sempre un punto di vista emozionale e narrativo sui luoghi e le vicende che racconto, ma rimanendo fedele alla cronaca. Quando non faccio il giornalista viaggio o mi arrampico sui monti, per guardare il mondo da altri punti di vista.","sameAs":["mar_corso"],"url":"https:\/\/staging.varesenews.it\/persona\/marco-corso1\/"}]}},"post_meta":{"_edit_lock":"1463754595:42","_edit_last":"42","_category_permalink":"","wdfb_og_title":"","wdfb_og_type":"","wdfb_og_description":"","wdfb_og_images":"a:1:{i:0;s:0:\"\";}","wdfb_og_custom_name":"a:1:{i:0;s:0:\"\";}","wdfb_og_custom_value":"a:1:{i:0;s:0:\"\";}","foto":"18545","argomento":"Eventi","_jd_twitter":"","_jd_tweet_this":"yes","ratings_users":"0","ratings_score":"0","ratings_average":"0","id_leggi_anche":"520141","firma_come_redazione":"1","_wpt_short_url":"http:\/\/www.varesenews.it\/2016\/05\/il-weekend-pop-di-busto-arsizio\/520360\/","_wp_jd_target":"http:\/\/www.varesenews.it\/2016\/05\/il-weekend-pop-di-busto-arsizio\/520360\/","_jd_wp_twitter":"a:1:{i:0;s:107:\"Il weekend \"pop\" di Busto Arsizio http:\/\/www.varesenews.it\/2016\/05\/il-weekend-pop-di-busto-arsizio\/520360\/ \";}","_wpt_status_message":"Tweet inviato con successo."},"photos":[{"original":"https:\/\/staging.varesenews.it\/photogallery_new\/images\/2014\/05\/busto-arsizio-piazza-san-giovanni-centro-18545.jpg","full":"https:\/\/staging.varesenews.it\/photogallery_new\/images\/2014\/05\/busto-arsizio-piazza-san-giovanni-centro-18545.1024x768.jpg","large":"https:\/\/staging.varesenews.it\/photogallery_new\/images\/2014\/05\/busto-arsizio-piazza-san-giovanni-centro-18545.610x431.jpg"}],"_links":{"self":[{"href":"https:\/\/staging.varesenews.it\/swgapi\/v1\/wp\/v2\/posts\/520360"}],"collection":[{"href":"https:\/\/staging.varesenews.it\/swgapi\/v1\/wp\/v2\/posts"}],"about":[{"href":"https:\/\/staging.varesenews.it\/swgapi\/v1\/wp\/v2\/types\/post"}],"author":[{"embeddable":true,"href":"https:\/\/staging.varesenews.it\/swgapi\/v1\/wp\/v2\/users\/42"}],"replies":[{"embeddable":true,"href":"https:\/\/staging.varesenews.it\/swgapi\/v1\/wp\/v2\/comments?post=520360"}],"version-history":[{"count":0,"href":"https:\/\/staging.varesenews.it\/swgapi\/v1\/wp\/v2\/posts\/520360\/revisions"}],"wp:attachment":[{"href":"https:\/\/staging.varesenews.it\/swgapi\/v1\/wp\/v2\/media?parent=520360"}],"wp:term":[{"taxonomy":"category","embeddable":true,"href":"https:\/\/staging.varesenews.it\/swgapi\/v1\/wp\/v2\/categories?post=520360"},{"taxonomy":"post_tag","embeddable":true,"href":"https:\/\/staging.varesenews.it\/swgapi\/v1\/wp\/v2\/tags?post=520360"}],"curies":[{"name":"wp","href":"https:\/\/api.w.org\/{rel}","templated":true}]}}