{"id":521162,"date":"2016-05-24T10:29:55","date_gmt":"2016-05-24T08:29:55","guid":{"rendered":"http:\/\/www.varesenews.it\/?p=521162"},"modified":"2016-05-24T10:29:55","modified_gmt":"2016-05-24T08:29:55","slug":"unendo-yamamay-arriva-anche-berti","status":"publish","type":"post","link":"https:\/\/staging.varesenews.it\/2016\/05\/unendo-yamamay-arriva-anche-berti\/521162\/","title":{"rendered":"Unendo Yamamay, arriva anche Berti"},"content":{"rendered":"<p>Prosegue la costruzione della nuova rosa della Unendo Yamamay 2016\/2017. <strong>La Futura Volley annuncia l\u2019ingaggio della giovane e talentuosa centrale, Beatrice Berti <\/strong><em>(foto volleybusto.com)<\/em><strong>,<\/strong> classe 1996, che nella scorsa stagione ha vestito la maglia azzurra del Club Italia e ormai di casa al Palayamamay.<\/p>\n<p>Beatrice Berti \u00e8 cresciuta nel Club Italia, disputando il campionato di B1 nel 2013\/14, la serie A2 nel 2014\/15 (in squadra con lei c\u2019era anche la neo farfalla Ilaria Spirito) e l\u2019ultimo torneo di serie A1, realizzando 146 punti e <strong>distinguendosi particolarmente a muro<\/strong> (54 a segno, 0.61 a set e piazzandosi tra le migliori dell\u2019intero campionato).<\/p>\n<p>Nel suo personale palmares spicca anche la<strong> medaglia di bronzo al campionato mondiale 2015<\/strong> con la nazionale pre-juniores e quella Under 23.<\/p>\n<p>Alla UYBA ritrover\u00e0 coach Mencarelli ed \u00e8 pronta a lavorare tanto per continuare a crescere e raccogliere ancora tante soddisfazioni: \u00abSono molto contenta di entrare a far parte di questa grande famiglia che \u00e8 la Uyba. <strong>Non ho avuto alcun dubbio ad accettare in quanto ho sentito fin da subito<\/strong> l&#8217;interesse e la fiducia nei miei confronti sia da parte della societ\u00e0 che da parte di Mencarelli. Ho gi\u00e0 avuto la fortuna di lavorare con lui e so che \u00e8 un bravissimo allenatore con cui si hanno sempre grandi margini di miglioramento. Non vedo l&#8217;ora di iniziare questa nuova avventura e di poter salutare tutti i tifosi\u00bb.<\/p>\n","protected":false},"excerpt":{"rendered":"<p>La centrale classe 1996 proveniente dal Club Italia \u00e8 il nuovo acquisto delle Farfalle<\/p>\n","protected":false},"author":37,"featured_media":0,"comment_status":"open","ping_status":"open","sticky":false,"template":"","format":"standard","meta":{"footnotes":""},"categories":[4,14],"tags":[30454,1156],"acf":[],"yoast_head":"<!-- This site is optimized with the Yoast SEO plugin v20.1 - https:\/\/yoast.com\/wordpress\/plugins\/seo\/ -->\n<title>Unendo Yamamay, arriva anche Berti<\/title>\n<meta name=\"description\" content=\"La centrale classe 1996 proveniente dal Club Italia \u00e8 il nuovo acquisto delle Farfalle\" \/>\n<meta name=\"robots\" content=\"noindex, follow, max-snippet:-1, max-image-preview:large, max-video-preview:-1\" \/>\n<meta property=\"og:locale\" content=\"it_IT\" \/>\n<meta property=\"og:type\" content=\"article\" \/>\n<meta property=\"og:title\" content=\"Unendo Yamamay, arriva anche Berti\" \/>\n<meta property=\"og:description\" content=\"La centrale classe 1996 proveniente dal Club Italia \u00e8 il nuovo acquisto delle Farfalle\" \/>\n<meta property=\"og:url\" content=\"https:\/\/staging.varesenews.it\/2016\/05\/unendo-yamamay-arriva-anche-berti\/521162\/\" \/>\n<meta property=\"og:site_name\" content=\"VareseNews\" \/>\n<meta property=\"article:publisher\" content=\"https:\/\/www.facebook.com\/varesenews\" \/>\n<meta property=\"article:published_time\" content=\"2016-05-24T08:29:55+00:00\" \/>\n<meta name=\"author\" content=\"Francesco Mazzoleni\" \/>\n<meta name=\"twitter:card\" content=\"summary_large_image\" \/>\n<meta name=\"twitter:creator\" content=\"@fmazzof\" \/>\n<meta name=\"twitter:site\" content=\"@varesenews\" \/>\n<meta name=\"twitter:label1\" content=\"Scritto da\" \/>\n\t<meta name=\"twitter:data1\" content=\"Francesco Mazzoleni\" \/>\n\t<meta name=\"twitter:label2\" content=\"Tempo di lettura stimato\" \/>\n\t<meta name=\"twitter:data2\" content=\"1 minuto\" \/>\n<script type=\"application\/ld+json\" class=\"yoast-schema-graph\">{\"@context\":\"https:\/\/schema.org\",\"@graph\":[{\"@type\":\"WebPage\",\"@id\":\"https:\/\/staging.varesenews.it\/2016\/05\/unendo-yamamay-arriva-anche-berti\/521162\/\",\"url\":\"https:\/\/staging.varesenews.it\/2016\/05\/unendo-yamamay-arriva-anche-berti\/521162\/\",\"name\":\"Unendo Yamamay, arriva anche Berti\",\"isPartOf\":{\"@id\":\"https:\/\/staging.varesenews.it\/#website\"},\"datePublished\":\"2016-05-24T08:29:55+00:00\",\"dateModified\":\"2016-05-24T08:29:55+00:00\",\"author\":{\"@id\":\"https:\/\/staging.varesenews.it\/#\/schema\/person\/e82236e79160d30d4e1f942004ac3038\"},\"description\":\"La centrale classe 1996 proveniente dal Club Italia \u00e8 il nuovo acquisto delle Farfalle\",\"breadcrumb\":{\"@id\":\"https:\/\/staging.varesenews.it\/2016\/05\/unendo-yamamay-arriva-anche-berti\/521162\/#breadcrumb\"},\"inLanguage\":\"it-IT\",\"potentialAction\":[{\"@type\":\"ReadAction\",\"target\":[\"https:\/\/staging.varesenews.it\/2016\/05\/unendo-yamamay-arriva-anche-berti\/521162\/\"]}]},{\"@type\":\"BreadcrumbList\",\"@id\":\"https:\/\/staging.varesenews.it\/2016\/05\/unendo-yamamay-arriva-anche-berti\/521162\/#breadcrumb\",\"itemListElement\":[{\"@type\":\"ListItem\",\"position\":1,\"name\":\"Home\",\"item\":\"https:\/\/www.varesenews.it\/\"},{\"@type\":\"ListItem\",\"position\":2,\"name\":\"Unendo Yamamay, arriva anche Berti\"}]},{\"@type\":\"WebSite\",\"@id\":\"https:\/\/staging.varesenews.it\/#website\",\"url\":\"https:\/\/staging.varesenews.it\/\",\"name\":\"VareseNews\",\"description\":\"\",\"potentialAction\":[{\"@type\":\"SearchAction\",\"target\":{\"@type\":\"EntryPoint\",\"urlTemplate\":\"https:\/\/staging.varesenews.it\/?s={search_term_string}\"},\"query-input\":\"required name=search_term_string\"}],\"inLanguage\":\"it-IT\"},{\"@type\":\"Person\",\"@id\":\"https:\/\/staging.varesenews.it\/#\/schema\/person\/e82236e79160d30d4e1f942004ac3038\",\"name\":\"Francesco Mazzoleni\",\"image\":{\"@type\":\"ImageObject\",\"inLanguage\":\"it-IT\",\"@id\":\"https:\/\/staging.varesenews.it\/#\/schema\/person\/image\/\",\"url\":\"https:\/\/staging.varesenews.it\/wp-content\/uploads\/2020\/12\/francesco_mazzoleni_colori_500-1.jpg\",\"contentUrl\":\"https:\/\/staging.varesenews.it\/wp-content\/uploads\/2020\/12\/francesco_mazzoleni_colori_500-1.jpg\",\"caption\":\"Francesco Mazzoleni\"},\"description\":\"\\\"Uomo di campo\\\" della redazione sportiva. Nutro una vera passione per il calcio, che sia ad alti livelli, sui campi di provincia o in altri continenti. Sono nato a Varese nel 1984, vivo da sempre a Malnate e ho una laurea in Scienze Motorie. Ho mosso i primi passi a VareseNews da stagista nel 2002; nel 2008 ho iniziato a collaborare con maggiore continuit\u00e0 e dal 2018 sono giornalista professionista. Orgoglioso pap\u00e0 di Federico e Adelaide.\",\"sameAs\":[\"fmazzof\",\"it.linkedin.com\/in\/francescomazzolenif\",\"https:\/\/twitter.com\/fmazzof\"],\"url\":\"https:\/\/staging.varesenews.it\/persona\/francesco_mazzoleniferracini\/\"}]}<\/script>\n<!-- \/ Yoast SEO plugin. -->","yoast_head_json":{"title":"Unendo Yamamay, arriva anche Berti","description":"La centrale classe 1996 proveniente dal Club Italia \u00e8 il nuovo acquisto delle Farfalle","robots":{"index":"noindex","follow":"follow","max-snippet":"max-snippet:-1","max-image-preview":"max-image-preview:large","max-video-preview":"max-video-preview:-1"},"og_locale":"it_IT","og_type":"article","og_title":"Unendo Yamamay, arriva anche Berti","og_description":"La centrale classe 1996 proveniente dal Club Italia \u00e8 il nuovo acquisto delle Farfalle","og_url":"https:\/\/staging.varesenews.it\/2016\/05\/unendo-yamamay-arriva-anche-berti\/521162\/","og_site_name":"VareseNews","article_publisher":"https:\/\/www.facebook.com\/varesenews","article_published_time":"2016-05-24T08:29:55+00:00","author":"Francesco Mazzoleni","twitter_card":"summary_large_image","twitter_creator":"@fmazzof","twitter_site":"@varesenews","twitter_misc":{"Scritto da":"Francesco Mazzoleni","Tempo di lettura stimato":"1 minuto"},"schema":{"@context":"https:\/\/schema.org","@graph":[{"@type":"WebPage","@id":"https:\/\/staging.varesenews.it\/2016\/05\/unendo-yamamay-arriva-anche-berti\/521162\/","url":"https:\/\/staging.varesenews.it\/2016\/05\/unendo-yamamay-arriva-anche-berti\/521162\/","name":"Unendo Yamamay, arriva anche Berti","isPartOf":{"@id":"https:\/\/staging.varesenews.it\/#website"},"datePublished":"2016-05-24T08:29:55+00:00","dateModified":"2016-05-24T08:29:55+00:00","author":{"@id":"https:\/\/staging.varesenews.it\/#\/schema\/person\/e82236e79160d30d4e1f942004ac3038"},"description":"La centrale classe 1996 proveniente dal Club Italia \u00e8 il nuovo acquisto delle Farfalle","breadcrumb":{"@id":"https:\/\/staging.varesenews.it\/2016\/05\/unendo-yamamay-arriva-anche-berti\/521162\/#breadcrumb"},"inLanguage":"it-IT","potentialAction":[{"@type":"ReadAction","target":["https:\/\/staging.varesenews.it\/2016\/05\/unendo-yamamay-arriva-anche-berti\/521162\/"]}]},{"@type":"BreadcrumbList","@id":"https:\/\/staging.varesenews.it\/2016\/05\/unendo-yamamay-arriva-anche-berti\/521162\/#breadcrumb","itemListElement":[{"@type":"ListItem","position":1,"name":"Home","item":"https:\/\/www.varesenews.it\/"},{"@type":"ListItem","position":2,"name":"Unendo Yamamay, arriva anche Berti"}]},{"@type":"WebSite","@id":"https:\/\/staging.varesenews.it\/#website","url":"https:\/\/staging.varesenews.it\/","name":"VareseNews","description":"","potentialAction":[{"@type":"SearchAction","target":{"@type":"EntryPoint","urlTemplate":"https:\/\/staging.varesenews.it\/?s={search_term_string}"},"query-input":"required name=search_term_string"}],"inLanguage":"it-IT"},{"@type":"Person","@id":"https:\/\/staging.varesenews.it\/#\/schema\/person\/e82236e79160d30d4e1f942004ac3038","name":"Francesco Mazzoleni","image":{"@type":"ImageObject","inLanguage":"it-IT","@id":"https:\/\/staging.varesenews.it\/#\/schema\/person\/image\/","url":"https:\/\/staging.varesenews.it\/wp-content\/uploads\/2020\/12\/francesco_mazzoleni_colori_500-1.jpg","contentUrl":"https:\/\/staging.varesenews.it\/wp-content\/uploads\/2020\/12\/francesco_mazzoleni_colori_500-1.jpg","caption":"Francesco Mazzoleni"},"description":"\"Uomo di campo\" della redazione sportiva. Nutro una vera passione per il calcio, che sia ad alti livelli, sui campi di provincia o in altri continenti. Sono nato a Varese nel 1984, vivo da sempre a Malnate e ho una laurea in Scienze Motorie. Ho mosso i primi passi a VareseNews da stagista nel 2002; nel 2008 ho iniziato a collaborare con maggiore continuit\u00e0 e dal 2018 sono giornalista professionista. Orgoglioso pap\u00e0 di Federico e Adelaide.","sameAs":["fmazzof","it.linkedin.com\/in\/francescomazzolenif","https:\/\/twitter.com\/fmazzof"],"url":"https:\/\/staging.varesenews.it\/persona\/francesco_mazzoleniferracini\/"}]}},"post_meta":{"_edit_lock":"1464080471:37","_edit_last":"37","_category_permalink":"14","ratings_users":"0","ratings_score":"0","ratings_average":"0","wdfb_og_title":"","wdfb_og_type":"","wdfb_og_description":"","wdfb_og_images":"a:1:{i:0;s:0:\"\";}","wdfb_og_custom_name":"a:1:{i:0;s:0:\"\";}","wdfb_og_custom_value":"a:1:{i:0;s:0:\"\";}","foto":"540742","firma-personalizzata":"Manuela De Gregori","argomento":"Pallavolo","_yoast_wpseo_focuskw":"berti","_jd_twitter":"","_jd_tweet_this":"yes","_wpt_short_url":"http:\/\/www.varesenews.it\/2016\/05\/unendo-yamamay-arriva-anche-berti\/521162\/","_wp_jd_target":"http:\/\/www.varesenews.it\/2016\/05\/unendo-yamamay-arriva-anche-berti\/521162\/","_jd_wp_twitter":"a:1:{i:0;s:138:\"Unendo Yamamay, arriva anche Berti http:\/\/www.varesenews.it\/2016\/05\/unendo-yamamay-arriva-anche-berti\/521162\/ #futuravolley #unendoyamamay\";}","_wpt_status_message":"Tweet inviato con successo.","_yoast_wpseo_linkdex":"70","id_leggi_anche":"532860"},"photos":[{"original":"https:\/\/staging.varesenews.it\/photogallery_new\/images\/2016\/05\/beatrice-berti-540742.jpg","full":"https:\/\/staging.varesenews.it\/photogallery_new\/images\/2016\/05\/beatrice-berti-540742.1024x768.jpg","large":"https:\/\/staging.varesenews.it\/photogallery_new\/images\/2016\/05\/beatrice-berti-540742.610x431.jpg"}],"_links":{"self":[{"href":"https:\/\/staging.varesenews.it\/swgapi\/v1\/wp\/v2\/posts\/521162"}],"collection":[{"href":"https:\/\/staging.varesenews.it\/swgapi\/v1\/wp\/v2\/posts"}],"about":[{"href":"https:\/\/staging.varesenews.it\/swgapi\/v1\/wp\/v2\/types\/post"}],"author":[{"embeddable":true,"href":"https:\/\/staging.varesenews.it\/swgapi\/v1\/wp\/v2\/users\/37"}],"replies":[{"embeddable":true,"href":"https:\/\/staging.varesenews.it\/swgapi\/v1\/wp\/v2\/comments?post=521162"}],"version-history":[{"count":0,"href":"https:\/\/staging.varesenews.it\/swgapi\/v1\/wp\/v2\/posts\/521162\/revisions"}],"wp:attachment":[{"href":"https:\/\/staging.varesenews.it\/swgapi\/v1\/wp\/v2\/media?parent=521162"}],"wp:term":[{"taxonomy":"category","embeddable":true,"href":"https:\/\/staging.varesenews.it\/swgapi\/v1\/wp\/v2\/categories?post=521162"},{"taxonomy":"post_tag","embeddable":true,"href":"https:\/\/staging.varesenews.it\/swgapi\/v1\/wp\/v2\/tags?post=521162"}],"curies":[{"name":"wp","href":"https:\/\/api.w.org\/{rel}","templated":true}]}}