{"id":522449,"date":"2016-05-27T15:42:28","date_gmt":"2016-05-27T13:42:28","guid":{"rendered":"http:\/\/www.varesenews.it\/?p=522449"},"modified":"2016-05-27T15:42:28","modified_gmt":"2016-05-27T13:42:28","slug":"campagnani-le-priorita-cimiteri-e-centri-storici","status":"publish","type":"post","link":"https:\/\/staging.varesenews.it\/2016\/05\/campagnani-le-priorita-cimiteri-e-centri-storici\/522449\/","title":{"rendered":"Campagnani: \u00abLe priorit\u00e0 cimiteri e centri storici\u00bb"},"content":{"rendered":"<p>72 anni, paesaggista pensionata residente a Brezzo di Bedero, <strong>Mariagrazia Campagnani<\/strong> si candida con la lista Andiamo Avanti<\/p>\n<p><strong>Quali sono le sue precedenti esperienze amministrative?<\/strong><br \/>\n\u00abNessuna\u00bb<\/p>\n<p><strong>Perch\u00e9 ha deciso di candidarsi?<\/strong><br \/>\n\u00abDomanda che mi hanno fatto in cento e potrei rispondere in cento modi diversi : perch\u00e9 voglio occuparmi del paese, perch\u00e9 gli abitanti sono simpatici, perch\u00e9 sono masochista, perch\u00e9 a 72 anni mi sembra di essere matura per questo impegno, perch\u00e9, perch\u00e9 ne potrei aggiungere altri 96\u00bb<\/p>\n<p><strong>In che modo ha scelto i componenti della sua lista?<\/strong><br \/>\n\u00abPer la loro esperienza e razionalit\u00e0, per la loro giovinezza ed entusiasmo, per la loro preparazione e disponibilit\u00e0\u00bb<\/p>\n<p><strong>Quali sono le priorit\u00e0 del paese?<\/strong><br \/>\n\u00abCimitero e centri storici\u00bb<\/p>\n<p><strong>Indichi le prime tre decisioni che prender\u00e0 una volta eletto sindaco<\/strong><br \/>\n\u00abC&#8217;\u00e8 un programma a cui dovr\u00f2 attenermi ed inoltre ci saranno emergenze e priorit\u00e0&#8217; che soltanto il lavoro sul campo evidenzieranno\u00bb.<\/p>\n<p><strong>Come vede il paese fra cinque anni?<\/strong><br \/>\n\u00abElettrizzante\u00bb<\/p>\n<p>Che opinione ha della campagna elettorale?<\/p>\n<p>Un suo motto, <strong>una frase per convincere gli elettori:<\/strong><br \/>\n\u00abUna mia cara amica che \u00e8 in ospedale per la leucemia che l&#8217;ha colpita, ogni giorno mi manda una rima che mi diverte: vota Campagnani e sei in buone mani. Vota Campagnani \u00e8 un seme oggi per un raccolto domani. E cos\u00ec via\u00bb.<\/p>\n","protected":false},"excerpt":{"rendered":"<p>La outsider della politica si candida con la lista \u201cAndiamo Avanti\u201d e risponde alle domande di Varesenews<\/p>\n","protected":false},"author":34,"featured_media":0,"comment_status":"open","ping_status":"open","sticky":false,"template":"","format":"standard","meta":{"footnotes":""},"categories":[16,2],"tags":[55693,61514,46807],"acf":[],"yoast_head":"<!-- This site is optimized with the Yoast SEO plugin v20.1 - https:\/\/yoast.com\/wordpress\/plugins\/seo\/ -->\n<title>Campagnani: \u00abLe priorit\u00e0 cimiteri e centri storici\u00bb<\/title>\n<meta name=\"description\" content=\"Campagnani: \u00abLe priorit\u00e0 cimiteri e centri storici\u00bb\" \/>\n<meta name=\"robots\" content=\"noindex, follow, max-snippet:-1, max-image-preview:large, max-video-preview:-1\" \/>\n<meta property=\"og:locale\" content=\"it_IT\" \/>\n<meta property=\"og:type\" content=\"article\" \/>\n<meta property=\"og:title\" content=\"Campagnani: \u00abLe priorit\u00e0 cimiteri e centri storici\u00bb\" \/>\n<meta property=\"og:description\" content=\"Campagnani: \u00abLe priorit\u00e0 cimiteri e centri storici\u00bb\" \/>\n<meta property=\"og:url\" content=\"https:\/\/staging.varesenews.it\/2016\/05\/campagnani-le-priorita-cimiteri-e-centri-storici\/522449\/\" \/>\n<meta property=\"og:site_name\" content=\"VareseNews\" \/>\n<meta property=\"article:publisher\" content=\"https:\/\/www.facebook.com\/varesenews\" \/>\n<meta property=\"article:author\" content=\"https:\/\/www.facebook.com\/andrea.camurani?fref=photo\" \/>\n<meta property=\"article:published_time\" content=\"2016-05-27T13:42:28+00:00\" \/>\n<meta name=\"author\" content=\"Andrea Camurani\" \/>\n<meta name=\"twitter:card\" content=\"summary_large_image\" \/>\n<meta name=\"twitter:creator\" content=\"@AndreaCamurani\" \/>\n<meta name=\"twitter:site\" content=\"@varesenews\" \/>\n<meta name=\"twitter:label1\" content=\"Scritto da\" \/>\n\t<meta name=\"twitter:data1\" content=\"Andrea Camurani\" \/>\n\t<meta name=\"twitter:label2\" content=\"Tempo di lettura stimato\" \/>\n\t<meta name=\"twitter:data2\" content=\"1 minuto\" \/>\n<script type=\"application\/ld+json\" class=\"yoast-schema-graph\">{\"@context\":\"https:\/\/schema.org\",\"@graph\":[{\"@type\":\"WebPage\",\"@id\":\"https:\/\/staging.varesenews.it\/2016\/05\/campagnani-le-priorita-cimiteri-e-centri-storici\/522449\/\",\"url\":\"https:\/\/staging.varesenews.it\/2016\/05\/campagnani-le-priorita-cimiteri-e-centri-storici\/522449\/\",\"name\":\"Campagnani: \u00abLe priorit\u00e0 cimiteri e centri storici\u00bb\",\"isPartOf\":{\"@id\":\"https:\/\/staging.varesenews.it\/#website\"},\"datePublished\":\"2016-05-27T13:42:28+00:00\",\"dateModified\":\"2016-05-27T13:42:28+00:00\",\"author\":{\"@id\":\"https:\/\/staging.varesenews.it\/#\/schema\/person\/3eb5832c6beae763de8d9596fdbe8c49\"},\"description\":\"Campagnani: \u00abLe priorit\u00e0 cimiteri e centri storici\u00bb\",\"breadcrumb\":{\"@id\":\"https:\/\/staging.varesenews.it\/2016\/05\/campagnani-le-priorita-cimiteri-e-centri-storici\/522449\/#breadcrumb\"},\"inLanguage\":\"it-IT\",\"potentialAction\":[{\"@type\":\"ReadAction\",\"target\":[\"https:\/\/staging.varesenews.it\/2016\/05\/campagnani-le-priorita-cimiteri-e-centri-storici\/522449\/\"]}]},{\"@type\":\"BreadcrumbList\",\"@id\":\"https:\/\/staging.varesenews.it\/2016\/05\/campagnani-le-priorita-cimiteri-e-centri-storici\/522449\/#breadcrumb\",\"itemListElement\":[{\"@type\":\"ListItem\",\"position\":1,\"name\":\"Home\",\"item\":\"https:\/\/www.varesenews.it\/\"},{\"@type\":\"ListItem\",\"position\":2,\"name\":\"Campagnani: \u00abLe priorit\u00e0 cimiteri e centri storici\u00bb\"}]},{\"@type\":\"WebSite\",\"@id\":\"https:\/\/staging.varesenews.it\/#website\",\"url\":\"https:\/\/staging.varesenews.it\/\",\"name\":\"VareseNews\",\"description\":\"\",\"potentialAction\":[{\"@type\":\"SearchAction\",\"target\":{\"@type\":\"EntryPoint\",\"urlTemplate\":\"https:\/\/staging.varesenews.it\/?s={search_term_string}\"},\"query-input\":\"required name=search_term_string\"}],\"inLanguage\":\"it-IT\"},{\"@type\":\"Person\",\"@id\":\"https:\/\/staging.varesenews.it\/#\/schema\/person\/3eb5832c6beae763de8d9596fdbe8c49\",\"name\":\"Andrea Camurani\",\"image\":{\"@type\":\"ImageObject\",\"inLanguage\":\"it-IT\",\"@id\":\"https:\/\/staging.varesenews.it\/#\/schema\/person\/image\/\",\"url\":\"https:\/\/staging.varesenews.it\/wp-content\/uploads\/2020\/12\/andrea_camurani_colori_500.jpg\",\"contentUrl\":\"https:\/\/staging.varesenews.it\/wp-content\/uploads\/2020\/12\/andrea_camurani_colori_500.jpg\",\"caption\":\"Andrea Camurani\"},\"description\":\"Sono figlio degli anni Settanta e di Milano, dove ho imparato a riconoscere buoni e cattivi. Laurea in scienze politiche, lavoro a VareseNews dal 2000. Racconto quel che trovo quando incontro chi vuole lasciare al mondo un pezzetto di vita, che si chiama cronaca. &ldquo;...perch&eacute; &egrave; la gente il pi&ugrave; grande spettacolo del mondo. E non si paga il biglietto...&rdquo; (Charles Bukowsky)\",\"sameAs\":[\"https:\/\/www.facebook.com\/andrea.camurani?fref=photo\",\"andreacamurani\",\"https:\/\/www.linkedin.com\/hp\/?dnr=A9a84RfzsLdo9xg4NcGV4dLiMknoc9ms4WM\",\"https:\/\/twitter.com\/AndreaCamurani\"],\"url\":\"https:\/\/staging.varesenews.it\/persona\/andrea_camurani\/\"}]}<\/script>\n<!-- \/ Yoast SEO plugin. -->","yoast_head_json":{"title":"Campagnani: \u00abLe priorit\u00e0 cimiteri e centri storici\u00bb","description":"Campagnani: \u00abLe priorit\u00e0 cimiteri e centri storici\u00bb","robots":{"index":"noindex","follow":"follow","max-snippet":"max-snippet:-1","max-image-preview":"max-image-preview:large","max-video-preview":"max-video-preview:-1"},"og_locale":"it_IT","og_type":"article","og_title":"Campagnani: \u00abLe priorit\u00e0 cimiteri e centri storici\u00bb","og_description":"Campagnani: \u00abLe priorit\u00e0 cimiteri e centri storici\u00bb","og_url":"https:\/\/staging.varesenews.it\/2016\/05\/campagnani-le-priorita-cimiteri-e-centri-storici\/522449\/","og_site_name":"VareseNews","article_publisher":"https:\/\/www.facebook.com\/varesenews","article_author":"https:\/\/www.facebook.com\/andrea.camurani?fref=photo","article_published_time":"2016-05-27T13:42:28+00:00","author":"Andrea Camurani","twitter_card":"summary_large_image","twitter_creator":"@AndreaCamurani","twitter_site":"@varesenews","twitter_misc":{"Scritto da":"Andrea Camurani","Tempo di lettura stimato":"1 minuto"},"schema":{"@context":"https:\/\/schema.org","@graph":[{"@type":"WebPage","@id":"https:\/\/staging.varesenews.it\/2016\/05\/campagnani-le-priorita-cimiteri-e-centri-storici\/522449\/","url":"https:\/\/staging.varesenews.it\/2016\/05\/campagnani-le-priorita-cimiteri-e-centri-storici\/522449\/","name":"Campagnani: \u00abLe priorit\u00e0 cimiteri e centri storici\u00bb","isPartOf":{"@id":"https:\/\/staging.varesenews.it\/#website"},"datePublished":"2016-05-27T13:42:28+00:00","dateModified":"2016-05-27T13:42:28+00:00","author":{"@id":"https:\/\/staging.varesenews.it\/#\/schema\/person\/3eb5832c6beae763de8d9596fdbe8c49"},"description":"Campagnani: \u00abLe priorit\u00e0 cimiteri e centri storici\u00bb","breadcrumb":{"@id":"https:\/\/staging.varesenews.it\/2016\/05\/campagnani-le-priorita-cimiteri-e-centri-storici\/522449\/#breadcrumb"},"inLanguage":"it-IT","potentialAction":[{"@type":"ReadAction","target":["https:\/\/staging.varesenews.it\/2016\/05\/campagnani-le-priorita-cimiteri-e-centri-storici\/522449\/"]}]},{"@type":"BreadcrumbList","@id":"https:\/\/staging.varesenews.it\/2016\/05\/campagnani-le-priorita-cimiteri-e-centri-storici\/522449\/#breadcrumb","itemListElement":[{"@type":"ListItem","position":1,"name":"Home","item":"https:\/\/www.varesenews.it\/"},{"@type":"ListItem","position":2,"name":"Campagnani: \u00abLe priorit\u00e0 cimiteri e centri storici\u00bb"}]},{"@type":"WebSite","@id":"https:\/\/staging.varesenews.it\/#website","url":"https:\/\/staging.varesenews.it\/","name":"VareseNews","description":"","potentialAction":[{"@type":"SearchAction","target":{"@type":"EntryPoint","urlTemplate":"https:\/\/staging.varesenews.it\/?s={search_term_string}"},"query-input":"required name=search_term_string"}],"inLanguage":"it-IT"},{"@type":"Person","@id":"https:\/\/staging.varesenews.it\/#\/schema\/person\/3eb5832c6beae763de8d9596fdbe8c49","name":"Andrea Camurani","image":{"@type":"ImageObject","inLanguage":"it-IT","@id":"https:\/\/staging.varesenews.it\/#\/schema\/person\/image\/","url":"https:\/\/staging.varesenews.it\/wp-content\/uploads\/2020\/12\/andrea_camurani_colori_500.jpg","contentUrl":"https:\/\/staging.varesenews.it\/wp-content\/uploads\/2020\/12\/andrea_camurani_colori_500.jpg","caption":"Andrea Camurani"},"description":"Sono figlio degli anni Settanta e di Milano, dove ho imparato a riconoscere buoni e cattivi. Laurea in scienze politiche, lavoro a VareseNews dal 2000. Racconto quel che trovo quando incontro chi vuole lasciare al mondo un pezzetto di vita, che si chiama cronaca. &ldquo;...perch&eacute; &egrave; la gente il pi&ugrave; grande spettacolo del mondo. E non si paga il biglietto...&rdquo; (Charles Bukowsky)","sameAs":["https:\/\/www.facebook.com\/andrea.camurani?fref=photo","andreacamurani","https:\/\/www.linkedin.com\/hp\/?dnr=A9a84RfzsLdo9xg4NcGV4dLiMknoc9ms4WM","https:\/\/twitter.com\/AndreaCamurani"],"url":"https:\/\/staging.varesenews.it\/persona\/andrea_camurani\/"}]}},"post_meta":{"_edit_lock":"1464356512:34","_edit_last":"34","ratings_users":"0","ratings_score":"0","ratings_average":"0","_category_permalink":"","wdfb_og_title":"","wdfb_og_type":"","wdfb_og_description":"","wdfb_og_images":"a:1:{i:0;s:0:\"\";}","wdfb_og_custom_name":"a:1:{i:0;s:0:\"\";}","wdfb_og_custom_value":"a:1:{i:0;s:0:\"\";}","foto":"541584","argomento":"Brezzo di Bedero","_yoast_wpseo_focuskw":"Campagnani: \u00abLe priorit\u00e0 cimiteri e centri storici\u00bb","_yoast_wpseo_metadesc":"Campagnani: \u00abLe priorit\u00e0 cimiteri e centri storici\u00bb","_jd_twitter":"","_jd_tweet_this":"yes","_wpt_short_url":"http:\/\/www.varesenews.it\/2016\/05\/campagnani-le-priorita-cimiteri-e-centri-storici\/522449\/","_wp_jd_target":"http:\/\/www.varesenews.it\/2016\/05\/campagnani-le-priorita-cimiteri-e-centri-storici\/522449\/","_jd_wp_twitter":"a:1:{i:0;s:159:\"Campagnani: \u00abLe priorit\u00e0 cimiteri e centri storici\u00bb http:\/\/www.varesenews.it\/2016\/05\/campagnani-le-priorita-cimiteri-e-centri-storici\/522449\/ #andiamoavanti\";}","_wpt_status_message":"Tweet inviato con successo.","_yoast_wpseo_linkdex":"70"},"photos":[{"original":"https:\/\/staging.varesenews.it\/photogallery_new\/images\/2016\/05\/avarie-541584.jpg","full":"https:\/\/staging.varesenews.it\/photogallery_new\/images\/2016\/05\/avarie-541584.1024x768.jpg","large":"https:\/\/staging.varesenews.it\/photogallery_new\/images\/2016\/05\/avarie-541584.610x431.jpg"}],"_links":{"self":[{"href":"https:\/\/staging.varesenews.it\/swgapi\/v1\/wp\/v2\/posts\/522449"}],"collection":[{"href":"https:\/\/staging.varesenews.it\/swgapi\/v1\/wp\/v2\/posts"}],"about":[{"href":"https:\/\/staging.varesenews.it\/swgapi\/v1\/wp\/v2\/types\/post"}],"author":[{"embeddable":true,"href":"https:\/\/staging.varesenews.it\/swgapi\/v1\/wp\/v2\/users\/34"}],"replies":[{"embeddable":true,"href":"https:\/\/staging.varesenews.it\/swgapi\/v1\/wp\/v2\/comments?post=522449"}],"version-history":[{"count":0,"href":"https:\/\/staging.varesenews.it\/swgapi\/v1\/wp\/v2\/posts\/522449\/revisions"}],"wp:attachment":[{"href":"https:\/\/staging.varesenews.it\/swgapi\/v1\/wp\/v2\/media?parent=522449"}],"wp:term":[{"taxonomy":"category","embeddable":true,"href":"https:\/\/staging.varesenews.it\/swgapi\/v1\/wp\/v2\/categories?post=522449"},{"taxonomy":"post_tag","embeddable":true,"href":"https:\/\/staging.varesenews.it\/swgapi\/v1\/wp\/v2\/tags?post=522449"}],"curies":[{"name":"wp","href":"https:\/\/api.w.org\/{rel}","templated":true}]}}