{"id":523112,"date":"2016-05-30T14:19:37","date_gmt":"2016-05-30T12:19:37","guid":{"rendered":"http:\/\/www.varesenews.it\/?p=523112"},"modified":"2016-05-30T14:19:37","modified_gmt":"2016-05-30T12:19:37","slug":"wander-braga-a-caronno-pertusella-e-bovisio-masciago","status":"publish","type":"post","link":"https:\/\/staging.varesenews.it\/2016\/05\/wander-braga-a-caronno-pertusella-e-bovisio-masciago\/523112\/","title":{"rendered":"Wander Braga a Caronno Pertusella e Bovisio Masciago"},"content":{"rendered":"<p><strong>Wander Braga a Caronno Pertusella e Bovisio Masciago<\/strong>. Uno dei maggiori nomi mondiali del Vale Tudo, del Brasilian Ju Jitsu e delle MMA, <strong>uno dei campioni dal palmares pi\u00f9 impressionante in ambito mondiale sar\u00e0 presto nel nostro territorio.\u00a0<\/strong>Cresciuto marzialmente sotto l\u2019ala protettrice del leggendario maestro Rickson Gracie, Wander Braga si \u00e8 poi formato sotto la guida del maestro Jorge Pereira; dopo aver vissuto per oltre dieci anni a Los Angeles, dove ha disputato diversi incontri e tenuto numerosi corsi e seminari &#8211; incluso quello per il Los Angeles Police Department &#8211; <strong>ha deciso di fare ritorno in Brasile<\/strong>, sua terra natale, per condividere il suo bagaglio d\u2019esperienza e farvi crescere la conoscenza delle MMA e del BJJ.<\/p>\n<p><strong>Otto volte campione di Vale Tudo<\/strong>, combattente di MMA con un punteggio di 16 vittorie ed una sconfitta, Campione Mondiale NO GI dei pesi leggeri nel 2008, Campione Nazionale brasiliano nel 2012, Campione Europeo IBJJF nel 2013 ed oltre una dozzina di altri impressionanti risultati agonistici costellan<strong>o il curriculum di questo grande professionista delle arti marziali e degli sport da combattimento.<\/strong><\/p>\n<p>L\u2019opportunit\u00e0 di incontrare personalmente Wand<strong>er \u201cThe Crusher\u201d Braga e di allenarsi sotto la sua diretta supervisione si realizza grazie ad uno stage in due serate:\u00a0<\/strong>Marted\u00ec 31 maggio 2016 dalle ore 19.00 alle 21.00 presso Area KSD, via S. Margherita 504 &#8211; Caronno Pertusella; Mercoled\u00ec 1 giugno 2016 dalle ore 19.00 alle 21.00 presso Palestra Scuola Elementare, via Cant\u00f9 11\/B &#8211; Bovisio Masciago. L\u2019evento \u00e8 organizzato dall\u2019Accademia Marziale Saronno (si ringrazia il Team Braga Varese per il supporto).<\/p>\n","protected":false},"excerpt":{"rendered":"<p>Il campione internazionale di arti marziali incontrer\u00e0 gli sportivi in due distinti appuntamenti. L\u2019evento \u00e8 organizzato dall\u2019Accademia Marziale Saronno<\/p>\n","protected":false},"author":51,"featured_media":0,"comment_status":"open","ping_status":"open","sticky":false,"template":"","format":"standard","meta":{"footnotes":""},"categories":[5],"tags":[1574,8242],"acf":[],"yoast_head":"<!-- This site is optimized with the Yoast SEO plugin v20.1 - https:\/\/yoast.com\/wordpress\/plugins\/seo\/ -->\n<title>Wander Braga a Caronno Pertusella e Bovisio Masciago<\/title>\n<meta name=\"description\" content=\"Il campione internazionale di arti marziali incontrer\u00e0 gli sportivi in due distinti appuntamenti. L\u2019evento \u00e8 organizzato dall\u2019Accademia Marziale Saronno\" \/>\n<meta name=\"robots\" content=\"noindex, follow, max-snippet:-1, max-image-preview:large, max-video-preview:-1\" \/>\n<meta property=\"og:locale\" content=\"it_IT\" \/>\n<meta property=\"og:type\" content=\"article\" \/>\n<meta property=\"og:title\" content=\"Wander Braga a Caronno Pertusella e Bovisio Masciago\" \/>\n<meta property=\"og:description\" content=\"Il campione internazionale di arti marziali incontrer\u00e0 gli sportivi in due distinti appuntamenti. L\u2019evento \u00e8 organizzato dall\u2019Accademia Marziale Saronno\" \/>\n<meta property=\"og:url\" content=\"https:\/\/staging.varesenews.it\/2016\/05\/wander-braga-a-caronno-pertusella-e-bovisio-masciago\/523112\/\" \/>\n<meta property=\"og:site_name\" content=\"VareseNews\" \/>\n<meta property=\"article:publisher\" content=\"https:\/\/www.facebook.com\/varesenews\" \/>\n<meta property=\"article:author\" content=\"https:\/\/www.facebook.com\/manuel.sgarella\" \/>\n<meta property=\"article:published_time\" content=\"2016-05-30T12:19:37+00:00\" \/>\n<meta name=\"author\" content=\"Manuel Sgarella\" \/>\n<meta name=\"twitter:card\" content=\"summary_large_image\" \/>\n<meta name=\"twitter:creator\" content=\"@Sgarel\" \/>\n<meta name=\"twitter:site\" content=\"@varesenews\" \/>\n<meta name=\"twitter:label1\" content=\"Scritto da\" \/>\n\t<meta name=\"twitter:data1\" content=\"Manuel Sgarella\" \/>\n\t<meta name=\"twitter:label2\" content=\"Tempo di lettura stimato\" \/>\n\t<meta name=\"twitter:data2\" content=\"1 minuto\" \/>\n<script type=\"application\/ld+json\" class=\"yoast-schema-graph\">{\"@context\":\"https:\/\/schema.org\",\"@graph\":[{\"@type\":\"WebPage\",\"@id\":\"https:\/\/staging.varesenews.it\/2016\/05\/wander-braga-a-caronno-pertusella-e-bovisio-masciago\/523112\/\",\"url\":\"https:\/\/staging.varesenews.it\/2016\/05\/wander-braga-a-caronno-pertusella-e-bovisio-masciago\/523112\/\",\"name\":\"Wander Braga a Caronno Pertusella e Bovisio Masciago\",\"isPartOf\":{\"@id\":\"https:\/\/staging.varesenews.it\/#website\"},\"datePublished\":\"2016-05-30T12:19:37+00:00\",\"dateModified\":\"2016-05-30T12:19:37+00:00\",\"author\":{\"@id\":\"https:\/\/staging.varesenews.it\/#\/schema\/person\/1ec987bf360cbcf5fab38b0367dbc9d4\"},\"description\":\"Il campione internazionale di arti marziali incontrer\u00e0 gli sportivi in due distinti appuntamenti. L\u2019evento \u00e8 organizzato dall\u2019Accademia Marziale Saronno\",\"breadcrumb\":{\"@id\":\"https:\/\/staging.varesenews.it\/2016\/05\/wander-braga-a-caronno-pertusella-e-bovisio-masciago\/523112\/#breadcrumb\"},\"inLanguage\":\"it-IT\",\"potentialAction\":[{\"@type\":\"ReadAction\",\"target\":[\"https:\/\/staging.varesenews.it\/2016\/05\/wander-braga-a-caronno-pertusella-e-bovisio-masciago\/523112\/\"]}]},{\"@type\":\"BreadcrumbList\",\"@id\":\"https:\/\/staging.varesenews.it\/2016\/05\/wander-braga-a-caronno-pertusella-e-bovisio-masciago\/523112\/#breadcrumb\",\"itemListElement\":[{\"@type\":\"ListItem\",\"position\":1,\"name\":\"Home\",\"item\":\"https:\/\/www.varesenews.it\/\"},{\"@type\":\"ListItem\",\"position\":2,\"name\":\"Wander Braga a Caronno Pertusella e Bovisio Masciago\"}]},{\"@type\":\"WebSite\",\"@id\":\"https:\/\/staging.varesenews.it\/#website\",\"url\":\"https:\/\/staging.varesenews.it\/\",\"name\":\"VareseNews\",\"description\":\"\",\"potentialAction\":[{\"@type\":\"SearchAction\",\"target\":{\"@type\":\"EntryPoint\",\"urlTemplate\":\"https:\/\/staging.varesenews.it\/?s={search_term_string}\"},\"query-input\":\"required name=search_term_string\"}],\"inLanguage\":\"it-IT\"},{\"@type\":\"Person\",\"@id\":\"https:\/\/staging.varesenews.it\/#\/schema\/person\/1ec987bf360cbcf5fab38b0367dbc9d4\",\"name\":\"Manuel Sgarella\",\"image\":{\"@type\":\"ImageObject\",\"inLanguage\":\"it-IT\",\"@id\":\"https:\/\/staging.varesenews.it\/#\/schema\/person\/image\/\",\"url\":\"https:\/\/staging.varesenews.it\/wp-content\/uploads\/2020\/12\/manuel_sgarella_colori_500.jpg\",\"contentUrl\":\"https:\/\/staging.varesenews.it\/wp-content\/uploads\/2020\/12\/manuel_sgarella_colori_500.jpg\",\"caption\":\"Manuel Sgarella\"},\"description\":\"A VareseNews dal 1999, da quando ho iniziato a collaborare per la pagina del cinema. Col tempo mi sono occupato della cronaca del territorio di Saronno-Tradate e dell'organizzazione di alcuni progetti speciali di VareseNews, tra cui la produzione del film Digitalife. Dal 2009 sono giornalista professionista. Diplomato alla Civica scuola del cinema di Milano, coltivo da sempre una passione per tutto quello che &egrave; narrazione, soprattutto per film e serie tv. Dal 2014 Pubblico romanzi come autore indipendente.&nbsp;\",\"sameAs\":[\"https:\/\/www.facebook.com\/manuel.sgarella\",\"Sgarel\",\"https:\/\/twitter.com\/Sgarel\"],\"url\":\"https:\/\/staging.varesenews.it\/persona\/manuel-sgarella1\/\"}]}<\/script>\n<!-- \/ Yoast SEO plugin. -->","yoast_head_json":{"title":"Wander Braga a Caronno Pertusella e Bovisio Masciago","description":"Il campione internazionale di arti marziali incontrer\u00e0 gli sportivi in due distinti appuntamenti. L\u2019evento \u00e8 organizzato dall\u2019Accademia Marziale Saronno","robots":{"index":"noindex","follow":"follow","max-snippet":"max-snippet:-1","max-image-preview":"max-image-preview:large","max-video-preview":"max-video-preview:-1"},"og_locale":"it_IT","og_type":"article","og_title":"Wander Braga a Caronno Pertusella e Bovisio Masciago","og_description":"Il campione internazionale di arti marziali incontrer\u00e0 gli sportivi in due distinti appuntamenti. L\u2019evento \u00e8 organizzato dall\u2019Accademia Marziale Saronno","og_url":"https:\/\/staging.varesenews.it\/2016\/05\/wander-braga-a-caronno-pertusella-e-bovisio-masciago\/523112\/","og_site_name":"VareseNews","article_publisher":"https:\/\/www.facebook.com\/varesenews","article_author":"https:\/\/www.facebook.com\/manuel.sgarella","article_published_time":"2016-05-30T12:19:37+00:00","author":"Manuel Sgarella","twitter_card":"summary_large_image","twitter_creator":"@Sgarel","twitter_site":"@varesenews","twitter_misc":{"Scritto da":"Manuel Sgarella","Tempo di lettura stimato":"1 minuto"},"schema":{"@context":"https:\/\/schema.org","@graph":[{"@type":"WebPage","@id":"https:\/\/staging.varesenews.it\/2016\/05\/wander-braga-a-caronno-pertusella-e-bovisio-masciago\/523112\/","url":"https:\/\/staging.varesenews.it\/2016\/05\/wander-braga-a-caronno-pertusella-e-bovisio-masciago\/523112\/","name":"Wander Braga a Caronno Pertusella e Bovisio Masciago","isPartOf":{"@id":"https:\/\/staging.varesenews.it\/#website"},"datePublished":"2016-05-30T12:19:37+00:00","dateModified":"2016-05-30T12:19:37+00:00","author":{"@id":"https:\/\/staging.varesenews.it\/#\/schema\/person\/1ec987bf360cbcf5fab38b0367dbc9d4"},"description":"Il campione internazionale di arti marziali incontrer\u00e0 gli sportivi in due distinti appuntamenti. L\u2019evento \u00e8 organizzato dall\u2019Accademia Marziale Saronno","breadcrumb":{"@id":"https:\/\/staging.varesenews.it\/2016\/05\/wander-braga-a-caronno-pertusella-e-bovisio-masciago\/523112\/#breadcrumb"},"inLanguage":"it-IT","potentialAction":[{"@type":"ReadAction","target":["https:\/\/staging.varesenews.it\/2016\/05\/wander-braga-a-caronno-pertusella-e-bovisio-masciago\/523112\/"]}]},{"@type":"BreadcrumbList","@id":"https:\/\/staging.varesenews.it\/2016\/05\/wander-braga-a-caronno-pertusella-e-bovisio-masciago\/523112\/#breadcrumb","itemListElement":[{"@type":"ListItem","position":1,"name":"Home","item":"https:\/\/www.varesenews.it\/"},{"@type":"ListItem","position":2,"name":"Wander Braga a Caronno Pertusella e Bovisio Masciago"}]},{"@type":"WebSite","@id":"https:\/\/staging.varesenews.it\/#website","url":"https:\/\/staging.varesenews.it\/","name":"VareseNews","description":"","potentialAction":[{"@type":"SearchAction","target":{"@type":"EntryPoint","urlTemplate":"https:\/\/staging.varesenews.it\/?s={search_term_string}"},"query-input":"required name=search_term_string"}],"inLanguage":"it-IT"},{"@type":"Person","@id":"https:\/\/staging.varesenews.it\/#\/schema\/person\/1ec987bf360cbcf5fab38b0367dbc9d4","name":"Manuel Sgarella","image":{"@type":"ImageObject","inLanguage":"it-IT","@id":"https:\/\/staging.varesenews.it\/#\/schema\/person\/image\/","url":"https:\/\/staging.varesenews.it\/wp-content\/uploads\/2020\/12\/manuel_sgarella_colori_500.jpg","contentUrl":"https:\/\/staging.varesenews.it\/wp-content\/uploads\/2020\/12\/manuel_sgarella_colori_500.jpg","caption":"Manuel Sgarella"},"description":"A VareseNews dal 1999, da quando ho iniziato a collaborare per la pagina del cinema. Col tempo mi sono occupato della cronaca del territorio di Saronno-Tradate e dell'organizzazione di alcuni progetti speciali di VareseNews, tra cui la produzione del film Digitalife. Dal 2009 sono giornalista professionista. Diplomato alla Civica scuola del cinema di Milano, coltivo da sempre una passione per tutto quello che &egrave; narrazione, soprattutto per film e serie tv. Dal 2014 Pubblico romanzi come autore indipendente.&nbsp;","sameAs":["https:\/\/www.facebook.com\/manuel.sgarella","Sgarel","https:\/\/twitter.com\/Sgarel"],"url":"https:\/\/staging.varesenews.it\/persona\/manuel-sgarella1\/"}]}},"post_meta":{"_edit_lock":"1464610970:51","_edit_last":"51","ratings_users":"0","ratings_score":"0","ratings_average":"0","_category_permalink":"","wdfb_og_title":"","wdfb_og_type":"","wdfb_og_description":"","wdfb_og_images":"a:1:{i:0;s:0:\"\";}","wdfb_og_custom_name":"a:1:{i:0;s:0:\"\";}","wdfb_og_custom_value":"a:1:{i:0;s:0:\"\";}","foto":"542158","argomento":"Saronnese","_yoast_wpseo_focuskw":"wander braga","_yoast_wpseo_metadesc":"Il campione internazionale di arti marziali incontrer\u00e0 gli sportivi in due distinti appuntamenti. L\u2019evento \u00e8 organizzato dall\u2019Accademia Marziale Saronno","_jd_twitter":"","_jd_tweet_this":"yes","_wpt_short_url":"http:\/\/www.varesenews.it\/2016\/05\/wander-braga-a-caronno-pertusella-e-bovisio-masciago\/523112\/","_wp_jd_target":"http:\/\/www.varesenews.it\/2016\/05\/wander-braga-a-caronno-pertusella-e-bovisio-masciago\/523112\/","_jd_wp_twitter":"a:1:{i:0;s:160:\"Wander Braga a Caronno Pertusella e Bovisio Masciago http:\/\/www.varesenews.it\/2016\/05\/wander-braga-a-caronno-pertusella-e-bovisio-masciago\/523112\/ #artimarziali\";}","_wpt_status_message":"Tweet inviato con successo.","_yoast_wpseo_linkdex":"74"},"photos":[{"original":"https:\/\/staging.varesenews.it\/photogallery_new\/images\/2016\/05\/arti-marziali-saronno-542158.jpg","full":"https:\/\/staging.varesenews.it\/photogallery_new\/images\/2016\/05\/arti-marziali-saronno-542158.1024x768.jpg","large":"https:\/\/staging.varesenews.it\/photogallery_new\/images\/2016\/05\/arti-marziali-saronno-542158.610x431.jpg"}],"_links":{"self":[{"href":"https:\/\/staging.varesenews.it\/swgapi\/v1\/wp\/v2\/posts\/523112"}],"collection":[{"href":"https:\/\/staging.varesenews.it\/swgapi\/v1\/wp\/v2\/posts"}],"about":[{"href":"https:\/\/staging.varesenews.it\/swgapi\/v1\/wp\/v2\/types\/post"}],"author":[{"embeddable":true,"href":"https:\/\/staging.varesenews.it\/swgapi\/v1\/wp\/v2\/users\/51"}],"replies":[{"embeddable":true,"href":"https:\/\/staging.varesenews.it\/swgapi\/v1\/wp\/v2\/comments?post=523112"}],"version-history":[{"count":0,"href":"https:\/\/staging.varesenews.it\/swgapi\/v1\/wp\/v2\/posts\/523112\/revisions"}],"wp:attachment":[{"href":"https:\/\/staging.varesenews.it\/swgapi\/v1\/wp\/v2\/media?parent=523112"}],"wp:term":[{"taxonomy":"category","embeddable":true,"href":"https:\/\/staging.varesenews.it\/swgapi\/v1\/wp\/v2\/categories?post=523112"},{"taxonomy":"post_tag","embeddable":true,"href":"https:\/\/staging.varesenews.it\/swgapi\/v1\/wp\/v2\/tags?post=523112"}],"curies":[{"name":"wp","href":"https:\/\/api.w.org\/{rel}","templated":true}]}}