{"id":523897,"date":"2016-06-01T15:45:10","date_gmt":"2016-06-01T13:45:10","guid":{"rendered":"http:\/\/www.varesenews.it\/?p=523897"},"modified":"2016-06-06T12:08:31","modified_gmt":"2016-06-06T10:08:31","slug":"torna-la-rassegna-completa-dei-vini-varesini","status":"publish","type":"post","link":"https:\/\/staging.varesenews.it\/2016\/06\/torna-la-rassegna-completa-dei-vini-varesini\/523897\/","title":{"rendered":"Torna la rassegna dei vini varesini"},"content":{"rendered":"<p>Dopo il successo dell&#8217;anno scorso, arriva la seconda edizione della <strong>Rassegna dei vini varesini<\/strong>, \u00a0organizzata dall&#8217;Assessorato alla Cultura del Comune di Induno Olona in collaborazione con Slow Food Varese, Pro Loco e Associazione Vini Varesini e\u00a0patrocinata da Provincia di Varese e comunit\u00e0 montana del Piambello.<\/p>\n<p>L\u2019iniziativa, che avr\u00e0 ancora come cornice la settecentesca <strong>villa Porro-Pirelli<\/strong> di Induno Olona, \u00a0\u00e8 stata presentata questa mattina, 1 giugno, a Varese, nelle sale di villa Recalcati. \u00abStiamo parlando di un settore, quello della produzione vitivinicola provinciale, ancora piccolo ma che sta prendendo sempre pi\u00f9 piede nel territorio, e comincia ad avere la sua storia \u2013 ha dichiarato il Presidente della Provincia di Varese <strong>Gunnar Vincenzi<\/strong> \u2013 La rassegna ha il merito di promuovere la nostra terra e lo sviluppo dei nostri prodotti: per questo motivo l\u2019Ente che amministro ha deciso di concedere il patrocinio\u00bb.<\/p>\n<p><strong>L&#8217;appuntamento \u00e8 per il 5 giugno, dalle 10 alle 18:<\/strong> nelle sale di villa Porro Pirelli sar\u00e0 possibile conoscere e assaggiare, secondo la collaudata formula<strong> &#8220;un ticket per tutte le degustazioni, pi\u00f9 bicchiere e assaggi gastronomici<\/strong>&#8221; i vini dei produttori della provincia di Varese, grazie alla partecipazione contemporanea di tutte le sei cantine del varesotto aderenti all&#8217;associazione vini varesini: \u00a0un&#8217;occasione pressoch\u00e9 unica per &#8220;testare&#8221; lo stato dell&#8217;arte vitivinicola del territorio. <div class=\"photo-inside-post\"><img decoding=\"async\" loading=\"lazy\" fetchpriority=\"low\" width=\"610\" height=\"431\" src=\"https:\/\/staging.varesenews.it\/photogallery_new\/images\/2016\/06\/eventi-varese-542617.610x431.jpg\" alt=\"eventi Varese\"><\/div><\/p>\n<p>\u00abSiamo molto contenti di poter ospitare anche questa seconda edizione \u2013 ha spiegato <strong>Stefano Redaelli<\/strong>, Assessore alla Cultura di Induno Olona \u2013 perch\u00e9 riteniamo questa rassegna un\u2019ottima occasione per parlare delle nostre eccellenze agro alimentari e promuoverle. Non sar\u00e0 infatti una rassegna &#8220;di solo vino&#8221;: accanto alle cantine ci saranno, grazie anche alla fondamentale collaborazione che ci concede Slow Food fin dall&#8217;inizio, \u00a0anche produttori di salumi e formaggi. E siamo orgogliosi che questa sia una delle pochissime iniziative in cui tutti i produttori della provincia di Varese sono partecipi\u00bb.<\/p>\n<p>A completare la rassegna saranno presenti anche produttori &#8220;cugini&#8221;, per la prima volta in una manifestazione varesina: si tratta delle<strong> zone vinicole del distretto lariano<\/strong>, che hanno\u00a0forti affinit\u00e0 col varesotto. \u00abAbbiamo mantenuto la medesima impostazione dell&#8217;anno scorsopoich\u00e9 la formula \u00e8 piaciuta alla gente \u00a0\u2013 ha spiegato Fabio Ponti di Slow food Varese \u2013 Non mancheranno per\u00f2 alcune novit\u00e0, come la presenza dei produttori vinicoli lariani, che potr\u00e0 essere una interessante occasione di scambio culturale, tra territori affini. Con la speranza che si continui a diffondere la cultura vinicola e i 12-13 ettari ora in produzione aumentino, con grandi vantaggi non solo per la viticoltura ma anche per la tutela del territorio\u00bb. <div class=\"related-posts related-01\"><h4>Leggi anche<\/h4><ul><li><a title=\"I vini varesini si mettono in mostra\" target=\"_blank\" href=\"https:\/\/staging.varesenews.it\/2015\/06\/in-mostra-a-villa-pirelli-i-vini-varesini\/378620\/\"><strong>Varese <\/strong> - I vini varesini si mettono in mostra<\/a><\/li><li><a title=\"Prodotti tipici: nasce l&#8217;Associazione vini varesini\" target=\"_blank\" href=\"https:\/\/staging.varesenews.it\/2009\/08\/prodotti-tipici-nasce-l-associazione-vini-varesini\/171202\/\"><strong>Varese  <\/strong> - Prodotti tipici: nasce l&#8217;Associazione vini varesini<\/a><\/li><li><a title=\"Un&#8217;etichetta per il vino &#8220;Made in Varese&#8221;\" target=\"_blank\" href=\"https:\/\/staging.varesenews.it\/2016\/06\/unetichetta-per-il-vino-made-in-varese\/524646\/\"><strong>Enologia <\/strong> - Un&#8217;etichetta per il vino &#8220;Made in Varese&#8221;<\/a><\/li><\/ul><\/div><\/p>\n<p>La diffusione della cultura del vino varesino verr\u00e0 celebrata con un convegno finale, alle 17: l&#8217;incontro, dal titolo\u00a0\u201cRonchi Varesini: 10 anni di IGT\u201d <em>(Indicazione Geografica Tipica, ndr)<\/em>\u00a0 servir\u00e0 a fare il punto tra appassionati e addetti ai lavori sulla situazione vitivinicola del varesotto a due lustri dall&#8217;importante riconoscimento ottenuto.<\/p>\n<p>Relatori saranno l&#8217;agronomo <strong>Andrea Tovaglieri<\/strong>, \u00a0che fece parte del processo che port\u00f2 alla nascita dell&#8217;IGT dei Ronchi Varesini e l&#8217;enologa <strong>Micaela Stipa<\/strong>: a moderare il dibattito\u00a0<strong>Fabio Ponti<\/strong> di Slow Food Varese.<\/p>\n","protected":false},"excerpt":{"rendered":"<p>Ci saranno tutti i produttori della provincia alla 2\u00b0 edizione della rassegna di villa Porro Pirelli. Il 5 giugno ospiti speciali saranno i viticoltori lariani<\/p>\n","protected":false},"author":48,"featured_media":0,"comment_status":"open","ping_status":"open","sticky":false,"template":"","format":"standard","meta":{"footnotes":""},"categories":[26,21,2],"tags":[61666],"acf":[],"yoast_head":"<!-- This site is optimized with the Yoast SEO plugin v20.1 - https:\/\/yoast.com\/wordpress\/plugins\/seo\/ -->\n<title>Torna la rassegna dei vini varesini<\/title>\n<meta name=\"description\" content=\"Ci saranno tutti i produttori di vini associati all&#039;associazione vini varesini, alla 2 edizione della rassegna di villa Porro Pirelli\" \/>\n<meta name=\"robots\" content=\"noindex, follow, max-snippet:-1, max-image-preview:large, max-video-preview:-1\" \/>\n<meta property=\"og:locale\" content=\"it_IT\" \/>\n<meta property=\"og:type\" content=\"article\" \/>\n<meta property=\"og:title\" content=\"Torna la rassegna dei vini varesini\" \/>\n<meta property=\"og:description\" content=\"Ci saranno tutti i produttori di vini associati all&#039;associazione vini varesini, alla 2 edizione della rassegna di villa Porro Pirelli\" \/>\n<meta property=\"og:url\" content=\"https:\/\/staging.varesenews.it\/2016\/06\/torna-la-rassegna-completa-dei-vini-varesini\/523897\/\" \/>\n<meta property=\"og:site_name\" content=\"VareseNews\" \/>\n<meta property=\"article:publisher\" content=\"https:\/\/www.facebook.com\/varesenews\" \/>\n<meta property=\"article:author\" content=\"https:\/\/www.facebook.com\/stefaniaradman\" \/>\n<meta property=\"article:published_time\" content=\"2016-06-01T13:45:10+00:00\" \/>\n<meta property=\"article:modified_time\" content=\"2016-06-06T10:08:31+00:00\" \/>\n<meta name=\"author\" content=\"Stefania Radman\" \/>\n<meta name=\"twitter:card\" content=\"summary_large_image\" \/>\n<meta name=\"twitter:creator\" content=\"@LaRadman\" \/>\n<meta name=\"twitter:site\" content=\"@varesenews\" \/>\n<meta name=\"twitter:label1\" content=\"Scritto da\" \/>\n\t<meta name=\"twitter:data1\" content=\"Stefania Radman\" \/>\n\t<meta name=\"twitter:label2\" content=\"Tempo di lettura stimato\" \/>\n\t<meta name=\"twitter:data2\" content=\"2 minuti\" \/>\n<script type=\"application\/ld+json\" class=\"yoast-schema-graph\">{\"@context\":\"https:\/\/schema.org\",\"@graph\":[{\"@type\":\"WebPage\",\"@id\":\"https:\/\/staging.varesenews.it\/2016\/06\/torna-la-rassegna-completa-dei-vini-varesini\/523897\/\",\"url\":\"https:\/\/staging.varesenews.it\/2016\/06\/torna-la-rassegna-completa-dei-vini-varesini\/523897\/\",\"name\":\"Torna la rassegna dei vini varesini\",\"isPartOf\":{\"@id\":\"https:\/\/staging.varesenews.it\/#website\"},\"datePublished\":\"2016-06-01T13:45:10+00:00\",\"dateModified\":\"2016-06-06T10:08:31+00:00\",\"author\":{\"@id\":\"https:\/\/staging.varesenews.it\/#\/schema\/person\/995d2e6a31c67237a9a1bc1f0079f3aa\"},\"description\":\"Ci saranno tutti i produttori di vini associati all'associazione vini varesini, alla 2 edizione della rassegna di villa Porro Pirelli\",\"breadcrumb\":{\"@id\":\"https:\/\/staging.varesenews.it\/2016\/06\/torna-la-rassegna-completa-dei-vini-varesini\/523897\/#breadcrumb\"},\"inLanguage\":\"it-IT\",\"potentialAction\":[{\"@type\":\"ReadAction\",\"target\":[\"https:\/\/staging.varesenews.it\/2016\/06\/torna-la-rassegna-completa-dei-vini-varesini\/523897\/\"]}]},{\"@type\":\"BreadcrumbList\",\"@id\":\"https:\/\/staging.varesenews.it\/2016\/06\/torna-la-rassegna-completa-dei-vini-varesini\/523897\/#breadcrumb\",\"itemListElement\":[{\"@type\":\"ListItem\",\"position\":1,\"name\":\"Home\",\"item\":\"https:\/\/www.varesenews.it\/\"},{\"@type\":\"ListItem\",\"position\":2,\"name\":\"Torna la rassegna dei vini varesini\"}]},{\"@type\":\"WebSite\",\"@id\":\"https:\/\/staging.varesenews.it\/#website\",\"url\":\"https:\/\/staging.varesenews.it\/\",\"name\":\"VareseNews\",\"description\":\"\",\"potentialAction\":[{\"@type\":\"SearchAction\",\"target\":{\"@type\":\"EntryPoint\",\"urlTemplate\":\"https:\/\/staging.varesenews.it\/?s={search_term_string}\"},\"query-input\":\"required name=search_term_string\"}],\"inLanguage\":\"it-IT\"},{\"@type\":\"Person\",\"@id\":\"https:\/\/staging.varesenews.it\/#\/schema\/person\/995d2e6a31c67237a9a1bc1f0079f3aa\",\"name\":\"Stefania Radman\",\"image\":{\"@type\":\"ImageObject\",\"inLanguage\":\"it-IT\",\"@id\":\"https:\/\/staging.varesenews.it\/#\/schema\/person\/image\/\",\"url\":\"https:\/\/staging.varesenews.it\/wp-content\/uploads\/2020\/12\/stefania_radman_colori_500.jpg\",\"contentUrl\":\"https:\/\/staging.varesenews.it\/wp-content\/uploads\/2020\/12\/stefania_radman_colori_500.jpg\",\"caption\":\"Stefania Radman\"},\"description\":\"Varesina dal 1991, lavoro dal 2000 per Varesenews.it, prima come responsabile della pagina dell&rsquo;economia, poi della pagina life, ora della citt&agrave; di Varese.Ma sono (e sono stata) anche altro: per esempio, agli albori delle radio private ero dj in una radio milanese, Onda Radio. Da 20 anni sono corrispondente da Varese di Radio Popolare e ho collaborato con Espresso, Repubblica, Diario della Settimana, Italia Oggi. &ldquo;Smanettona&rdquo; da sempre, ho aperto il mio primo sito personale con Geocities nei primi anni novanta (chi se lo ricorda?) e i miei primi blog in Splinder all&rsquo;inizio del 2000. Ora sono sui social: qui quasi sempre sono semplicemente \\\"LaRadman&rdquo;.\",\"sameAs\":[\"http:\/\/laradman.blogspot.it\",\"https:\/\/www.facebook.com\/stefaniaradman\",\"@LaRadman\",\"https:\/\/www.linkedin.com\/in\/stefaniaradman\",\"https:\/\/twitter.com\/LaRadman\"],\"url\":\"https:\/\/staging.varesenews.it\/persona\/stefania-radman1\/\"}]}<\/script>\n<!-- \/ Yoast SEO plugin. -->","yoast_head_json":{"title":"Torna la rassegna dei vini varesini","description":"Ci saranno tutti i produttori di vini associati all'associazione vini varesini, alla 2 edizione della rassegna di villa Porro Pirelli","robots":{"index":"noindex","follow":"follow","max-snippet":"max-snippet:-1","max-image-preview":"max-image-preview:large","max-video-preview":"max-video-preview:-1"},"og_locale":"it_IT","og_type":"article","og_title":"Torna la rassegna dei vini varesini","og_description":"Ci saranno tutti i produttori di vini associati all'associazione vini varesini, alla 2 edizione della rassegna di villa Porro Pirelli","og_url":"https:\/\/staging.varesenews.it\/2016\/06\/torna-la-rassegna-completa-dei-vini-varesini\/523897\/","og_site_name":"VareseNews","article_publisher":"https:\/\/www.facebook.com\/varesenews","article_author":"https:\/\/www.facebook.com\/stefaniaradman","article_published_time":"2016-06-01T13:45:10+00:00","article_modified_time":"2016-06-06T10:08:31+00:00","author":"Stefania Radman","twitter_card":"summary_large_image","twitter_creator":"@LaRadman","twitter_site":"@varesenews","twitter_misc":{"Scritto da":"Stefania Radman","Tempo di lettura stimato":"2 minuti"},"schema":{"@context":"https:\/\/schema.org","@graph":[{"@type":"WebPage","@id":"https:\/\/staging.varesenews.it\/2016\/06\/torna-la-rassegna-completa-dei-vini-varesini\/523897\/","url":"https:\/\/staging.varesenews.it\/2016\/06\/torna-la-rassegna-completa-dei-vini-varesini\/523897\/","name":"Torna la rassegna dei vini varesini","isPartOf":{"@id":"https:\/\/staging.varesenews.it\/#website"},"datePublished":"2016-06-01T13:45:10+00:00","dateModified":"2016-06-06T10:08:31+00:00","author":{"@id":"https:\/\/staging.varesenews.it\/#\/schema\/person\/995d2e6a31c67237a9a1bc1f0079f3aa"},"description":"Ci saranno tutti i produttori di vini associati all'associazione vini varesini, alla 2 edizione della rassegna di villa Porro Pirelli","breadcrumb":{"@id":"https:\/\/staging.varesenews.it\/2016\/06\/torna-la-rassegna-completa-dei-vini-varesini\/523897\/#breadcrumb"},"inLanguage":"it-IT","potentialAction":[{"@type":"ReadAction","target":["https:\/\/staging.varesenews.it\/2016\/06\/torna-la-rassegna-completa-dei-vini-varesini\/523897\/"]}]},{"@type":"BreadcrumbList","@id":"https:\/\/staging.varesenews.it\/2016\/06\/torna-la-rassegna-completa-dei-vini-varesini\/523897\/#breadcrumb","itemListElement":[{"@type":"ListItem","position":1,"name":"Home","item":"https:\/\/www.varesenews.it\/"},{"@type":"ListItem","position":2,"name":"Torna la rassegna dei vini varesini"}]},{"@type":"WebSite","@id":"https:\/\/staging.varesenews.it\/#website","url":"https:\/\/staging.varesenews.it\/","name":"VareseNews","description":"","potentialAction":[{"@type":"SearchAction","target":{"@type":"EntryPoint","urlTemplate":"https:\/\/staging.varesenews.it\/?s={search_term_string}"},"query-input":"required name=search_term_string"}],"inLanguage":"it-IT"},{"@type":"Person","@id":"https:\/\/staging.varesenews.it\/#\/schema\/person\/995d2e6a31c67237a9a1bc1f0079f3aa","name":"Stefania Radman","image":{"@type":"ImageObject","inLanguage":"it-IT","@id":"https:\/\/staging.varesenews.it\/#\/schema\/person\/image\/","url":"https:\/\/staging.varesenews.it\/wp-content\/uploads\/2020\/12\/stefania_radman_colori_500.jpg","contentUrl":"https:\/\/staging.varesenews.it\/wp-content\/uploads\/2020\/12\/stefania_radman_colori_500.jpg","caption":"Stefania Radman"},"description":"Varesina dal 1991, lavoro dal 2000 per Varesenews.it, prima come responsabile della pagina dell&rsquo;economia, poi della pagina life, ora della citt&agrave; di Varese.Ma sono (e sono stata) anche altro: per esempio, agli albori delle radio private ero dj in una radio milanese, Onda Radio. Da 20 anni sono corrispondente da Varese di Radio Popolare e ho collaborato con Espresso, Repubblica, Diario della Settimana, Italia Oggi. &ldquo;Smanettona&rdquo; da sempre, ho aperto il mio primo sito personale con Geocities nei primi anni novanta (chi se lo ricorda?) e i miei primi blog in Splinder all&rsquo;inizio del 2000. Ora sono sui social: qui quasi sempre sono semplicemente \"LaRadman&rdquo;.","sameAs":["http:\/\/laradman.blogspot.it","https:\/\/www.facebook.com\/stefaniaradman","@LaRadman","https:\/\/www.linkedin.com\/in\/stefaniaradman","https:\/\/twitter.com\/LaRadman"],"url":"https:\/\/staging.varesenews.it\/persona\/stefania-radman1\/"}]}},"post_meta":{"_edit_lock":"1465209142:48","_edit_last":"48","_category_permalink":"","wdfb_og_title":"","wdfb_og_type":"","wdfb_og_description":"","wdfb_og_images":"a:1:{i:0;s:0:\"\";}","wdfb_og_custom_name":"a:1:{i:0;s:0:\"\";}","wdfb_og_custom_value":"a:1:{i:0;s:0:\"\";}","_jd_twitter":"","_jd_tweet_this":"yes","ratings_users":"0","ratings_score":"0","ratings_average":"0","foto":"542617","argomento":"Varese","_yoast_wpseo_focuskw":"vini","_yoast_wpseo_metadesc":"Ci saranno tutti i produttori di vini associati all'associazione vini varesini, alla 2 edizione della rassegna di villa Porro Pirelli","_wpt_short_url":"http:\/\/www.varesenews.it\/2016\/06\/torna-la-rassegna-completa-dei-vini-varesini\/523897\/","_wp_jd_target":"http:\/\/www.varesenews.it\/2016\/06\/torna-la-rassegna-completa-dei-vini-varesini\/523897\/","_jd_wp_twitter":"a:1:{i:0;s:144:\"Torna la rassegna completa dei vini Varesini http:\/\/www.varesenews.it\/2016\/06\/torna-la-rassegna-completa-dei-vini-varesini\/523897\/ #vinivaresini\";}","_wpt_status_message":"Tweet inviato con successo.","_yoast_wpseo_linkdex":"78","id_leggi_anche":"378620,171202,524646"},"photos":[{"original":"https:\/\/staging.varesenews.it\/photogallery_new\/images\/2016\/06\/eventi-varese-542617.jpg","full":"https:\/\/staging.varesenews.it\/photogallery_new\/images\/2016\/06\/eventi-varese-542617.1024x768.jpg","large":"https:\/\/staging.varesenews.it\/photogallery_new\/images\/2016\/06\/eventi-varese-542617.610x431.jpg"}],"_links":{"self":[{"href":"https:\/\/staging.varesenews.it\/swgapi\/v1\/wp\/v2\/posts\/523897"}],"collection":[{"href":"https:\/\/staging.varesenews.it\/swgapi\/v1\/wp\/v2\/posts"}],"about":[{"href":"https:\/\/staging.varesenews.it\/swgapi\/v1\/wp\/v2\/types\/post"}],"author":[{"embeddable":true,"href":"https:\/\/staging.varesenews.it\/swgapi\/v1\/wp\/v2\/users\/48"}],"replies":[{"embeddable":true,"href":"https:\/\/staging.varesenews.it\/swgapi\/v1\/wp\/v2\/comments?post=523897"}],"version-history":[{"count":0,"href":"https:\/\/staging.varesenews.it\/swgapi\/v1\/wp\/v2\/posts\/523897\/revisions"}],"wp:attachment":[{"href":"https:\/\/staging.varesenews.it\/swgapi\/v1\/wp\/v2\/media?parent=523897"}],"wp:term":[{"taxonomy":"category","embeddable":true,"href":"https:\/\/staging.varesenews.it\/swgapi\/v1\/wp\/v2\/categories?post=523897"},{"taxonomy":"post_tag","embeddable":true,"href":"https:\/\/staging.varesenews.it\/swgapi\/v1\/wp\/v2\/tags?post=523897"}],"curies":[{"name":"wp","href":"https:\/\/api.w.org\/{rel}","templated":true}]}}