{"id":525913,"date":"2016-06-08T16:00:05","date_gmt":"2016-06-08T14:00:05","guid":{"rendered":"http:\/\/www.varesenews.it\/?p=525913"},"modified":"2016-06-08T16:00:05","modified_gmt":"2016-06-08T14:00:05","slug":"tre-serate-per-riattualizzare-linferno-di-dante","status":"publish","type":"post","link":"https:\/\/staging.varesenews.it\/2016\/06\/tre-serate-per-riattualizzare-linferno-di-dante\/525913\/","title":{"rendered":"Tre serate per riattualizzare l&#8217;Inferno di Dante"},"content":{"rendered":"<p>Saranno<strong> tre serate dedicate all&#8217;Inferno di Dante Alighieri;<\/strong> un ciclo di incontri finalizzato a valorizzare l&#8217;attualit\u00e0 dell&#8217;autore della Divina Commedia. Le letture dei canti prenderanno il via domani sera,<strong> 9 giugno, e proseguiranno il 16 e 23 giugno.<\/strong> La sede sar\u00e0 la suggestiva Sala degli Stemmi di Palazzo Malinverni, con inizio alle ore 21.<\/p>\n<p>Le letture saranno a cura di<strong> Gianni Vacchelli<\/strong>, scrittore, saggista e docente. Sar\u00e0 un modo per rincontrare Dante nella sua stupefacente attualit\u00e0; un Dante attento all&#8217;interiorit\u00e0 ed insieme all&#8217;impegno civile, un Dante come \u201cgrande italiano\u201d, imprescindibile per la nostra identit\u00e0 culturale e linguistica.<\/p>\n<p>Un Dante per tutti, non per soli specialisti, un Dante che ci richiama al risveglio, alla profondit\u00e0 della vita e di noi stessi. In tempi di crisi interiore, sociale ed economica, abbiamo bisogno di riassaporare la bellezza della poesia dell&#8217;Inferno di Dante, che pu\u00f2 nutrirci e darci spunti di speranza, di trasformazione e di \u201cnuove visioni\u201d.<\/p>\n<p>Domani sera si comincia con il primo capitolo dell&#8217;Inferno, quello della \u201cselva oscura\u201d e dell&#8217;inizio del viaggio mistico-politico dell&#8217;autore. Il ciclo di incontri \u00e8 organizzato dall&#8217;Amministrazione comunale (Assessorato alla Cultura) in collaborazione con Banca Popolare di Milano, Libreria Nuova Terra e Club Alpino Italiano.<\/p>\n","protected":false},"excerpt":{"rendered":"<p>Appuntamento con lo scrittore, saggista e docente Gianni Vacchelli che analizzer\u00e0 le parole del sommo poeta con l&#8217;obiettivo di renderlo accessibile a tutti<\/p>\n","protected":false},"author":47,"featured_media":0,"comment_status":"open","ping_status":"open","sticky":false,"template":"","format":"standard","meta":{"footnotes":""},"categories":[4,18],"tags":[32131,61811],"acf":[],"yoast_head":"<!-- This site is optimized with the Yoast SEO plugin v20.1 - https:\/\/yoast.com\/wordpress\/plugins\/seo\/ -->\n<title>Tre serate per riattualizzare l&#039;Inferno di Dante<\/title>\n<meta name=\"description\" content=\"Appuntamento con lo scrittore, saggista e docente Gianni Vacchelli che analizzer\u00e0 le parole del sommo poeta con l&#039;obiettivo di renderlo accessibile a tutti\" \/>\n<meta name=\"robots\" content=\"noindex, follow, max-snippet:-1, max-image-preview:large, max-video-preview:-1\" \/>\n<meta property=\"og:locale\" content=\"it_IT\" \/>\n<meta property=\"og:type\" content=\"article\" \/>\n<meta property=\"og:title\" content=\"Tre serate per riattualizzare l&#039;Inferno di Dante\" \/>\n<meta property=\"og:description\" content=\"Appuntamento con lo scrittore, saggista e docente Gianni Vacchelli che analizzer\u00e0 le parole del sommo poeta con l&#039;obiettivo di renderlo accessibile a tutti\" \/>\n<meta property=\"og:url\" content=\"https:\/\/staging.varesenews.it\/2016\/06\/tre-serate-per-riattualizzare-linferno-di-dante\/525913\/\" \/>\n<meta property=\"og:site_name\" content=\"VareseNews\" \/>\n<meta property=\"article:publisher\" content=\"https:\/\/www.facebook.com\/varesenews\" \/>\n<meta property=\"article:published_time\" content=\"2016-06-08T14:00:05+00:00\" \/>\n<meta name=\"author\" content=\"Orlando Mastrillo\" \/>\n<meta name=\"twitter:card\" content=\"summary_large_image\" \/>\n<meta name=\"twitter:creator\" content=\"@nando_mastrillo\" \/>\n<meta name=\"twitter:site\" content=\"@varesenews\" \/>\n<meta name=\"twitter:label1\" content=\"Scritto da\" \/>\n\t<meta name=\"twitter:data1\" content=\"Orlando Mastrillo\" \/>\n\t<meta name=\"twitter:label2\" content=\"Tempo di lettura stimato\" \/>\n\t<meta name=\"twitter:data2\" content=\"1 minuto\" \/>\n<script type=\"application\/ld+json\" class=\"yoast-schema-graph\">{\"@context\":\"https:\/\/schema.org\",\"@graph\":[{\"@type\":\"WebPage\",\"@id\":\"https:\/\/staging.varesenews.it\/2016\/06\/tre-serate-per-riattualizzare-linferno-di-dante\/525913\/\",\"url\":\"https:\/\/staging.varesenews.it\/2016\/06\/tre-serate-per-riattualizzare-linferno-di-dante\/525913\/\",\"name\":\"Tre serate per riattualizzare l'Inferno di Dante\",\"isPartOf\":{\"@id\":\"https:\/\/staging.varesenews.it\/#website\"},\"datePublished\":\"2016-06-08T14:00:05+00:00\",\"dateModified\":\"2016-06-08T14:00:05+00:00\",\"author\":{\"@id\":\"https:\/\/staging.varesenews.it\/#\/schema\/person\/14c47ccce537a9058dddce296f10b296\"},\"description\":\"Appuntamento con lo scrittore, saggista e docente Gianni Vacchelli che analizzer\u00e0 le parole del sommo poeta con l'obiettivo di renderlo accessibile a tutti\",\"breadcrumb\":{\"@id\":\"https:\/\/staging.varesenews.it\/2016\/06\/tre-serate-per-riattualizzare-linferno-di-dante\/525913\/#breadcrumb\"},\"inLanguage\":\"it-IT\",\"potentialAction\":[{\"@type\":\"ReadAction\",\"target\":[\"https:\/\/staging.varesenews.it\/2016\/06\/tre-serate-per-riattualizzare-linferno-di-dante\/525913\/\"]}]},{\"@type\":\"BreadcrumbList\",\"@id\":\"https:\/\/staging.varesenews.it\/2016\/06\/tre-serate-per-riattualizzare-linferno-di-dante\/525913\/#breadcrumb\",\"itemListElement\":[{\"@type\":\"ListItem\",\"position\":1,\"name\":\"Home\",\"item\":\"https:\/\/www.varesenews.it\/\"},{\"@type\":\"ListItem\",\"position\":2,\"name\":\"Tre serate per riattualizzare l&#8217;Inferno di Dante\"}]},{\"@type\":\"WebSite\",\"@id\":\"https:\/\/staging.varesenews.it\/#website\",\"url\":\"https:\/\/staging.varesenews.it\/\",\"name\":\"VareseNews\",\"description\":\"\",\"potentialAction\":[{\"@type\":\"SearchAction\",\"target\":{\"@type\":\"EntryPoint\",\"urlTemplate\":\"https:\/\/staging.varesenews.it\/?s={search_term_string}\"},\"query-input\":\"required name=search_term_string\"}],\"inLanguage\":\"it-IT\"},{\"@type\":\"Person\",\"@id\":\"https:\/\/staging.varesenews.it\/#\/schema\/person\/14c47ccce537a9058dddce296f10b296\",\"name\":\"Orlando Mastrillo\",\"image\":{\"@type\":\"ImageObject\",\"inLanguage\":\"it-IT\",\"@id\":\"https:\/\/staging.varesenews.it\/#\/schema\/person\/image\/\",\"url\":\"https:\/\/staging.varesenews.it\/wp-content\/uploads\/2020\/12\/orlando_mastrillo_colori_500.jpg\",\"contentUrl\":\"https:\/\/staging.varesenews.it\/wp-content\/uploads\/2020\/12\/orlando_mastrillo_colori_500.jpg\",\"caption\":\"Orlando Mastrillo\"},\"description\":\"Nasco a Luino nel 1981, ho iniziato questo lavoro nell'estate del 2003 nella redazione de Il Giorno di Varese e dall'anno successivo ho intrapreso la collaborazione con VareseNews. Dopo anni nell'Alto Varesotto mi sono trasferito a Busto Arsizio nel 2007, territorio che ho iniziato a seguire e che seguo tutt'oggi. Nel 2013 sono diventato giornalista professionista. Mi occupo di cronaca politica, giudiziaria e nera in una vasta area che comprende anche parte della Valle Olona e il Legnanese. Sono sposato con Valeria Arini e ho due splendide figlie.\",\"sameAs\":[\"or_ma\",\"https:\/\/twitter.com\/nando_mastrillo\"],\"url\":\"https:\/\/staging.varesenews.it\/persona\/orlando-mastrillo1\/\"}]}<\/script>\n<!-- \/ Yoast SEO plugin. -->","yoast_head_json":{"title":"Tre serate per riattualizzare l'Inferno di Dante","description":"Appuntamento con lo scrittore, saggista e docente Gianni Vacchelli che analizzer\u00e0 le parole del sommo poeta con l'obiettivo di renderlo accessibile a tutti","robots":{"index":"noindex","follow":"follow","max-snippet":"max-snippet:-1","max-image-preview":"max-image-preview:large","max-video-preview":"max-video-preview:-1"},"og_locale":"it_IT","og_type":"article","og_title":"Tre serate per riattualizzare l'Inferno di Dante","og_description":"Appuntamento con lo scrittore, saggista e docente Gianni Vacchelli che analizzer\u00e0 le parole del sommo poeta con l'obiettivo di renderlo accessibile a tutti","og_url":"https:\/\/staging.varesenews.it\/2016\/06\/tre-serate-per-riattualizzare-linferno-di-dante\/525913\/","og_site_name":"VareseNews","article_publisher":"https:\/\/www.facebook.com\/varesenews","article_published_time":"2016-06-08T14:00:05+00:00","author":"Orlando Mastrillo","twitter_card":"summary_large_image","twitter_creator":"@nando_mastrillo","twitter_site":"@varesenews","twitter_misc":{"Scritto da":"Orlando Mastrillo","Tempo di lettura stimato":"1 minuto"},"schema":{"@context":"https:\/\/schema.org","@graph":[{"@type":"WebPage","@id":"https:\/\/staging.varesenews.it\/2016\/06\/tre-serate-per-riattualizzare-linferno-di-dante\/525913\/","url":"https:\/\/staging.varesenews.it\/2016\/06\/tre-serate-per-riattualizzare-linferno-di-dante\/525913\/","name":"Tre serate per riattualizzare l'Inferno di Dante","isPartOf":{"@id":"https:\/\/staging.varesenews.it\/#website"},"datePublished":"2016-06-08T14:00:05+00:00","dateModified":"2016-06-08T14:00:05+00:00","author":{"@id":"https:\/\/staging.varesenews.it\/#\/schema\/person\/14c47ccce537a9058dddce296f10b296"},"description":"Appuntamento con lo scrittore, saggista e docente Gianni Vacchelli che analizzer\u00e0 le parole del sommo poeta con l'obiettivo di renderlo accessibile a tutti","breadcrumb":{"@id":"https:\/\/staging.varesenews.it\/2016\/06\/tre-serate-per-riattualizzare-linferno-di-dante\/525913\/#breadcrumb"},"inLanguage":"it-IT","potentialAction":[{"@type":"ReadAction","target":["https:\/\/staging.varesenews.it\/2016\/06\/tre-serate-per-riattualizzare-linferno-di-dante\/525913\/"]}]},{"@type":"BreadcrumbList","@id":"https:\/\/staging.varesenews.it\/2016\/06\/tre-serate-per-riattualizzare-linferno-di-dante\/525913\/#breadcrumb","itemListElement":[{"@type":"ListItem","position":1,"name":"Home","item":"https:\/\/www.varesenews.it\/"},{"@type":"ListItem","position":2,"name":"Tre serate per riattualizzare l&#8217;Inferno di Dante"}]},{"@type":"WebSite","@id":"https:\/\/staging.varesenews.it\/#website","url":"https:\/\/staging.varesenews.it\/","name":"VareseNews","description":"","potentialAction":[{"@type":"SearchAction","target":{"@type":"EntryPoint","urlTemplate":"https:\/\/staging.varesenews.it\/?s={search_term_string}"},"query-input":"required name=search_term_string"}],"inLanguage":"it-IT"},{"@type":"Person","@id":"https:\/\/staging.varesenews.it\/#\/schema\/person\/14c47ccce537a9058dddce296f10b296","name":"Orlando Mastrillo","image":{"@type":"ImageObject","inLanguage":"it-IT","@id":"https:\/\/staging.varesenews.it\/#\/schema\/person\/image\/","url":"https:\/\/staging.varesenews.it\/wp-content\/uploads\/2020\/12\/orlando_mastrillo_colori_500.jpg","contentUrl":"https:\/\/staging.varesenews.it\/wp-content\/uploads\/2020\/12\/orlando_mastrillo_colori_500.jpg","caption":"Orlando Mastrillo"},"description":"Nasco a Luino nel 1981, ho iniziato questo lavoro nell'estate del 2003 nella redazione de Il Giorno di Varese e dall'anno successivo ho intrapreso la collaborazione con VareseNews. Dopo anni nell'Alto Varesotto mi sono trasferito a Busto Arsizio nel 2007, territorio che ho iniziato a seguire e che seguo tutt'oggi. Nel 2013 sono diventato giornalista professionista. Mi occupo di cronaca politica, giudiziaria e nera in una vasta area che comprende anche parte della Valle Olona e il Legnanese. Sono sposato con Valeria Arini e ho due splendide figlie.","sameAs":["or_ma","https:\/\/twitter.com\/nando_mastrillo"],"url":"https:\/\/staging.varesenews.it\/persona\/orlando-mastrillo1\/"}]}},"post_meta":{"_edit_lock":"1465394589:47","_edit_last":"47","ratings_users":"0","ratings_score":"0","ratings_average":"0","_category_permalink":"","wdfb_og_title":"","wdfb_og_type":"","wdfb_og_description":"","wdfb_og_images":"a:1:{i:0;s:0:\"\";}","wdfb_og_custom_name":"a:1:{i:0;s:0:\"\";}","wdfb_og_custom_value":"a:1:{i:0;s:0:\"\";}","foto":"449995","argomento":"Legnano","_jd_twitter":"","_jd_tweet_this":"yes","_wpt_short_url":"http:\/\/www.varesenews.it\/2016\/06\/tre-serate-per-riattualizzare-linferno-di-dante\/525913\/","_wp_jd_target":"http:\/\/www.varesenews.it\/2016\/06\/tre-serate-per-riattualizzare-linferno-di-dante\/525913\/","_jd_wp_twitter":"a:1:{i:0;s:153:\"Tre serate per riattualizzare l'Inferno di Dante http:\/\/www.varesenews.it\/2016\/06\/tre-serate-per-riattualizzare-linferno-di-dante\/525913\/ #divinacommedia\";}","_wpt_status_message":"Tweet inviato con successo."},"photos":[{"original":"https:\/\/staging.varesenews.it\/photogallery_new\/images\/2015\/05\/dante-alighieri-449995.jpg","full":"https:\/\/staging.varesenews.it\/photogallery_new\/images\/2015\/05\/dante-alighieri-449995.1024x768.jpg","large":"https:\/\/staging.varesenews.it\/photogallery_new\/images\/2015\/05\/dante-alighieri-449995.610x431.jpg"}],"_links":{"self":[{"href":"https:\/\/staging.varesenews.it\/swgapi\/v1\/wp\/v2\/posts\/525913"}],"collection":[{"href":"https:\/\/staging.varesenews.it\/swgapi\/v1\/wp\/v2\/posts"}],"about":[{"href":"https:\/\/staging.varesenews.it\/swgapi\/v1\/wp\/v2\/types\/post"}],"author":[{"embeddable":true,"href":"https:\/\/staging.varesenews.it\/swgapi\/v1\/wp\/v2\/users\/47"}],"replies":[{"embeddable":true,"href":"https:\/\/staging.varesenews.it\/swgapi\/v1\/wp\/v2\/comments?post=525913"}],"version-history":[{"count":0,"href":"https:\/\/staging.varesenews.it\/swgapi\/v1\/wp\/v2\/posts\/525913\/revisions"}],"wp:attachment":[{"href":"https:\/\/staging.varesenews.it\/swgapi\/v1\/wp\/v2\/media?parent=525913"}],"wp:term":[{"taxonomy":"category","embeddable":true,"href":"https:\/\/staging.varesenews.it\/swgapi\/v1\/wp\/v2\/categories?post=525913"},{"taxonomy":"post_tag","embeddable":true,"href":"https:\/\/staging.varesenews.it\/swgapi\/v1\/wp\/v2\/tags?post=525913"}],"curies":[{"name":"wp","href":"https:\/\/api.w.org\/{rel}","templated":true}]}}