{"id":526865,"date":"2016-06-11T17:30:19","date_gmt":"2016-06-11T15:30:19","guid":{"rendered":"http:\/\/www.varesenews.it\/?p=526865"},"modified":"2016-06-11T17:44:51","modified_gmt":"2016-06-11T15:44:51","slug":"galimberti-faremo-una-revisione-del-pgt-in-dodici-mesi","status":"publish","type":"post","link":"https:\/\/staging.varesenews.it\/2016\/06\/galimberti-faremo-una-revisione-del-pgt-in-dodici-mesi\/526865\/","title":{"rendered":"Galimberti: &#8220;Revisione del Pgt in dodici mesi coinvolgendo tutti&#8221;"},"content":{"rendered":"<p class=\"p1\"><span class=\"s1\"><strong>Una revisione del Pgt con tempi brevi e certi<\/strong> e il coinvolgimento dei quartieri con i cittadini, gli ordini professionali, mondo del lavoro e impresa e tutti gli enti e le associazioni. \u00c8 questa la promessa annunciata oggi da <strong>Davide Galimberti<\/strong> che in conferenza stampa ha presentato la terza delibera sulla quale si dice di essere pronto a coinvolgere la prossima giunta qualora fosse eletto. <\/span><\/p>\n<p class=\"p1\"><span class=\"s1\"><strong>La modifica all&#8217;attuale Piano di governo del territorio non \u00e8 certo una novit\u00e0<\/strong> dell&#8217;ultim&#8217;ora visto che rientra nei punti programmatici del candidato sindaco e anche altri candidati si sono spesi sul tema nelle scorse settimane. Tuttavia, Galimberti ritiene fondamentale porre la questione di nuovo all&#8217;ordine del giorno e ai giornalisti, senza usare mezzi termini, ha dichiarato. &#8220;<strong>Il piano approvato dalla Lega dopo otto anni fa schifo\u00a0<\/strong><\/span><strong>ed \u00e8 necessario apportare delle modifiche per renderlo uno strumento utile a tutti<\/strong>. Il Piano non deve essere solo un insieme di regole, ma una visione di quello che la citt\u00e0 vorr\u00e0 essere in futuro&#8221;.<\/p>\n<p class=\"p1\">Davide Galimberti ha posto\u00a0<strong>tre punti fermi<\/strong>. La riduzione dei costi innanzitutto &#8220;Perch\u00e9 al documento lavoreranno i dipendenti comunali, valorizzando ciascuno le proprie competenze&#8221;. Poi i tempi brevissimi: &#8220;<strong>Dovr\u00e0 essere approvato in dodici mesi,<\/strong> chi non rispetter\u00e0 i tempi dovr\u00e0 prendersi le proprie responsabilit\u00e0&#8221;. E non da ultimo il coinvolgimento dell&#8217;intera citt\u00e0: &#8220;saranno coinvolti gli ordini professionali, i cittadini che vorranno prenderne parte, associazioni ed enti di quartiere che aiuteranno a farlo diventare uno <strong>strumento snello ed efficiente<\/strong>&#8220;.<\/p>\n<p class=\"p1\">Le critiche sollevate dal candidato sindaco all&#8217;attuale Pgt comprendono quella che viene definita un&#8217;erronea valutazione di alcune questioni strategiche per il territorio comunale, nella quale vengono ricompresi\u00a0il mancato recupero delle aree abbandonate e degradate e una visione limitata della crescita alla realt\u00e0 locale. Secondo Galimberti, il comune non ha guardato all&#8217;Europa ma neanche all&#8217;Italia e alla Lombardia e non ha colto le numerose occasioni di interazione e sinergia con i livelli di governo.<\/p>\n<p class=\"p1\">Galimberti ha lamentato anche la mancanza di un progetto di rilancio coordinato e una scarsa attenzione allo sviluppo sostenibile.<\/p>\n<p class=\"p1\">Tra le proposte previste dal documento, Galimberti ha evidenziato <strong>la restituzione alla cittadinanza di alcuni spazi inutilizzati a partire dall&#8217;area delle stazioni<\/strong> (&#8220;Dovr\u00e0 essere il nostro biglietto da visita per l&#8217;Arccisate-Stabio&#8221;) ma anche l&#8217;ex macello civico e le aree della Valle Olona mediante una riqualificazione programmata; <strong>politiche di partenariato pubblico-privato per rendere competitive le aree degradate<\/strong> e un <strong>sistema di incentivi per attuare in velocit\u00e0 il programma urbanistico recuperando almeno un&#8217;area all&#8217;anno<\/strong>.<\/p>\n<p class=\"p1\">Galimberti ha individuato nel mese di settembre la data entro cui avviare il procedimento di revisione con una serie di incontri in tutti i quartieri e focus group, per poi dare mandato agli uffici di cominciare a redigere la bozza della variante generale, ovvero lo strumento con cui intervenire modificando il Pgt.<\/p>\n","protected":false},"excerpt":{"rendered":"<p>Il candidato sindaco del centrosinistra ha presentato la terza delibera pronta alla discussione in caso di vittoria<\/p>\n","protected":false},"author":36,"featured_media":0,"comment_status":"open","ping_status":"open","sticky":false,"template":"","format":"standard","meta":{"footnotes":""},"categories":[16,2],"tags":[20106,61916],"acf":[],"yoast_head":"<!-- This site is optimized with the Yoast SEO plugin v20.1 - https:\/\/yoast.com\/wordpress\/plugins\/seo\/ -->\n<title>Galimberti: &quot;Revisione del Pgt in dodici mesi coinvolgendo tutti&quot;<\/title>\n<meta name=\"description\" content=\"Il candidato sindaco del centrosinistra ha presentato la terza delibera pronta alla discussione in caso di vittoria\" \/>\n<meta name=\"robots\" content=\"noindex, follow, max-snippet:-1, max-image-preview:large, max-video-preview:-1\" \/>\n<meta property=\"og:locale\" content=\"it_IT\" \/>\n<meta property=\"og:type\" content=\"article\" \/>\n<meta property=\"og:title\" content=\"Galimberti: &quot;Revisione del Pgt in dodici mesi coinvolgendo tutti&quot;\" \/>\n<meta property=\"og:description\" content=\"Il candidato sindaco del centrosinistra ha presentato la terza delibera pronta alla discussione in caso di vittoria\" \/>\n<meta property=\"og:url\" content=\"https:\/\/staging.varesenews.it\/2016\/06\/galimberti-faremo-una-revisione-del-pgt-in-dodici-mesi\/526865\/\" \/>\n<meta property=\"og:site_name\" content=\"VareseNews\" \/>\n<meta property=\"article:publisher\" content=\"https:\/\/www.facebook.com\/varesenews\" \/>\n<meta property=\"article:published_time\" content=\"2016-06-11T15:30:19+00:00\" \/>\n<meta property=\"article:modified_time\" content=\"2016-06-11T15:44:51+00:00\" \/>\n<meta name=\"author\" content=\"Erika La Rosa\" \/>\n<meta name=\"twitter:card\" content=\"summary_large_image\" \/>\n<meta name=\"twitter:creator\" content=\"@twerirosa\" \/>\n<meta name=\"twitter:site\" content=\"@varesenews\" \/>\n<meta name=\"twitter:label1\" content=\"Scritto da\" \/>\n\t<meta name=\"twitter:data1\" content=\"Erika La Rosa\" \/>\n\t<meta name=\"twitter:label2\" content=\"Tempo di lettura stimato\" \/>\n\t<meta name=\"twitter:data2\" content=\"2 minuti\" \/>\n<script type=\"application\/ld+json\" class=\"yoast-schema-graph\">{\"@context\":\"https:\/\/schema.org\",\"@graph\":[{\"@type\":\"WebPage\",\"@id\":\"https:\/\/staging.varesenews.it\/2016\/06\/galimberti-faremo-una-revisione-del-pgt-in-dodici-mesi\/526865\/\",\"url\":\"https:\/\/staging.varesenews.it\/2016\/06\/galimberti-faremo-una-revisione-del-pgt-in-dodici-mesi\/526865\/\",\"name\":\"Galimberti: \\\"Revisione del Pgt in dodici mesi coinvolgendo tutti\\\"\",\"isPartOf\":{\"@id\":\"https:\/\/staging.varesenews.it\/#website\"},\"datePublished\":\"2016-06-11T15:30:19+00:00\",\"dateModified\":\"2016-06-11T15:44:51+00:00\",\"author\":{\"@id\":\"https:\/\/staging.varesenews.it\/#\/schema\/person\/0512a4cda1d8b4f14c19f86d1016dc18\"},\"description\":\"Il candidato sindaco del centrosinistra ha presentato la terza delibera pronta alla discussione in caso di vittoria\",\"breadcrumb\":{\"@id\":\"https:\/\/staging.varesenews.it\/2016\/06\/galimberti-faremo-una-revisione-del-pgt-in-dodici-mesi\/526865\/#breadcrumb\"},\"inLanguage\":\"it-IT\",\"potentialAction\":[{\"@type\":\"ReadAction\",\"target\":[\"https:\/\/staging.varesenews.it\/2016\/06\/galimberti-faremo-una-revisione-del-pgt-in-dodici-mesi\/526865\/\"]}]},{\"@type\":\"BreadcrumbList\",\"@id\":\"https:\/\/staging.varesenews.it\/2016\/06\/galimberti-faremo-una-revisione-del-pgt-in-dodici-mesi\/526865\/#breadcrumb\",\"itemListElement\":[{\"@type\":\"ListItem\",\"position\":1,\"name\":\"Home\",\"item\":\"https:\/\/www.varesenews.it\/\"},{\"@type\":\"ListItem\",\"position\":2,\"name\":\"Galimberti: &#8220;Revisione del Pgt in dodici mesi coinvolgendo tutti&#8221;\"}]},{\"@type\":\"WebSite\",\"@id\":\"https:\/\/staging.varesenews.it\/#website\",\"url\":\"https:\/\/staging.varesenews.it\/\",\"name\":\"VareseNews\",\"description\":\"\",\"potentialAction\":[{\"@type\":\"SearchAction\",\"target\":{\"@type\":\"EntryPoint\",\"urlTemplate\":\"https:\/\/staging.varesenews.it\/?s={search_term_string}\"},\"query-input\":\"required name=search_term_string\"}],\"inLanguage\":\"it-IT\"},{\"@type\":\"Person\",\"@id\":\"https:\/\/staging.varesenews.it\/#\/schema\/person\/0512a4cda1d8b4f14c19f86d1016dc18\",\"name\":\"Erika La Rosa\",\"image\":{\"@type\":\"ImageObject\",\"inLanguage\":\"it-IT\",\"@id\":\"https:\/\/staging.varesenews.it\/#\/schema\/person\/image\/\",\"url\":\"https:\/\/staging.varesenews.it\/wp-content\/uploads\/2020\/12\/erika_larosa_colori_500.jpg\",\"contentUrl\":\"https:\/\/staging.varesenews.it\/wp-content\/uploads\/2020\/12\/erika_larosa_colori_500.jpg\",\"caption\":\"Erika La Rosa\"},\"description\":\"Giornalista pubblicista, collaboro con VareseNews dal lontano 1997 quando la redazione piccolissima ma l&rsquo;entusiasmo era tanto e la sfida titanica. Da allora siamo cresciuti, la redazione &egrave; diventata pi&ugrave; grande ma l&rsquo;entusiasmo &egrave; rimato lo stesso. Mi piace guardare il mondo attraverso gli occhi degli artisti, per questo scrivo, leggo e mi nutro di arte seguendo per il giornale le pagine dedicate alle mostre e agli artisti. Ho collaborato con diversi Musei e Istituzioni culturali italiane e svizzere. Da oltre dieci anni mi occupo di strategie e comunicazione sui social media di enti pubblici e privati. Vivo il presente e non dimentico mai che quando c&rsquo;&egrave; una meta, anche il deserto diventa una strada.\",\"sameAs\":[\"https:\/\/www.linkedin.com\/profile\/view?id=93070756&trk=nav_responsive_tab_profile_pic\",\"https:\/\/twitter.com\/twerirosa\"],\"url\":\"https:\/\/staging.varesenews.it\/persona\/erika_larosa\/\"}]}<\/script>\n<!-- \/ Yoast SEO plugin. -->","yoast_head_json":{"title":"Galimberti: \"Revisione del Pgt in dodici mesi coinvolgendo tutti\"","description":"Il candidato sindaco del centrosinistra ha presentato la terza delibera pronta alla discussione in caso di vittoria","robots":{"index":"noindex","follow":"follow","max-snippet":"max-snippet:-1","max-image-preview":"max-image-preview:large","max-video-preview":"max-video-preview:-1"},"og_locale":"it_IT","og_type":"article","og_title":"Galimberti: \"Revisione del Pgt in dodici mesi coinvolgendo tutti\"","og_description":"Il candidato sindaco del centrosinistra ha presentato la terza delibera pronta alla discussione in caso di vittoria","og_url":"https:\/\/staging.varesenews.it\/2016\/06\/galimberti-faremo-una-revisione-del-pgt-in-dodici-mesi\/526865\/","og_site_name":"VareseNews","article_publisher":"https:\/\/www.facebook.com\/varesenews","article_published_time":"2016-06-11T15:30:19+00:00","article_modified_time":"2016-06-11T15:44:51+00:00","author":"Erika La Rosa","twitter_card":"summary_large_image","twitter_creator":"@twerirosa","twitter_site":"@varesenews","twitter_misc":{"Scritto da":"Erika La Rosa","Tempo di lettura stimato":"2 minuti"},"schema":{"@context":"https:\/\/schema.org","@graph":[{"@type":"WebPage","@id":"https:\/\/staging.varesenews.it\/2016\/06\/galimberti-faremo-una-revisione-del-pgt-in-dodici-mesi\/526865\/","url":"https:\/\/staging.varesenews.it\/2016\/06\/galimberti-faremo-una-revisione-del-pgt-in-dodici-mesi\/526865\/","name":"Galimberti: \"Revisione del Pgt in dodici mesi coinvolgendo tutti\"","isPartOf":{"@id":"https:\/\/staging.varesenews.it\/#website"},"datePublished":"2016-06-11T15:30:19+00:00","dateModified":"2016-06-11T15:44:51+00:00","author":{"@id":"https:\/\/staging.varesenews.it\/#\/schema\/person\/0512a4cda1d8b4f14c19f86d1016dc18"},"description":"Il candidato sindaco del centrosinistra ha presentato la terza delibera pronta alla discussione in caso di vittoria","breadcrumb":{"@id":"https:\/\/staging.varesenews.it\/2016\/06\/galimberti-faremo-una-revisione-del-pgt-in-dodici-mesi\/526865\/#breadcrumb"},"inLanguage":"it-IT","potentialAction":[{"@type":"ReadAction","target":["https:\/\/staging.varesenews.it\/2016\/06\/galimberti-faremo-una-revisione-del-pgt-in-dodici-mesi\/526865\/"]}]},{"@type":"BreadcrumbList","@id":"https:\/\/staging.varesenews.it\/2016\/06\/galimberti-faremo-una-revisione-del-pgt-in-dodici-mesi\/526865\/#breadcrumb","itemListElement":[{"@type":"ListItem","position":1,"name":"Home","item":"https:\/\/www.varesenews.it\/"},{"@type":"ListItem","position":2,"name":"Galimberti: &#8220;Revisione del Pgt in dodici mesi coinvolgendo tutti&#8221;"}]},{"@type":"WebSite","@id":"https:\/\/staging.varesenews.it\/#website","url":"https:\/\/staging.varesenews.it\/","name":"VareseNews","description":"","potentialAction":[{"@type":"SearchAction","target":{"@type":"EntryPoint","urlTemplate":"https:\/\/staging.varesenews.it\/?s={search_term_string}"},"query-input":"required name=search_term_string"}],"inLanguage":"it-IT"},{"@type":"Person","@id":"https:\/\/staging.varesenews.it\/#\/schema\/person\/0512a4cda1d8b4f14c19f86d1016dc18","name":"Erika La Rosa","image":{"@type":"ImageObject","inLanguage":"it-IT","@id":"https:\/\/staging.varesenews.it\/#\/schema\/person\/image\/","url":"https:\/\/staging.varesenews.it\/wp-content\/uploads\/2020\/12\/erika_larosa_colori_500.jpg","contentUrl":"https:\/\/staging.varesenews.it\/wp-content\/uploads\/2020\/12\/erika_larosa_colori_500.jpg","caption":"Erika La Rosa"},"description":"Giornalista pubblicista, collaboro con VareseNews dal lontano 1997 quando la redazione piccolissima ma l&rsquo;entusiasmo era tanto e la sfida titanica. Da allora siamo cresciuti, la redazione &egrave; diventata pi&ugrave; grande ma l&rsquo;entusiasmo &egrave; rimato lo stesso. Mi piace guardare il mondo attraverso gli occhi degli artisti, per questo scrivo, leggo e mi nutro di arte seguendo per il giornale le pagine dedicate alle mostre e agli artisti. Ho collaborato con diversi Musei e Istituzioni culturali italiane e svizzere. Da oltre dieci anni mi occupo di strategie e comunicazione sui social media di enti pubblici e privati. Vivo il presente e non dimentico mai che quando c&rsquo;&egrave; una meta, anche il deserto diventa una strada.","sameAs":["https:\/\/www.linkedin.com\/profile\/view?id=93070756&trk=nav_responsive_tab_profile_pic","https:\/\/twitter.com\/twerirosa"],"url":"https:\/\/staging.varesenews.it\/persona\/erika_larosa\/"}]}},"post_meta":{"_edit_lock":"1465659895:83","_edit_last":"83","_category_permalink":"","wdfb_og_title":"","wdfb_og_type":"","wdfb_og_description":"","wdfb_og_images":"a:1:{i:0;s:0:\"\";}","wdfb_og_custom_name":"a:1:{i:0;s:0:\"\";}","wdfb_og_custom_value":"a:1:{i:0;s:0:\"\";}","argomento":"Ballottaggio a Varese","_jd_twitter":"","_jd_tweet_this":"yes","foto":"544840","firma_come_redazione":"1","ratings_users":"0","ratings_score":"0","ratings_average":"0","_wpt_short_url":"http:\/\/www.varesenews.it\/2016\/06\/galimberti-faremo-una-revisione-del-pgt-in-dodici-mesi\/526865\/","_wp_jd_target":"http:\/\/www.varesenews.it\/2016\/06\/galimberti-faremo-una-revisione-del-pgt-in-dodici-mesi\/526865\/","_jd_wp_twitter":"a:1:{i:0;s:167:\"Galimberti: \"Faremo una revisione del Pgt in dodici mesi\" http:\/\/www.varesenews.it\/2016\/06\/galimberti-faremo-una-revisione-del-pgt-in-dodici-mesi\/526865\/ #ballottaggio\";}","_wpt_status_message":"Tweet inviato con successo."},"photos":[{"original":"https:\/\/staging.varesenews.it\/photogallery_new\/images\/2016\/06\/davide-galimberti-544840.jpg","full":"https:\/\/staging.varesenews.it\/photogallery_new\/images\/2016\/06\/davide-galimberti-544840.1024x768.jpg","large":"https:\/\/staging.varesenews.it\/photogallery_new\/images\/2016\/06\/davide-galimberti-544840.610x431.jpg"}],"_links":{"self":[{"href":"https:\/\/staging.varesenews.it\/swgapi\/v1\/wp\/v2\/posts\/526865"}],"collection":[{"href":"https:\/\/staging.varesenews.it\/swgapi\/v1\/wp\/v2\/posts"}],"about":[{"href":"https:\/\/staging.varesenews.it\/swgapi\/v1\/wp\/v2\/types\/post"}],"author":[{"embeddable":true,"href":"https:\/\/staging.varesenews.it\/swgapi\/v1\/wp\/v2\/users\/36"}],"replies":[{"embeddable":true,"href":"https:\/\/staging.varesenews.it\/swgapi\/v1\/wp\/v2\/comments?post=526865"}],"version-history":[{"count":0,"href":"https:\/\/staging.varesenews.it\/swgapi\/v1\/wp\/v2\/posts\/526865\/revisions"}],"wp:attachment":[{"href":"https:\/\/staging.varesenews.it\/swgapi\/v1\/wp\/v2\/media?parent=526865"}],"wp:term":[{"taxonomy":"category","embeddable":true,"href":"https:\/\/staging.varesenews.it\/swgapi\/v1\/wp\/v2\/categories?post=526865"},{"taxonomy":"post_tag","embeddable":true,"href":"https:\/\/staging.varesenews.it\/swgapi\/v1\/wp\/v2\/tags?post=526865"}],"curies":[{"name":"wp","href":"https:\/\/api.w.org\/{rel}","templated":true}]}}