{"id":527247,"date":"2016-06-13T13:15:30","date_gmt":"2016-06-13T11:15:30","guid":{"rendered":"http:\/\/www.varesenews.it\/?p=527247"},"modified":"2016-06-13T13:16:31","modified_gmt":"2016-06-13T11:16:31","slug":"stampa-locale-e-ora-di-uscire-dallisolamento","status":"publish","type":"post","link":"https:\/\/staging.varesenews.it\/2016\/06\/stampa-locale-e-ora-di-uscire-dallisolamento\/527247\/","title":{"rendered":"Stampa locale: \u00e8 ora di uscire dall\u2019isolamento"},"content":{"rendered":"<p><strong>Sono tantissimi, e non pesano poco, per questo \u00e8 ora che si facciano sentire di pi\u00f9.<\/strong> Stiamo parlando dei quotidiani on line in Italia, rappresentati dall\u2019Anso, l\u2019<a href=\"http:\/\/www.anso.it\/\" target=\"_blank\">associazione nazionale della stampa on line<\/a> fresca di rinnovo di cariche e che si prepara al nuovo corso.<\/p>\n<p><strong>A presiedere Anso, da qualche settimana, \u00e8 il direttore di Varesenews Marco Giovannelli<\/strong> che ha risposto alle domande di Prima Comunicazione, il mensile che racconta come funziona e come cambia il sistema dell\u2019informazione in Italia dal 1973.<\/p>\n<p><a href=\"http:\/\/www.primaonline.it\/2016\/06\/11\/238389\/giovannelli-anso-un-giornale-per-ogni-campanile\/\" target=\"_blank\"><strong>Nell\u2019intervista di Claudio Cazzola<\/strong><\/a> si inizia con una ricognizione sullo stato dell\u2019arte dell\u2019editoria on line in un momento descritto come di grande fermento, con molte realt\u00e0 che fanno scuola e si inventano modelli.<\/p>\n<p><strong>Qualche esempio?<\/strong> L\u2019attaccamento al territorio che si manifesta con eventi legati alla vita reale dei luoghi e ai momenti salienti della vita democratica, vedi il voto: \u00ab<strong><a href=\"http:\/\/www.ivg.it\/\" target=\"_blank\">Ivg.it<\/a> ha organizzato il pi\u00f9 importante confronto elettorale tra i candidati sindaco di Savona<\/strong>, riempiendo tutti gli 800 posti del teatro Chiabrera. Giornali online come questi fanno parte della vita politica, culturale e sociale delle citt\u00e0, esattamente come i tradizionali su carta. La differenza tra un giornale nazionale e uno locale \u00e8 tutta qui: se non sei strategico per il territorio, se non lo racconti, il tuo sito potr\u00e0 anche fare grandi numeri, ma conter\u00e0 poco\u00bb.<\/p>\n<p>Come sia andata a Varese, sul medesimo argomento, \u00e8 cosa nota.<\/p>\n<p><strong>La domanda d\u2019oro<\/strong>, avendo a tiro chi rappresenta le testate on line locali \u00e8 quella che si sente da diversi anni nel mondo dell\u2019editoria: <strong>ma come fate?<\/strong> \u00abLa componente principale \u00e8 la pubblicit\u00e0 &#8211; risponde Giovannelli\u00bb. Ma non solo: \u00abCi occupiamo di comunicazione per aziende e istituzioni locali; infine organizziamo eventi, come la festa di VareseNews, il festival del giornalismo Glocalnews e altre iniziative minori\u00bb.<\/p>\n<p>Grandi e piccoli eventi, tanti e frammentati mercati locali che si misurano su forze economiche relative e che solo all\u2019apparenza sono ininfluenti nell\u2019economia di giornali ed editori locali: il segreto \u00e8 saper cogliere quali, e quali strade percorrere.<\/p>\n<p><strong>C\u2019\u00e8 stato poi tempo e spazio per analizzare i grandi convitati di pietra dell\u2019informazione on line: i social<\/strong>. Che succeder\u00e0 con facebook e le nuove frontiere editoriali proposte dalla piattaforma, vedi Instant Articles? Meglio starne alla larga: \u00abSono la morte definiva dell\u2019impresa editoriale. Sono un\u2019idea fantastica, meravigliosa, ma solo per Facebook: non esci pi\u00f9 dal social network. All\u2019editore dicono: non ti preoccupare, penso a tutto io, anche alla pubblicit\u00e0. Ne riparleremo fra qualche anno. O il progetto fallisce oppure far\u00e0 fallire i giornali\u00bb.<\/p>\n<p><strong>Questo per quanto attiene i contenuti.<\/strong> Ma anche sul piano pubblicitario i piccoli inserzionisti sono molto attratti dalle offerte su misura che anche in questo caso il social ideato da Zuckerberg mette sul piatto. Anche su questo piano Giovannelli non ha dubbi: \u00abSono i nostri concorrenti pi\u00f9 temibili\u00bb.<\/p>\n<p><strong>La strada sta allora nell\u2019antidoto che un giornale locale pu\u00f2 utilizzare cio\u00e8 il rapporto diretto col territorio e con la propria community<\/strong>: con Varesenews ha funzionato poich\u00e9 in questi anni il giornale ha assunto e creato figure professionali.<\/p>\n<p>Si tratta di percorsi fatti da sacrifici, impegno, e sperimentazione: gli stessi ingredienti che diventano momento di sintesi con <a href=\"http:\/\/www.festivalglocal.it\/\" target=\"_blank\"><strong>Glocalnews<\/strong><\/a>, evento atteso e gradito da diversi anni che \u00abnasce per creare un ponte tra la meravigliosa esperienza del festival del giornalismo di Perugia, e i piccoli\u00bb.<\/p>\n<p><strong>L\u2019appuntamento, per parlare di tutto questo, \u00e8 per il prossimo autunno a Varese, dal 17 al 20 novembre 2016.<\/strong><br \/>\n\u00abI giornali locali online sono una realt\u00e0 vitale ma del tutto ignorata; \u00e8 giunto il momento di uscire dall\u2019isolamento\u00bb.<\/p>\n","protected":false},"excerpt":{"rendered":"<p>Nell\u2019intervista su Prima Comunicazione il presidente di Anso Marco Giovannelli pone i cardini alla nuova linea dell\u2019associazione che rappresenta i piccoli quotidiani on line<\/p>\n","protected":false},"author":34,"featured_media":0,"comment_status":"open","ping_status":"open","sticky":false,"template":"","format":"standard","meta":{"footnotes":""},"categories":[9,25,2],"tags":[8397,5479,61963,61964,145],"acf":[],"yoast_head":"<!-- This site is optimized with the Yoast SEO plugin v20.1 - https:\/\/yoast.com\/wordpress\/plugins\/seo\/ -->\n<title>Stampa locale: \u00e8 ora di uscire dall\u2019isolamento<\/title>\n<meta name=\"description\" content=\"Stampa locale: \u00e8 ora di uscire dall\u2019isolamento\" \/>\n<meta name=\"robots\" content=\"noindex, follow, max-snippet:-1, max-image-preview:large, max-video-preview:-1\" \/>\n<meta property=\"og:locale\" content=\"it_IT\" \/>\n<meta property=\"og:type\" content=\"article\" \/>\n<meta property=\"og:title\" content=\"Stampa locale: \u00e8 ora di uscire dall\u2019isolamento\" \/>\n<meta property=\"og:description\" content=\"Stampa locale: \u00e8 ora di uscire dall\u2019isolamento\" \/>\n<meta property=\"og:url\" content=\"https:\/\/staging.varesenews.it\/2016\/06\/stampa-locale-e-ora-di-uscire-dallisolamento\/527247\/\" \/>\n<meta property=\"og:site_name\" content=\"VareseNews\" \/>\n<meta property=\"article:publisher\" content=\"https:\/\/www.facebook.com\/varesenews\" \/>\n<meta property=\"article:author\" content=\"https:\/\/www.facebook.com\/andrea.camurani?fref=photo\" \/>\n<meta property=\"article:published_time\" content=\"2016-06-13T11:15:30+00:00\" \/>\n<meta property=\"article:modified_time\" content=\"2016-06-13T11:16:31+00:00\" \/>\n<meta name=\"author\" content=\"Andrea Camurani\" \/>\n<meta name=\"twitter:card\" content=\"summary_large_image\" \/>\n<meta name=\"twitter:creator\" content=\"@AndreaCamurani\" \/>\n<meta name=\"twitter:site\" content=\"@varesenews\" \/>\n<meta name=\"twitter:label1\" content=\"Scritto da\" \/>\n\t<meta name=\"twitter:data1\" content=\"Andrea Camurani\" \/>\n\t<meta name=\"twitter:label2\" content=\"Tempo di lettura stimato\" \/>\n\t<meta name=\"twitter:data2\" content=\"3 minuti\" \/>\n<script type=\"application\/ld+json\" class=\"yoast-schema-graph\">{\"@context\":\"https:\/\/schema.org\",\"@graph\":[{\"@type\":\"WebPage\",\"@id\":\"https:\/\/staging.varesenews.it\/2016\/06\/stampa-locale-e-ora-di-uscire-dallisolamento\/527247\/\",\"url\":\"https:\/\/staging.varesenews.it\/2016\/06\/stampa-locale-e-ora-di-uscire-dallisolamento\/527247\/\",\"name\":\"Stampa locale: \u00e8 ora di uscire dall\u2019isolamento\",\"isPartOf\":{\"@id\":\"https:\/\/staging.varesenews.it\/#website\"},\"datePublished\":\"2016-06-13T11:15:30+00:00\",\"dateModified\":\"2016-06-13T11:16:31+00:00\",\"author\":{\"@id\":\"https:\/\/staging.varesenews.it\/#\/schema\/person\/3eb5832c6beae763de8d9596fdbe8c49\"},\"description\":\"Stampa locale: \u00e8 ora di uscire dall\u2019isolamento\",\"breadcrumb\":{\"@id\":\"https:\/\/staging.varesenews.it\/2016\/06\/stampa-locale-e-ora-di-uscire-dallisolamento\/527247\/#breadcrumb\"},\"inLanguage\":\"it-IT\",\"potentialAction\":[{\"@type\":\"ReadAction\",\"target\":[\"https:\/\/staging.varesenews.it\/2016\/06\/stampa-locale-e-ora-di-uscire-dallisolamento\/527247\/\"]}]},{\"@type\":\"BreadcrumbList\",\"@id\":\"https:\/\/staging.varesenews.it\/2016\/06\/stampa-locale-e-ora-di-uscire-dallisolamento\/527247\/#breadcrumb\",\"itemListElement\":[{\"@type\":\"ListItem\",\"position\":1,\"name\":\"Home\",\"item\":\"https:\/\/www.varesenews.it\/\"},{\"@type\":\"ListItem\",\"position\":2,\"name\":\"Stampa locale: \u00e8 ora di uscire dall\u2019isolamento\"}]},{\"@type\":\"WebSite\",\"@id\":\"https:\/\/staging.varesenews.it\/#website\",\"url\":\"https:\/\/staging.varesenews.it\/\",\"name\":\"VareseNews\",\"description\":\"\",\"potentialAction\":[{\"@type\":\"SearchAction\",\"target\":{\"@type\":\"EntryPoint\",\"urlTemplate\":\"https:\/\/staging.varesenews.it\/?s={search_term_string}\"},\"query-input\":\"required name=search_term_string\"}],\"inLanguage\":\"it-IT\"},{\"@type\":\"Person\",\"@id\":\"https:\/\/staging.varesenews.it\/#\/schema\/person\/3eb5832c6beae763de8d9596fdbe8c49\",\"name\":\"Andrea Camurani\",\"image\":{\"@type\":\"ImageObject\",\"inLanguage\":\"it-IT\",\"@id\":\"https:\/\/staging.varesenews.it\/#\/schema\/person\/image\/\",\"url\":\"https:\/\/staging.varesenews.it\/wp-content\/uploads\/2020\/12\/andrea_camurani_colori_500.jpg\",\"contentUrl\":\"https:\/\/staging.varesenews.it\/wp-content\/uploads\/2020\/12\/andrea_camurani_colori_500.jpg\",\"caption\":\"Andrea Camurani\"},\"description\":\"Sono figlio degli anni Settanta e di Milano, dove ho imparato a riconoscere buoni e cattivi. Laurea in scienze politiche, lavoro a VareseNews dal 2000. Racconto quel che trovo quando incontro chi vuole lasciare al mondo un pezzetto di vita, che si chiama cronaca. &ldquo;...perch&eacute; &egrave; la gente il pi&ugrave; grande spettacolo del mondo. E non si paga il biglietto...&rdquo; (Charles Bukowsky)\",\"sameAs\":[\"https:\/\/www.facebook.com\/andrea.camurani?fref=photo\",\"andreacamurani\",\"https:\/\/www.linkedin.com\/hp\/?dnr=A9a84RfzsLdo9xg4NcGV4dLiMknoc9ms4WM\",\"https:\/\/twitter.com\/AndreaCamurani\"],\"url\":\"https:\/\/staging.varesenews.it\/persona\/andrea_camurani\/\"}]}<\/script>\n<!-- \/ Yoast SEO plugin. -->","yoast_head_json":{"title":"Stampa locale: \u00e8 ora di uscire dall\u2019isolamento","description":"Stampa locale: \u00e8 ora di uscire dall\u2019isolamento","robots":{"index":"noindex","follow":"follow","max-snippet":"max-snippet:-1","max-image-preview":"max-image-preview:large","max-video-preview":"max-video-preview:-1"},"og_locale":"it_IT","og_type":"article","og_title":"Stampa locale: \u00e8 ora di uscire dall\u2019isolamento","og_description":"Stampa locale: \u00e8 ora di uscire dall\u2019isolamento","og_url":"https:\/\/staging.varesenews.it\/2016\/06\/stampa-locale-e-ora-di-uscire-dallisolamento\/527247\/","og_site_name":"VareseNews","article_publisher":"https:\/\/www.facebook.com\/varesenews","article_author":"https:\/\/www.facebook.com\/andrea.camurani?fref=photo","article_published_time":"2016-06-13T11:15:30+00:00","article_modified_time":"2016-06-13T11:16:31+00:00","author":"Andrea Camurani","twitter_card":"summary_large_image","twitter_creator":"@AndreaCamurani","twitter_site":"@varesenews","twitter_misc":{"Scritto da":"Andrea Camurani","Tempo di lettura stimato":"3 minuti"},"schema":{"@context":"https:\/\/schema.org","@graph":[{"@type":"WebPage","@id":"https:\/\/staging.varesenews.it\/2016\/06\/stampa-locale-e-ora-di-uscire-dallisolamento\/527247\/","url":"https:\/\/staging.varesenews.it\/2016\/06\/stampa-locale-e-ora-di-uscire-dallisolamento\/527247\/","name":"Stampa locale: \u00e8 ora di uscire dall\u2019isolamento","isPartOf":{"@id":"https:\/\/staging.varesenews.it\/#website"},"datePublished":"2016-06-13T11:15:30+00:00","dateModified":"2016-06-13T11:16:31+00:00","author":{"@id":"https:\/\/staging.varesenews.it\/#\/schema\/person\/3eb5832c6beae763de8d9596fdbe8c49"},"description":"Stampa locale: \u00e8 ora di uscire dall\u2019isolamento","breadcrumb":{"@id":"https:\/\/staging.varesenews.it\/2016\/06\/stampa-locale-e-ora-di-uscire-dallisolamento\/527247\/#breadcrumb"},"inLanguage":"it-IT","potentialAction":[{"@type":"ReadAction","target":["https:\/\/staging.varesenews.it\/2016\/06\/stampa-locale-e-ora-di-uscire-dallisolamento\/527247\/"]}]},{"@type":"BreadcrumbList","@id":"https:\/\/staging.varesenews.it\/2016\/06\/stampa-locale-e-ora-di-uscire-dallisolamento\/527247\/#breadcrumb","itemListElement":[{"@type":"ListItem","position":1,"name":"Home","item":"https:\/\/www.varesenews.it\/"},{"@type":"ListItem","position":2,"name":"Stampa locale: \u00e8 ora di uscire dall\u2019isolamento"}]},{"@type":"WebSite","@id":"https:\/\/staging.varesenews.it\/#website","url":"https:\/\/staging.varesenews.it\/","name":"VareseNews","description":"","potentialAction":[{"@type":"SearchAction","target":{"@type":"EntryPoint","urlTemplate":"https:\/\/staging.varesenews.it\/?s={search_term_string}"},"query-input":"required name=search_term_string"}],"inLanguage":"it-IT"},{"@type":"Person","@id":"https:\/\/staging.varesenews.it\/#\/schema\/person\/3eb5832c6beae763de8d9596fdbe8c49","name":"Andrea Camurani","image":{"@type":"ImageObject","inLanguage":"it-IT","@id":"https:\/\/staging.varesenews.it\/#\/schema\/person\/image\/","url":"https:\/\/staging.varesenews.it\/wp-content\/uploads\/2020\/12\/andrea_camurani_colori_500.jpg","contentUrl":"https:\/\/staging.varesenews.it\/wp-content\/uploads\/2020\/12\/andrea_camurani_colori_500.jpg","caption":"Andrea Camurani"},"description":"Sono figlio degli anni Settanta e di Milano, dove ho imparato a riconoscere buoni e cattivi. Laurea in scienze politiche, lavoro a VareseNews dal 2000. Racconto quel che trovo quando incontro chi vuole lasciare al mondo un pezzetto di vita, che si chiama cronaca. &ldquo;...perch&eacute; &egrave; la gente il pi&ugrave; grande spettacolo del mondo. E non si paga il biglietto...&rdquo; (Charles Bukowsky)","sameAs":["https:\/\/www.facebook.com\/andrea.camurani?fref=photo","andreacamurani","https:\/\/www.linkedin.com\/hp\/?dnr=A9a84RfzsLdo9xg4NcGV4dLiMknoc9ms4WM","https:\/\/twitter.com\/AndreaCamurani"],"url":"https:\/\/staging.varesenews.it\/persona\/andrea_camurani\/"}]}},"post_meta":{"_edit_lock":"1465816492:34","_edit_last":"34","_category_permalink":"","wdfb_og_title":"","wdfb_og_type":"","wdfb_og_description":"","wdfb_og_images":"a:1:{i:0;s:0:\"\";}","wdfb_og_custom_name":"a:1:{i:0;s:0:\"\";}","wdfb_og_custom_value":"a:1:{i:0;s:0:\"\";}","foto":"545241","firma_come_redazione":"1","argomento":"Varese","_yoast_wpseo_focuskw":"Stampa locale: \u00e8 ora di uscire dall\u2019isolamento","_yoast_wpseo_metadesc":"Stampa locale: \u00e8 ora di uscire dall\u2019isolamento","_jd_twitter":"","_jd_tweet_this":"yes","ratings_users":"0","ratings_score":"0","ratings_average":"0","_wpt_short_url":"http:\/\/www.varesenews.it\/2016\/06\/stampa-locale-e-ora-di-uscire-dallisolamento\/527247\/","_wp_jd_target":"http:\/\/www.varesenews.it\/2016\/06\/stampa-locale-e-ora-di-uscire-dallisolamento\/527247\/","_jd_wp_twitter":"a:1:{i:0;s:164:\"Stampa locale: \u00e8 ora di uscire dall\u2019isolamento http:\/\/www.varesenews.it\/2016\/06\/stampa-locale-e-ora-di-uscire-dallisolamento\/527247\/ #anso #editoria #primaonline\";}","_wpt_status_message":"Tweet inviato con successo.","_yoast_wpseo_linkdex":"77"},"photos":[{"original":"https:\/\/staging.varesenews.it\/photogallery_new\/images\/2016\/06\/avarie-545241.jpg","full":"https:\/\/staging.varesenews.it\/photogallery_new\/images\/2016\/06\/avarie-545241.1024x768.jpg","large":"https:\/\/staging.varesenews.it\/photogallery_new\/images\/2016\/06\/avarie-545241.610x431.jpg"}],"_links":{"self":[{"href":"https:\/\/staging.varesenews.it\/swgapi\/v1\/wp\/v2\/posts\/527247"}],"collection":[{"href":"https:\/\/staging.varesenews.it\/swgapi\/v1\/wp\/v2\/posts"}],"about":[{"href":"https:\/\/staging.varesenews.it\/swgapi\/v1\/wp\/v2\/types\/post"}],"author":[{"embeddable":true,"href":"https:\/\/staging.varesenews.it\/swgapi\/v1\/wp\/v2\/users\/34"}],"replies":[{"embeddable":true,"href":"https:\/\/staging.varesenews.it\/swgapi\/v1\/wp\/v2\/comments?post=527247"}],"version-history":[{"count":0,"href":"https:\/\/staging.varesenews.it\/swgapi\/v1\/wp\/v2\/posts\/527247\/revisions"}],"wp:attachment":[{"href":"https:\/\/staging.varesenews.it\/swgapi\/v1\/wp\/v2\/media?parent=527247"}],"wp:term":[{"taxonomy":"category","embeddable":true,"href":"https:\/\/staging.varesenews.it\/swgapi\/v1\/wp\/v2\/categories?post=527247"},{"taxonomy":"post_tag","embeddable":true,"href":"https:\/\/staging.varesenews.it\/swgapi\/v1\/wp\/v2\/tags?post=527247"}],"curies":[{"name":"wp","href":"https:\/\/api.w.org\/{rel}","templated":true}]}}