{"id":528400,"date":"2016-06-16T10:59:39","date_gmt":"2016-06-16T08:59:39","guid":{"rendered":"http:\/\/www.varesenews.it\/?p=528400"},"modified":"2016-06-16T12:53:00","modified_gmt":"2016-06-16T10:53:00","slug":"venerdi-sera-appuntamento-con-la-tra-ville-e-giardini","status":"publish","type":"post","link":"https:\/\/staging.varesenews.it\/2016\/06\/venerdi-sera-appuntamento-con-la-tra-ville-e-giardini\/528400\/","title":{"rendered":"Venerd\u00ec sera appuntamento con la &#8220;Tra Ville e Giardini&#8221;"},"content":{"rendered":"<p>Prender\u00e0 il via alle ore 20 di venerd\u00ec 17 giugno la quarta edizione della corsa podistica <strong>&#8220;Tra Ville e Giardini&#8221;,<\/strong> caratteristica competizione organizzata dai Runner Varese, che permetter\u00e0 ai concorrenti di divertirsi facendo attivit\u00e0 fisica e gustare l&#8217;atmosfera dei giardini pi\u00f9 belli del centro di Varese.<\/p>\n<p>Il percorso porter\u00e0 gli atleti dai Giardini Estensi a Villa Panza, poi si attraverser\u00e0 <strong>Ville Ponti scendendo a Villa Mylius<\/strong> per far rientro ai Giardini Estensi, dove si concluder\u00e0 la corsa.<\/p>\n<p>Quest&#8217;anno la manifestazione avr\u00e0 come madrina <strong>Cristina &#8220;Chicchi&#8221; Maracci.<\/strong><\/p>\n","protected":false},"excerpt":{"rendered":"<p>La corsa podistica organizzata dai Runner Varese partir\u00e0 alle ore 20 dai giardini Estensi passando per Villa Panza, Ville Ponti e Villa Mylius<\/p>\n","protected":false},"author":37,"featured_media":0,"comment_status":"open","ping_status":"open","sticky":false,"template":"","format":"standard","meta":{"footnotes":""},"categories":[14,2],"tags":[756,61593],"acf":[],"yoast_head":"<!-- This site is optimized with the Yoast SEO plugin v20.1 - https:\/\/yoast.com\/wordpress\/plugins\/seo\/ -->\n<title>Venerd\u00ec sera appuntamento con la &quot;Tra Ville e Giardini&quot;<\/title>\n<meta name=\"description\" content=\"La corsa podistica organizzata dai Runner Varese partir\u00e0 alle ore 20 dai giardini Estensi passando per Villa Panza, Ville Ponti e Villa Mylius\" \/>\n<meta name=\"robots\" content=\"noindex, follow, max-snippet:-1, max-image-preview:large, max-video-preview:-1\" \/>\n<meta property=\"og:locale\" content=\"it_IT\" \/>\n<meta property=\"og:type\" content=\"article\" \/>\n<meta property=\"og:title\" content=\"Venerd\u00ec sera appuntamento con la &quot;Tra Ville e Giardini&quot;\" \/>\n<meta property=\"og:description\" content=\"La corsa podistica organizzata dai Runner Varese partir\u00e0 alle ore 20 dai giardini Estensi passando per Villa Panza, Ville Ponti e Villa Mylius\" \/>\n<meta property=\"og:url\" content=\"https:\/\/staging.varesenews.it\/2016\/06\/venerdi-sera-appuntamento-con-la-tra-ville-e-giardini\/528400\/\" \/>\n<meta property=\"og:site_name\" content=\"VareseNews\" \/>\n<meta property=\"article:publisher\" content=\"https:\/\/www.facebook.com\/varesenews\" \/>\n<meta property=\"article:published_time\" content=\"2016-06-16T08:59:39+00:00\" \/>\n<meta property=\"article:modified_time\" content=\"2016-06-16T10:53:00+00:00\" \/>\n<meta name=\"author\" content=\"Francesco Mazzoleni\" \/>\n<meta name=\"twitter:card\" content=\"summary_large_image\" \/>\n<meta name=\"twitter:creator\" content=\"@fmazzof\" \/>\n<meta name=\"twitter:site\" content=\"@varesenews\" \/>\n<meta name=\"twitter:label1\" content=\"Scritto da\" \/>\n\t<meta name=\"twitter:data1\" content=\"Francesco Mazzoleni\" \/>\n<script type=\"application\/ld+json\" class=\"yoast-schema-graph\">{\"@context\":\"https:\/\/schema.org\",\"@graph\":[{\"@type\":\"WebPage\",\"@id\":\"https:\/\/staging.varesenews.it\/2016\/06\/venerdi-sera-appuntamento-con-la-tra-ville-e-giardini\/528400\/\",\"url\":\"https:\/\/staging.varesenews.it\/2016\/06\/venerdi-sera-appuntamento-con-la-tra-ville-e-giardini\/528400\/\",\"name\":\"Venerd\u00ec sera appuntamento con la \\\"Tra Ville e Giardini\\\"\",\"isPartOf\":{\"@id\":\"https:\/\/staging.varesenews.it\/#website\"},\"datePublished\":\"2016-06-16T08:59:39+00:00\",\"dateModified\":\"2016-06-16T10:53:00+00:00\",\"author\":{\"@id\":\"https:\/\/staging.varesenews.it\/#\/schema\/person\/e82236e79160d30d4e1f942004ac3038\"},\"description\":\"La corsa podistica organizzata dai Runner Varese partir\u00e0 alle ore 20 dai giardini Estensi passando per Villa Panza, Ville Ponti e Villa Mylius\",\"breadcrumb\":{\"@id\":\"https:\/\/staging.varesenews.it\/2016\/06\/venerdi-sera-appuntamento-con-la-tra-ville-e-giardini\/528400\/#breadcrumb\"},\"inLanguage\":\"it-IT\",\"potentialAction\":[{\"@type\":\"ReadAction\",\"target\":[\"https:\/\/staging.varesenews.it\/2016\/06\/venerdi-sera-appuntamento-con-la-tra-ville-e-giardini\/528400\/\"]}]},{\"@type\":\"BreadcrumbList\",\"@id\":\"https:\/\/staging.varesenews.it\/2016\/06\/venerdi-sera-appuntamento-con-la-tra-ville-e-giardini\/528400\/#breadcrumb\",\"itemListElement\":[{\"@type\":\"ListItem\",\"position\":1,\"name\":\"Home\",\"item\":\"https:\/\/www.varesenews.it\/\"},{\"@type\":\"ListItem\",\"position\":2,\"name\":\"Venerd\u00ec sera appuntamento con la &#8220;Tra Ville e Giardini&#8221;\"}]},{\"@type\":\"WebSite\",\"@id\":\"https:\/\/staging.varesenews.it\/#website\",\"url\":\"https:\/\/staging.varesenews.it\/\",\"name\":\"VareseNews\",\"description\":\"\",\"potentialAction\":[{\"@type\":\"SearchAction\",\"target\":{\"@type\":\"EntryPoint\",\"urlTemplate\":\"https:\/\/staging.varesenews.it\/?s={search_term_string}\"},\"query-input\":\"required name=search_term_string\"}],\"inLanguage\":\"it-IT\"},{\"@type\":\"Person\",\"@id\":\"https:\/\/staging.varesenews.it\/#\/schema\/person\/e82236e79160d30d4e1f942004ac3038\",\"name\":\"Francesco Mazzoleni\",\"image\":{\"@type\":\"ImageObject\",\"inLanguage\":\"it-IT\",\"@id\":\"https:\/\/staging.varesenews.it\/#\/schema\/person\/image\/\",\"url\":\"https:\/\/staging.varesenews.it\/wp-content\/uploads\/2020\/12\/francesco_mazzoleni_colori_500-1.jpg\",\"contentUrl\":\"https:\/\/staging.varesenews.it\/wp-content\/uploads\/2020\/12\/francesco_mazzoleni_colori_500-1.jpg\",\"caption\":\"Francesco Mazzoleni\"},\"description\":\"\\\"Uomo di campo\\\" della redazione sportiva. Nutro una vera passione per il calcio, che sia ad alti livelli, sui campi di provincia o in altri continenti. Sono nato a Varese nel 1984, vivo da sempre a Malnate e ho una laurea in Scienze Motorie. Ho mosso i primi passi a VareseNews da stagista nel 2002; nel 2008 ho iniziato a collaborare con maggiore continuit\u00e0 e dal 2018 sono giornalista professionista. Orgoglioso pap\u00e0 di Federico e Adelaide.\",\"sameAs\":[\"fmazzof\",\"it.linkedin.com\/in\/francescomazzolenif\",\"https:\/\/twitter.com\/fmazzof\"],\"url\":\"https:\/\/staging.varesenews.it\/persona\/francesco_mazzoleniferracini\/\"}]}<\/script>\n<!-- \/ Yoast SEO plugin. -->","yoast_head_json":{"title":"Venerd\u00ec sera appuntamento con la \"Tra Ville e Giardini\"","description":"La corsa podistica organizzata dai Runner Varese partir\u00e0 alle ore 20 dai giardini Estensi passando per Villa Panza, Ville Ponti e Villa Mylius","robots":{"index":"noindex","follow":"follow","max-snippet":"max-snippet:-1","max-image-preview":"max-image-preview:large","max-video-preview":"max-video-preview:-1"},"og_locale":"it_IT","og_type":"article","og_title":"Venerd\u00ec sera appuntamento con la \"Tra Ville e Giardini\"","og_description":"La corsa podistica organizzata dai Runner Varese partir\u00e0 alle ore 20 dai giardini Estensi passando per Villa Panza, Ville Ponti e Villa Mylius","og_url":"https:\/\/staging.varesenews.it\/2016\/06\/venerdi-sera-appuntamento-con-la-tra-ville-e-giardini\/528400\/","og_site_name":"VareseNews","article_publisher":"https:\/\/www.facebook.com\/varesenews","article_published_time":"2016-06-16T08:59:39+00:00","article_modified_time":"2016-06-16T10:53:00+00:00","author":"Francesco Mazzoleni","twitter_card":"summary_large_image","twitter_creator":"@fmazzof","twitter_site":"@varesenews","twitter_misc":{"Scritto da":"Francesco Mazzoleni"},"schema":{"@context":"https:\/\/schema.org","@graph":[{"@type":"WebPage","@id":"https:\/\/staging.varesenews.it\/2016\/06\/venerdi-sera-appuntamento-con-la-tra-ville-e-giardini\/528400\/","url":"https:\/\/staging.varesenews.it\/2016\/06\/venerdi-sera-appuntamento-con-la-tra-ville-e-giardini\/528400\/","name":"Venerd\u00ec sera appuntamento con la \"Tra Ville e Giardini\"","isPartOf":{"@id":"https:\/\/staging.varesenews.it\/#website"},"datePublished":"2016-06-16T08:59:39+00:00","dateModified":"2016-06-16T10:53:00+00:00","author":{"@id":"https:\/\/staging.varesenews.it\/#\/schema\/person\/e82236e79160d30d4e1f942004ac3038"},"description":"La corsa podistica organizzata dai Runner Varese partir\u00e0 alle ore 20 dai giardini Estensi passando per Villa Panza, Ville Ponti e Villa Mylius","breadcrumb":{"@id":"https:\/\/staging.varesenews.it\/2016\/06\/venerdi-sera-appuntamento-con-la-tra-ville-e-giardini\/528400\/#breadcrumb"},"inLanguage":"it-IT","potentialAction":[{"@type":"ReadAction","target":["https:\/\/staging.varesenews.it\/2016\/06\/venerdi-sera-appuntamento-con-la-tra-ville-e-giardini\/528400\/"]}]},{"@type":"BreadcrumbList","@id":"https:\/\/staging.varesenews.it\/2016\/06\/venerdi-sera-appuntamento-con-la-tra-ville-e-giardini\/528400\/#breadcrumb","itemListElement":[{"@type":"ListItem","position":1,"name":"Home","item":"https:\/\/www.varesenews.it\/"},{"@type":"ListItem","position":2,"name":"Venerd\u00ec sera appuntamento con la &#8220;Tra Ville e Giardini&#8221;"}]},{"@type":"WebSite","@id":"https:\/\/staging.varesenews.it\/#website","url":"https:\/\/staging.varesenews.it\/","name":"VareseNews","description":"","potentialAction":[{"@type":"SearchAction","target":{"@type":"EntryPoint","urlTemplate":"https:\/\/staging.varesenews.it\/?s={search_term_string}"},"query-input":"required name=search_term_string"}],"inLanguage":"it-IT"},{"@type":"Person","@id":"https:\/\/staging.varesenews.it\/#\/schema\/person\/e82236e79160d30d4e1f942004ac3038","name":"Francesco Mazzoleni","image":{"@type":"ImageObject","inLanguage":"it-IT","@id":"https:\/\/staging.varesenews.it\/#\/schema\/person\/image\/","url":"https:\/\/staging.varesenews.it\/wp-content\/uploads\/2020\/12\/francesco_mazzoleni_colori_500-1.jpg","contentUrl":"https:\/\/staging.varesenews.it\/wp-content\/uploads\/2020\/12\/francesco_mazzoleni_colori_500-1.jpg","caption":"Francesco Mazzoleni"},"description":"\"Uomo di campo\" della redazione sportiva. Nutro una vera passione per il calcio, che sia ad alti livelli, sui campi di provincia o in altri continenti. Sono nato a Varese nel 1984, vivo da sempre a Malnate e ho una laurea in Scienze Motorie. Ho mosso i primi passi a VareseNews da stagista nel 2002; nel 2008 ho iniziato a collaborare con maggiore continuit\u00e0 e dal 2018 sono giornalista professionista. Orgoglioso pap\u00e0 di Federico e Adelaide.","sameAs":["fmazzof","it.linkedin.com\/in\/francescomazzolenif","https:\/\/twitter.com\/fmazzof"],"url":"https:\/\/staging.varesenews.it\/persona\/francesco_mazzoleniferracini\/"}]}},"post_meta":{"_edit_lock":"1466075310:44","_edit_last":"44","_category_permalink":"14","ratings_users":"0","ratings_score":"0","ratings_average":"0","wdfb_og_title":"","wdfb_og_type":"","wdfb_og_description":"","wdfb_og_images":"a:1:{i:0;s:0:\"\";}","wdfb_og_custom_name":"a:1:{i:0;s:0:\"\";}","wdfb_og_custom_value":"a:1:{i:0;s:0:\"\";}","id_leggi_anche":"523124","firma_come_redazione":"1","argomento":"Varese","_yoast_wpseo_focuskw":"tra ville e giardini","_jd_twitter":"","_jd_tweet_this":"yes","_wpt_short_url":"http:\/\/www.varesenews.it\/2016\/06\/venerdi-sera-appuntamento-con-la-tra-ville-e-giardini\/528400\/","_wp_jd_target":"http:\/\/www.varesenews.it\/2016\/06\/venerdi-sera-appuntamento-con-la-tra-ville-e-giardini\/528400\/","_jd_wp_twitter":"a:1:{i:0;s:160:\"Venerd\u00ec sera appuntamento con la \"Tra Ville e Giardini\" http:\/\/www.varesenews.it\/2016\/06\/venerdi-sera-appuntamento-con-la-tra-ville-e-giardini\/528400\/ #podismo\";}","_wpt_status_message":"Tweet inviato con successo.","_yoast_wpseo_linkdex":"48","foto":"542849"},"photos":[{"original":"https:\/\/staging.varesenews.it\/photogallery_new\/images\/2016\/06\/foto-del-giorno-del-mese-di-giugno-2016-542849.jpg","full":"https:\/\/staging.varesenews.it\/photogallery_new\/images\/2016\/06\/foto-del-giorno-del-mese-di-giugno-2016-542849.1024x768.jpg","large":"https:\/\/staging.varesenews.it\/photogallery_new\/images\/2016\/06\/foto-del-giorno-del-mese-di-giugno-2016-542849.610x431.jpg"}],"_links":{"self":[{"href":"https:\/\/staging.varesenews.it\/swgapi\/v1\/wp\/v2\/posts\/528400"}],"collection":[{"href":"https:\/\/staging.varesenews.it\/swgapi\/v1\/wp\/v2\/posts"}],"about":[{"href":"https:\/\/staging.varesenews.it\/swgapi\/v1\/wp\/v2\/types\/post"}],"author":[{"embeddable":true,"href":"https:\/\/staging.varesenews.it\/swgapi\/v1\/wp\/v2\/users\/37"}],"replies":[{"embeddable":true,"href":"https:\/\/staging.varesenews.it\/swgapi\/v1\/wp\/v2\/comments?post=528400"}],"version-history":[{"count":0,"href":"https:\/\/staging.varesenews.it\/swgapi\/v1\/wp\/v2\/posts\/528400\/revisions"}],"wp:attachment":[{"href":"https:\/\/staging.varesenews.it\/swgapi\/v1\/wp\/v2\/media?parent=528400"}],"wp:term":[{"taxonomy":"category","embeddable":true,"href":"https:\/\/staging.varesenews.it\/swgapi\/v1\/wp\/v2\/categories?post=528400"},{"taxonomy":"post_tag","embeddable":true,"href":"https:\/\/staging.varesenews.it\/swgapi\/v1\/wp\/v2\/tags?post=528400"}],"curies":[{"name":"wp","href":"https:\/\/api.w.org\/{rel}","templated":true}]}}