{"id":529069,"date":"2016-06-17T18:06:28","date_gmt":"2016-06-17T16:06:28","guid":{"rendered":"http:\/\/www.varesenews.it\/?p=529069"},"modified":"2016-06-17T18:06:28","modified_gmt":"2016-06-17T16:06:28","slug":"il-tumore-si-legge-nei-geni-confronto-tra-specialisti","status":"publish","type":"post","link":"https:\/\/staging.varesenews.it\/2016\/06\/il-tumore-si-legge-nei-geni-confronto-tra-specialisti\/529069\/","title":{"rendered":"Il tumore si legge nei geni: confronto tra specialisti"},"content":{"rendered":"<p class=\"p1\"><span class=\"s1\">Sono venuti da tutt\u2019Italia per partecipare al seminario organizzato <\/span><span class=\"s2\">dall\u2019<b>Anatomia Patologica dell\u2019Azienda Socio Sanitaria Territoriale dei Sette Laghi di Varese<\/b> in collaborazione con il <b>Dipartimento di Scienze chirurgiche e morfologiche <\/b><\/span><span class=\"s1\">e con il contributo della <strong>Fondazione comunitaria del Varesotto<\/strong>. Un interesse superiore alle aspettative: il tema era di strettissima attualit\u00e0 e riguardava<strong> le novit\u00e0 nel campo della genetica per l\u2019individuazione dei tumori ovarico e mammari. <\/strong><\/span><\/p>\n<p class=\"p3\"><span class=\"s1\">Patologi, Genetisti, Senologi, Ginecologi, Radiologi, Oncologi, Psicologi, ma anche ai Medici di Medicina Generale e a tutti gli operatori coinvolti nei Centri di Senologia hanno approfondito una frontiera diventata di forte interesse\u00a0dopo la scelta di <strong>Angelina Jolie di praticare la doppia mastectomia<\/strong> a causa della sua predisposizione \u00a0scoperta grazie a un&#8217;indagine genetica.<\/span><\/p>\n<p class=\"p3\"><span class=\"s1\"><strong>Dal 2008, la senologia di Varese ha aperto un ambulatorio dedicato al counselling genetico<\/strong>. La <strong>dottoressa Tibiletti<\/strong> coordina le attivit\u00e0 che sono soprattutto di indagine : \u00ab Non tutte le donne accedono al test genetico &#8211; spiega la genetista &#8211; bisogna rientrare in casi ben specifici che si evidenziano dopo un colloquio\u00bb.<strong> La lista d\u2019attesa per accedere a questo counselling \u00e8 abbastanza elevata:<\/strong> \u00ab Le donne sono consapevoli di questo progresso scientifico e vengono preparate &#8211; assicura la <strong>professoressa Francesca Rovera,<\/strong> responsabile della senologia varesina &#8211; ma non tutte rientrano nei parametri\u00bb. <div class=\"photo-inside-post\"><img decoding=\"async\" loading=\"lazy\" fetchpriority=\"low\" width=\"610\" height=\"431\" src=\"https:\/\/staging.varesenews.it\/photogallery_new\/images\/2016\/06\/convegno-su-genetica-per-individuare-il-tumore-546205.610x431.jpg\" alt=\"convegno su genetica per individuare il tumore\"><\/div><\/span><\/p>\n<p class=\"p3\"><span class=\"s1\">Una volta fatto il test genetico per capire <strong>se i geni BRCA1 e BRCA2 siano mutati,<\/strong> l\u2019equipe della genetica oncologia diretta dal professor Sessa valuta, d\u2019intesa con gli specialisti della senologia o della ginecologia,<strong> il miglior approccio per prevenire l\u2019insorgenza del tumore<\/strong>: dai pi\u00f9 semplici controlli ravvicinati sino alla <strong>soluzione estrema dell\u2019asportazione di seno e\/o utero<\/strong>. Quest\u2019ultima possibilit\u00e0, attuata solo in casi di estrema necessit\u00e0 e dopo attenta valutazione, pu\u00f2 anche avvenire congiuntamente con le equipe della senologia e della ginecologia che operano in contemporanea.<\/span><\/p>\n<p class=\"p3\"><span class=\"s1\">Al convegno erano presenti anche i <strong>medici di medicina generale,<\/strong> le prime sentinelle coinvolte nella sensibilizzazione delle donne: \u00ab Ultimamente, per\u00f2, le donne sono consapevoli. Il caso Jolie ha chiarito il messaggio a tutti\u00bb assicurano le due specialiste. <\/span><\/p>\n","protected":false},"excerpt":{"rendered":"<p>Universit\u00e0 dell&#8217;Insubria e ASST Sette Laghi hanno organizzato un convegno a cui sono arrivati specialisti da tutt&#8217;Italia. Un argomento di strettissima attualit\u00e0 e di grande interesse<\/p>\n","protected":false},"author":33,"featured_media":0,"comment_status":"open","ping_status":"open","sticky":false,"template":"","format":"standard","meta":{"footnotes":""},"categories":[24,25],"tags":[11523,7797,1374,113,818,202],"acf":[],"yoast_head":"<!-- This site is optimized with the Yoast SEO plugin v20.1 - https:\/\/yoast.com\/wordpress\/plugins\/seo\/ -->\n<title>Il tumore si legge nei geni: confronto tra specialisti<\/title>\n<meta name=\"description\" content=\"Universit\u00e0 dell&#039;Insubria e ASST Sette Laghi hanno organizzato un convegno a cui sono arrivati specialisti da tutt&#039;Italia. Un argomento di strettissima attualit\u00e0 e di grande interesse\" \/>\n<meta name=\"robots\" content=\"noindex, follow, max-snippet:-1, max-image-preview:large, max-video-preview:-1\" \/>\n<meta property=\"og:locale\" content=\"it_IT\" \/>\n<meta property=\"og:type\" content=\"article\" \/>\n<meta property=\"og:title\" content=\"Il tumore si legge nei geni: confronto tra specialisti\" \/>\n<meta property=\"og:description\" content=\"Universit\u00e0 dell&#039;Insubria e ASST Sette Laghi hanno organizzato un convegno a cui sono arrivati specialisti da tutt&#039;Italia. Un argomento di strettissima attualit\u00e0 e di grande interesse\" \/>\n<meta property=\"og:url\" content=\"https:\/\/staging.varesenews.it\/2016\/06\/il-tumore-si-legge-nei-geni-confronto-tra-specialisti\/529069\/\" \/>\n<meta property=\"og:site_name\" content=\"VareseNews\" \/>\n<meta property=\"article:publisher\" content=\"https:\/\/www.facebook.com\/varesenews\" \/>\n<meta property=\"article:author\" content=\"alessandra.toni7\" \/>\n<meta property=\"article:published_time\" content=\"2016-06-17T16:06:28+00:00\" \/>\n<meta name=\"author\" content=\"Alessandra Toni\" \/>\n<meta name=\"twitter:card\" content=\"summary_large_image\" \/>\n<meta name=\"twitter:creator\" content=\"@alessandra_toni\" \/>\n<meta name=\"twitter:site\" content=\"@varesenews\" \/>\n<meta name=\"twitter:label1\" content=\"Scritto da\" \/>\n\t<meta name=\"twitter:data1\" content=\"Alessandra Toni\" \/>\n\t<meta name=\"twitter:label2\" content=\"Tempo di lettura stimato\" \/>\n\t<meta name=\"twitter:data2\" content=\"2 minuti\" \/>\n<script type=\"application\/ld+json\" class=\"yoast-schema-graph\">{\"@context\":\"https:\/\/schema.org\",\"@graph\":[{\"@type\":\"WebPage\",\"@id\":\"https:\/\/staging.varesenews.it\/2016\/06\/il-tumore-si-legge-nei-geni-confronto-tra-specialisti\/529069\/\",\"url\":\"https:\/\/staging.varesenews.it\/2016\/06\/il-tumore-si-legge-nei-geni-confronto-tra-specialisti\/529069\/\",\"name\":\"Il tumore si legge nei geni: confronto tra specialisti\",\"isPartOf\":{\"@id\":\"https:\/\/staging.varesenews.it\/#website\"},\"datePublished\":\"2016-06-17T16:06:28+00:00\",\"dateModified\":\"2016-06-17T16:06:28+00:00\",\"author\":{\"@id\":\"https:\/\/staging.varesenews.it\/#\/schema\/person\/2643ce123d4a3c9511e015dc548779b8\"},\"description\":\"Universit\u00e0 dell'Insubria e ASST Sette Laghi hanno organizzato un convegno a cui sono arrivati specialisti da tutt'Italia. Un argomento di strettissima attualit\u00e0 e di grande interesse\",\"breadcrumb\":{\"@id\":\"https:\/\/staging.varesenews.it\/2016\/06\/il-tumore-si-legge-nei-geni-confronto-tra-specialisti\/529069\/#breadcrumb\"},\"inLanguage\":\"it-IT\",\"potentialAction\":[{\"@type\":\"ReadAction\",\"target\":[\"https:\/\/staging.varesenews.it\/2016\/06\/il-tumore-si-legge-nei-geni-confronto-tra-specialisti\/529069\/\"]}]},{\"@type\":\"BreadcrumbList\",\"@id\":\"https:\/\/staging.varesenews.it\/2016\/06\/il-tumore-si-legge-nei-geni-confronto-tra-specialisti\/529069\/#breadcrumb\",\"itemListElement\":[{\"@type\":\"ListItem\",\"position\":1,\"name\":\"Home\",\"item\":\"https:\/\/www.varesenews.it\/\"},{\"@type\":\"ListItem\",\"position\":2,\"name\":\"Il tumore si legge nei geni: confronto tra specialisti\"}]},{\"@type\":\"WebSite\",\"@id\":\"https:\/\/staging.varesenews.it\/#website\",\"url\":\"https:\/\/staging.varesenews.it\/\",\"name\":\"VareseNews\",\"description\":\"\",\"potentialAction\":[{\"@type\":\"SearchAction\",\"target\":{\"@type\":\"EntryPoint\",\"urlTemplate\":\"https:\/\/staging.varesenews.it\/?s={search_term_string}\"},\"query-input\":\"required name=search_term_string\"}],\"inLanguage\":\"it-IT\"},{\"@type\":\"Person\",\"@id\":\"https:\/\/staging.varesenews.it\/#\/schema\/person\/2643ce123d4a3c9511e015dc548779b8\",\"name\":\"Alessandra Toni\",\"image\":{\"@type\":\"ImageObject\",\"inLanguage\":\"it-IT\",\"@id\":\"https:\/\/staging.varesenews.it\/#\/schema\/person\/image\/\",\"url\":\"https:\/\/staging.varesenews.it\/wp-content\/uploads\/2020\/12\/alessandra_toni_colori_500.jpg\",\"contentUrl\":\"https:\/\/staging.varesenews.it\/wp-content\/uploads\/2020\/12\/alessandra_toni_colori_500.jpg\",\"caption\":\"Alessandra Toni\"},\"description\":\"Sono entrata nella redazione di VareseNews nel lontano anno 2000. Ero reduce da una bellissima esperienza nella redazione giornalistica della TV Nuova Antennatre, sotto la direzione dell'indimenticabile direttore Adolfo Caldarini. Sono arrivata quando era ancora una piccola realt\u00e0 editoriale e insieme abbiamo fatto un lungo ed entusiasmante lavoro. Mi occupo prevalentemente di scuola e di sanit\u00e0, settori impegnativi di grande valore sociale.\u00a0\",\"sameAs\":[\"alessandra.toni7\",\"alessandra.toni\",\"https:\/\/twitter.com\/alessandra_toni\"],\"url\":\"https:\/\/staging.varesenews.it\/persona\/alessandra_toni1\/\"}]}<\/script>\n<!-- \/ Yoast SEO plugin. -->","yoast_head_json":{"title":"Il tumore si legge nei geni: confronto tra specialisti","description":"Universit\u00e0 dell'Insubria e ASST Sette Laghi hanno organizzato un convegno a cui sono arrivati specialisti da tutt'Italia. Un argomento di strettissima attualit\u00e0 e di grande interesse","robots":{"index":"noindex","follow":"follow","max-snippet":"max-snippet:-1","max-image-preview":"max-image-preview:large","max-video-preview":"max-video-preview:-1"},"og_locale":"it_IT","og_type":"article","og_title":"Il tumore si legge nei geni: confronto tra specialisti","og_description":"Universit\u00e0 dell'Insubria e ASST Sette Laghi hanno organizzato un convegno a cui sono arrivati specialisti da tutt'Italia. Un argomento di strettissima attualit\u00e0 e di grande interesse","og_url":"https:\/\/staging.varesenews.it\/2016\/06\/il-tumore-si-legge-nei-geni-confronto-tra-specialisti\/529069\/","og_site_name":"VareseNews","article_publisher":"https:\/\/www.facebook.com\/varesenews","article_author":"alessandra.toni7","article_published_time":"2016-06-17T16:06:28+00:00","author":"Alessandra Toni","twitter_card":"summary_large_image","twitter_creator":"@alessandra_toni","twitter_site":"@varesenews","twitter_misc":{"Scritto da":"Alessandra Toni","Tempo di lettura stimato":"2 minuti"},"schema":{"@context":"https:\/\/schema.org","@graph":[{"@type":"WebPage","@id":"https:\/\/staging.varesenews.it\/2016\/06\/il-tumore-si-legge-nei-geni-confronto-tra-specialisti\/529069\/","url":"https:\/\/staging.varesenews.it\/2016\/06\/il-tumore-si-legge-nei-geni-confronto-tra-specialisti\/529069\/","name":"Il tumore si legge nei geni: confronto tra specialisti","isPartOf":{"@id":"https:\/\/staging.varesenews.it\/#website"},"datePublished":"2016-06-17T16:06:28+00:00","dateModified":"2016-06-17T16:06:28+00:00","author":{"@id":"https:\/\/staging.varesenews.it\/#\/schema\/person\/2643ce123d4a3c9511e015dc548779b8"},"description":"Universit\u00e0 dell'Insubria e ASST Sette Laghi hanno organizzato un convegno a cui sono arrivati specialisti da tutt'Italia. Un argomento di strettissima attualit\u00e0 e di grande interesse","breadcrumb":{"@id":"https:\/\/staging.varesenews.it\/2016\/06\/il-tumore-si-legge-nei-geni-confronto-tra-specialisti\/529069\/#breadcrumb"},"inLanguage":"it-IT","potentialAction":[{"@type":"ReadAction","target":["https:\/\/staging.varesenews.it\/2016\/06\/il-tumore-si-legge-nei-geni-confronto-tra-specialisti\/529069\/"]}]},{"@type":"BreadcrumbList","@id":"https:\/\/staging.varesenews.it\/2016\/06\/il-tumore-si-legge-nei-geni-confronto-tra-specialisti\/529069\/#breadcrumb","itemListElement":[{"@type":"ListItem","position":1,"name":"Home","item":"https:\/\/www.varesenews.it\/"},{"@type":"ListItem","position":2,"name":"Il tumore si legge nei geni: confronto tra specialisti"}]},{"@type":"WebSite","@id":"https:\/\/staging.varesenews.it\/#website","url":"https:\/\/staging.varesenews.it\/","name":"VareseNews","description":"","potentialAction":[{"@type":"SearchAction","target":{"@type":"EntryPoint","urlTemplate":"https:\/\/staging.varesenews.it\/?s={search_term_string}"},"query-input":"required name=search_term_string"}],"inLanguage":"it-IT"},{"@type":"Person","@id":"https:\/\/staging.varesenews.it\/#\/schema\/person\/2643ce123d4a3c9511e015dc548779b8","name":"Alessandra Toni","image":{"@type":"ImageObject","inLanguage":"it-IT","@id":"https:\/\/staging.varesenews.it\/#\/schema\/person\/image\/","url":"https:\/\/staging.varesenews.it\/wp-content\/uploads\/2020\/12\/alessandra_toni_colori_500.jpg","contentUrl":"https:\/\/staging.varesenews.it\/wp-content\/uploads\/2020\/12\/alessandra_toni_colori_500.jpg","caption":"Alessandra Toni"},"description":"Sono entrata nella redazione di VareseNews nel lontano anno 2000. Ero reduce da una bellissima esperienza nella redazione giornalistica della TV Nuova Antennatre, sotto la direzione dell'indimenticabile direttore Adolfo Caldarini. Sono arrivata quando era ancora una piccola realt\u00e0 editoriale e insieme abbiamo fatto un lungo ed entusiasmante lavoro. Mi occupo prevalentemente di scuola e di sanit\u00e0, settori impegnativi di grande valore sociale.\u00a0","sameAs":["alessandra.toni7","alessandra.toni","https:\/\/twitter.com\/alessandra_toni"],"url":"https:\/\/staging.varesenews.it\/persona\/alessandra_toni1\/"}]}},"post_meta":{"_edit_lock":"1466179545:33","_edit_last":"33","_category_permalink":"24","wdfb_og_title":"","wdfb_og_type":"","wdfb_og_description":"","wdfb_og_images":"a:1:{i:0;s:0:\"\";}","wdfb_og_custom_name":"a:1:{i:0;s:0:\"\";}","wdfb_og_custom_value":"a:1:{i:0;s:0:\"\";}","foto":"546204,546205","firma-personalizzata":"A.T.","argomento":"Varese","_jd_twitter":"","_jd_tweet_this":"yes","ratings_users":"0","ratings_score":"0","ratings_average":"0","_wpt_short_url":"http:\/\/www.varesenews.it\/2016\/06\/il-tumore-si-legge-nei-geni-confronto-tra-specialisti\/529069\/","_wp_jd_target":"http:\/\/www.varesenews.it\/2016\/06\/il-tumore-si-legge-nei-geni-confronto-tra-specialisti\/529069\/","_jd_wp_twitter":"a:1:{i:0;s:183:\"Il tumore si legge nei geni: confronto tra specialisti http:\/\/www.varesenews.it\/2016\/06\/il-tumore-si-legge-nei-geni-confronto-tra-specialisti\/529069\/ #genetica #ginecologia #oncologia\";}","_wpt_status_message":"Tweet inviato con successo."},"photos":[{"original":"https:\/\/staging.varesenews.it\/photogallery_new\/images\/2016\/06\/convegno-su-genetica-per-individuare-il-tumore-546204.jpg","full":"https:\/\/staging.varesenews.it\/photogallery_new\/images\/2016\/06\/convegno-su-genetica-per-individuare-il-tumore-546204.1024x768.jpg","large":"https:\/\/staging.varesenews.it\/photogallery_new\/images\/2016\/06\/convegno-su-genetica-per-individuare-il-tumore-546204.610x431.jpg"},{"original":"https:\/\/staging.varesenews.it\/photogallery_new\/images\/2016\/06\/convegno-su-genetica-per-individuare-il-tumore-546205.jpg","full":"https:\/\/staging.varesenews.it\/photogallery_new\/images\/2016\/06\/convegno-su-genetica-per-individuare-il-tumore-546205.1024x768.jpg","large":"https:\/\/staging.varesenews.it\/photogallery_new\/images\/2016\/06\/convegno-su-genetica-per-individuare-il-tumore-546205.610x431.jpg"}],"_links":{"self":[{"href":"https:\/\/staging.varesenews.it\/swgapi\/v1\/wp\/v2\/posts\/529069"}],"collection":[{"href":"https:\/\/staging.varesenews.it\/swgapi\/v1\/wp\/v2\/posts"}],"about":[{"href":"https:\/\/staging.varesenews.it\/swgapi\/v1\/wp\/v2\/types\/post"}],"author":[{"embeddable":true,"href":"https:\/\/staging.varesenews.it\/swgapi\/v1\/wp\/v2\/users\/33"}],"replies":[{"embeddable":true,"href":"https:\/\/staging.varesenews.it\/swgapi\/v1\/wp\/v2\/comments?post=529069"}],"version-history":[{"count":0,"href":"https:\/\/staging.varesenews.it\/swgapi\/v1\/wp\/v2\/posts\/529069\/revisions"}],"wp:attachment":[{"href":"https:\/\/staging.varesenews.it\/swgapi\/v1\/wp\/v2\/media?parent=529069"}],"wp:term":[{"taxonomy":"category","embeddable":true,"href":"https:\/\/staging.varesenews.it\/swgapi\/v1\/wp\/v2\/categories?post=529069"},{"taxonomy":"post_tag","embeddable":true,"href":"https:\/\/staging.varesenews.it\/swgapi\/v1\/wp\/v2\/tags?post=529069"}],"curies":[{"name":"wp","href":"https:\/\/api.w.org\/{rel}","templated":true}]}}