{"id":529290,"date":"2016-06-19T11:11:01","date_gmt":"2016-06-19T09:11:01","guid":{"rendered":"http:\/\/www.varesenews.it\/?p=529290"},"modified":"2016-06-19T15:11:36","modified_gmt":"2016-06-19T13:11:36","slug":"arriva-lestate-da-mercoledi-temperature-sopra-i-30-gradi","status":"publish","type":"post","link":"https:\/\/staging.varesenews.it\/2016\/06\/arriva-lestate-da-mercoledi-temperature-sopra-i-30-gradi\/529290\/","title":{"rendered":"Arriva l&#8217;estate, da mercoled\u00ec temperature sopra i 30 gradi"},"content":{"rendered":"<p><strong>Ultimi giorni di nuvole.<\/strong> Quasi sicuramente nei prossimi giorni arriver\u00e0 l&#8217;estate, finalmente con temperature oltre i 30 gradi. Secondo le previsioni del centro geofisico prealpino la giornata di domenica dovrebbe essere l&#8217;ultima con una frescura c<strong>he ha fatto registrare temperature sotto la media stagionale.<\/strong><\/p>\n<p>Dal punto di vista meteorologico,<strong> dal Centro geofisico fanno sapere che c&#8217;\u00e8 cambiamento in vista.<\/strong> Da luned\u00ec prender\u00e0 sopravvento l&#8217;alta pressione che sale dall&#8217;Africa, dal Marocco<strong>, con un clima pi\u00f9 estivo e temperature oltre 30 gradi gi\u00e0 da mercoled\u00ec<\/strong>. Avremo finalmente inizio di estate che coincide con l&#8217;estate astronomica del giorno 20 giugno.<\/p>\n<p>Nei giorni scorsi chi ha avuto la sensazione che le temperature fossero <strong>sotto la media stagionale,<\/strong> aveva ragione. Nella seconda decade di giugno la media degli ultime anni era intorno ai 24,5 gradi, <strong>mentre nell&#8217;ultima settimana abbiamo avuto giornate intorno ai 20\/22 gradi. .<\/strong><\/p>\n<p><strong>Anche rispetto alle piogge cadute, siamo al di sopra della media stagionale.<\/strong> \u00c8 un mese di giugno piuttosto piovoso, infatti in questi primi 20 giorni sono gi\u00e0 caduti 207 millimetri di pioggia, contro i 145 della media mensile, <strong>facendo registrare 12 giorni di precipitazioni, contro i 10 della media mensile.<\/strong><\/p>\n<p>Invece, per la giornata di luned\u00ec 20 giugno, la <strong>Sala operativa della Protezione civile della Regione Lombardia,<\/strong> la cui attivita&#8217; e&#8217; coordinata\u00a0dall&#8217;assessore regionale alla Sicurezza, Protezione civile e\u00a0Immigrazione, Simona Bordonali, ha emesso un avviso di ordinaria\u00a0criticita&#8217; (codice giallo) per la giornata di domani, lunedi&#8217; 20\u00a0giugno, per rischio idro-meteo. In particolare la Sala operativa, sulla base delle previsioni meteorologiche emesse da ARPA-SMR (Servizio Meteorologico Regionale) e delle valutazioni condotte dal Centro Funzionale di Regione Lombardia, segnala VENTO FORTE sulle zone omogenee IM-01 (Valchiavenna, provincia di Sondrio), IM-04 (Laghi e Prealpi varesine, provincia di Varese), IM-05 (Lario e Prealpi occidentali, province Como e Lecco).<\/p>\n","protected":false},"excerpt":{"rendered":"<p>Fino a oggi temperature sotto la media stagionale. Da luned\u00ec arriva l&#8217;alta pressione dall&#8217;Africa che dovrebbe stabilizzare la situazione<\/p>\n","protected":false},"author":51,"featured_media":0,"comment_status":"open","ping_status":"open","sticky":false,"template":"","format":"standard","meta":{"footnotes":""},"categories":[4,3,5,2],"tags":[163,162],"acf":[],"yoast_head":"<!-- This site is optimized with the Yoast SEO plugin v20.1 - https:\/\/yoast.com\/wordpress\/plugins\/seo\/ -->\n<title>Arriva l&#039;estate, da mercoled\u00ec temperature sopra i 30 gradi<\/title>\n<meta name=\"description\" content=\"Fino a oggi temperature sotto la media stagionale. Da luned\u00ec arriva l&#039;alta pressione dall&#039;Africa che dovrebbe stabilizzare la situazione\" \/>\n<meta name=\"robots\" content=\"noindex, follow, max-snippet:-1, max-image-preview:large, max-video-preview:-1\" \/>\n<meta property=\"og:locale\" content=\"it_IT\" \/>\n<meta property=\"og:type\" content=\"article\" \/>\n<meta property=\"og:title\" content=\"Arriva l&#039;estate, da mercoled\u00ec temperature sopra i 30 gradi\" \/>\n<meta property=\"og:description\" content=\"Fino a oggi temperature sotto la media stagionale. Da luned\u00ec arriva l&#039;alta pressione dall&#039;Africa che dovrebbe stabilizzare la situazione\" \/>\n<meta property=\"og:url\" content=\"https:\/\/staging.varesenews.it\/2016\/06\/arriva-lestate-da-mercoledi-temperature-sopra-i-30-gradi\/529290\/\" \/>\n<meta property=\"og:site_name\" content=\"VareseNews\" \/>\n<meta property=\"article:publisher\" content=\"https:\/\/www.facebook.com\/varesenews\" \/>\n<meta property=\"article:author\" content=\"https:\/\/www.facebook.com\/manuel.sgarella\" \/>\n<meta property=\"article:published_time\" content=\"2016-06-19T09:11:01+00:00\" \/>\n<meta property=\"article:modified_time\" content=\"2016-06-19T13:11:36+00:00\" \/>\n<meta name=\"author\" content=\"Manuel Sgarella\" \/>\n<meta name=\"twitter:card\" content=\"summary_large_image\" \/>\n<meta name=\"twitter:creator\" content=\"@Sgarel\" \/>\n<meta name=\"twitter:site\" content=\"@varesenews\" \/>\n<meta name=\"twitter:label1\" content=\"Scritto da\" \/>\n\t<meta name=\"twitter:data1\" content=\"Manuel Sgarella\" \/>\n\t<meta name=\"twitter:label2\" content=\"Tempo di lettura stimato\" \/>\n\t<meta name=\"twitter:data2\" content=\"1 minuto\" \/>\n<script type=\"application\/ld+json\" class=\"yoast-schema-graph\">{\"@context\":\"https:\/\/schema.org\",\"@graph\":[{\"@type\":\"WebPage\",\"@id\":\"https:\/\/staging.varesenews.it\/2016\/06\/arriva-lestate-da-mercoledi-temperature-sopra-i-30-gradi\/529290\/\",\"url\":\"https:\/\/staging.varesenews.it\/2016\/06\/arriva-lestate-da-mercoledi-temperature-sopra-i-30-gradi\/529290\/\",\"name\":\"Arriva l'estate, da mercoled\u00ec temperature sopra i 30 gradi\",\"isPartOf\":{\"@id\":\"https:\/\/staging.varesenews.it\/#website\"},\"datePublished\":\"2016-06-19T09:11:01+00:00\",\"dateModified\":\"2016-06-19T13:11:36+00:00\",\"author\":{\"@id\":\"https:\/\/staging.varesenews.it\/#\/schema\/person\/1ec987bf360cbcf5fab38b0367dbc9d4\"},\"description\":\"Fino a oggi temperature sotto la media stagionale. Da luned\u00ec arriva l'alta pressione dall'Africa che dovrebbe stabilizzare la situazione\",\"breadcrumb\":{\"@id\":\"https:\/\/staging.varesenews.it\/2016\/06\/arriva-lestate-da-mercoledi-temperature-sopra-i-30-gradi\/529290\/#breadcrumb\"},\"inLanguage\":\"it-IT\",\"potentialAction\":[{\"@type\":\"ReadAction\",\"target\":[\"https:\/\/staging.varesenews.it\/2016\/06\/arriva-lestate-da-mercoledi-temperature-sopra-i-30-gradi\/529290\/\"]}]},{\"@type\":\"BreadcrumbList\",\"@id\":\"https:\/\/staging.varesenews.it\/2016\/06\/arriva-lestate-da-mercoledi-temperature-sopra-i-30-gradi\/529290\/#breadcrumb\",\"itemListElement\":[{\"@type\":\"ListItem\",\"position\":1,\"name\":\"Home\",\"item\":\"https:\/\/www.varesenews.it\/\"},{\"@type\":\"ListItem\",\"position\":2,\"name\":\"Arriva l&#8217;estate, da mercoled\u00ec temperature sopra i 30 gradi\"}]},{\"@type\":\"WebSite\",\"@id\":\"https:\/\/staging.varesenews.it\/#website\",\"url\":\"https:\/\/staging.varesenews.it\/\",\"name\":\"VareseNews\",\"description\":\"\",\"potentialAction\":[{\"@type\":\"SearchAction\",\"target\":{\"@type\":\"EntryPoint\",\"urlTemplate\":\"https:\/\/staging.varesenews.it\/?s={search_term_string}\"},\"query-input\":\"required name=search_term_string\"}],\"inLanguage\":\"it-IT\"},{\"@type\":\"Person\",\"@id\":\"https:\/\/staging.varesenews.it\/#\/schema\/person\/1ec987bf360cbcf5fab38b0367dbc9d4\",\"name\":\"Manuel Sgarella\",\"image\":{\"@type\":\"ImageObject\",\"inLanguage\":\"it-IT\",\"@id\":\"https:\/\/staging.varesenews.it\/#\/schema\/person\/image\/\",\"url\":\"https:\/\/staging.varesenews.it\/wp-content\/uploads\/2020\/12\/manuel_sgarella_colori_500.jpg\",\"contentUrl\":\"https:\/\/staging.varesenews.it\/wp-content\/uploads\/2020\/12\/manuel_sgarella_colori_500.jpg\",\"caption\":\"Manuel Sgarella\"},\"description\":\"A VareseNews dal 1999, da quando ho iniziato a collaborare per la pagina del cinema. Col tempo mi sono occupato della cronaca del territorio di Saronno-Tradate e dell'organizzazione di alcuni progetti speciali di VareseNews, tra cui la produzione del film Digitalife. Dal 2009 sono giornalista professionista. Diplomato alla Civica scuola del cinema di Milano, coltivo da sempre una passione per tutto quello che &egrave; narrazione, soprattutto per film e serie tv. Dal 2014 Pubblico romanzi come autore indipendente.&nbsp;\",\"sameAs\":[\"https:\/\/www.facebook.com\/manuel.sgarella\",\"Sgarel\",\"https:\/\/twitter.com\/Sgarel\"],\"url\":\"https:\/\/staging.varesenews.it\/persona\/manuel-sgarella1\/\"}]}<\/script>\n<!-- \/ Yoast SEO plugin. -->","yoast_head_json":{"title":"Arriva l'estate, da mercoled\u00ec temperature sopra i 30 gradi","description":"Fino a oggi temperature sotto la media stagionale. Da luned\u00ec arriva l'alta pressione dall'Africa che dovrebbe stabilizzare la situazione","robots":{"index":"noindex","follow":"follow","max-snippet":"max-snippet:-1","max-image-preview":"max-image-preview:large","max-video-preview":"max-video-preview:-1"},"og_locale":"it_IT","og_type":"article","og_title":"Arriva l'estate, da mercoled\u00ec temperature sopra i 30 gradi","og_description":"Fino a oggi temperature sotto la media stagionale. Da luned\u00ec arriva l'alta pressione dall'Africa che dovrebbe stabilizzare la situazione","og_url":"https:\/\/staging.varesenews.it\/2016\/06\/arriva-lestate-da-mercoledi-temperature-sopra-i-30-gradi\/529290\/","og_site_name":"VareseNews","article_publisher":"https:\/\/www.facebook.com\/varesenews","article_author":"https:\/\/www.facebook.com\/manuel.sgarella","article_published_time":"2016-06-19T09:11:01+00:00","article_modified_time":"2016-06-19T13:11:36+00:00","author":"Manuel Sgarella","twitter_card":"summary_large_image","twitter_creator":"@Sgarel","twitter_site":"@varesenews","twitter_misc":{"Scritto da":"Manuel Sgarella","Tempo di lettura stimato":"1 minuto"},"schema":{"@context":"https:\/\/schema.org","@graph":[{"@type":"WebPage","@id":"https:\/\/staging.varesenews.it\/2016\/06\/arriva-lestate-da-mercoledi-temperature-sopra-i-30-gradi\/529290\/","url":"https:\/\/staging.varesenews.it\/2016\/06\/arriva-lestate-da-mercoledi-temperature-sopra-i-30-gradi\/529290\/","name":"Arriva l'estate, da mercoled\u00ec temperature sopra i 30 gradi","isPartOf":{"@id":"https:\/\/staging.varesenews.it\/#website"},"datePublished":"2016-06-19T09:11:01+00:00","dateModified":"2016-06-19T13:11:36+00:00","author":{"@id":"https:\/\/staging.varesenews.it\/#\/schema\/person\/1ec987bf360cbcf5fab38b0367dbc9d4"},"description":"Fino a oggi temperature sotto la media stagionale. Da luned\u00ec arriva l'alta pressione dall'Africa che dovrebbe stabilizzare la situazione","breadcrumb":{"@id":"https:\/\/staging.varesenews.it\/2016\/06\/arriva-lestate-da-mercoledi-temperature-sopra-i-30-gradi\/529290\/#breadcrumb"},"inLanguage":"it-IT","potentialAction":[{"@type":"ReadAction","target":["https:\/\/staging.varesenews.it\/2016\/06\/arriva-lestate-da-mercoledi-temperature-sopra-i-30-gradi\/529290\/"]}]},{"@type":"BreadcrumbList","@id":"https:\/\/staging.varesenews.it\/2016\/06\/arriva-lestate-da-mercoledi-temperature-sopra-i-30-gradi\/529290\/#breadcrumb","itemListElement":[{"@type":"ListItem","position":1,"name":"Home","item":"https:\/\/www.varesenews.it\/"},{"@type":"ListItem","position":2,"name":"Arriva l&#8217;estate, da mercoled\u00ec temperature sopra i 30 gradi"}]},{"@type":"WebSite","@id":"https:\/\/staging.varesenews.it\/#website","url":"https:\/\/staging.varesenews.it\/","name":"VareseNews","description":"","potentialAction":[{"@type":"SearchAction","target":{"@type":"EntryPoint","urlTemplate":"https:\/\/staging.varesenews.it\/?s={search_term_string}"},"query-input":"required name=search_term_string"}],"inLanguage":"it-IT"},{"@type":"Person","@id":"https:\/\/staging.varesenews.it\/#\/schema\/person\/1ec987bf360cbcf5fab38b0367dbc9d4","name":"Manuel Sgarella","image":{"@type":"ImageObject","inLanguage":"it-IT","@id":"https:\/\/staging.varesenews.it\/#\/schema\/person\/image\/","url":"https:\/\/staging.varesenews.it\/wp-content\/uploads\/2020\/12\/manuel_sgarella_colori_500.jpg","contentUrl":"https:\/\/staging.varesenews.it\/wp-content\/uploads\/2020\/12\/manuel_sgarella_colori_500.jpg","caption":"Manuel Sgarella"},"description":"A VareseNews dal 1999, da quando ho iniziato a collaborare per la pagina del cinema. Col tempo mi sono occupato della cronaca del territorio di Saronno-Tradate e dell'organizzazione di alcuni progetti speciali di VareseNews, tra cui la produzione del film Digitalife. Dal 2009 sono giornalista professionista. Diplomato alla Civica scuola del cinema di Milano, coltivo da sempre una passione per tutto quello che &egrave; narrazione, soprattutto per film e serie tv. Dal 2014 Pubblico romanzi come autore indipendente.&nbsp;","sameAs":["https:\/\/www.facebook.com\/manuel.sgarella","Sgarel","https:\/\/twitter.com\/Sgarel"],"url":"https:\/\/staging.varesenews.it\/persona\/manuel-sgarella1\/"}]}},"post_meta":{"_edit_lock":"1466341929:51","_edit_last":"51","ratings_users":"0","ratings_score":"0","ratings_average":"0","_category_permalink":"","wdfb_og_title":"","wdfb_og_type":"","wdfb_og_description":"","wdfb_og_images":"a:1:{i:0;s:0:\"\";}","wdfb_og_custom_name":"a:1:{i:0;s:0:\"\";}","wdfb_og_custom_value":"a:1:{i:0;s:0:\"\";}","foto":"546506","argomento":"Meteo","_yoast_wpseo_focuskw":"gradi","_yoast_wpseo_metadesc":"Fino a oggi temperature sotto la media stagionale. Da luned\u00ec arriva l'alta pressione dall'Africa che dovrebbe stabilizzare la situazione","_jd_twitter":"","_jd_tweet_this":"yes","_wpt_short_url":"http:\/\/www.varesenews.it\/2016\/06\/arriva-lestate-da-mercoledi-temperature-sopra-i-30-gradi\/529290\/","_wp_jd_target":"http:\/\/www.varesenews.it\/2016\/06\/arriva-lestate-da-mercoledi-temperature-sopra-i-30-gradi\/529290\/","_jd_wp_twitter":"a:1:{i:0;s:164:\"Arriva l'estate, da mercoled\u00ec temperature sopra i 30 gradi http:\/\/www.varesenews.it\/2016\/06\/arriva-lestate-da-mercoledi-temperature-sopra-i-30-gradi\/529290\/ #meteo\";}","_wpt_status_message":"Tweet inviato con successo.","_yoast_wpseo_linkdex":"75"},"photos":[{"original":"https:\/\/staging.varesenews.it\/photogallery_new\/images\/2016\/06\/sole-e-caldo-546506.jpg","full":"https:\/\/staging.varesenews.it\/photogallery_new\/images\/2016\/06\/sole-e-caldo-546506.1024x768.jpg","large":"https:\/\/staging.varesenews.it\/photogallery_new\/images\/2016\/06\/sole-e-caldo-546506.610x431.jpg"}],"_links":{"self":[{"href":"https:\/\/staging.varesenews.it\/swgapi\/v1\/wp\/v2\/posts\/529290"}],"collection":[{"href":"https:\/\/staging.varesenews.it\/swgapi\/v1\/wp\/v2\/posts"}],"about":[{"href":"https:\/\/staging.varesenews.it\/swgapi\/v1\/wp\/v2\/types\/post"}],"author":[{"embeddable":true,"href":"https:\/\/staging.varesenews.it\/swgapi\/v1\/wp\/v2\/users\/51"}],"replies":[{"embeddable":true,"href":"https:\/\/staging.varesenews.it\/swgapi\/v1\/wp\/v2\/comments?post=529290"}],"version-history":[{"count":0,"href":"https:\/\/staging.varesenews.it\/swgapi\/v1\/wp\/v2\/posts\/529290\/revisions"}],"wp:attachment":[{"href":"https:\/\/staging.varesenews.it\/swgapi\/v1\/wp\/v2\/media?parent=529290"}],"wp:term":[{"taxonomy":"category","embeddable":true,"href":"https:\/\/staging.varesenews.it\/swgapi\/v1\/wp\/v2\/categories?post=529290"},{"taxonomy":"post_tag","embeddable":true,"href":"https:\/\/staging.varesenews.it\/swgapi\/v1\/wp\/v2\/tags?post=529290"}],"curies":[{"name":"wp","href":"https:\/\/api.w.org\/{rel}","templated":true}]}}