{"id":529708,"date":"2016-06-21T09:23:30","date_gmt":"2016-06-21T07:23:30","guid":{"rendered":"http:\/\/www.varesenews.it\/?p=529708"},"modified":"2016-06-21T09:23:30","modified_gmt":"2016-06-21T07:23:30","slug":"dalla-brexit-a-schuman-il-tototema-punta-sulleuropa","status":"publish","type":"post","link":"https:\/\/staging.varesenews.it\/2016\/06\/dalla-brexit-a-schuman-il-tototema-punta-sulleuropa\/529708\/","title":{"rendered":"Dalla Brexit a Schuman: il tototema punta sull\u2019Europa"},"content":{"rendered":"<p class=\"p1\">C\u2019\u00e8 chi parla di inclusione e chi di valori comunitari, di immigrazione e di accoglienza. <strong>Tra i presidi delle scuole varesine<\/strong> prevale l\u2019idea che i ragazzi affronteranno la prova di italiano dell\u2019Esame di Stato parlando di <strong>una delle tante sfaccettature che il discorso \u201capertura\u201d sollecita:<\/strong> \u00ab Brexit e globalizzazione: il mondo e i suoi confini\u00bb commenta a caldo il dirigente del classico di Varese <strong>Salvatore Consolo<\/strong> che ha vissuto a lungo in Gran Bretagna: \u00ab Il referendum cade il giorno successivo e il tema delle frontiere \u00e8 molto dibattuto\u00bb.<\/p>\n<p class=\"p1\">Anche la dirigente dell\u2019Isis Citt\u00e0 di Luino<strong> Lorena Cesarin<\/strong> gradirebbe un tema sull\u2019Europa: \u00ab Non solo immigrati ma anche valori sociali, confronto, condivisione. Insomma, <strong>quelle idee che portarono alla nascita di questa Unione.<\/strong> Un excursus storico con le parole di Schuman e poi la declinazione che ne \u00e8 stata fatta. Che senso ha, per i ragazzi, stare in Europa?\u00bb. Parla di economie, dello scontro Grecia e Germania il preside dello scientifico Ferraris<strong> Giuseppe Carcano<\/strong>: \u00ab \u00c8 l\u2019attualit\u00e0, quello che capita attorno a noi ormai da tempo. Le tensioni tra le economie ma anche le risposte che arrivano dagli ultimi arrivati, i paesi dell\u2019Est\u00bb.<\/p>\n<p class=\"p1\">Per <strong>Cristina Boracchi,<\/strong> dirigente del liceo Crespi di Busto Arsizio, il Ministero potrebbe aver pensato agli anniversari come quello della <strong>Repubblica<\/strong> che ha compiuto 70 anni: \u00ab Un&#8217;analisi che parta da quei valori per allargarsi all\u2019immigrazione e alla solidariet\u00e0 declinate oggi\u00bb. Inclusione e accoglienza sono i due valori su cui punta <strong>Andrea Monteduro<\/strong>, preside del liceo Candiani di Busto: \u00ab Non mi limiterei, per\u00f2, solo agli immigrati che arrivano. Io vorrei che si allargasse il discorso a tutti i <strong>nazionalismi<\/strong>, le tifoserie insensate che, per esempio, vediamo in azione in questi giorni in Francia, pronte a battersi nel nome della patria. Anche se poi, emerge solo il gusto dello scontro\u00bb. E cos\u00ec la <strong>tolleranza<\/strong> diventa centrale anche per la pressione dell\u2019Isis Stein di Gavirate <strong>Francesca Franz<\/strong>: \u00ab Vorrei proprio che i giovani dicessero cos\u2019\u00e8 per loro la tolleranza\u00bb.<\/p>\n<p class=\"p1\"><strong>Nicoletta Pizzato<\/strong>, alla guida\u00a0dell\u2019Isiss Daverio Casula, vedrebbe con favore una traccia che parli degli <strong>ultimi<\/strong>: \u00ab Le frontiere e gli immigrati, perch\u00e9 si parte, cosa si cerca, perch\u00e9 si chiudono le porte. Anche come analisi del testo non mi dispiacerebbe veder riflettere gli studenti sui temi cari a <strong>Verga<\/strong>, gli ultimi e i poveri\u00bb.<\/p>\n<p class=\"p1\">Analoga previsione fa il dirigente Monteduro: \u00ab Vedrei bene<strong> Martin Luther King<\/strong>, i suoi discorsi e i suoi insegnamenti di grande valore sociale\u00bb.<\/p>\n<p class=\"p1\">Sempre\u00a0propensa a credere in un anniversario \u00e8 la dirigente <strong>Boracchi<\/strong>: \u00ab Direi <strong>Pasolini<\/strong> per l\u2019analisi del testo. Se n\u2019\u00e8 molto parlato. Anche perch\u00e8 la sua eredit\u00e0 culturale \u00e8 molto attuale: avrebbe cos\u00ec tanto da dire ancora oggi\u2026\u00bb. Vota per Pasolini anche Lorena Cesarin pur se, confessa sotto voce: \u00ab Io proporrei sempre <strong>Dante o Manzoni<\/strong> che sono le colonne della nostra letteratura\u00bb. Francesca Franz propone <strong>Carducci<\/strong>: \u00ab Lo so, \u00e8 un autore che spesso non viene approfondito come dovrebbe. Ma io trovo che sia un errore\u00bb.<\/p>\n<p class=\"p1\">La saggezza e la molteplicit\u00e0 di schemi di <strong>Pirandello<\/strong> sono tra le proposte di Salvatore Consolo: \u00ab Un autore che permette veramente di far emergere la rielaborazione originale. Al di l\u00e0 dell\u2019autore, per\u00f2, una cosa vorrei fortemente:<strong> che si riducesse il numero di documenti proposti ai ragazzi.<\/strong> Spesso sono costretti a leggere decine di pagine con il forte rischio di perdersi\u00bb.<\/p>\n<p class=\"p1\">Per Giuseppe Carcano, invece, andrebbe proposto<strong> Cesare Pavese<\/strong>: \u00ab L\u2019autore del Dopo Guerra, della ricostruzione. Un tema che \u00e8 oggi attualissimo: <strong>viviamo in un\u2019era di grandi cambiamenti,<\/strong> anche di stravolgimenti. Occorre riconsiderare il futuro e disegnarlo\u00bb.<\/p>\n<p class=\"p1\">Una sfida complicata ma affascinate viene lanciata dalla <strong>dirigente dell\u2019Ite Tosi di Busto Nadia Cattaneo<\/strong>: \u00ab Io abolirei la traccia di attualit\u00e0 che spesso viene considerata la pi\u00f9 semplice mentre, in realt\u00e0, \u00e8 molto infida: il rischio di dire banalit\u00e0 o di rimanere superficiali \u00e8 altissimo. Piuttosto darei ai ragazzi<strong> i testi di cantautori moderni noti:<\/strong> da quelle parole gli studenti\u00a0devono ricostruire il\u00a0discorso poetico, evidenziare le connessioni letterarie, sviscerare corde inedite che spesso i ragazzi conoscono e capiscono perch\u00e9 usano lo stesso loro\u00a0linguaggio. Oppure darei <strong>una poesia di Giorgio Caproni:<\/strong>\u00a0insomma vorrei che riuscissero a evidenziare le note poetiche e artistiche che loro conoscono\u00a0e che sono preparati a individuare\u00bb.<\/p>\n<p class=\"p1\">Che sia Europa, tolleranza, Pasolini, Pirandello, Pavese o un cantautore moderno, tutti i dirigenti sperano che i ragazzi sappiano rielaborare personalmente e criticamente la vita che stanno vivendo.<\/p>\n","protected":false},"excerpt":{"rendered":"<p>Abbiamo chiesto ad alcuni presidi varesini di suggerire le tracce per il tema di esame. Da Piranello, a Pavese e Pasolini, tanti gli autori proposti<\/p>\n","protected":false},"author":33,"featured_media":0,"comment_status":"open","ping_status":"open","sticky":false,"template":"","format":"standard","meta":{"footnotes":""},"categories":[4,3,90,2],"tags":[20751,3539,56771],"acf":[],"yoast_head":"<!-- This site is optimized with the Yoast SEO plugin v20.1 - https:\/\/yoast.com\/wordpress\/plugins\/seo\/ -->\n<title>Dalla Brexit a Schuman: il tototema punta sull\u2019Europa<\/title>\n<meta name=\"description\" content=\"Abbiamo chiesto ad alcuni presidi varesini di suggerire le tracce per il tema di esame. Da Piranello, a Pavese e Pasolini, tanti gli autori proposti\" \/>\n<meta name=\"robots\" content=\"noindex, follow, max-snippet:-1, max-image-preview:large, max-video-preview:-1\" \/>\n<meta property=\"og:locale\" content=\"it_IT\" \/>\n<meta property=\"og:type\" content=\"article\" \/>\n<meta property=\"og:title\" content=\"Dalla Brexit a Schuman: il tototema punta sull\u2019Europa\" \/>\n<meta property=\"og:description\" content=\"Abbiamo chiesto ad alcuni presidi varesini di suggerire le tracce per il tema di esame. Da Piranello, a Pavese e Pasolini, tanti gli autori proposti\" \/>\n<meta property=\"og:url\" content=\"https:\/\/staging.varesenews.it\/2016\/06\/dalla-brexit-a-schuman-il-tototema-punta-sulleuropa\/529708\/\" \/>\n<meta property=\"og:site_name\" content=\"VareseNews\" \/>\n<meta property=\"article:publisher\" content=\"https:\/\/www.facebook.com\/varesenews\" \/>\n<meta property=\"article:author\" content=\"alessandra.toni7\" \/>\n<meta property=\"article:published_time\" content=\"2016-06-21T07:23:30+00:00\" \/>\n<meta name=\"author\" content=\"Alessandra Toni\" \/>\n<meta name=\"twitter:card\" content=\"summary_large_image\" \/>\n<meta name=\"twitter:creator\" content=\"@alessandra_toni\" \/>\n<meta name=\"twitter:site\" content=\"@varesenews\" \/>\n<meta name=\"twitter:label1\" content=\"Scritto da\" \/>\n\t<meta name=\"twitter:data1\" content=\"Alessandra Toni\" \/>\n\t<meta name=\"twitter:label2\" content=\"Tempo di lettura stimato\" \/>\n\t<meta name=\"twitter:data2\" content=\"4 minuti\" \/>\n<script type=\"application\/ld+json\" class=\"yoast-schema-graph\">{\"@context\":\"https:\/\/schema.org\",\"@graph\":[{\"@type\":\"WebPage\",\"@id\":\"https:\/\/staging.varesenews.it\/2016\/06\/dalla-brexit-a-schuman-il-tototema-punta-sulleuropa\/529708\/\",\"url\":\"https:\/\/staging.varesenews.it\/2016\/06\/dalla-brexit-a-schuman-il-tototema-punta-sulleuropa\/529708\/\",\"name\":\"Dalla Brexit a Schuman: il tototema punta sull\u2019Europa\",\"isPartOf\":{\"@id\":\"https:\/\/staging.varesenews.it\/#website\"},\"datePublished\":\"2016-06-21T07:23:30+00:00\",\"dateModified\":\"2016-06-21T07:23:30+00:00\",\"author\":{\"@id\":\"https:\/\/staging.varesenews.it\/#\/schema\/person\/2643ce123d4a3c9511e015dc548779b8\"},\"description\":\"Abbiamo chiesto ad alcuni presidi varesini di suggerire le tracce per il tema di esame. Da Piranello, a Pavese e Pasolini, tanti gli autori proposti\",\"breadcrumb\":{\"@id\":\"https:\/\/staging.varesenews.it\/2016\/06\/dalla-brexit-a-schuman-il-tototema-punta-sulleuropa\/529708\/#breadcrumb\"},\"inLanguage\":\"it-IT\",\"potentialAction\":[{\"@type\":\"ReadAction\",\"target\":[\"https:\/\/staging.varesenews.it\/2016\/06\/dalla-brexit-a-schuman-il-tototema-punta-sulleuropa\/529708\/\"]}]},{\"@type\":\"BreadcrumbList\",\"@id\":\"https:\/\/staging.varesenews.it\/2016\/06\/dalla-brexit-a-schuman-il-tototema-punta-sulleuropa\/529708\/#breadcrumb\",\"itemListElement\":[{\"@type\":\"ListItem\",\"position\":1,\"name\":\"Home\",\"item\":\"https:\/\/www.varesenews.it\/\"},{\"@type\":\"ListItem\",\"position\":2,\"name\":\"Dalla Brexit a Schuman: il tototema punta sull\u2019Europa\"}]},{\"@type\":\"WebSite\",\"@id\":\"https:\/\/staging.varesenews.it\/#website\",\"url\":\"https:\/\/staging.varesenews.it\/\",\"name\":\"VareseNews\",\"description\":\"\",\"potentialAction\":[{\"@type\":\"SearchAction\",\"target\":{\"@type\":\"EntryPoint\",\"urlTemplate\":\"https:\/\/staging.varesenews.it\/?s={search_term_string}\"},\"query-input\":\"required name=search_term_string\"}],\"inLanguage\":\"it-IT\"},{\"@type\":\"Person\",\"@id\":\"https:\/\/staging.varesenews.it\/#\/schema\/person\/2643ce123d4a3c9511e015dc548779b8\",\"name\":\"Alessandra Toni\",\"image\":{\"@type\":\"ImageObject\",\"inLanguage\":\"it-IT\",\"@id\":\"https:\/\/staging.varesenews.it\/#\/schema\/person\/image\/\",\"url\":\"https:\/\/staging.varesenews.it\/wp-content\/uploads\/2020\/12\/alessandra_toni_colori_500.jpg\",\"contentUrl\":\"https:\/\/staging.varesenews.it\/wp-content\/uploads\/2020\/12\/alessandra_toni_colori_500.jpg\",\"caption\":\"Alessandra Toni\"},\"description\":\"Sono entrata nella redazione di VareseNews nel lontano anno 2000. Ero reduce da una bellissima esperienza nella redazione giornalistica della TV Nuova Antennatre, sotto la direzione dell'indimenticabile direttore Adolfo Caldarini. Sono arrivata quando era ancora una piccola realt\u00e0 editoriale e insieme abbiamo fatto un lungo ed entusiasmante lavoro. Mi occupo prevalentemente di scuola e di sanit\u00e0, settori impegnativi di grande valore sociale.\u00a0\",\"sameAs\":[\"alessandra.toni7\",\"alessandra.toni\",\"https:\/\/twitter.com\/alessandra_toni\"],\"url\":\"https:\/\/staging.varesenews.it\/persona\/alessandra_toni1\/\"}]}<\/script>\n<!-- \/ Yoast SEO plugin. -->","yoast_head_json":{"title":"Dalla Brexit a Schuman: il tototema punta sull\u2019Europa","description":"Abbiamo chiesto ad alcuni presidi varesini di suggerire le tracce per il tema di esame. Da Piranello, a Pavese e Pasolini, tanti gli autori proposti","robots":{"index":"noindex","follow":"follow","max-snippet":"max-snippet:-1","max-image-preview":"max-image-preview:large","max-video-preview":"max-video-preview:-1"},"og_locale":"it_IT","og_type":"article","og_title":"Dalla Brexit a Schuman: il tototema punta sull\u2019Europa","og_description":"Abbiamo chiesto ad alcuni presidi varesini di suggerire le tracce per il tema di esame. Da Piranello, a Pavese e Pasolini, tanti gli autori proposti","og_url":"https:\/\/staging.varesenews.it\/2016\/06\/dalla-brexit-a-schuman-il-tototema-punta-sulleuropa\/529708\/","og_site_name":"VareseNews","article_publisher":"https:\/\/www.facebook.com\/varesenews","article_author":"alessandra.toni7","article_published_time":"2016-06-21T07:23:30+00:00","author":"Alessandra Toni","twitter_card":"summary_large_image","twitter_creator":"@alessandra_toni","twitter_site":"@varesenews","twitter_misc":{"Scritto da":"Alessandra Toni","Tempo di lettura stimato":"4 minuti"},"schema":{"@context":"https:\/\/schema.org","@graph":[{"@type":"WebPage","@id":"https:\/\/staging.varesenews.it\/2016\/06\/dalla-brexit-a-schuman-il-tototema-punta-sulleuropa\/529708\/","url":"https:\/\/staging.varesenews.it\/2016\/06\/dalla-brexit-a-schuman-il-tototema-punta-sulleuropa\/529708\/","name":"Dalla Brexit a Schuman: il tototema punta sull\u2019Europa","isPartOf":{"@id":"https:\/\/staging.varesenews.it\/#website"},"datePublished":"2016-06-21T07:23:30+00:00","dateModified":"2016-06-21T07:23:30+00:00","author":{"@id":"https:\/\/staging.varesenews.it\/#\/schema\/person\/2643ce123d4a3c9511e015dc548779b8"},"description":"Abbiamo chiesto ad alcuni presidi varesini di suggerire le tracce per il tema di esame. Da Piranello, a Pavese e Pasolini, tanti gli autori proposti","breadcrumb":{"@id":"https:\/\/staging.varesenews.it\/2016\/06\/dalla-brexit-a-schuman-il-tototema-punta-sulleuropa\/529708\/#breadcrumb"},"inLanguage":"it-IT","potentialAction":[{"@type":"ReadAction","target":["https:\/\/staging.varesenews.it\/2016\/06\/dalla-brexit-a-schuman-il-tototema-punta-sulleuropa\/529708\/"]}]},{"@type":"BreadcrumbList","@id":"https:\/\/staging.varesenews.it\/2016\/06\/dalla-brexit-a-schuman-il-tototema-punta-sulleuropa\/529708\/#breadcrumb","itemListElement":[{"@type":"ListItem","position":1,"name":"Home","item":"https:\/\/www.varesenews.it\/"},{"@type":"ListItem","position":2,"name":"Dalla Brexit a Schuman: il tototema punta sull\u2019Europa"}]},{"@type":"WebSite","@id":"https:\/\/staging.varesenews.it\/#website","url":"https:\/\/staging.varesenews.it\/","name":"VareseNews","description":"","potentialAction":[{"@type":"SearchAction","target":{"@type":"EntryPoint","urlTemplate":"https:\/\/staging.varesenews.it\/?s={search_term_string}"},"query-input":"required name=search_term_string"}],"inLanguage":"it-IT"},{"@type":"Person","@id":"https:\/\/staging.varesenews.it\/#\/schema\/person\/2643ce123d4a3c9511e015dc548779b8","name":"Alessandra Toni","image":{"@type":"ImageObject","inLanguage":"it-IT","@id":"https:\/\/staging.varesenews.it\/#\/schema\/person\/image\/","url":"https:\/\/staging.varesenews.it\/wp-content\/uploads\/2020\/12\/alessandra_toni_colori_500.jpg","contentUrl":"https:\/\/staging.varesenews.it\/wp-content\/uploads\/2020\/12\/alessandra_toni_colori_500.jpg","caption":"Alessandra Toni"},"description":"Sono entrata nella redazione di VareseNews nel lontano anno 2000. Ero reduce da una bellissima esperienza nella redazione giornalistica della TV Nuova Antennatre, sotto la direzione dell'indimenticabile direttore Adolfo Caldarini. Sono arrivata quando era ancora una piccola realt\u00e0 editoriale e insieme abbiamo fatto un lungo ed entusiasmante lavoro. Mi occupo prevalentemente di scuola e di sanit\u00e0, settori impegnativi di grande valore sociale.\u00a0","sameAs":["alessandra.toni7","alessandra.toni","https:\/\/twitter.com\/alessandra_toni"],"url":"https:\/\/staging.varesenews.it\/persona\/alessandra_toni1\/"}]}},"post_meta":{"_edit_lock":"1466494459:33","_edit_last":"33","_category_permalink":"","wdfb_og_title":"","wdfb_og_type":"","wdfb_og_description":"","wdfb_og_images":"a:1:{i:0;s:0:\"\";}","wdfb_og_custom_name":"a:1:{i:0;s:0:\"\";}","wdfb_og_custom_value":"a:1:{i:0;s:0:\"\";}","argomento":"Maturit\u00e0","_yoast_wpseo_focuskw":"maturit\u00e0","_jd_twitter":"","_jd_tweet_this":"yes","_yoast_wpseo_linkdex":"57","foto":"546933","ratings_users":"0","ratings_score":"0","ratings_average":"0","_wpt_short_url":"http:\/\/www.varesenews.it\/2016\/06\/dalla-brexit-a-schuman-il-tototema-punta-sulleuropa\/529708\/","_wp_jd_target":"http:\/\/www.varesenews.it\/2016\/06\/dalla-brexit-a-schuman-il-tototema-punta-sulleuropa\/529708\/","_jd_wp_twitter":"a:1:{i:0;s:174:\"Dalla Brexit a Schuman: il tototema punta sull\u2019Europa http:\/\/www.varesenews.it\/2016\/06\/dalla-brexit-a-schuman-il-tototema-punta-sulleuropa\/529708\/ #maturit\u00e0 #maturit\u00e02016\";}","_wpt_status_message":"Tweet inviato con successo.","id_leggi_anche":"530168,530805,531295"},"photos":[{"original":"https:\/\/staging.varesenews.it\/photogallery_new\/images\/2016\/06\/i-banchi-pronti-per-l-esame-546933.jpg","full":"https:\/\/staging.varesenews.it\/photogallery_new\/images\/2016\/06\/i-banchi-pronti-per-l-esame-546933.1024x768.jpg","large":"https:\/\/staging.varesenews.it\/photogallery_new\/images\/2016\/06\/i-banchi-pronti-per-l-esame-546933.610x431.jpg"}],"_links":{"self":[{"href":"https:\/\/staging.varesenews.it\/swgapi\/v1\/wp\/v2\/posts\/529708"}],"collection":[{"href":"https:\/\/staging.varesenews.it\/swgapi\/v1\/wp\/v2\/posts"}],"about":[{"href":"https:\/\/staging.varesenews.it\/swgapi\/v1\/wp\/v2\/types\/post"}],"author":[{"embeddable":true,"href":"https:\/\/staging.varesenews.it\/swgapi\/v1\/wp\/v2\/users\/33"}],"replies":[{"embeddable":true,"href":"https:\/\/staging.varesenews.it\/swgapi\/v1\/wp\/v2\/comments?post=529708"}],"version-history":[{"count":0,"href":"https:\/\/staging.varesenews.it\/swgapi\/v1\/wp\/v2\/posts\/529708\/revisions"}],"wp:attachment":[{"href":"https:\/\/staging.varesenews.it\/swgapi\/v1\/wp\/v2\/media?parent=529708"}],"wp:term":[{"taxonomy":"category","embeddable":true,"href":"https:\/\/staging.varesenews.it\/swgapi\/v1\/wp\/v2\/categories?post=529708"},{"taxonomy":"post_tag","embeddable":true,"href":"https:\/\/staging.varesenews.it\/swgapi\/v1\/wp\/v2\/tags?post=529708"}],"curies":[{"name":"wp","href":"https:\/\/api.w.org\/{rel}","templated":true}]}}