{"id":530243,"date":"2016-06-22T10:07:09","date_gmt":"2016-06-22T08:07:09","guid":{"rendered":"http:\/\/www.varesenews.it\/?p=530243"},"modified":"2016-06-23T00:16:12","modified_gmt":"2016-06-22T22:16:12","slug":"scontro-tra-auto-e-moto-due-feriti-gravi","status":"publish","type":"post","link":"https:\/\/staging.varesenews.it\/2016\/06\/scontro-tra-auto-e-moto-due-feriti-gravi\/530243\/","title":{"rendered":"Scontro tra auto e moto, un morto e un ferito grave"},"content":{"rendered":"<p>Un <strong>grave incidente<\/strong> si \u00e8 verificato questa mattina, mercoled\u00ec, attorno alle 8 a Busto Arsizio, in via Firenze. Nello <strong>scontro tra un&#8217;auto e una moto <\/strong>\u00e8<strong> morto un uomo di 60 anni: Venuti\u00a0Candeloro<\/strong> \u00e8 spirato un paio d&#8217;ore dopo essere stato trasportato in ospedale a Legnano.<br \/>\nCandeloro viaggiava in moto con la moglie: portata all&#8217;ospedale di Circolo, ha riportato gravi fratture\u00a0<strong>.<\/strong><\/p>\n<p><strong>La coppia abita a Cavaria con Premezzo, nella zona di Premezzo Bassa.<\/strong><\/p>\n<p>La dinamica dell&#8217;incidente \u00e8 stata ricostruita degli agenti della Polizia Locale di Busto Arsizio: a quanto pare l&#8217;uomo alla guida dell&#8217;auto, rimasto illeso, avrebbe svoltato per entrare nel distributore di benzina mentre sopraggiungeva lo scooter con a bordo Candeloro e la moglie. L&#8217;impatto \u00e8 stato violento e il motocilista\u00a0alla guida ha avuto la peggio. Sul posto sono intervenute tre ambulanze e un&#8217;automedica.<\/p>\n","protected":false},"excerpt":{"rendered":"<p>Dramma attorno alle 8 del mattino in via Firenze. Uno dei due feriti \u00e8 stato trasportato in arresto cardiaco all&#8217;ospedale di Legnano ed \u00e8 morto poco dopo, la moglie \u00e8 stata trasportata a Varese e ha riportato diverse fratture<\/p>\n","protected":false},"author":47,"featured_media":0,"comment_status":"open","ping_status":"open","sticky":false,"template":"","format":"standard","meta":{"footnotes":""},"categories":[4,3],"tags":[369],"acf":[],"yoast_head":"<!-- This site is optimized with the Yoast SEO plugin v20.1 - https:\/\/yoast.com\/wordpress\/plugins\/seo\/ -->\n<title>Scontro tra auto e moto, un morto e un ferito grave<\/title>\n<meta name=\"description\" content=\"Dramma attorno alle 8 del mattino in via Firenze. Uno dei due feriti \u00e8 stato trasportato in arresto cardiaco all&#039;ospedale di Legnano ed \u00e8 morto poco dopo, la moglie \u00e8 stata trasportata a Varese e ha riportato diverse fratture\" \/>\n<meta name=\"robots\" content=\"noindex, follow, max-snippet:-1, max-image-preview:large, max-video-preview:-1\" \/>\n<meta property=\"og:locale\" content=\"it_IT\" \/>\n<meta property=\"og:type\" content=\"article\" \/>\n<meta property=\"og:title\" content=\"Scontro tra auto e moto, un morto e un ferito grave\" \/>\n<meta property=\"og:description\" content=\"Dramma attorno alle 8 del mattino in via Firenze. Uno dei due feriti \u00e8 stato trasportato in arresto cardiaco all&#039;ospedale di Legnano ed \u00e8 morto poco dopo, la moglie \u00e8 stata trasportata a Varese e ha riportato diverse fratture\" \/>\n<meta property=\"og:url\" content=\"https:\/\/www.varesenews.it\/2016\/06\/scontro-tra-auto-e-moto-due-feriti-gravi\/530243\/\" \/>\n<meta property=\"og:site_name\" content=\"VareseNews\" \/>\n<meta property=\"article:publisher\" content=\"https:\/\/www.facebook.com\/varesenews\" \/>\n<meta property=\"article:published_time\" content=\"2016-06-22T08:07:09+00:00\" \/>\n<meta property=\"article:modified_time\" content=\"2016-06-22T22:16:12+00:00\" \/>\n<meta name=\"author\" content=\"Orlando Mastrillo\" \/>\n<meta name=\"twitter:card\" content=\"summary_large_image\" \/>\n<meta name=\"twitter:creator\" content=\"@nando_mastrillo\" \/>\n<meta name=\"twitter:site\" content=\"@varesenews\" \/>\n<meta name=\"twitter:label1\" content=\"Scritto da\" \/>\n\t<meta name=\"twitter:data1\" content=\"Orlando Mastrillo\" \/>\n\t<meta name=\"twitter:label2\" content=\"Tempo di lettura stimato\" \/>\n\t<meta name=\"twitter:data2\" content=\"1 minuto\" \/>\n<script type=\"application\/ld+json\" class=\"yoast-schema-graph\">{\"@context\":\"https:\/\/schema.org\",\"@graph\":[{\"@type\":\"WebPage\",\"@id\":\"https:\/\/www.varesenews.it\/2016\/06\/scontro-tra-auto-e-moto-due-feriti-gravi\/530243\/\",\"url\":\"https:\/\/www.varesenews.it\/2016\/06\/scontro-tra-auto-e-moto-due-feriti-gravi\/530243\/\",\"name\":\"Scontro tra auto e moto, un morto e un ferito grave\",\"isPartOf\":{\"@id\":\"https:\/\/staging.varesenews.it\/#website\"},\"datePublished\":\"2016-06-22T08:07:09+00:00\",\"dateModified\":\"2016-06-22T22:16:12+00:00\",\"author\":{\"@id\":\"https:\/\/staging.varesenews.it\/#\/schema\/person\/14c47ccce537a9058dddce296f10b296\"},\"description\":\"Dramma attorno alle 8 del mattino in via Firenze. Uno dei due feriti \u00e8 stato trasportato in arresto cardiaco all'ospedale di Legnano ed \u00e8 morto poco dopo, la moglie \u00e8 stata trasportata a Varese e ha riportato diverse fratture\",\"breadcrumb\":{\"@id\":\"https:\/\/www.varesenews.it\/2016\/06\/scontro-tra-auto-e-moto-due-feriti-gravi\/530243\/#breadcrumb\"},\"inLanguage\":\"it-IT\",\"potentialAction\":[{\"@type\":\"ReadAction\",\"target\":[\"https:\/\/www.varesenews.it\/2016\/06\/scontro-tra-auto-e-moto-due-feriti-gravi\/530243\/\"]}]},{\"@type\":\"BreadcrumbList\",\"@id\":\"https:\/\/www.varesenews.it\/2016\/06\/scontro-tra-auto-e-moto-due-feriti-gravi\/530243\/#breadcrumb\",\"itemListElement\":[{\"@type\":\"ListItem\",\"position\":1,\"name\":\"Home\",\"item\":\"https:\/\/www.varesenews.it\/\"},{\"@type\":\"ListItem\",\"position\":2,\"name\":\"Scontro tra auto e moto, un morto e un ferito grave\"}]},{\"@type\":\"WebSite\",\"@id\":\"https:\/\/staging.varesenews.it\/#website\",\"url\":\"https:\/\/staging.varesenews.it\/\",\"name\":\"VareseNews\",\"description\":\"\",\"potentialAction\":[{\"@type\":\"SearchAction\",\"target\":{\"@type\":\"EntryPoint\",\"urlTemplate\":\"https:\/\/staging.varesenews.it\/?s={search_term_string}\"},\"query-input\":\"required name=search_term_string\"}],\"inLanguage\":\"it-IT\"},{\"@type\":\"Person\",\"@id\":\"https:\/\/staging.varesenews.it\/#\/schema\/person\/14c47ccce537a9058dddce296f10b296\",\"name\":\"Orlando Mastrillo\",\"image\":{\"@type\":\"ImageObject\",\"inLanguage\":\"it-IT\",\"@id\":\"https:\/\/staging.varesenews.it\/#\/schema\/person\/image\/\",\"url\":\"https:\/\/staging.varesenews.it\/wp-content\/uploads\/2020\/12\/orlando_mastrillo_colori_500.jpg\",\"contentUrl\":\"https:\/\/staging.varesenews.it\/wp-content\/uploads\/2020\/12\/orlando_mastrillo_colori_500.jpg\",\"caption\":\"Orlando Mastrillo\"},\"description\":\"Nasco a Luino nel 1981, ho iniziato questo lavoro nell'estate del 2003 nella redazione de Il Giorno di Varese e dall'anno successivo ho intrapreso la collaborazione con VareseNews. Dopo anni nell'Alto Varesotto mi sono trasferito a Busto Arsizio nel 2007, territorio che ho iniziato a seguire e che seguo tutt'oggi. Nel 2013 sono diventato giornalista professionista. Mi occupo di cronaca politica, giudiziaria e nera in una vasta area che comprende anche parte della Valle Olona e il Legnanese. Sono sposato con Valeria Arini e ho due splendide figlie.\",\"sameAs\":[\"or_ma\",\"https:\/\/twitter.com\/nando_mastrillo\"],\"url\":\"https:\/\/staging.varesenews.it\/persona\/orlando-mastrillo1\/\"}]}<\/script>\n<!-- \/ Yoast SEO plugin. -->","yoast_head_json":{"title":"Scontro tra auto e moto, un morto e un ferito grave","description":"Dramma attorno alle 8 del mattino in via Firenze. Uno dei due feriti \u00e8 stato trasportato in arresto cardiaco all'ospedale di Legnano ed \u00e8 morto poco dopo, la moglie \u00e8 stata trasportata a Varese e ha riportato diverse fratture","robots":{"index":"noindex","follow":"follow","max-snippet":"max-snippet:-1","max-image-preview":"max-image-preview:large","max-video-preview":"max-video-preview:-1"},"og_locale":"it_IT","og_type":"article","og_title":"Scontro tra auto e moto, un morto e un ferito grave","og_description":"Dramma attorno alle 8 del mattino in via Firenze. Uno dei due feriti \u00e8 stato trasportato in arresto cardiaco all'ospedale di Legnano ed \u00e8 morto poco dopo, la moglie \u00e8 stata trasportata a Varese e ha riportato diverse fratture","og_url":"https:\/\/www.varesenews.it\/2016\/06\/scontro-tra-auto-e-moto-due-feriti-gravi\/530243\/","og_site_name":"VareseNews","article_publisher":"https:\/\/www.facebook.com\/varesenews","article_published_time":"2016-06-22T08:07:09+00:00","article_modified_time":"2016-06-22T22:16:12+00:00","author":"Orlando Mastrillo","twitter_card":"summary_large_image","twitter_creator":"@nando_mastrillo","twitter_site":"@varesenews","twitter_misc":{"Scritto da":"Orlando Mastrillo","Tempo di lettura stimato":"1 minuto"},"schema":{"@context":"https:\/\/schema.org","@graph":[{"@type":"WebPage","@id":"https:\/\/www.varesenews.it\/2016\/06\/scontro-tra-auto-e-moto-due-feriti-gravi\/530243\/","url":"https:\/\/www.varesenews.it\/2016\/06\/scontro-tra-auto-e-moto-due-feriti-gravi\/530243\/","name":"Scontro tra auto e moto, un morto e un ferito grave","isPartOf":{"@id":"https:\/\/staging.varesenews.it\/#website"},"datePublished":"2016-06-22T08:07:09+00:00","dateModified":"2016-06-22T22:16:12+00:00","author":{"@id":"https:\/\/staging.varesenews.it\/#\/schema\/person\/14c47ccce537a9058dddce296f10b296"},"description":"Dramma attorno alle 8 del mattino in via Firenze. Uno dei due feriti \u00e8 stato trasportato in arresto cardiaco all'ospedale di Legnano ed \u00e8 morto poco dopo, la moglie \u00e8 stata trasportata a Varese e ha riportato diverse fratture","breadcrumb":{"@id":"https:\/\/www.varesenews.it\/2016\/06\/scontro-tra-auto-e-moto-due-feriti-gravi\/530243\/#breadcrumb"},"inLanguage":"it-IT","potentialAction":[{"@type":"ReadAction","target":["https:\/\/www.varesenews.it\/2016\/06\/scontro-tra-auto-e-moto-due-feriti-gravi\/530243\/"]}]},{"@type":"BreadcrumbList","@id":"https:\/\/www.varesenews.it\/2016\/06\/scontro-tra-auto-e-moto-due-feriti-gravi\/530243\/#breadcrumb","itemListElement":[{"@type":"ListItem","position":1,"name":"Home","item":"https:\/\/www.varesenews.it\/"},{"@type":"ListItem","position":2,"name":"Scontro tra auto e moto, un morto e un ferito grave"}]},{"@type":"WebSite","@id":"https:\/\/staging.varesenews.it\/#website","url":"https:\/\/staging.varesenews.it\/","name":"VareseNews","description":"","potentialAction":[{"@type":"SearchAction","target":{"@type":"EntryPoint","urlTemplate":"https:\/\/staging.varesenews.it\/?s={search_term_string}"},"query-input":"required name=search_term_string"}],"inLanguage":"it-IT"},{"@type":"Person","@id":"https:\/\/staging.varesenews.it\/#\/schema\/person\/14c47ccce537a9058dddce296f10b296","name":"Orlando Mastrillo","image":{"@type":"ImageObject","inLanguage":"it-IT","@id":"https:\/\/staging.varesenews.it\/#\/schema\/person\/image\/","url":"https:\/\/staging.varesenews.it\/wp-content\/uploads\/2020\/12\/orlando_mastrillo_colori_500.jpg","contentUrl":"https:\/\/staging.varesenews.it\/wp-content\/uploads\/2020\/12\/orlando_mastrillo_colori_500.jpg","caption":"Orlando Mastrillo"},"description":"Nasco a Luino nel 1981, ho iniziato questo lavoro nell'estate del 2003 nella redazione de Il Giorno di Varese e dall'anno successivo ho intrapreso la collaborazione con VareseNews. Dopo anni nell'Alto Varesotto mi sono trasferito a Busto Arsizio nel 2007, territorio che ho iniziato a seguire e che seguo tutt'oggi. Nel 2013 sono diventato giornalista professionista. Mi occupo di cronaca politica, giudiziaria e nera in una vasta area che comprende anche parte della Valle Olona e il Legnanese. Sono sposato con Valeria Arini e ho due splendide figlie.","sameAs":["or_ma","https:\/\/twitter.com\/nando_mastrillo"],"url":"https:\/\/staging.varesenews.it\/persona\/orlando-mastrillo1\/"}]}},"post_meta":{"_edit_lock":"1466754668:5428","_edit_last":"46","ratings_users":"0","ratings_score":"0","ratings_average":"0","_category_permalink":"","wdfb_og_title":"","wdfb_og_type":"","wdfb_og_description":"","wdfb_og_images":"a:1:{i:0;s:0:\"\";}","wdfb_og_custom_name":"a:1:{i:0;s:0:\"\";}","wdfb_og_custom_value":"a:1:{i:0;s:0:\"\";}","foto":"547422","argomento":"Busto Arsizio","_yoast_wpseo_focuskw":"morto","_jd_twitter":"","_jd_tweet_this":"yes","_wpt_short_url":"http:\/\/www.varesenews.it\/2016\/06\/scontro-tra-auto-e-moto-due-feriti-gravi\/530243\/","_wp_jd_target":"http:\/\/www.varesenews.it\/2016\/06\/scontro-tra-auto-e-moto-due-feriti-gravi\/530243\/","_jd_wp_twitter":"a:1:{i:0;s:134:\"Scontro tra auto e moto, due feriti gravi http:\/\/www.varesenews.it\/2016\/06\/scontro-tra-auto-e-moto-due-feriti-gravi\/530243\/ #incidente\";}","_wpt_status_message":"Tweet inviato con successo.","_yoast_wpseo_linkdex":"52","id_link_fotogallery":"530340"},"photos":[{"original":"https:\/\/staging.varesenews.it\/photogallery_new\/images\/2016\/06\/caricamento-temporaneo-per-contributo-s8ufz6z1gt-547422.jpg","full":"https:\/\/staging.varesenews.it\/photogallery_new\/images\/2016\/06\/caricamento-temporaneo-per-contributo-s8ufz6z1gt-547422.1024x768.jpg","large":"https:\/\/staging.varesenews.it\/photogallery_new\/images\/2016\/06\/caricamento-temporaneo-per-contributo-s8ufz6z1gt-547422.610x431.jpg"}],"_links":{"self":[{"href":"https:\/\/staging.varesenews.it\/swgapi\/v1\/wp\/v2\/posts\/530243"}],"collection":[{"href":"https:\/\/staging.varesenews.it\/swgapi\/v1\/wp\/v2\/posts"}],"about":[{"href":"https:\/\/staging.varesenews.it\/swgapi\/v1\/wp\/v2\/types\/post"}],"author":[{"embeddable":true,"href":"https:\/\/staging.varesenews.it\/swgapi\/v1\/wp\/v2\/users\/47"}],"replies":[{"embeddable":true,"href":"https:\/\/staging.varesenews.it\/swgapi\/v1\/wp\/v2\/comments?post=530243"}],"version-history":[{"count":0,"href":"https:\/\/staging.varesenews.it\/swgapi\/v1\/wp\/v2\/posts\/530243\/revisions"}],"wp:attachment":[{"href":"https:\/\/staging.varesenews.it\/swgapi\/v1\/wp\/v2\/media?parent=530243"}],"wp:term":[{"taxonomy":"category","embeddable":true,"href":"https:\/\/staging.varesenews.it\/swgapi\/v1\/wp\/v2\/categories?post=530243"},{"taxonomy":"post_tag","embeddable":true,"href":"https:\/\/staging.varesenews.it\/swgapi\/v1\/wp\/v2\/tags?post=530243"}],"curies":[{"name":"wp","href":"https:\/\/api.w.org\/{rel}","templated":true}]}}