{"id":531218,"date":"2016-06-24T15:48:34","date_gmt":"2016-06-24T13:48:34","guid":{"rendered":"http:\/\/www.varesenews.it\/?p=531218"},"modified":"2016-06-27T15:10:56","modified_gmt":"2016-06-27T13:10:56","slug":"ivan-eugenio-e-luca-vigilia-di-speranze-tricolori","status":"publish","type":"post","link":"https:\/\/staging.varesenews.it\/2016\/06\/ivan-eugenio-e-luca-vigilia-di-speranze-tricolori\/531218\/","title":{"rendered":"Ivan, Eugenio e Luca, vigilia di speranze tricolori"},"content":{"rendered":"<p>E se <strong>Darfo Boario<\/strong> diventasse la nuova terra promessa per qualcuno dei nostri portacolori nel ciclismo professionistico? <strong>L&#8217;ipotesi, seppur difficile<\/strong> da pronosticare, non \u00e8 cos\u00ec campata per aria: <strong>domenica 26 n<\/strong>ella localit\u00e0 termale bergamasca si corre l&#8217;edizione 2016 del<strong> Campionato Italiano su strada<\/strong> (la prova a cronometro \u00e8 andata a Manuel Quinziato), orfano del due volte campione uscente Nibali.<\/p>\n<p>L&#8217;assenza dello Squalo, c&#8217;\u00e8 da giurarci, <strong>alzer\u00e0 ulteriormente la &#8220;fame&#8221; dei big<\/strong> del pedale azzurro, anche in vista degli impegni clou della seconda parte di stagione e cio\u00e9 Tour, Olimpiadi e Mondiale. Ma le gare di un giorno, per definizione, possono riservare sorprese a ogni angolo, a ogni curva, e proprio in questo campo i nostri corridori possono provare a inserirsi.<\/p>\n<p><strong><em>SANTINO<\/em> CERCA IL RITMO\u00a0<\/strong>&#8211; Nel nostro drappello c&#8217;\u00e8 anche un corridore che il Tricolore <a title=\"Varese torna tricolore: Ivan Santaromita campione d\u2019Italia\" href=\"http:\/\/www.varesenews.it\/2013\/06\/varese-torna-tricolore-ivan-santaromita-campione-d-italia\/57092\/\">lo ha vinto appena tre anni fa<\/a>, <strong>Ivan Santaromita <em>(nella foto in alto bardato di tricolore)<\/em><\/strong>. La sua presenza domenica \u00e8 certa e &#8220;necessaria&#8221;, nel senso che il corridore valceresino ha assoluto bisogno di correre: negli ultimi due mesi infatti il <strong>portacolori della Skydive Dubai<\/strong> non ha avuto impegni agonistici e questo lo mette in difficolt\u00e0 in vista dell&#8217;Italiano. \u00abPurtroppo il calendario ha subito variazioni e io sono stato<strong> costretto ad allenarmi e basta<\/strong>. La gamba e le sensazioni sono buone ma dovr\u00f2 vedere come reagir\u00f2 in gruppo, <strong>se trover\u00f2 subito il ritmo<\/strong> di gara. Il percorso \u00e8 abbastanza semplice e non mi aiuta, ma so per esperienza che in una corsa di un giorno<strong> pu\u00f2 succedere di tutto.<\/strong> Prover\u00f2 a farmi trovare pronto\u00bb. <div class=\"photo-inside-post\"><img decoding=\"async\" loading=\"lazy\" fetchpriority=\"low\" width=\"610\" height=\"431\" src=\"https:\/\/staging.varesenews.it\/photogallery_new\/images\/2014\/05\/eugenio-alafaci-trek-ciclismo-17448.610x431.jpg\" alt=\"eugenio alafaci trek ciclismo\"><\/div> Eugenio Alafaci, 26 anni ad agosto<\/p>\n<p><strong>ALAFACI PER NIZZOLO<\/strong> &#8211;\u00a0L&#8217;unico corridore nostrano al Giro d&#8217;Italia, il carnaghese <strong>Eugenio Alafaci,<\/strong> torner\u00e0 in corsa domenica al Tricolore con lo stesso compito tenuto sulle strade rosa: \u00abA Darfo <strong>lavoreremo tutti per Giacomo<\/strong> (Nizzolo ndr), il nostro capitano per questo tipo di percorsi. \u00c8 uscito bene dal Giro, sta da Dio come ha dimostrato la vittoria in Svizzera e noi siamo pronti a dare il massimo perch\u00e9 si giochi le sue possibilit\u00e0\u00bb. Nizzolo per Alafaci non \u00e8 solo un compagno di squadra ma anche un amico vero: \u00abIl mio sar\u00e0 un <em>all-in<\/em> per lui anche perch\u00e9 <strong>finalmente mi aspetta una settimana di vera vacanza<\/strong>: cercher\u00f2 di spremere tutte le energie. Dopo il riposo preparer\u00f2 la seconda parte di stagione fatta di <strong>tante corse in linea e di qualche gara a tappe minore<\/strong> in cui se star\u00f2 bene potr\u00f2 giocarmi anche qualche carta personale. Ma ora lavorer\u00f2 per dare alla squadra questa maglia tricolore\u00bb. <div class=\"photo-inside-post\"><img decoding=\"async\" loading=\"lazy\" fetchpriority=\"low\" width=\"610\" height=\"431\" src=\"https:\/\/staging.varesenews.it\/photogallery_new\/images\/2016\/04\/luca-chirico-ciclismo-534349.610x431.jpg\" alt=\"luca chirico ciclismo\"><\/div> Luca Chirico, 24 anni il prossimo 16 luglio<\/p>\n<p><strong>CHIRICO ALLA\u00a0RISCOSSA<\/strong> &#8211; Chi punta forte su se stesso per l&#8217;appuntamento tricolore \u00e8 <strong>Luca Chirico.<\/strong> Il giovane di Porto Ceresio ha superato la forte delusione per la mancata convocazione al Giro e si \u00e8 allenato con il traguardo di Darfo Boario come chiodo fisso. \u00ab<strong>Sto bene e conto di andare davvero forte<\/strong> domenica. Sono rientrato alle corse in Slovenia e su un percorso simile a quello tricolore sono arrivato nei primi dieci: diciamo che <strong>ho fatto le prove<\/strong>\u00bb. Il Campionato Italiano \u00e8 gara particolare e Chirico conta anche su questo: \u00abA differenza delle corse normali, qui c&#8217;\u00e8 <strong>il rischio che nessuna squadra possa comandare il gruppo<\/strong>, salvo solo Lampre e Androni. Noi della Csf Bardiani per esempio saremo abbastanza liberi. E credo che <strong>se nascer\u00e0 un&#8217;azione da lontano<\/strong> con un gruppo un po&#8217; corposo, da dietro potrebbero lasciare fare. Altrimenti dovr\u00f2 stare in campana negli ultimi due giri ma, come detto, sento le gambe in forma e la testa pronta per fare bene\u00bb.<\/p>\n","protected":false},"excerpt":{"rendered":"<p>Le aspettative dei varesini che domenica saranno ai Campionati Italiani. Santaromita ci prova, Alafaci per la squadra, Chirico ci crede<\/p>\n","protected":false},"author":38,"featured_media":0,"comment_status":"open","ping_status":"open","sticky":false,"template":"","format":"standard","meta":{"footnotes":""},"categories":[14],"tags":[398,3632],"acf":[],"yoast_head":"<!-- This site is optimized with the Yoast SEO plugin v20.1 - https:\/\/yoast.com\/wordpress\/plugins\/seo\/ -->\n<title>Ivan, Eugenio e Luca, vigilia di speranze tricolori<\/title>\n<meta name=\"description\" content=\"Le aspettative dei varesini che domenica saranno ai Campionati Italiani. Santaromita ci prova, Alafaci per la squadra, Chirico ci crede\" \/>\n<meta name=\"robots\" content=\"noindex, follow, max-snippet:-1, max-image-preview:large, max-video-preview:-1\" \/>\n<meta property=\"og:locale\" content=\"it_IT\" \/>\n<meta property=\"og:type\" content=\"article\" \/>\n<meta property=\"og:title\" content=\"Ivan, Eugenio e Luca, vigilia di speranze tricolori\" \/>\n<meta property=\"og:description\" content=\"Le aspettative dei varesini che domenica saranno ai Campionati Italiani. Santaromita ci prova, Alafaci per la squadra, Chirico ci crede\" \/>\n<meta property=\"og:url\" content=\"https:\/\/staging.varesenews.it\/2016\/06\/ivan-eugenio-e-luca-vigilia-di-speranze-tricolori\/531218\/\" \/>\n<meta property=\"og:site_name\" content=\"VareseNews\" \/>\n<meta property=\"article:publisher\" content=\"https:\/\/www.facebook.com\/varesenews\" \/>\n<meta property=\"article:published_time\" content=\"2016-06-24T13:48:34+00:00\" \/>\n<meta property=\"article:modified_time\" content=\"2016-06-27T13:10:56+00:00\" \/>\n<meta name=\"author\" content=\"Damiano Franzetti\" \/>\n<meta name=\"twitter:card\" content=\"summary_large_image\" \/>\n<meta name=\"twitter:creator\" content=\"@damianofranz\" \/>\n<meta name=\"twitter:site\" content=\"@varesenews\" \/>\n<meta name=\"twitter:label1\" content=\"Scritto da\" \/>\n\t<meta name=\"twitter:data1\" content=\"Damiano Franzetti\" \/>\n\t<meta name=\"twitter:label2\" content=\"Tempo di lettura stimato\" \/>\n\t<meta name=\"twitter:data2\" content=\"3 minuti\" \/>\n<script type=\"application\/ld+json\" class=\"yoast-schema-graph\">{\"@context\":\"https:\/\/schema.org\",\"@graph\":[{\"@type\":\"WebPage\",\"@id\":\"https:\/\/staging.varesenews.it\/2016\/06\/ivan-eugenio-e-luca-vigilia-di-speranze-tricolori\/531218\/\",\"url\":\"https:\/\/staging.varesenews.it\/2016\/06\/ivan-eugenio-e-luca-vigilia-di-speranze-tricolori\/531218\/\",\"name\":\"Ivan, Eugenio e Luca, vigilia di speranze tricolori\",\"isPartOf\":{\"@id\":\"https:\/\/staging.varesenews.it\/#website\"},\"datePublished\":\"2016-06-24T13:48:34+00:00\",\"dateModified\":\"2016-06-27T13:10:56+00:00\",\"author\":{\"@id\":\"https:\/\/staging.varesenews.it\/#\/schema\/person\/709ae3769f6b4dbde8ec332baede8a5b\"},\"description\":\"Le aspettative dei varesini che domenica saranno ai Campionati Italiani. Santaromita ci prova, Alafaci per la squadra, Chirico ci crede\",\"breadcrumb\":{\"@id\":\"https:\/\/staging.varesenews.it\/2016\/06\/ivan-eugenio-e-luca-vigilia-di-speranze-tricolori\/531218\/#breadcrumb\"},\"inLanguage\":\"it-IT\",\"potentialAction\":[{\"@type\":\"ReadAction\",\"target\":[\"https:\/\/staging.varesenews.it\/2016\/06\/ivan-eugenio-e-luca-vigilia-di-speranze-tricolori\/531218\/\"]}]},{\"@type\":\"BreadcrumbList\",\"@id\":\"https:\/\/staging.varesenews.it\/2016\/06\/ivan-eugenio-e-luca-vigilia-di-speranze-tricolori\/531218\/#breadcrumb\",\"itemListElement\":[{\"@type\":\"ListItem\",\"position\":1,\"name\":\"Home\",\"item\":\"https:\/\/www.varesenews.it\/\"},{\"@type\":\"ListItem\",\"position\":2,\"name\":\"Ivan, Eugenio e Luca, vigilia di speranze tricolori\"}]},{\"@type\":\"WebSite\",\"@id\":\"https:\/\/staging.varesenews.it\/#website\",\"url\":\"https:\/\/staging.varesenews.it\/\",\"name\":\"VareseNews\",\"description\":\"\",\"potentialAction\":[{\"@type\":\"SearchAction\",\"target\":{\"@type\":\"EntryPoint\",\"urlTemplate\":\"https:\/\/staging.varesenews.it\/?s={search_term_string}\"},\"query-input\":\"required name=search_term_string\"}],\"inLanguage\":\"it-IT\"},{\"@type\":\"Person\",\"@id\":\"https:\/\/staging.varesenews.it\/#\/schema\/person\/709ae3769f6b4dbde8ec332baede8a5b\",\"name\":\"Damiano Franzetti\",\"image\":{\"@type\":\"ImageObject\",\"inLanguage\":\"it-IT\",\"@id\":\"https:\/\/staging.varesenews.it\/#\/schema\/person\/image\/\",\"url\":\"https:\/\/staging.varesenews.it\/wp-content\/uploads\/2020\/12\/damiano_franzetti_colori_500.jpg\",\"contentUrl\":\"https:\/\/staging.varesenews.it\/wp-content\/uploads\/2020\/12\/damiano_franzetti_colori_500.jpg\",\"caption\":\"Damiano Franzetti\"},\"description\":\"Classe 1976, una laurea (nel cassetto) in scienze e tecnologie alimentari; sono giornalista professionista dal 2009 nato e cresciuto con VareseNews dove mi occupo soprattutto di sport ormai da vent&rsquo;anni. Inviato sui campi (sulle piste, sulle strade...), intervistatore, coordinatore e responsabile delle pagine sportive, mi ritaglio volentieri lo spazio per scrivere di birra sul blog Malto Gradimento. Ho seguito innumerevoli campionati di Serie A di basket, di serie B di calcio, due Mondiali di ciclismo, qualche Giro d&rsquo;;Italia e tanto altro ancora. Collaboro con Tuttosport e altre testate, mi diletto di social. Ho una moglie, un figlio, vivo nella mia Gemonio e ho purtroppo smesso con il basket giocato. &nbsp;\",\"sameAs\":[\"damianofranz\",\"https:\/\/www.linkedin.com\/profile\/view?id=241597124&trk=nav_responsive_tab_profile\",\"https:\/\/twitter.com\/damianofranz\"],\"url\":\"https:\/\/staging.varesenews.it\/persona\/damiano_franzetti-2\/\"}]}<\/script>\n<!-- \/ Yoast SEO plugin. -->","yoast_head_json":{"title":"Ivan, Eugenio e Luca, vigilia di speranze tricolori","description":"Le aspettative dei varesini che domenica saranno ai Campionati Italiani. Santaromita ci prova, Alafaci per la squadra, Chirico ci crede","robots":{"index":"noindex","follow":"follow","max-snippet":"max-snippet:-1","max-image-preview":"max-image-preview:large","max-video-preview":"max-video-preview:-1"},"og_locale":"it_IT","og_type":"article","og_title":"Ivan, Eugenio e Luca, vigilia di speranze tricolori","og_description":"Le aspettative dei varesini che domenica saranno ai Campionati Italiani. Santaromita ci prova, Alafaci per la squadra, Chirico ci crede","og_url":"https:\/\/staging.varesenews.it\/2016\/06\/ivan-eugenio-e-luca-vigilia-di-speranze-tricolori\/531218\/","og_site_name":"VareseNews","article_publisher":"https:\/\/www.facebook.com\/varesenews","article_published_time":"2016-06-24T13:48:34+00:00","article_modified_time":"2016-06-27T13:10:56+00:00","author":"Damiano Franzetti","twitter_card":"summary_large_image","twitter_creator":"@damianofranz","twitter_site":"@varesenews","twitter_misc":{"Scritto da":"Damiano Franzetti","Tempo di lettura stimato":"3 minuti"},"schema":{"@context":"https:\/\/schema.org","@graph":[{"@type":"WebPage","@id":"https:\/\/staging.varesenews.it\/2016\/06\/ivan-eugenio-e-luca-vigilia-di-speranze-tricolori\/531218\/","url":"https:\/\/staging.varesenews.it\/2016\/06\/ivan-eugenio-e-luca-vigilia-di-speranze-tricolori\/531218\/","name":"Ivan, Eugenio e Luca, vigilia di speranze tricolori","isPartOf":{"@id":"https:\/\/staging.varesenews.it\/#website"},"datePublished":"2016-06-24T13:48:34+00:00","dateModified":"2016-06-27T13:10:56+00:00","author":{"@id":"https:\/\/staging.varesenews.it\/#\/schema\/person\/709ae3769f6b4dbde8ec332baede8a5b"},"description":"Le aspettative dei varesini che domenica saranno ai Campionati Italiani. Santaromita ci prova, Alafaci per la squadra, Chirico ci crede","breadcrumb":{"@id":"https:\/\/staging.varesenews.it\/2016\/06\/ivan-eugenio-e-luca-vigilia-di-speranze-tricolori\/531218\/#breadcrumb"},"inLanguage":"it-IT","potentialAction":[{"@type":"ReadAction","target":["https:\/\/staging.varesenews.it\/2016\/06\/ivan-eugenio-e-luca-vigilia-di-speranze-tricolori\/531218\/"]}]},{"@type":"BreadcrumbList","@id":"https:\/\/staging.varesenews.it\/2016\/06\/ivan-eugenio-e-luca-vigilia-di-speranze-tricolori\/531218\/#breadcrumb","itemListElement":[{"@type":"ListItem","position":1,"name":"Home","item":"https:\/\/www.varesenews.it\/"},{"@type":"ListItem","position":2,"name":"Ivan, Eugenio e Luca, vigilia di speranze tricolori"}]},{"@type":"WebSite","@id":"https:\/\/staging.varesenews.it\/#website","url":"https:\/\/staging.varesenews.it\/","name":"VareseNews","description":"","potentialAction":[{"@type":"SearchAction","target":{"@type":"EntryPoint","urlTemplate":"https:\/\/staging.varesenews.it\/?s={search_term_string}"},"query-input":"required name=search_term_string"}],"inLanguage":"it-IT"},{"@type":"Person","@id":"https:\/\/staging.varesenews.it\/#\/schema\/person\/709ae3769f6b4dbde8ec332baede8a5b","name":"Damiano Franzetti","image":{"@type":"ImageObject","inLanguage":"it-IT","@id":"https:\/\/staging.varesenews.it\/#\/schema\/person\/image\/","url":"https:\/\/staging.varesenews.it\/wp-content\/uploads\/2020\/12\/damiano_franzetti_colori_500.jpg","contentUrl":"https:\/\/staging.varesenews.it\/wp-content\/uploads\/2020\/12\/damiano_franzetti_colori_500.jpg","caption":"Damiano Franzetti"},"description":"Classe 1976, una laurea (nel cassetto) in scienze e tecnologie alimentari; sono giornalista professionista dal 2009 nato e cresciuto con VareseNews dove mi occupo soprattutto di sport ormai da vent&rsquo;anni. Inviato sui campi (sulle piste, sulle strade...), intervistatore, coordinatore e responsabile delle pagine sportive, mi ritaglio volentieri lo spazio per scrivere di birra sul blog Malto Gradimento. Ho seguito innumerevoli campionati di Serie A di basket, di serie B di calcio, due Mondiali di ciclismo, qualche Giro d&rsquo;;Italia e tanto altro ancora. Collaboro con Tuttosport e altre testate, mi diletto di social. Ho una moglie, un figlio, vivo nella mia Gemonio e ho purtroppo smesso con il basket giocato. &nbsp;","sameAs":["damianofranz","https:\/\/www.linkedin.com\/profile\/view?id=241597124&trk=nav_responsive_tab_profile","https:\/\/twitter.com\/damianofranz"],"url":"https:\/\/staging.varesenews.it\/persona\/damiano_franzetti-2\/"}]}},"post_meta":{"_edit_lock":"1467034205:44","_edit_last":"44","_category_permalink":"","wdfb_og_title":"","wdfb_og_type":"","wdfb_og_description":"","wdfb_og_images":"a:1:{i:0;s:0:\"\";}","wdfb_og_custom_name":"a:1:{i:0;s:0:\"\";}","wdfb_og_custom_value":"a:1:{i:0;s:0:\"\";}","foto":"8179","argomento":"Ciclismo","_jd_twitter":"","_jd_tweet_this":"yes","ratings_users":"0","ratings_score":"0","ratings_average":"0","_wpt_short_url":"http:\/\/www.varesenews.it\/2016\/06\/ivan-eugenio-e-luca-vigilia-di-speranze-tricolori\/531218\/","_wp_jd_target":"http:\/\/www.varesenews.it\/2016\/06\/ivan-eugenio-e-luca-vigilia-di-speranze-tricolori\/531218\/","_jd_wp_twitter":"a:1:{i:0;s:152:\"Ivan, Eugenio e Luca, vigilia di speranze tricolori http:\/\/www.varesenews.it\/2016\/06\/ivan-eugenio-e-luca-vigilia-di-speranze-tricolori\/531218\/ #ciclismo\";}","_wpt_status_message":"Tweet inviato con successo.","_yoast_wpseo_metadesc":"Le aspettative dei varesini che domenica saranno ai Campionati Italiani. Santaromita ci prova, Alafaci per la squadra, Chirico ci crede"},"photos":[{"original":"https:\/\/staging.varesenews.it\/photogallery_new\/images\/2014\/03\/ivan-santaromita-orica-greenedge-apertura-ciclismo-8179.jpg","full":"https:\/\/staging.varesenews.it\/photogallery_new\/images\/2014\/03\/ivan-santaromita-orica-greenedge-apertura-ciclismo-8179.1024x768.jpg","large":"https:\/\/staging.varesenews.it\/photogallery_new\/images\/2014\/03\/ivan-santaromita-orica-greenedge-apertura-ciclismo-8179.610x431.jpg"}],"_links":{"self":[{"href":"https:\/\/staging.varesenews.it\/swgapi\/v1\/wp\/v2\/posts\/531218"}],"collection":[{"href":"https:\/\/staging.varesenews.it\/swgapi\/v1\/wp\/v2\/posts"}],"about":[{"href":"https:\/\/staging.varesenews.it\/swgapi\/v1\/wp\/v2\/types\/post"}],"author":[{"embeddable":true,"href":"https:\/\/staging.varesenews.it\/swgapi\/v1\/wp\/v2\/users\/38"}],"replies":[{"embeddable":true,"href":"https:\/\/staging.varesenews.it\/swgapi\/v1\/wp\/v2\/comments?post=531218"}],"version-history":[{"count":0,"href":"https:\/\/staging.varesenews.it\/swgapi\/v1\/wp\/v2\/posts\/531218\/revisions"}],"wp:attachment":[{"href":"https:\/\/staging.varesenews.it\/swgapi\/v1\/wp\/v2\/media?parent=531218"}],"wp:term":[{"taxonomy":"category","embeddable":true,"href":"https:\/\/staging.varesenews.it\/swgapi\/v1\/wp\/v2\/categories?post=531218"},{"taxonomy":"post_tag","embeddable":true,"href":"https:\/\/staging.varesenews.it\/swgapi\/v1\/wp\/v2\/tags?post=531218"}],"curies":[{"name":"wp","href":"https:\/\/api.w.org\/{rel}","templated":true}]}}