{"id":531297,"date":"2016-06-24T12:39:13","date_gmt":"2016-06-24T10:39:13","guid":{"rendered":"http:\/\/www.varesenews.it\/?p=531297"},"modified":"2016-06-24T12:39:13","modified_gmt":"2016-06-24T10:39:13","slug":"san-siro-aspetta-i-30-mila-delle-cresime","status":"publish","type":"post","link":"https:\/\/staging.varesenews.it\/2016\/06\/san-siro-aspetta-i-30-mila-delle-cresime\/531297\/","title":{"rendered":"San Siro aspetta i 30 mila delle cresime"},"content":{"rendered":"<p><strong>Sabato 25 giugno alle ore 17, allo Stadio Meazza di Milano, l\u2019Arcivescovo cardinale Angelo Scola incontrer\u00e0 i ragazzi che in queste settimane in Diocesi hanno ricevuto, o riceveranno, la Cresima.<\/strong><\/p>\n<p>A San Siro sono previste <strong>30mila persone tra cresimandi e cresimati, genitori, padrini e madrine,<\/strong> <strong>catechisti, educatori e tutti coloro che hanno contribuito al percorso<\/strong> di iniziazione cristiana che vede appunto nel sacramento della Confermazione la sua conclusione.<\/p>\n<p>A rendere festoso il momento di riflessione e preghiera ci saranno le coreografie realizzate da circa mille figuranti volontari che scenderanno in campo trasformando semplici elementi, come c<strong>artoni e pezzi di stoffa, in figure elaborate su tutto il rettangolo di gioco. \u00a0<\/strong><\/p>\n<p><strong>Le parole, la musica e le immagini rievocheranno il tema scelto quest\u2019anno \u00abCome Ges\u00f9\u2026 con Pietro\u00bb,<\/strong> inspirato all\u2019ultima lettera pastorale in cui il Cardinale indica proprio nell\u2019apostolo una figura esemplare del cammino spirituale, non privo di contraddizioni, che porta il fedele a lascarsi educare al pensiero di Cristo.<\/p>\n<p>Quest\u2019anno, inoltre, l\u2019incontro cade nel mezzo delle attivit\u00e0 estive degli oratori che molti dei partecipanti stanno seguendo. Il che contribuir\u00e0 a rendere ancora pi\u00f9 gioioso questo momento.<\/p>\n<p>All\u2019evento \u00e8 collegata anche una <strong>raccolta fondi destinata a quattro microprogetti in Africa<\/strong> sostenuti dalla campagna CEI e Caritas Italiana \u201cIl diritto di rimanere nella propria terra\u201d. Le offerte che i ragazzi e le loro famiglie consegneranno nelle buste all\u2019ingresso dello stadio contribuiranno al finanziamento di allevamenti di bovini, ovini, galline e anche di pesci in villaggi del Camerun, del Togo, dell\u2019Etiopia e della Tanzania.<\/p>\n<p><strong>I cancelli dello Stadio Meazza apriranno alle 15 per accogliere i partecipanti. L\u2019inizio della celebrazione \u00e8 previsto per le 17<\/strong>. I settori di San Siro saranno assegnati alle sette Zone pastorali della diocesi, ciascuna riconoscibile per il colore corrispondente al pettorale che indosseranno i presenti.<\/p>\n","protected":false},"excerpt":{"rendered":"<p>Sabato 25 alle 17 il card Scola a San Siro coi ragazzi delle cresime. Canti, preghiere, coreografie spettacolari per 30mila persone<\/p>\n","protected":false},"author":39,"featured_media":0,"comment_status":"open","ping_status":"open","sticky":false,"template":"","format":"standard","meta":{"footnotes":""},"categories":[7,21],"tags":[59629,172,4304,16246,158],"acf":[],"yoast_head":"<!-- This site is optimized with the Yoast SEO plugin v20.1 - https:\/\/yoast.com\/wordpress\/plugins\/seo\/ -->\n<title>San Siro aspetta i 30 mila delle cresime<\/title>\n<meta name=\"description\" content=\"Sabato 25 alle 17 il card Scola a San Siro coi ragazzi delle cresime. Canti, preghiere, coreografie spettacolari per 30mila persone\" \/>\n<meta name=\"robots\" content=\"noindex, follow, max-snippet:-1, max-image-preview:large, max-video-preview:-1\" \/>\n<meta property=\"og:locale\" content=\"it_IT\" \/>\n<meta property=\"og:type\" content=\"article\" \/>\n<meta property=\"og:title\" content=\"San Siro aspetta i 30 mila delle cresime\" \/>\n<meta property=\"og:description\" content=\"Sabato 25 alle 17 il card Scola a San Siro coi ragazzi delle cresime. Canti, preghiere, coreografie spettacolari per 30mila persone\" \/>\n<meta property=\"og:url\" content=\"https:\/\/www.varesenews.it\/2016\/06\/san-siro-aspetta-i-30-mila-delle-cresime\/531297\/\" \/>\n<meta property=\"og:site_name\" content=\"VareseNews\" \/>\n<meta property=\"article:publisher\" content=\"https:\/\/www.facebook.com\/varesenews\" \/>\n<meta property=\"article:author\" content=\"https:\/\/www.facebook.com\/tommaso.guidotti.7\" \/>\n<meta property=\"article:published_time\" content=\"2016-06-24T10:39:13+00:00\" \/>\n<meta name=\"author\" content=\"Tommaso Guidotti\" \/>\n<meta name=\"twitter:card\" content=\"summary_large_image\" \/>\n<meta name=\"twitter:creator\" content=\"@tomguidoz\" \/>\n<meta name=\"twitter:site\" content=\"@varesenews\" \/>\n<meta name=\"twitter:label1\" content=\"Scritto da\" \/>\n\t<meta name=\"twitter:data1\" content=\"Tommaso Guidotti\" \/>\n\t<meta name=\"twitter:label2\" content=\"Tempo di lettura stimato\" \/>\n\t<meta name=\"twitter:data2\" content=\"1 minuto\" \/>\n<script type=\"application\/ld+json\" class=\"yoast-schema-graph\">{\"@context\":\"https:\/\/schema.org\",\"@graph\":[{\"@type\":\"WebPage\",\"@id\":\"https:\/\/www.varesenews.it\/2016\/06\/san-siro-aspetta-i-30-mila-delle-cresime\/531297\/\",\"url\":\"https:\/\/www.varesenews.it\/2016\/06\/san-siro-aspetta-i-30-mila-delle-cresime\/531297\/\",\"name\":\"San Siro aspetta i 30 mila delle cresime\",\"isPartOf\":{\"@id\":\"https:\/\/staging.varesenews.it\/#website\"},\"datePublished\":\"2016-06-24T10:39:13+00:00\",\"dateModified\":\"2016-06-24T10:39:13+00:00\",\"author\":{\"@id\":\"https:\/\/staging.varesenews.it\/#\/schema\/person\/5ae9c65889c40fea73a6c40733b93f8a\"},\"description\":\"Sabato 25 alle 17 il card Scola a San Siro coi ragazzi delle cresime. Canti, preghiere, coreografie spettacolari per 30mila persone\",\"breadcrumb\":{\"@id\":\"https:\/\/www.varesenews.it\/2016\/06\/san-siro-aspetta-i-30-mila-delle-cresime\/531297\/#breadcrumb\"},\"inLanguage\":\"it-IT\",\"potentialAction\":[{\"@type\":\"ReadAction\",\"target\":[\"https:\/\/www.varesenews.it\/2016\/06\/san-siro-aspetta-i-30-mila-delle-cresime\/531297\/\"]}]},{\"@type\":\"BreadcrumbList\",\"@id\":\"https:\/\/www.varesenews.it\/2016\/06\/san-siro-aspetta-i-30-mila-delle-cresime\/531297\/#breadcrumb\",\"itemListElement\":[{\"@type\":\"ListItem\",\"position\":1,\"name\":\"Home\",\"item\":\"https:\/\/www.varesenews.it\/\"},{\"@type\":\"ListItem\",\"position\":2,\"name\":\"San Siro aspetta i 30 mila delle cresime\"}]},{\"@type\":\"WebSite\",\"@id\":\"https:\/\/staging.varesenews.it\/#website\",\"url\":\"https:\/\/staging.varesenews.it\/\",\"name\":\"VareseNews\",\"description\":\"\",\"potentialAction\":[{\"@type\":\"SearchAction\",\"target\":{\"@type\":\"EntryPoint\",\"urlTemplate\":\"https:\/\/staging.varesenews.it\/?s={search_term_string}\"},\"query-input\":\"required name=search_term_string\"}],\"inLanguage\":\"it-IT\"},{\"@type\":\"Person\",\"@id\":\"https:\/\/staging.varesenews.it\/#\/schema\/person\/5ae9c65889c40fea73a6c40733b93f8a\",\"name\":\"Tommaso Guidotti\",\"image\":{\"@type\":\"ImageObject\",\"inLanguage\":\"it-IT\",\"@id\":\"https:\/\/staging.varesenews.it\/#\/schema\/person\/image\/\",\"url\":\"https:\/\/staging.varesenews.it\/wp-content\/uploads\/2020\/12\/tommaso_guidotti_colori_500.jpg\",\"contentUrl\":\"https:\/\/staging.varesenews.it\/wp-content\/uploads\/2020\/12\/tommaso_guidotti_colori_500.jpg\",\"caption\":\"Tommaso Guidotti\"},\"description\":\"Nato a Milano e trasferito nel Varesotto in tenera et&agrave;, sposato con Chiara dal 2012 e padre di due figli, Lorenzo e Alice. Sono laureato in Scienze Politiche e ho nel mio bagaglio lontani studi classici al Liceo Cairoli di Varese. Amo leggere, le serie tv, i viaggi e mi piace sperimentare e conoscere. La passione pi&ugrave; grande? Il calcio, giocato, simulato e guardato: occupo parte del mio tempo libero con quella che &egrave; pi&ugrave; di una squadra di calcio, i Bidone, una vera e propria seconda famiglia con cui ho portato avanti tanti progetti sportivi e benefici. Faccio parte dal 2004 della squadra di VareseNews e sono giornalista professionista dal 2009: per dieci anni ho ricoperto il ruolo di caporedattore. Dal 2019 coordino insieme ad una redazione di giovani collaboratori il nuovo progetto del gruppo nella zona del Saronnese, il giornale SaronnoNews, spin-off di VareseNews, restando comunque radicato al territorio di Casciago, paese che mi ha adottato e che amo moltissimo come il lago di Varese e Cazzago Brabbia, il paese dove ho vissuto da giovane.\",\"sameAs\":[\"https:\/\/www.facebook.com\/tommaso.guidotti.7\",\"tomguidoz80\",\"https:\/\/www.linkedin.com\/profile\/view?id=36891883&authType=name&authToken=9pNm&locale=en_US&goback=npv_36891883_*1_*1_name_9pNm_*1_*1_*1_*1_*1_*1_*1_*1_*1_*1_*1_*1_*1_*1_*1_*1_*1_*1_*1_*1_*1_*1_*1_*1_*1_*1_*1_*1_*1_*1_*1_*1_*1\",\"https:\/\/twitter.com\/tomguidoz\"],\"url\":\"https:\/\/staging.varesenews.it\/persona\/tommaso_guidotti\/\"}]}<\/script>\n<!-- \/ Yoast SEO plugin. -->","yoast_head_json":{"title":"San Siro aspetta i 30 mila delle cresime","description":"Sabato 25 alle 17 il card Scola a San Siro coi ragazzi delle cresime. Canti, preghiere, coreografie spettacolari per 30mila persone","robots":{"index":"noindex","follow":"follow","max-snippet":"max-snippet:-1","max-image-preview":"max-image-preview:large","max-video-preview":"max-video-preview:-1"},"og_locale":"it_IT","og_type":"article","og_title":"San Siro aspetta i 30 mila delle cresime","og_description":"Sabato 25 alle 17 il card Scola a San Siro coi ragazzi delle cresime. Canti, preghiere, coreografie spettacolari per 30mila persone","og_url":"https:\/\/www.varesenews.it\/2016\/06\/san-siro-aspetta-i-30-mila-delle-cresime\/531297\/","og_site_name":"VareseNews","article_publisher":"https:\/\/www.facebook.com\/varesenews","article_author":"https:\/\/www.facebook.com\/tommaso.guidotti.7","article_published_time":"2016-06-24T10:39:13+00:00","author":"Tommaso Guidotti","twitter_card":"summary_large_image","twitter_creator":"@tomguidoz","twitter_site":"@varesenews","twitter_misc":{"Scritto da":"Tommaso Guidotti","Tempo di lettura stimato":"1 minuto"},"schema":{"@context":"https:\/\/schema.org","@graph":[{"@type":"WebPage","@id":"https:\/\/www.varesenews.it\/2016\/06\/san-siro-aspetta-i-30-mila-delle-cresime\/531297\/","url":"https:\/\/www.varesenews.it\/2016\/06\/san-siro-aspetta-i-30-mila-delle-cresime\/531297\/","name":"San Siro aspetta i 30 mila delle cresime","isPartOf":{"@id":"https:\/\/staging.varesenews.it\/#website"},"datePublished":"2016-06-24T10:39:13+00:00","dateModified":"2016-06-24T10:39:13+00:00","author":{"@id":"https:\/\/staging.varesenews.it\/#\/schema\/person\/5ae9c65889c40fea73a6c40733b93f8a"},"description":"Sabato 25 alle 17 il card Scola a San Siro coi ragazzi delle cresime. Canti, preghiere, coreografie spettacolari per 30mila persone","breadcrumb":{"@id":"https:\/\/www.varesenews.it\/2016\/06\/san-siro-aspetta-i-30-mila-delle-cresime\/531297\/#breadcrumb"},"inLanguage":"it-IT","potentialAction":[{"@type":"ReadAction","target":["https:\/\/www.varesenews.it\/2016\/06\/san-siro-aspetta-i-30-mila-delle-cresime\/531297\/"]}]},{"@type":"BreadcrumbList","@id":"https:\/\/www.varesenews.it\/2016\/06\/san-siro-aspetta-i-30-mila-delle-cresime\/531297\/#breadcrumb","itemListElement":[{"@type":"ListItem","position":1,"name":"Home","item":"https:\/\/www.varesenews.it\/"},{"@type":"ListItem","position":2,"name":"San Siro aspetta i 30 mila delle cresime"}]},{"@type":"WebSite","@id":"https:\/\/staging.varesenews.it\/#website","url":"https:\/\/staging.varesenews.it\/","name":"VareseNews","description":"","potentialAction":[{"@type":"SearchAction","target":{"@type":"EntryPoint","urlTemplate":"https:\/\/staging.varesenews.it\/?s={search_term_string}"},"query-input":"required name=search_term_string"}],"inLanguage":"it-IT"},{"@type":"Person","@id":"https:\/\/staging.varesenews.it\/#\/schema\/person\/5ae9c65889c40fea73a6c40733b93f8a","name":"Tommaso Guidotti","image":{"@type":"ImageObject","inLanguage":"it-IT","@id":"https:\/\/staging.varesenews.it\/#\/schema\/person\/image\/","url":"https:\/\/staging.varesenews.it\/wp-content\/uploads\/2020\/12\/tommaso_guidotti_colori_500.jpg","contentUrl":"https:\/\/staging.varesenews.it\/wp-content\/uploads\/2020\/12\/tommaso_guidotti_colori_500.jpg","caption":"Tommaso Guidotti"},"description":"Nato a Milano e trasferito nel Varesotto in tenera et&agrave;, sposato con Chiara dal 2012 e padre di due figli, Lorenzo e Alice. Sono laureato in Scienze Politiche e ho nel mio bagaglio lontani studi classici al Liceo Cairoli di Varese. Amo leggere, le serie tv, i viaggi e mi piace sperimentare e conoscere. La passione pi&ugrave; grande? Il calcio, giocato, simulato e guardato: occupo parte del mio tempo libero con quella che &egrave; pi&ugrave; di una squadra di calcio, i Bidone, una vera e propria seconda famiglia con cui ho portato avanti tanti progetti sportivi e benefici. Faccio parte dal 2004 della squadra di VareseNews e sono giornalista professionista dal 2009: per dieci anni ho ricoperto il ruolo di caporedattore. Dal 2019 coordino insieme ad una redazione di giovani collaboratori il nuovo progetto del gruppo nella zona del Saronnese, il giornale SaronnoNews, spin-off di VareseNews, restando comunque radicato al territorio di Casciago, paese che mi ha adottato e che amo moltissimo come il lago di Varese e Cazzago Brabbia, il paese dove ho vissuto da giovane.","sameAs":["https:\/\/www.facebook.com\/tommaso.guidotti.7","tomguidoz80","https:\/\/www.linkedin.com\/profile\/view?id=36891883&authType=name&authToken=9pNm&locale=en_US&goback=npv_36891883_*1_*1_name_9pNm_*1_*1_*1_*1_*1_*1_*1_*1_*1_*1_*1_*1_*1_*1_*1_*1_*1_*1_*1_*1_*1_*1_*1_*1_*1_*1_*1_*1_*1_*1_*1_*1_*1","https:\/\/twitter.com\/tomguidoz"],"url":"https:\/\/staging.varesenews.it\/persona\/tommaso_guidotti\/"}]}},"post_meta":{"_edit_lock":"1466765446:39","_edit_last":"39","ratings_users":"0","ratings_score":"0","ratings_average":"0","_category_permalink":"","wdfb_og_title":"","wdfb_og_type":"","wdfb_og_description":"","wdfb_og_images":"a:1:{i:0;s:0:\"\";}","wdfb_og_custom_name":"a:1:{i:0;s:0:\"\";}","wdfb_og_custom_value":"a:1:{i:0;s:0:\"\";}","foto":"547967","firma_come_redazione":"1","argomento":"Milano","_jd_twitter":"","_jd_tweet_this":"yes","_wpt_short_url":"http:\/\/www.varesenews.it\/2016\/06\/san-siro-aspetta-i-30-mila-delle-cresime\/531297\/","_wp_jd_target":"http:\/\/www.varesenews.it\/2016\/06\/san-siro-aspetta-i-30-mila-delle-cresime\/531297\/","_jd_wp_twitter":"a:1:{i:0;s:148:\"San Siro aspetta i 30 mila delle cresime http:\/\/www.varesenews.it\/2016\/06\/san-siro-aspetta-i-30-mila-delle-cresime\/531297\/ #cresima #milano #sansiro\";}","_wpt_status_message":"Tweet inviato con successo."},"photos":[{"original":"https:\/\/staging.varesenews.it\/photogallery_new\/images\/2016\/06\/varie-547967.jpg","full":"https:\/\/staging.varesenews.it\/photogallery_new\/images\/2016\/06\/varie-547967.1024x768.jpg","large":"https:\/\/staging.varesenews.it\/photogallery_new\/images\/2016\/06\/varie-547967.610x431.jpg"}],"_links":{"self":[{"href":"https:\/\/staging.varesenews.it\/swgapi\/v1\/wp\/v2\/posts\/531297"}],"collection":[{"href":"https:\/\/staging.varesenews.it\/swgapi\/v1\/wp\/v2\/posts"}],"about":[{"href":"https:\/\/staging.varesenews.it\/swgapi\/v1\/wp\/v2\/types\/post"}],"author":[{"embeddable":true,"href":"https:\/\/staging.varesenews.it\/swgapi\/v1\/wp\/v2\/users\/39"}],"replies":[{"embeddable":true,"href":"https:\/\/staging.varesenews.it\/swgapi\/v1\/wp\/v2\/comments?post=531297"}],"version-history":[{"count":0,"href":"https:\/\/staging.varesenews.it\/swgapi\/v1\/wp\/v2\/posts\/531297\/revisions"}],"wp:attachment":[{"href":"https:\/\/staging.varesenews.it\/swgapi\/v1\/wp\/v2\/media?parent=531297"}],"wp:term":[{"taxonomy":"category","embeddable":true,"href":"https:\/\/staging.varesenews.it\/swgapi\/v1\/wp\/v2\/categories?post=531297"},{"taxonomy":"post_tag","embeddable":true,"href":"https:\/\/staging.varesenews.it\/swgapi\/v1\/wp\/v2\/tags?post=531297"}],"curies":[{"name":"wp","href":"https:\/\/api.w.org\/{rel}","templated":true}]}}