{"id":532288,"date":"2016-06-28T15:17:49","date_gmt":"2016-06-28T13:17:49","guid":{"rendered":"http:\/\/www.varesenews.it\/?p=532288"},"modified":"2016-06-28T15:17:49","modified_gmt":"2016-06-28T13:17:49","slug":"si-torna-a-scavare-a-castelseprio-porte-aperte-al-pubblico","status":"publish","type":"post","link":"https:\/\/staging.varesenews.it\/2016\/06\/si-torna-a-scavare-a-castelseprio-porte-aperte-al-pubblico\/532288\/","title":{"rendered":"Si torna a scavare a Castelseprio, porte aperte al pubblico"},"content":{"rendered":"<p><strong>Si torna a cercare reperti agli\u00a0scavi archeologici di Castelseprio.<\/strong> Il tutto avverr\u00e0 nel mese di luglio e vi saranno delle giornata &#8220;aperte al pubblico&#8221;, durante le quali <strong>chiunque potr\u00e0 assistere a quello che sar\u00e0 trovato durante questa nuova indagine<\/strong>. Per seguire l&#8217;evento \u00e8\u00a0stata \u00a0attivata anche la <a href=\"https:\/\/www.facebook.com\/ritornoacastelseprio%20\" target=\"_blank\">pagina Facebook<\/a> mediante la quale i partecipanti al campo-scuola comunicheranno quotidianamente i progressi dell\u2019esperienza.<\/p>\n<p>Nell\u2019ambito della lunga e consolidata collaborazione tra l<strong>\u2019Universit\u00e0 Cattolica e la Soprintendenza Archeologia della Lombardia<\/strong>, quest\u2019anno, grazie a un finanziamento concesso dalla <strong>Regione Lombardia e dalla Provincia di Varese<\/strong> e con il supporto logistico del<strong> Comune di Castelsepri<\/strong>o, si ritorna a scavare nell\u2019area archeologica del castrum di Castelseprio.<\/p>\n<p><strong>L\u2019Istituto di Archeologia dell\u2019Universit\u00e0 Cattolica<\/strong> aveva promosso tra il 1977 e il 1982 una serie di indagini a Castelseprio. Tra le aree interessate da quegli scavi archeologici vi era un complesso residenziale posto in prossimit\u00e0 delle mura sud-occidentali: la cosiddetta <strong>\u201ccasa longobarda\u201d<\/strong>, che quest\u2019estate sar\u00e0 oggetto di una nuova campagna. Nel mese di luglio verr\u00e0 impostato un campo-scuola che alle finalit\u00e0 scientifiche unir\u00e0 quelle didattiche:<strong> una trentina di studenti<\/strong> dei corsi di laurea triennale e magistrale delle sedi di Milano e Brescia e della Scuola di Specializzazione in Beni Archeologici dell\u2019Universit\u00e0 Cattolica, accompagnati da personale specializzato e guidati dai loro docenti (proff. Silvia Lusuardi Siena, Marco Sannazaro, Caterina Giostra) avranno la possibilit\u00e0 di sperimentare a approfondire le metodiche dello scavo stratigrafico, <strong>della ricognizione di superficie e i sistemi di documentazione anche informatica dei dati prodotti dalle indagini.<\/strong><\/p>\n<p>Tutti i gioved\u00ec di luglio <strong>il cantiere sar\u00e0 aperto ai visitatori e a fine campagna si terr\u00e0 una conferenza pubblica di presentazione dei risultati<\/strong> (venerd\u00ec 29, alle ore 21, presso la sala consiliare del Comune di Castelseprio).<\/p>\n","protected":false},"excerpt":{"rendered":"<p>Una trentina di studenti dell&#8217;Universit\u00e0 Cattolica di Milano e Brescia effettueranno operazioni di scavo per tutto luglio. Ogni gioved\u00ec cantiere aperto e visitabile al Castrum<\/p>\n","protected":false},"author":51,"featured_media":0,"comment_status":"open","ping_status":"open","sticky":false,"template":"","format":"standard","meta":{"footnotes":""},"categories":[5],"tags":[61890],"acf":[],"yoast_head":"<!-- This site is optimized with the Yoast SEO plugin v20.1 - https:\/\/yoast.com\/wordpress\/plugins\/seo\/ -->\n<title>Si torna a scavare a Castelseprio, porte aperte al pubblico<\/title>\n<meta name=\"description\" content=\"Una trentina di studenti dell&#039;Universit\u00e0 Cattolica di Milano e Brescia effettueranno operazioni di scavo per tutto luglio. Ogni gioved\u00ec cantiere aperto e visitabile al Castrum\" \/>\n<meta name=\"robots\" content=\"noindex, follow, max-snippet:-1, max-image-preview:large, max-video-preview:-1\" \/>\n<meta property=\"og:locale\" content=\"it_IT\" \/>\n<meta property=\"og:type\" content=\"article\" \/>\n<meta property=\"og:title\" content=\"Si torna a scavare a Castelseprio, porte aperte al pubblico\" \/>\n<meta property=\"og:description\" content=\"Una trentina di studenti dell&#039;Universit\u00e0 Cattolica di Milano e Brescia effettueranno operazioni di scavo per tutto luglio. Ogni gioved\u00ec cantiere aperto e visitabile al Castrum\" \/>\n<meta property=\"og:url\" content=\"https:\/\/staging.varesenews.it\/2016\/06\/si-torna-a-scavare-a-castelseprio-porte-aperte-al-pubblico\/532288\/\" \/>\n<meta property=\"og:site_name\" content=\"VareseNews\" \/>\n<meta property=\"article:publisher\" content=\"https:\/\/www.facebook.com\/varesenews\" \/>\n<meta property=\"article:author\" content=\"https:\/\/www.facebook.com\/manuel.sgarella\" \/>\n<meta property=\"article:published_time\" content=\"2016-06-28T13:17:49+00:00\" \/>\n<meta name=\"author\" content=\"Manuel Sgarella\" \/>\n<meta name=\"twitter:card\" content=\"summary_large_image\" \/>\n<meta name=\"twitter:creator\" content=\"@Sgarel\" \/>\n<meta name=\"twitter:site\" content=\"@varesenews\" \/>\n<meta name=\"twitter:label1\" content=\"Scritto da\" \/>\n\t<meta name=\"twitter:data1\" content=\"Manuel Sgarella\" \/>\n\t<meta name=\"twitter:label2\" content=\"Tempo di lettura stimato\" \/>\n\t<meta name=\"twitter:data2\" content=\"1 minuto\" \/>\n<script type=\"application\/ld+json\" class=\"yoast-schema-graph\">{\"@context\":\"https:\/\/schema.org\",\"@graph\":[{\"@type\":\"WebPage\",\"@id\":\"https:\/\/staging.varesenews.it\/2016\/06\/si-torna-a-scavare-a-castelseprio-porte-aperte-al-pubblico\/532288\/\",\"url\":\"https:\/\/staging.varesenews.it\/2016\/06\/si-torna-a-scavare-a-castelseprio-porte-aperte-al-pubblico\/532288\/\",\"name\":\"Si torna a scavare a Castelseprio, porte aperte al pubblico\",\"isPartOf\":{\"@id\":\"https:\/\/staging.varesenews.it\/#website\"},\"datePublished\":\"2016-06-28T13:17:49+00:00\",\"dateModified\":\"2016-06-28T13:17:49+00:00\",\"author\":{\"@id\":\"https:\/\/staging.varesenews.it\/#\/schema\/person\/1ec987bf360cbcf5fab38b0367dbc9d4\"},\"description\":\"Una trentina di studenti dell'Universit\u00e0 Cattolica di Milano e Brescia effettueranno operazioni di scavo per tutto luglio. Ogni gioved\u00ec cantiere aperto e visitabile al Castrum\",\"breadcrumb\":{\"@id\":\"https:\/\/staging.varesenews.it\/2016\/06\/si-torna-a-scavare-a-castelseprio-porte-aperte-al-pubblico\/532288\/#breadcrumb\"},\"inLanguage\":\"it-IT\",\"potentialAction\":[{\"@type\":\"ReadAction\",\"target\":[\"https:\/\/staging.varesenews.it\/2016\/06\/si-torna-a-scavare-a-castelseprio-porte-aperte-al-pubblico\/532288\/\"]}]},{\"@type\":\"BreadcrumbList\",\"@id\":\"https:\/\/staging.varesenews.it\/2016\/06\/si-torna-a-scavare-a-castelseprio-porte-aperte-al-pubblico\/532288\/#breadcrumb\",\"itemListElement\":[{\"@type\":\"ListItem\",\"position\":1,\"name\":\"Home\",\"item\":\"https:\/\/www.varesenews.it\/\"},{\"@type\":\"ListItem\",\"position\":2,\"name\":\"Si torna a scavare a Castelseprio, porte aperte al pubblico\"}]},{\"@type\":\"WebSite\",\"@id\":\"https:\/\/staging.varesenews.it\/#website\",\"url\":\"https:\/\/staging.varesenews.it\/\",\"name\":\"VareseNews\",\"description\":\"\",\"potentialAction\":[{\"@type\":\"SearchAction\",\"target\":{\"@type\":\"EntryPoint\",\"urlTemplate\":\"https:\/\/staging.varesenews.it\/?s={search_term_string}\"},\"query-input\":\"required name=search_term_string\"}],\"inLanguage\":\"it-IT\"},{\"@type\":\"Person\",\"@id\":\"https:\/\/staging.varesenews.it\/#\/schema\/person\/1ec987bf360cbcf5fab38b0367dbc9d4\",\"name\":\"Manuel Sgarella\",\"image\":{\"@type\":\"ImageObject\",\"inLanguage\":\"it-IT\",\"@id\":\"https:\/\/staging.varesenews.it\/#\/schema\/person\/image\/\",\"url\":\"https:\/\/staging.varesenews.it\/wp-content\/uploads\/2020\/12\/manuel_sgarella_colori_500.jpg\",\"contentUrl\":\"https:\/\/staging.varesenews.it\/wp-content\/uploads\/2020\/12\/manuel_sgarella_colori_500.jpg\",\"caption\":\"Manuel Sgarella\"},\"description\":\"A VareseNews dal 1999, da quando ho iniziato a collaborare per la pagina del cinema. Col tempo mi sono occupato della cronaca del territorio di Saronno-Tradate e dell'organizzazione di alcuni progetti speciali di VareseNews, tra cui la produzione del film Digitalife. Dal 2009 sono giornalista professionista. Diplomato alla Civica scuola del cinema di Milano, coltivo da sempre una passione per tutto quello che &egrave; narrazione, soprattutto per film e serie tv. Dal 2014 Pubblico romanzi come autore indipendente.&nbsp;\",\"sameAs\":[\"https:\/\/www.facebook.com\/manuel.sgarella\",\"Sgarel\",\"https:\/\/twitter.com\/Sgarel\"],\"url\":\"https:\/\/staging.varesenews.it\/persona\/manuel-sgarella1\/\"}]}<\/script>\n<!-- \/ Yoast SEO plugin. -->","yoast_head_json":{"title":"Si torna a scavare a Castelseprio, porte aperte al pubblico","description":"Una trentina di studenti dell'Universit\u00e0 Cattolica di Milano e Brescia effettueranno operazioni di scavo per tutto luglio. Ogni gioved\u00ec cantiere aperto e visitabile al Castrum","robots":{"index":"noindex","follow":"follow","max-snippet":"max-snippet:-1","max-image-preview":"max-image-preview:large","max-video-preview":"max-video-preview:-1"},"og_locale":"it_IT","og_type":"article","og_title":"Si torna a scavare a Castelseprio, porte aperte al pubblico","og_description":"Una trentina di studenti dell'Universit\u00e0 Cattolica di Milano e Brescia effettueranno operazioni di scavo per tutto luglio. Ogni gioved\u00ec cantiere aperto e visitabile al Castrum","og_url":"https:\/\/staging.varesenews.it\/2016\/06\/si-torna-a-scavare-a-castelseprio-porte-aperte-al-pubblico\/532288\/","og_site_name":"VareseNews","article_publisher":"https:\/\/www.facebook.com\/varesenews","article_author":"https:\/\/www.facebook.com\/manuel.sgarella","article_published_time":"2016-06-28T13:17:49+00:00","author":"Manuel Sgarella","twitter_card":"summary_large_image","twitter_creator":"@Sgarel","twitter_site":"@varesenews","twitter_misc":{"Scritto da":"Manuel Sgarella","Tempo di lettura stimato":"1 minuto"},"schema":{"@context":"https:\/\/schema.org","@graph":[{"@type":"WebPage","@id":"https:\/\/staging.varesenews.it\/2016\/06\/si-torna-a-scavare-a-castelseprio-porte-aperte-al-pubblico\/532288\/","url":"https:\/\/staging.varesenews.it\/2016\/06\/si-torna-a-scavare-a-castelseprio-porte-aperte-al-pubblico\/532288\/","name":"Si torna a scavare a Castelseprio, porte aperte al pubblico","isPartOf":{"@id":"https:\/\/staging.varesenews.it\/#website"},"datePublished":"2016-06-28T13:17:49+00:00","dateModified":"2016-06-28T13:17:49+00:00","author":{"@id":"https:\/\/staging.varesenews.it\/#\/schema\/person\/1ec987bf360cbcf5fab38b0367dbc9d4"},"description":"Una trentina di studenti dell'Universit\u00e0 Cattolica di Milano e Brescia effettueranno operazioni di scavo per tutto luglio. Ogni gioved\u00ec cantiere aperto e visitabile al Castrum","breadcrumb":{"@id":"https:\/\/staging.varesenews.it\/2016\/06\/si-torna-a-scavare-a-castelseprio-porte-aperte-al-pubblico\/532288\/#breadcrumb"},"inLanguage":"it-IT","potentialAction":[{"@type":"ReadAction","target":["https:\/\/staging.varesenews.it\/2016\/06\/si-torna-a-scavare-a-castelseprio-porte-aperte-al-pubblico\/532288\/"]}]},{"@type":"BreadcrumbList","@id":"https:\/\/staging.varesenews.it\/2016\/06\/si-torna-a-scavare-a-castelseprio-porte-aperte-al-pubblico\/532288\/#breadcrumb","itemListElement":[{"@type":"ListItem","position":1,"name":"Home","item":"https:\/\/www.varesenews.it\/"},{"@type":"ListItem","position":2,"name":"Si torna a scavare a Castelseprio, porte aperte al pubblico"}]},{"@type":"WebSite","@id":"https:\/\/staging.varesenews.it\/#website","url":"https:\/\/staging.varesenews.it\/","name":"VareseNews","description":"","potentialAction":[{"@type":"SearchAction","target":{"@type":"EntryPoint","urlTemplate":"https:\/\/staging.varesenews.it\/?s={search_term_string}"},"query-input":"required name=search_term_string"}],"inLanguage":"it-IT"},{"@type":"Person","@id":"https:\/\/staging.varesenews.it\/#\/schema\/person\/1ec987bf360cbcf5fab38b0367dbc9d4","name":"Manuel Sgarella","image":{"@type":"ImageObject","inLanguage":"it-IT","@id":"https:\/\/staging.varesenews.it\/#\/schema\/person\/image\/","url":"https:\/\/staging.varesenews.it\/wp-content\/uploads\/2020\/12\/manuel_sgarella_colori_500.jpg","contentUrl":"https:\/\/staging.varesenews.it\/wp-content\/uploads\/2020\/12\/manuel_sgarella_colori_500.jpg","caption":"Manuel Sgarella"},"description":"A VareseNews dal 1999, da quando ho iniziato a collaborare per la pagina del cinema. Col tempo mi sono occupato della cronaca del territorio di Saronno-Tradate e dell'organizzazione di alcuni progetti speciali di VareseNews, tra cui la produzione del film Digitalife. Dal 2009 sono giornalista professionista. Diplomato alla Civica scuola del cinema di Milano, coltivo da sempre una passione per tutto quello che &egrave; narrazione, soprattutto per film e serie tv. Dal 2014 Pubblico romanzi come autore indipendente.&nbsp;","sameAs":["https:\/\/www.facebook.com\/manuel.sgarella","Sgarel","https:\/\/twitter.com\/Sgarel"],"url":"https:\/\/staging.varesenews.it\/persona\/manuel-sgarella1\/"}]}},"post_meta":{"_edit_lock":"1467120957:51","_edit_last":"51","ratings_users":"0","ratings_score":"0","ratings_average":"0","_category_permalink":"","wdfb_og_title":"","wdfb_og_type":"","wdfb_og_description":"","wdfb_og_images":"a:1:{i:0;s:0:\"\";}","wdfb_og_custom_name":"a:1:{i:0;s:0:\"\";}","wdfb_og_custom_value":"a:1:{i:0;s:0:\"\";}","foto":"548842","argomento":"Castelseprio","_yoast_wpseo_focuskw":"castelseprio","_yoast_wpseo_metadesc":"Una trentina di studenti dell'Universit\u00e0 Cattolica di Milano e Brescia effettueranno operazioni di scavo per tutto luglio. Ogni gioved\u00ec cantiere aperto e visitabile al Castrum","_jd_twitter":"","_jd_tweet_this":"yes","_wpt_short_url":"http:\/\/www.varesenews.it\/2016\/06\/si-torna-a-scavare-a-castelseprio-porte-aperte-al-pubblico\/532288\/","_wp_jd_target":"http:\/\/www.varesenews.it\/2016\/06\/si-torna-a-scavare-a-castelseprio-porte-aperte-al-pubblico\/532288\/","_jd_wp_twitter":"a:1:{i:0;s:168:\"Si torna a scavare a Castelseprio, porte aperte al pubblico http:\/\/www.varesenews.it\/2016\/06\/si-torna-a-scavare-a-castelseprio-porte-aperte-al-pubblico\/532288\/ #castrum\";}","_wpt_status_message":"Tweet inviato con successo.","_yoast_wpseo_linkdex":"68","id_leggi_anche":"538653"},"photos":[{"original":"https:\/\/staging.varesenews.it\/photogallery_new\/images\/2016\/06\/castelseprio-generiche-548842.jpg","full":"https:\/\/staging.varesenews.it\/photogallery_new\/images\/2016\/06\/castelseprio-generiche-548842.1024x768.jpg","large":"https:\/\/staging.varesenews.it\/photogallery_new\/images\/2016\/06\/castelseprio-generiche-548842.610x431.jpg"}],"_links":{"self":[{"href":"https:\/\/staging.varesenews.it\/swgapi\/v1\/wp\/v2\/posts\/532288"}],"collection":[{"href":"https:\/\/staging.varesenews.it\/swgapi\/v1\/wp\/v2\/posts"}],"about":[{"href":"https:\/\/staging.varesenews.it\/swgapi\/v1\/wp\/v2\/types\/post"}],"author":[{"embeddable":true,"href":"https:\/\/staging.varesenews.it\/swgapi\/v1\/wp\/v2\/users\/51"}],"replies":[{"embeddable":true,"href":"https:\/\/staging.varesenews.it\/swgapi\/v1\/wp\/v2\/comments?post=532288"}],"version-history":[{"count":0,"href":"https:\/\/staging.varesenews.it\/swgapi\/v1\/wp\/v2\/posts\/532288\/revisions"}],"wp:attachment":[{"href":"https:\/\/staging.varesenews.it\/swgapi\/v1\/wp\/v2\/media?parent=532288"}],"wp:term":[{"taxonomy":"category","embeddable":true,"href":"https:\/\/staging.varesenews.it\/swgapi\/v1\/wp\/v2\/categories?post=532288"},{"taxonomy":"post_tag","embeddable":true,"href":"https:\/\/staging.varesenews.it\/swgapi\/v1\/wp\/v2\/tags?post=532288"}],"curies":[{"name":"wp","href":"https:\/\/api.w.org\/{rel}","templated":true}]}}