{"id":534058,"date":"2016-07-04T16:56:13","date_gmt":"2016-07-04T14:56:13","guid":{"rendered":"http:\/\/www.varesenews.it\/?p=534058"},"modified":"2016-07-04T17:01:24","modified_gmt":"2016-07-04T15:01:24","slug":"al-cinema-la-varese-di-una-volta","status":"publish","type":"post","link":"https:\/\/staging.varesenews.it\/2016\/07\/al-cinema-la-varese-di-una-volta\/534058\/","title":{"rendered":"Al cinema la Varese di una volta"},"content":{"rendered":"<p>Anche il MIV Multisala Varese commemora il Duecentesimo Anniversario dell\u2019elevazione di Varese al rango di Citt\u00e0. Nella Sala Urano<strong> mercoled\u00ec 9 luglio alle ore 16.45 \u00e8 prevista la proiezione straordinaria<\/strong> \u2013 ad ingresso libero &#8211; di tre filmati storici, provenienti<strong> dalla fortunata mostra \u201cIMAGO VARESE\u201d<\/strong> realizzata il mese scorso a Camponovo, Sacro Monte di Varese, di cui MIV \u00e8 stato sponsor tecnico.<\/p>\n<p>I filmati erano stati selezionati, tra gli altri, da Beautiful Varese International Association in collaborazione con il Centro Audiovisivi della Provincia di Varese, e la possibilit\u00e0 di vederli \u00e8 davvero rara in quanto questi video sono normalmente esclusi dal prestito ordinario.<strong> La proiezione delle 16,45 sar\u00e0 introdotta da Carla Tocchetti, curatrice della mostra Imago Varese.<\/strong> Si replica alle ore 18.00.<\/p>\n<p><strong>Varese Citt\u00e0 giardino<\/strong> \u00e8 un filmato in bianco e nero di circa venti minuti concepito per promuovere la Varese turistica ai tempi del ventennio fascista, con pompose didascalie pubblicitarie in lingua inglese e caratteri originali dell\u2019epoca. Il video \u00e8 costruito su materiale foto e audio degli anni\u2019 30, donato alla Provincia dall\u2019Universit\u00e0 Popolare di Varese, e restaurato dal prof. Achille Berbenni del Centro di Cinematografia Scientifica Politecnico di Milano, con la collaborazione di Giovanni Ghezzi ed il coordinamento e supervisione di Luciano Rossi, direttore del Centro Audiovisivi della Provincia di Varese.<\/p>\n<p><strong>C&#8217;era una volta a Varese<\/strong>, del 1993 dura una dozzina di minuti e ripropone immagini d\u2019epoca filmate negli anni \u201950 con un commento \u201ca colori\u201d, cio\u00e8 attualizzato alla Varese moderna (ma quella degli anni \u201990 per noi \u00e8 gi\u00e0 storia), del Professor Enrico Grancini. Particolarmente preziose sono le immagini in bianco e nero del tramvai bianco che attraversava un tempo il corso Matteotti, le riprese effettuate dalla funicolare del Campo dei Fiori e le immagini dei turisti a Sacro Monte che fanno picnic sull\u2019erba nello spazio antistante la balconata del Mos\u00e8. La sceneggiatura e regia \u00e8 di Luciano Rossi, con la collaborazione di Gianfranco Poletto e Paolo Ambrosoli, e con la partecipazione anche in video di Enrico Grancini. Il video \u00e8 stato realizzato da Produttori Associati Milano e dal Centro Audiovisivi della Provincia di Varese, con la consulenza Achille Berbenni (Centro di Cinematografia Scientifica Politecnico di Milano).<\/p>\n<p><strong>Varese Provincia Liberty<\/strong> un filmato del 1999 della durata di circa dieci minuti, realizzato dallo Studio Paolo Zanzi e prodotto dal Centro Audiovisivi della Provincia di Varese. Il video inquadra in modo esemplare il significato dell\u2019esplosione del Liberty a Varese: un movimento non solo estetico\/architettonico ma strettamente connesso con l\u2019evoluzione del pensiero e della societ\u00e0 in un contesto europeo. La sceneggiatura e regia sono di Paolo Zanzi e Luciano Rossi, su testi di Silvano Colombo e Paolo Zanzi. Il direttore della fotografia e responsabile della produzione \u00e8 Alessandro Vanini. Voce: Sergio Stefini.<\/p>\n","protected":false},"excerpt":{"rendered":"<p>Il Miv presenta una serie di appuntamenti dedicati alla citt\u00e0 giardino e ai suoi racconti. Il primo \u00e8 per mercoled\u00ec 9 luglio <\/p>\n","protected":false},"author":32,"featured_media":0,"comment_status":"open","ping_status":"open","sticky":false,"template":"","format":"standard","meta":{"footnotes":""},"categories":[13,2],"tags":[1662,4796],"acf":[],"yoast_head":"<!-- This site is optimized with the Yoast SEO plugin v20.1 - https:\/\/yoast.com\/wordpress\/plugins\/seo\/ -->\n<title>Al cinema la Varese di una volta<\/title>\n<meta name=\"description\" content=\"Il Miv presenta una serie di appuntamenti dedicati alla citt\u00e0 giardino e ai suoi racconti. Il primo \u00e8 per mercoled\u00ec 9 luglio\" \/>\n<meta name=\"robots\" content=\"noindex, follow, max-snippet:-1, max-image-preview:large, max-video-preview:-1\" \/>\n<meta property=\"og:locale\" content=\"it_IT\" \/>\n<meta property=\"og:type\" content=\"article\" \/>\n<meta property=\"og:title\" content=\"Al cinema la Varese di una volta\" \/>\n<meta property=\"og:description\" content=\"Il Miv presenta una serie di appuntamenti dedicati alla citt\u00e0 giardino e ai suoi racconti. Il primo \u00e8 per mercoled\u00ec 9 luglio\" \/>\n<meta property=\"og:url\" content=\"https:\/\/staging.varesenews.it\/2016\/07\/al-cinema-la-varese-di-una-volta\/534058\/\" \/>\n<meta property=\"og:site_name\" content=\"VareseNews\" \/>\n<meta property=\"article:publisher\" content=\"https:\/\/www.facebook.com\/varesenews\" \/>\n<meta property=\"article:published_time\" content=\"2016-07-04T14:56:13+00:00\" \/>\n<meta property=\"article:modified_time\" content=\"2016-07-04T15:01:24+00:00\" \/>\n<meta name=\"author\" content=\"Adelia Brigo\" \/>\n<meta name=\"twitter:card\" content=\"summary_large_image\" \/>\n<meta name=\"twitter:creator\" content=\"@AdeliaBrigo\" \/>\n<meta name=\"twitter:site\" content=\"@varesenews\" \/>\n<meta name=\"twitter:label1\" content=\"Scritto da\" \/>\n\t<meta name=\"twitter:data1\" content=\"Adelia Brigo\" \/>\n\t<meta name=\"twitter:label2\" content=\"Tempo di lettura stimato\" \/>\n\t<meta name=\"twitter:data2\" content=\"2 minuti\" \/>\n<script type=\"application\/ld+json\" class=\"yoast-schema-graph\">{\"@context\":\"https:\/\/schema.org\",\"@graph\":[{\"@type\":\"WebPage\",\"@id\":\"https:\/\/staging.varesenews.it\/2016\/07\/al-cinema-la-varese-di-una-volta\/534058\/\",\"url\":\"https:\/\/staging.varesenews.it\/2016\/07\/al-cinema-la-varese-di-una-volta\/534058\/\",\"name\":\"Al cinema la Varese di una volta\",\"isPartOf\":{\"@id\":\"https:\/\/staging.varesenews.it\/#website\"},\"datePublished\":\"2016-07-04T14:56:13+00:00\",\"dateModified\":\"2016-07-04T15:01:24+00:00\",\"author\":{\"@id\":\"https:\/\/staging.varesenews.it\/#\/schema\/person\/272ac0f5b2dbfd572218c2d86e013f1a\"},\"description\":\"Il Miv presenta una serie di appuntamenti dedicati alla citt\u00e0 giardino e ai suoi racconti. Il primo \u00e8 per mercoled\u00ec 9 luglio\",\"breadcrumb\":{\"@id\":\"https:\/\/staging.varesenews.it\/2016\/07\/al-cinema-la-varese-di-una-volta\/534058\/#breadcrumb\"},\"inLanguage\":\"it-IT\",\"potentialAction\":[{\"@type\":\"ReadAction\",\"target\":[\"https:\/\/staging.varesenews.it\/2016\/07\/al-cinema-la-varese-di-una-volta\/534058\/\"]}]},{\"@type\":\"BreadcrumbList\",\"@id\":\"https:\/\/staging.varesenews.it\/2016\/07\/al-cinema-la-varese-di-una-volta\/534058\/#breadcrumb\",\"itemListElement\":[{\"@type\":\"ListItem\",\"position\":1,\"name\":\"Home\",\"item\":\"https:\/\/www.varesenews.it\/\"},{\"@type\":\"ListItem\",\"position\":2,\"name\":\"Al cinema la Varese di una volta\"}]},{\"@type\":\"WebSite\",\"@id\":\"https:\/\/staging.varesenews.it\/#website\",\"url\":\"https:\/\/staging.varesenews.it\/\",\"name\":\"VareseNews\",\"description\":\"\",\"potentialAction\":[{\"@type\":\"SearchAction\",\"target\":{\"@type\":\"EntryPoint\",\"urlTemplate\":\"https:\/\/staging.varesenews.it\/?s={search_term_string}\"},\"query-input\":\"required name=search_term_string\"}],\"inLanguage\":\"it-IT\"},{\"@type\":\"Person\",\"@id\":\"https:\/\/staging.varesenews.it\/#\/schema\/person\/272ac0f5b2dbfd572218c2d86e013f1a\",\"name\":\"Adelia Brigo\",\"image\":{\"@type\":\"ImageObject\",\"inLanguage\":\"it-IT\",\"@id\":\"https:\/\/staging.varesenews.it\/#\/schema\/person\/image\/\",\"url\":\"https:\/\/staging.varesenews.it\/wp-content\/uploads\/2020\/12\/adelia_brigo_colori_500.jpg\",\"contentUrl\":\"https:\/\/staging.varesenews.it\/wp-content\/uploads\/2020\/12\/adelia_brigo_colori_500.jpg\",\"caption\":\"Adelia Brigo\"},\"description\":\"Giornalista pubblicista, lavoro a VareseNews dal 2007 e mi occupo di cronaca locale e del settore dedicato alla cultura. In questi anni ho seguito diversi progetti di comunicazione, amo sperimentare strategie per i Social Network e raccontare storie. Varesina, classe 1984, sono laureata in Scienze della Comunicazione.&nbsp;\",\"sameAs\":[\"AdeliaBrigo\",\"https:\/\/twitter.com\/AdeliaBrigo\"],\"url\":\"https:\/\/staging.varesenews.it\/persona\/adelia_brigo\/\"}]}<\/script>\n<!-- \/ Yoast SEO plugin. -->","yoast_head_json":{"title":"Al cinema la Varese di una volta","description":"Il Miv presenta una serie di appuntamenti dedicati alla citt\u00e0 giardino e ai suoi racconti. Il primo \u00e8 per mercoled\u00ec 9 luglio","robots":{"index":"noindex","follow":"follow","max-snippet":"max-snippet:-1","max-image-preview":"max-image-preview:large","max-video-preview":"max-video-preview:-1"},"og_locale":"it_IT","og_type":"article","og_title":"Al cinema la Varese di una volta","og_description":"Il Miv presenta una serie di appuntamenti dedicati alla citt\u00e0 giardino e ai suoi racconti. Il primo \u00e8 per mercoled\u00ec 9 luglio","og_url":"https:\/\/staging.varesenews.it\/2016\/07\/al-cinema-la-varese-di-una-volta\/534058\/","og_site_name":"VareseNews","article_publisher":"https:\/\/www.facebook.com\/varesenews","article_published_time":"2016-07-04T14:56:13+00:00","article_modified_time":"2016-07-04T15:01:24+00:00","author":"Adelia Brigo","twitter_card":"summary_large_image","twitter_creator":"@AdeliaBrigo","twitter_site":"@varesenews","twitter_misc":{"Scritto da":"Adelia Brigo","Tempo di lettura stimato":"2 minuti"},"schema":{"@context":"https:\/\/schema.org","@graph":[{"@type":"WebPage","@id":"https:\/\/staging.varesenews.it\/2016\/07\/al-cinema-la-varese-di-una-volta\/534058\/","url":"https:\/\/staging.varesenews.it\/2016\/07\/al-cinema-la-varese-di-una-volta\/534058\/","name":"Al cinema la Varese di una volta","isPartOf":{"@id":"https:\/\/staging.varesenews.it\/#website"},"datePublished":"2016-07-04T14:56:13+00:00","dateModified":"2016-07-04T15:01:24+00:00","author":{"@id":"https:\/\/staging.varesenews.it\/#\/schema\/person\/272ac0f5b2dbfd572218c2d86e013f1a"},"description":"Il Miv presenta una serie di appuntamenti dedicati alla citt\u00e0 giardino e ai suoi racconti. Il primo \u00e8 per mercoled\u00ec 9 luglio","breadcrumb":{"@id":"https:\/\/staging.varesenews.it\/2016\/07\/al-cinema-la-varese-di-una-volta\/534058\/#breadcrumb"},"inLanguage":"it-IT","potentialAction":[{"@type":"ReadAction","target":["https:\/\/staging.varesenews.it\/2016\/07\/al-cinema-la-varese-di-una-volta\/534058\/"]}]},{"@type":"BreadcrumbList","@id":"https:\/\/staging.varesenews.it\/2016\/07\/al-cinema-la-varese-di-una-volta\/534058\/#breadcrumb","itemListElement":[{"@type":"ListItem","position":1,"name":"Home","item":"https:\/\/www.varesenews.it\/"},{"@type":"ListItem","position":2,"name":"Al cinema la Varese di una volta"}]},{"@type":"WebSite","@id":"https:\/\/staging.varesenews.it\/#website","url":"https:\/\/staging.varesenews.it\/","name":"VareseNews","description":"","potentialAction":[{"@type":"SearchAction","target":{"@type":"EntryPoint","urlTemplate":"https:\/\/staging.varesenews.it\/?s={search_term_string}"},"query-input":"required name=search_term_string"}],"inLanguage":"it-IT"},{"@type":"Person","@id":"https:\/\/staging.varesenews.it\/#\/schema\/person\/272ac0f5b2dbfd572218c2d86e013f1a","name":"Adelia Brigo","image":{"@type":"ImageObject","inLanguage":"it-IT","@id":"https:\/\/staging.varesenews.it\/#\/schema\/person\/image\/","url":"https:\/\/staging.varesenews.it\/wp-content\/uploads\/2020\/12\/adelia_brigo_colori_500.jpg","contentUrl":"https:\/\/staging.varesenews.it\/wp-content\/uploads\/2020\/12\/adelia_brigo_colori_500.jpg","caption":"Adelia Brigo"},"description":"Giornalista pubblicista, lavoro a VareseNews dal 2007 e mi occupo di cronaca locale e del settore dedicato alla cultura. In questi anni ho seguito diversi progetti di comunicazione, amo sperimentare strategie per i Social Network e raccontare storie. Varesina, classe 1984, sono laureata in Scienze della Comunicazione.&nbsp;","sameAs":["AdeliaBrigo","https:\/\/twitter.com\/AdeliaBrigo"],"url":"https:\/\/staging.varesenews.it\/persona\/adelia_brigo\/"}]}},"post_meta":{"_edit_lock":"1467645240:32","_edit_last":"32","_category_permalink":"13","ratings_users":"0","ratings_score":"0","ratings_average":"0","wdfb_og_title":"","wdfb_og_type":"","wdfb_og_description":"","wdfb_og_images":"a:1:{i:0;s:0:\"\";}","wdfb_og_custom_name":"a:1:{i:0;s:0:\"\";}","wdfb_og_custom_value":"a:1:{i:0;s:0:\"\";}","foto":"549988","firma_come_redazione":"1","argomento":"Varese","_jd_twitter":"","_jd_tweet_this":"yes","_wpt_short_url":"http:\/\/www.varesenews.it\/2016\/07\/al-cinema-la-varese-di-una-volta\/534058\/","_wp_jd_target":"http:\/\/www.varesenews.it\/2016\/07\/al-cinema-la-varese-di-una-volta\/534058\/","_jd_wp_twitter":"a:1:{i:0;s:111:\"Al cinema la Varese di una volta http:\/\/www.varesenews.it\/2016\/07\/al-cinema-la-varese-di-una-volta\/534058\/ #miv\";}","_wpt_status_message":"Tweet inviato con successo."},"photos":[{"original":"https:\/\/staging.varesenews.it\/photogallery_new\/images\/2016\/07\/varie-549988.jpg","full":"https:\/\/staging.varesenews.it\/photogallery_new\/images\/2016\/07\/varie-549988.1024x768.jpg","large":"https:\/\/staging.varesenews.it\/photogallery_new\/images\/2016\/07\/varie-549988.610x431.jpg"}],"_links":{"self":[{"href":"https:\/\/staging.varesenews.it\/swgapi\/v1\/wp\/v2\/posts\/534058"}],"collection":[{"href":"https:\/\/staging.varesenews.it\/swgapi\/v1\/wp\/v2\/posts"}],"about":[{"href":"https:\/\/staging.varesenews.it\/swgapi\/v1\/wp\/v2\/types\/post"}],"author":[{"embeddable":true,"href":"https:\/\/staging.varesenews.it\/swgapi\/v1\/wp\/v2\/users\/32"}],"replies":[{"embeddable":true,"href":"https:\/\/staging.varesenews.it\/swgapi\/v1\/wp\/v2\/comments?post=534058"}],"version-history":[{"count":0,"href":"https:\/\/staging.varesenews.it\/swgapi\/v1\/wp\/v2\/posts\/534058\/revisions"}],"wp:attachment":[{"href":"https:\/\/staging.varesenews.it\/swgapi\/v1\/wp\/v2\/media?parent=534058"}],"wp:term":[{"taxonomy":"category","embeddable":true,"href":"https:\/\/staging.varesenews.it\/swgapi\/v1\/wp\/v2\/categories?post=534058"},{"taxonomy":"post_tag","embeddable":true,"href":"https:\/\/staging.varesenews.it\/swgapi\/v1\/wp\/v2\/tags?post=534058"}],"curies":[{"name":"wp","href":"https:\/\/api.w.org\/{rel}","templated":true}]}}