{"id":534305,"date":"2016-07-05T13:30:02","date_gmt":"2016-07-05T11:30:02","guid":{"rendered":"http:\/\/www.varesenews.it\/?p=534305"},"modified":"2016-07-05T13:30:02","modified_gmt":"2016-07-05T11:30:02","slug":"la-seconda-vita-dei-pallets","status":"publish","type":"post","link":"https:\/\/staging.varesenews.it\/2016\/07\/la-seconda-vita-dei-pallets\/534305\/","title":{"rendered":"La seconda vita dei pallets"},"content":{"rendered":"<p><strong>Sabato 9 luglio 10:30 alle 18:30 alla Falegnameria di Cascina Cuccagna torna il workshop &#8220;Riuso creativo: la seconda vita dei pallets&#8221;<\/strong> con L&#8217;Albero di Joan.<\/p>\n<p>Il workshop &#8220;Riuso creativo: la seconda vita dei pallets&#8221; \u00e8 finalizzato alla creazione di oggetti di arredo per la casa con legno da recupero. Con la guida del designer-artigiano Maurizio Veloce anche i principianti scoprono il piacere di lavorare il legno e la possibilit\u00e0 di realizzare i propri progetti: sedie, vasiere per orti sul balcone, porta-riviste o porta-bottiglie, tavoli, scatole&#8230;<\/p>\n<p><strong>La Falegnameria Cuccagna \u00e8 uno spazio dedicato all&#8217;autoproduzione<\/strong>, alla riparazione e al riuso di oggetti in legno. \u00c8 un&#8217;officina, un laboratorio, una bottega: il luogo ideale per liberare l&#8217;artigiano che c&#8217;\u00e8 in ciascuno di noi.<\/p>\n<p>Quello di sabato 9 luglio sar\u00e0 l&#8217;ultimo appuntamento della stagione prima della pausa estiva, la Falegnameria Cuccagna riaprir\u00e0 poi settembre con tante novit\u00e0!<\/p>\n<p><em>Workshop di Falegnameria per tutti sabato 9 luglio, 10.30 &#8211; 18.30, Falegnameria Cuccagna via Cuccagna 2, ang. via Muratori Milano<br \/>\n<\/em><em>Costo della giornata: 40 euro. Info e iscrizioni: falegnameria@cuccagna.org.<br \/>\n<\/em><em>Approfondimenti: www.cuccagna.org<\/em><\/p>\n","protected":false},"excerpt":{"rendered":"<p>Alla  Falegnameria Cuccagna un workshop dedicato a chi crede nel riuso dei materiali <\/p>\n","protected":false},"author":34,"featured_media":0,"comment_status":"open","ping_status":"open","sticky":false,"template":"","format":"standard","meta":{"footnotes":""},"categories":[7],"tags":[59619,62643,9659],"acf":[],"yoast_head":"<!-- This site is optimized with the Yoast SEO plugin v20.1 - https:\/\/yoast.com\/wordpress\/plugins\/seo\/ -->\n<title>La seconda vita dei pallets<\/title>\n<meta name=\"description\" content=\"Alla Falegnameria Cuccagna un workshop dedicato a chi crede nel riuso dei materiali\" \/>\n<meta name=\"robots\" content=\"noindex, follow, max-snippet:-1, max-image-preview:large, max-video-preview:-1\" \/>\n<meta property=\"og:locale\" content=\"it_IT\" \/>\n<meta property=\"og:type\" content=\"article\" \/>\n<meta property=\"og:title\" content=\"La seconda vita dei pallets\" \/>\n<meta property=\"og:description\" content=\"Alla Falegnameria Cuccagna un workshop dedicato a chi crede nel riuso dei materiali\" \/>\n<meta property=\"og:url\" content=\"https:\/\/staging.varesenews.it\/2016\/07\/la-seconda-vita-dei-pallets\/534305\/\" \/>\n<meta property=\"og:site_name\" content=\"VareseNews\" \/>\n<meta property=\"article:publisher\" content=\"https:\/\/www.facebook.com\/varesenews\" \/>\n<meta property=\"article:author\" content=\"https:\/\/www.facebook.com\/andrea.camurani?fref=photo\" \/>\n<meta property=\"article:published_time\" content=\"2016-07-05T11:30:02+00:00\" \/>\n<meta name=\"author\" content=\"Andrea Camurani\" \/>\n<meta name=\"twitter:card\" content=\"summary_large_image\" \/>\n<meta name=\"twitter:creator\" content=\"@AndreaCamurani\" \/>\n<meta name=\"twitter:site\" content=\"@varesenews\" \/>\n<meta name=\"twitter:label1\" content=\"Scritto da\" \/>\n\t<meta name=\"twitter:data1\" content=\"Andrea Camurani\" \/>\n\t<meta name=\"twitter:label2\" content=\"Tempo di lettura stimato\" \/>\n\t<meta name=\"twitter:data2\" content=\"1 minuto\" \/>\n<script type=\"application\/ld+json\" class=\"yoast-schema-graph\">{\"@context\":\"https:\/\/schema.org\",\"@graph\":[{\"@type\":\"WebPage\",\"@id\":\"https:\/\/staging.varesenews.it\/2016\/07\/la-seconda-vita-dei-pallets\/534305\/\",\"url\":\"https:\/\/staging.varesenews.it\/2016\/07\/la-seconda-vita-dei-pallets\/534305\/\",\"name\":\"La seconda vita dei pallets\",\"isPartOf\":{\"@id\":\"https:\/\/staging.varesenews.it\/#website\"},\"datePublished\":\"2016-07-05T11:30:02+00:00\",\"dateModified\":\"2016-07-05T11:30:02+00:00\",\"author\":{\"@id\":\"https:\/\/staging.varesenews.it\/#\/schema\/person\/3eb5832c6beae763de8d9596fdbe8c49\"},\"description\":\"Alla Falegnameria Cuccagna un workshop dedicato a chi crede nel riuso dei materiali\",\"breadcrumb\":{\"@id\":\"https:\/\/staging.varesenews.it\/2016\/07\/la-seconda-vita-dei-pallets\/534305\/#breadcrumb\"},\"inLanguage\":\"it-IT\",\"potentialAction\":[{\"@type\":\"ReadAction\",\"target\":[\"https:\/\/staging.varesenews.it\/2016\/07\/la-seconda-vita-dei-pallets\/534305\/\"]}]},{\"@type\":\"BreadcrumbList\",\"@id\":\"https:\/\/staging.varesenews.it\/2016\/07\/la-seconda-vita-dei-pallets\/534305\/#breadcrumb\",\"itemListElement\":[{\"@type\":\"ListItem\",\"position\":1,\"name\":\"Home\",\"item\":\"https:\/\/www.varesenews.it\/\"},{\"@type\":\"ListItem\",\"position\":2,\"name\":\"La seconda vita dei pallets\"}]},{\"@type\":\"WebSite\",\"@id\":\"https:\/\/staging.varesenews.it\/#website\",\"url\":\"https:\/\/staging.varesenews.it\/\",\"name\":\"VareseNews\",\"description\":\"\",\"potentialAction\":[{\"@type\":\"SearchAction\",\"target\":{\"@type\":\"EntryPoint\",\"urlTemplate\":\"https:\/\/staging.varesenews.it\/?s={search_term_string}\"},\"query-input\":\"required name=search_term_string\"}],\"inLanguage\":\"it-IT\"},{\"@type\":\"Person\",\"@id\":\"https:\/\/staging.varesenews.it\/#\/schema\/person\/3eb5832c6beae763de8d9596fdbe8c49\",\"name\":\"Andrea Camurani\",\"image\":{\"@type\":\"ImageObject\",\"inLanguage\":\"it-IT\",\"@id\":\"https:\/\/staging.varesenews.it\/#\/schema\/person\/image\/\",\"url\":\"https:\/\/staging.varesenews.it\/wp-content\/uploads\/2020\/12\/andrea_camurani_colori_500.jpg\",\"contentUrl\":\"https:\/\/staging.varesenews.it\/wp-content\/uploads\/2020\/12\/andrea_camurani_colori_500.jpg\",\"caption\":\"Andrea Camurani\"},\"description\":\"Sono figlio degli anni Settanta e di Milano, dove ho imparato a riconoscere buoni e cattivi. Laurea in scienze politiche, lavoro a VareseNews dal 2000. Racconto quel che trovo quando incontro chi vuole lasciare al mondo un pezzetto di vita, che si chiama cronaca. &ldquo;...perch&eacute; &egrave; la gente il pi&ugrave; grande spettacolo del mondo. E non si paga il biglietto...&rdquo; (Charles Bukowsky)\",\"sameAs\":[\"https:\/\/www.facebook.com\/andrea.camurani?fref=photo\",\"andreacamurani\",\"https:\/\/www.linkedin.com\/hp\/?dnr=A9a84RfzsLdo9xg4NcGV4dLiMknoc9ms4WM\",\"https:\/\/twitter.com\/AndreaCamurani\"],\"url\":\"https:\/\/staging.varesenews.it\/persona\/andrea_camurani\/\"}]}<\/script>\n<!-- \/ Yoast SEO plugin. -->","yoast_head_json":{"title":"La seconda vita dei pallets","description":"Alla Falegnameria Cuccagna un workshop dedicato a chi crede nel riuso dei materiali","robots":{"index":"noindex","follow":"follow","max-snippet":"max-snippet:-1","max-image-preview":"max-image-preview:large","max-video-preview":"max-video-preview:-1"},"og_locale":"it_IT","og_type":"article","og_title":"La seconda vita dei pallets","og_description":"Alla Falegnameria Cuccagna un workshop dedicato a chi crede nel riuso dei materiali","og_url":"https:\/\/staging.varesenews.it\/2016\/07\/la-seconda-vita-dei-pallets\/534305\/","og_site_name":"VareseNews","article_publisher":"https:\/\/www.facebook.com\/varesenews","article_author":"https:\/\/www.facebook.com\/andrea.camurani?fref=photo","article_published_time":"2016-07-05T11:30:02+00:00","author":"Andrea Camurani","twitter_card":"summary_large_image","twitter_creator":"@AndreaCamurani","twitter_site":"@varesenews","twitter_misc":{"Scritto da":"Andrea Camurani","Tempo di lettura stimato":"1 minuto"},"schema":{"@context":"https:\/\/schema.org","@graph":[{"@type":"WebPage","@id":"https:\/\/staging.varesenews.it\/2016\/07\/la-seconda-vita-dei-pallets\/534305\/","url":"https:\/\/staging.varesenews.it\/2016\/07\/la-seconda-vita-dei-pallets\/534305\/","name":"La seconda vita dei pallets","isPartOf":{"@id":"https:\/\/staging.varesenews.it\/#website"},"datePublished":"2016-07-05T11:30:02+00:00","dateModified":"2016-07-05T11:30:02+00:00","author":{"@id":"https:\/\/staging.varesenews.it\/#\/schema\/person\/3eb5832c6beae763de8d9596fdbe8c49"},"description":"Alla Falegnameria Cuccagna un workshop dedicato a chi crede nel riuso dei materiali","breadcrumb":{"@id":"https:\/\/staging.varesenews.it\/2016\/07\/la-seconda-vita-dei-pallets\/534305\/#breadcrumb"},"inLanguage":"it-IT","potentialAction":[{"@type":"ReadAction","target":["https:\/\/staging.varesenews.it\/2016\/07\/la-seconda-vita-dei-pallets\/534305\/"]}]},{"@type":"BreadcrumbList","@id":"https:\/\/staging.varesenews.it\/2016\/07\/la-seconda-vita-dei-pallets\/534305\/#breadcrumb","itemListElement":[{"@type":"ListItem","position":1,"name":"Home","item":"https:\/\/www.varesenews.it\/"},{"@type":"ListItem","position":2,"name":"La seconda vita dei pallets"}]},{"@type":"WebSite","@id":"https:\/\/staging.varesenews.it\/#website","url":"https:\/\/staging.varesenews.it\/","name":"VareseNews","description":"","potentialAction":[{"@type":"SearchAction","target":{"@type":"EntryPoint","urlTemplate":"https:\/\/staging.varesenews.it\/?s={search_term_string}"},"query-input":"required name=search_term_string"}],"inLanguage":"it-IT"},{"@type":"Person","@id":"https:\/\/staging.varesenews.it\/#\/schema\/person\/3eb5832c6beae763de8d9596fdbe8c49","name":"Andrea Camurani","image":{"@type":"ImageObject","inLanguage":"it-IT","@id":"https:\/\/staging.varesenews.it\/#\/schema\/person\/image\/","url":"https:\/\/staging.varesenews.it\/wp-content\/uploads\/2020\/12\/andrea_camurani_colori_500.jpg","contentUrl":"https:\/\/staging.varesenews.it\/wp-content\/uploads\/2020\/12\/andrea_camurani_colori_500.jpg","caption":"Andrea Camurani"},"description":"Sono figlio degli anni Settanta e di Milano, dove ho imparato a riconoscere buoni e cattivi. Laurea in scienze politiche, lavoro a VareseNews dal 2000. Racconto quel che trovo quando incontro chi vuole lasciare al mondo un pezzetto di vita, che si chiama cronaca. &ldquo;...perch&eacute; &egrave; la gente il pi&ugrave; grande spettacolo del mondo. E non si paga il biglietto...&rdquo; (Charles Bukowsky)","sameAs":["https:\/\/www.facebook.com\/andrea.camurani?fref=photo","andreacamurani","https:\/\/www.linkedin.com\/hp\/?dnr=A9a84RfzsLdo9xg4NcGV4dLiMknoc9ms4WM","https:\/\/twitter.com\/AndreaCamurani"],"url":"https:\/\/staging.varesenews.it\/persona\/andrea_camurani\/"}]}},"post_meta":{"_edit_lock":"1467718141:34","_edit_last":"34","ratings_users":"0","ratings_score":"0","ratings_average":"0","_category_permalink":"","wdfb_og_title":"","wdfb_og_type":"","wdfb_og_description":"","wdfb_og_images":"a:1:{i:0;s:0:\"\";}","wdfb_og_custom_name":"a:1:{i:0;s:0:\"\";}","wdfb_og_custom_value":"a:1:{i:0;s:0:\"\";}","foto":"550317","firma_come_redazione":"1","argomento":"Milano","_jd_twitter":"","_jd_tweet_this":"yes","_wpt_short_url":"http:\/\/www.varesenews.it\/2016\/07\/la-seconda-vita-dei-pallets\/534305\/","_wp_jd_target":"http:\/\/www.varesenews.it\/2016\/07\/la-seconda-vita-dei-pallets\/534305\/","_jd_wp_twitter":"a:1:{i:0;s:137:\"La seconda vita dei pallets http:\/\/www.varesenews.it\/2016\/07\/la-seconda-vita-dei-pallets\/534305\/ #cascinacuccagna #pallets #riusocreativo\";}","_wpt_status_message":"Tweet inviato con successo."},"photos":[{"original":"https:\/\/staging.varesenews.it\/photogallery_new\/images\/2016\/07\/avarie-550317.jpg","full":"https:\/\/staging.varesenews.it\/photogallery_new\/images\/2016\/07\/avarie-550317.1024x768.jpg","large":"https:\/\/staging.varesenews.it\/photogallery_new\/images\/2016\/07\/avarie-550317.610x431.jpg"}],"_links":{"self":[{"href":"https:\/\/staging.varesenews.it\/swgapi\/v1\/wp\/v2\/posts\/534305"}],"collection":[{"href":"https:\/\/staging.varesenews.it\/swgapi\/v1\/wp\/v2\/posts"}],"about":[{"href":"https:\/\/staging.varesenews.it\/swgapi\/v1\/wp\/v2\/types\/post"}],"author":[{"embeddable":true,"href":"https:\/\/staging.varesenews.it\/swgapi\/v1\/wp\/v2\/users\/34"}],"replies":[{"embeddable":true,"href":"https:\/\/staging.varesenews.it\/swgapi\/v1\/wp\/v2\/comments?post=534305"}],"version-history":[{"count":0,"href":"https:\/\/staging.varesenews.it\/swgapi\/v1\/wp\/v2\/posts\/534305\/revisions"}],"wp:attachment":[{"href":"https:\/\/staging.varesenews.it\/swgapi\/v1\/wp\/v2\/media?parent=534305"}],"wp:term":[{"taxonomy":"category","embeddable":true,"href":"https:\/\/staging.varesenews.it\/swgapi\/v1\/wp\/v2\/categories?post=534305"},{"taxonomy":"post_tag","embeddable":true,"href":"https:\/\/staging.varesenews.it\/swgapi\/v1\/wp\/v2\/tags?post=534305"}],"curies":[{"name":"wp","href":"https:\/\/api.w.org\/{rel}","templated":true}]}}