{"id":534428,"date":"2016-07-05T20:45:14","date_gmt":"2016-07-05T18:45:14","guid":{"rendered":"http:\/\/www.varesenews.it\/?p=534428"},"modified":"2016-07-05T20:45:14","modified_gmt":"2016-07-05T18:45:14","slug":"nasce-il-comitato-per-il-si-al-referendum-costituzionale-2","status":"publish","type":"post","link":"https:\/\/staging.varesenews.it\/2016\/07\/nasce-il-comitato-per-il-si-al-referendum-costituzionale-2\/534428\/","title":{"rendered":"Nasce il comitato per il S\u00ec al referendum costituzionale"},"content":{"rendered":"<p>La data certa non c&#8217;\u00e8 ancora, ma la mobilitazione \u00e8 incominciata, per le due posizioni opposte: \u00e8 il referendum per la conferma della riforma costituionale varata dal governo Renzi: dopo <a href=\"http:\/\/www.varesenews.it\/2016\/05\/si-allabrogazione-dellitalicum-no-alla-revisione-della-costituzione\/519908\/\">quello per il No<\/a>, a Gallarate<strong> si \u00e8 costituito anche il comitato per il S\u00ec. <\/strong><\/p>\n<p>\u00abL&#8217;assemblea dei soci fondatori ha nominato coordinatore <strong>Matteo Turri<\/strong>, professore associato di Economia Aziendale all\u2019Universit\u00e0 Statale di Milano, che sar\u00e0 affiancato da <strong>Margherita Silvestrini<\/strong> in qualit\u00e0 di vicecoordinatrice e da <strong>Gianni Girardi<\/strong> con la funzione disegretario-tesoriere. Il comitato, superando gli steccati di partito, \u00e8 composto da uomini e donne di ogni generazione e si concentrer\u00e0 sui contenuti del referendum, rivolgendosi a tutti i cittadini, per divulgare le novit\u00e0 previste dalla riforma, raffrontare l\u2019assetto e il funzionamento delle istituzioni italiane con quelli degli altri Paesi europei ed extra UE e sfatare interpretazioni fuorvianti o allarmistiche\u00bb.<\/p>\n<p>Le ragioni? \u00ab<strong>Dopo decenni di discussioni, abbiamo la possibilit\u00e0 cambiare e superare\u00a0\u00a0l\u2019oscillazione potenzialmente infinita ed a volte inconcludente dei testi di legge tra Camera e Senato<\/strong>, ridurre il numero eccessivo di parlamentari, tagliare i costi della politica, definire i rapporti tra Stato e Regioni nel regolare materie di notevole interesse pubblico. Per cambiare, in meglio, basta un s\u00ec. Pronunciarlo,per\u00f2, pu\u00f2 essere difficile, anche a causa di<strong> un dibattito pubblico nel quale il referendum serve a parlare d\u2019altro. Noi invece vogliamo entrare nel merito<\/strong>, nella convinzione che cittadini correttamente informati e liberi dai condizionamenti della (mala)politica non possano che condividere la riforma\u00bb.<\/p>\n<p>Prima iniziativa locale prevista:<strong> il 22 luglio alla Festa dell\u2019Unit\u00e0 del Borgorino<\/strong>, a Cassano Magnago, dove interverr\u00e0, presentato dal deputato<strong> Angelo Senaldi<\/strong>,<strong> Roberto Cociancich<\/strong>, membro della Commissione Affari Costituzionali del Senato. Previsti anche account twitter e facebook, nel frattempo il primo canale di comunicazione proposto \u00e8 la e-mail<strong> <a href=\"mailto:bastaunsigallarate@gmail.com\">bastaunsigallarate@gmail.com<\/a><\/strong><\/p>\n","protected":false},"excerpt":{"rendered":"<p>Coordinatore Matteo Turri, con Margherita Silvestrini e Gianni Girardi: il 22 luglio la prima iniziativa<\/p>\n","protected":false},"author":46,"featured_media":0,"comment_status":"open","ping_status":"open","sticky":false,"template":"","format":"standard","meta":{"footnotes":""},"categories":[3,16],"tags":[41324,61094],"acf":[],"yoast_head":"<!-- This site is optimized with the Yoast SEO plugin v20.1 - https:\/\/yoast.com\/wordpress\/plugins\/seo\/ -->\n<title>Nasce il comitato per il S\u00ec al referendum costituzionale<\/title>\n<meta name=\"description\" content=\"Coordinatore Matteo Turri, con Margherita Silvestrini e Gianni Girardi: il 22 luglio la prima iniziativa\" \/>\n<meta name=\"robots\" content=\"noindex, follow, max-snippet:-1, max-image-preview:large, max-video-preview:-1\" \/>\n<meta property=\"og:locale\" content=\"it_IT\" \/>\n<meta property=\"og:type\" content=\"article\" \/>\n<meta property=\"og:title\" content=\"Nasce il comitato per il S\u00ec al referendum costituzionale\" \/>\n<meta property=\"og:description\" content=\"Coordinatore Matteo Turri, con Margherita Silvestrini e Gianni Girardi: il 22 luglio la prima iniziativa\" \/>\n<meta property=\"og:url\" content=\"https:\/\/staging.varesenews.it\/2016\/07\/nasce-il-comitato-per-il-si-al-referendum-costituzionale-2\/534428\/\" \/>\n<meta property=\"og:site_name\" content=\"VareseNews\" \/>\n<meta property=\"article:publisher\" content=\"https:\/\/www.facebook.com\/varesenews\" \/>\n<meta property=\"article:published_time\" content=\"2016-07-05T18:45:14+00:00\" \/>\n<meta name=\"author\" content=\"Roberto Morandi\" \/>\n<meta name=\"twitter:card\" content=\"summary_large_image\" \/>\n<meta name=\"twitter:creator\" content=\"@ilmorands\" \/>\n<meta name=\"twitter:site\" content=\"@varesenews\" \/>\n<meta name=\"twitter:label1\" content=\"Scritto da\" \/>\n\t<meta name=\"twitter:data1\" content=\"Roberto Morandi\" \/>\n\t<meta name=\"twitter:label2\" content=\"Tempo di lettura stimato\" \/>\n\t<meta name=\"twitter:data2\" content=\"1 minuto\" \/>\n<script type=\"application\/ld+json\" class=\"yoast-schema-graph\">{\"@context\":\"https:\/\/schema.org\",\"@graph\":[{\"@type\":\"WebPage\",\"@id\":\"https:\/\/staging.varesenews.it\/2016\/07\/nasce-il-comitato-per-il-si-al-referendum-costituzionale-2\/534428\/\",\"url\":\"https:\/\/staging.varesenews.it\/2016\/07\/nasce-il-comitato-per-il-si-al-referendum-costituzionale-2\/534428\/\",\"name\":\"Nasce il comitato per il S\u00ec al referendum costituzionale\",\"isPartOf\":{\"@id\":\"https:\/\/staging.varesenews.it\/#website\"},\"datePublished\":\"2016-07-05T18:45:14+00:00\",\"dateModified\":\"2016-07-05T18:45:14+00:00\",\"author\":{\"@id\":\"https:\/\/staging.varesenews.it\/#\/schema\/person\/efe592ae4c76536b551f89d8b6674bc3\"},\"description\":\"Coordinatore Matteo Turri, con Margherita Silvestrini e Gianni Girardi: il 22 luglio la prima iniziativa\",\"breadcrumb\":{\"@id\":\"https:\/\/staging.varesenews.it\/2016\/07\/nasce-il-comitato-per-il-si-al-referendum-costituzionale-2\/534428\/#breadcrumb\"},\"inLanguage\":\"it-IT\",\"potentialAction\":[{\"@type\":\"ReadAction\",\"target\":[\"https:\/\/staging.varesenews.it\/2016\/07\/nasce-il-comitato-per-il-si-al-referendum-costituzionale-2\/534428\/\"]}]},{\"@type\":\"BreadcrumbList\",\"@id\":\"https:\/\/staging.varesenews.it\/2016\/07\/nasce-il-comitato-per-il-si-al-referendum-costituzionale-2\/534428\/#breadcrumb\",\"itemListElement\":[{\"@type\":\"ListItem\",\"position\":1,\"name\":\"Home\",\"item\":\"https:\/\/www.varesenews.it\/\"},{\"@type\":\"ListItem\",\"position\":2,\"name\":\"Nasce il comitato per il S\u00ec al referendum costituzionale\"}]},{\"@type\":\"WebSite\",\"@id\":\"https:\/\/staging.varesenews.it\/#website\",\"url\":\"https:\/\/staging.varesenews.it\/\",\"name\":\"VareseNews\",\"description\":\"\",\"potentialAction\":[{\"@type\":\"SearchAction\",\"target\":{\"@type\":\"EntryPoint\",\"urlTemplate\":\"https:\/\/staging.varesenews.it\/?s={search_term_string}\"},\"query-input\":\"required name=search_term_string\"}],\"inLanguage\":\"it-IT\"},{\"@type\":\"Person\",\"@id\":\"https:\/\/staging.varesenews.it\/#\/schema\/person\/efe592ae4c76536b551f89d8b6674bc3\",\"name\":\"Roberto Morandi\",\"image\":{\"@type\":\"ImageObject\",\"inLanguage\":\"it-IT\",\"@id\":\"https:\/\/staging.varesenews.it\/#\/schema\/person\/image\/\",\"url\":\"https:\/\/staging.varesenews.it\/wp-content\/uploads\/2020\/12\/roberto_morandi_colori_500.jpg\",\"contentUrl\":\"https:\/\/staging.varesenews.it\/wp-content\/uploads\/2020\/12\/roberto_morandi_colori_500.jpg\",\"caption\":\"Roberto Morandi\"},\"description\":\"Classe 1980, laureato in storia, mi occupo dell&rsquo;area di Gallarate e di Malpensa, di trasporti e mobilit&agrave;. Amo molto la dimensione della citt&agrave;, come luogo d&rsquo;incontro di persone diverse e come organismo che si trasforma costantemente. Mi piace anche raccontare le piccole e grandi vicende, anche locali, che compongono la Storia con la S maiuscola. Appassionato di bicicletta: la macchina perfetta per muoversi in citt&agrave; e per viaggiare.\",\"sameAs\":[\"https:\/\/twitter.com\/ilmorands\"],\"url\":\"https:\/\/staging.varesenews.it\/persona\/roberto-morandi1\/\"}]}<\/script>\n<!-- \/ Yoast SEO plugin. -->","yoast_head_json":{"title":"Nasce il comitato per il S\u00ec al referendum costituzionale","description":"Coordinatore Matteo Turri, con Margherita Silvestrini e Gianni Girardi: il 22 luglio la prima iniziativa","robots":{"index":"noindex","follow":"follow","max-snippet":"max-snippet:-1","max-image-preview":"max-image-preview:large","max-video-preview":"max-video-preview:-1"},"og_locale":"it_IT","og_type":"article","og_title":"Nasce il comitato per il S\u00ec al referendum costituzionale","og_description":"Coordinatore Matteo Turri, con Margherita Silvestrini e Gianni Girardi: il 22 luglio la prima iniziativa","og_url":"https:\/\/staging.varesenews.it\/2016\/07\/nasce-il-comitato-per-il-si-al-referendum-costituzionale-2\/534428\/","og_site_name":"VareseNews","article_publisher":"https:\/\/www.facebook.com\/varesenews","article_published_time":"2016-07-05T18:45:14+00:00","author":"Roberto Morandi","twitter_card":"summary_large_image","twitter_creator":"@ilmorands","twitter_site":"@varesenews","twitter_misc":{"Scritto da":"Roberto Morandi","Tempo di lettura stimato":"1 minuto"},"schema":{"@context":"https:\/\/schema.org","@graph":[{"@type":"WebPage","@id":"https:\/\/staging.varesenews.it\/2016\/07\/nasce-il-comitato-per-il-si-al-referendum-costituzionale-2\/534428\/","url":"https:\/\/staging.varesenews.it\/2016\/07\/nasce-il-comitato-per-il-si-al-referendum-costituzionale-2\/534428\/","name":"Nasce il comitato per il S\u00ec al referendum costituzionale","isPartOf":{"@id":"https:\/\/staging.varesenews.it\/#website"},"datePublished":"2016-07-05T18:45:14+00:00","dateModified":"2016-07-05T18:45:14+00:00","author":{"@id":"https:\/\/staging.varesenews.it\/#\/schema\/person\/efe592ae4c76536b551f89d8b6674bc3"},"description":"Coordinatore Matteo Turri, con Margherita Silvestrini e Gianni Girardi: il 22 luglio la prima iniziativa","breadcrumb":{"@id":"https:\/\/staging.varesenews.it\/2016\/07\/nasce-il-comitato-per-il-si-al-referendum-costituzionale-2\/534428\/#breadcrumb"},"inLanguage":"it-IT","potentialAction":[{"@type":"ReadAction","target":["https:\/\/staging.varesenews.it\/2016\/07\/nasce-il-comitato-per-il-si-al-referendum-costituzionale-2\/534428\/"]}]},{"@type":"BreadcrumbList","@id":"https:\/\/staging.varesenews.it\/2016\/07\/nasce-il-comitato-per-il-si-al-referendum-costituzionale-2\/534428\/#breadcrumb","itemListElement":[{"@type":"ListItem","position":1,"name":"Home","item":"https:\/\/www.varesenews.it\/"},{"@type":"ListItem","position":2,"name":"Nasce il comitato per il S\u00ec al referendum costituzionale"}]},{"@type":"WebSite","@id":"https:\/\/staging.varesenews.it\/#website","url":"https:\/\/staging.varesenews.it\/","name":"VareseNews","description":"","potentialAction":[{"@type":"SearchAction","target":{"@type":"EntryPoint","urlTemplate":"https:\/\/staging.varesenews.it\/?s={search_term_string}"},"query-input":"required name=search_term_string"}],"inLanguage":"it-IT"},{"@type":"Person","@id":"https:\/\/staging.varesenews.it\/#\/schema\/person\/efe592ae4c76536b551f89d8b6674bc3","name":"Roberto Morandi","image":{"@type":"ImageObject","inLanguage":"it-IT","@id":"https:\/\/staging.varesenews.it\/#\/schema\/person\/image\/","url":"https:\/\/staging.varesenews.it\/wp-content\/uploads\/2020\/12\/roberto_morandi_colori_500.jpg","contentUrl":"https:\/\/staging.varesenews.it\/wp-content\/uploads\/2020\/12\/roberto_morandi_colori_500.jpg","caption":"Roberto Morandi"},"description":"Classe 1980, laureato in storia, mi occupo dell&rsquo;area di Gallarate e di Malpensa, di trasporti e mobilit&agrave;. Amo molto la dimensione della citt&agrave;, come luogo d&rsquo;incontro di persone diverse e come organismo che si trasforma costantemente. Mi piace anche raccontare le piccole e grandi vicende, anche locali, che compongono la Storia con la S maiuscola. Appassionato di bicicletta: la macchina perfetta per muoversi in citt&agrave; e per viaggiare.","sameAs":["https:\/\/twitter.com\/ilmorands"],"url":"https:\/\/staging.varesenews.it\/persona\/roberto-morandi1\/"}]}},"post_meta":{"_edit_lock":"1467745021:46","_edit_last":"46","_category_permalink":"3","ratings_users":"0","ratings_score":"0","ratings_average":"0","wdfb_og_title":"","wdfb_og_type":"","wdfb_og_description":"","wdfb_og_images":"a:1:{i:0;s:0:\"\";}","wdfb_og_custom_name":"a:1:{i:0;s:0:\"\";}","wdfb_og_custom_value":"a:1:{i:0;s:0:\"\";}","foto":"454386","firma_come_redazione":"1","argomento":"Gallarate","_jd_twitter":"","_jd_tweet_this":"yes","_wpt_short_url":"http:\/\/www.varesenews.it\/2016\/07\/nasce-il-comitato-per-il-si-al-referendum-costituzionale-2\/534428\/","_wp_jd_target":"http:\/\/www.varesenews.it\/2016\/07\/nasce-il-comitato-per-il-si-al-referendum-costituzionale-2\/534428\/","_jd_wp_twitter":"a:1:{i:0;s:168:\"Nasce il comitato per il S\u00ec al referendum costituzionale http:\/\/www.varesenews.it\/2016\/07\/nasce-il-comitato-per-il-si-al-referendum-costituzionale-2\/534428\/ #gallarate\";}","_wpt_status_message":"Tweet inviato con successo."},"photos":[{"original":"https:\/\/staging.varesenews.it\/photogallery_new\/images\/2015\/05\/parlamento-454386.jpg","full":"https:\/\/staging.varesenews.it\/photogallery_new\/images\/2015\/05\/parlamento-454386.1024x768.jpg","large":"https:\/\/staging.varesenews.it\/photogallery_new\/images\/2015\/05\/parlamento-454386.610x431.jpg"}],"_links":{"self":[{"href":"https:\/\/staging.varesenews.it\/swgapi\/v1\/wp\/v2\/posts\/534428"}],"collection":[{"href":"https:\/\/staging.varesenews.it\/swgapi\/v1\/wp\/v2\/posts"}],"about":[{"href":"https:\/\/staging.varesenews.it\/swgapi\/v1\/wp\/v2\/types\/post"}],"author":[{"embeddable":true,"href":"https:\/\/staging.varesenews.it\/swgapi\/v1\/wp\/v2\/users\/46"}],"replies":[{"embeddable":true,"href":"https:\/\/staging.varesenews.it\/swgapi\/v1\/wp\/v2\/comments?post=534428"}],"version-history":[{"count":0,"href":"https:\/\/staging.varesenews.it\/swgapi\/v1\/wp\/v2\/posts\/534428\/revisions"}],"wp:attachment":[{"href":"https:\/\/staging.varesenews.it\/swgapi\/v1\/wp\/v2\/media?parent=534428"}],"wp:term":[{"taxonomy":"category","embeddable":true,"href":"https:\/\/staging.varesenews.it\/swgapi\/v1\/wp\/v2\/categories?post=534428"},{"taxonomy":"post_tag","embeddable":true,"href":"https:\/\/staging.varesenews.it\/swgapi\/v1\/wp\/v2\/tags?post=534428"}],"curies":[{"name":"wp","href":"https:\/\/api.w.org\/{rel}","templated":true}]}}