{"id":534686,"date":"2016-07-07T00:04:11","date_gmt":"2016-07-06T22:04:11","guid":{"rendered":"http:\/\/www.varesenews.it\/?p=534686"},"modified":"2016-07-07T00:09:43","modified_gmt":"2016-07-06T22:09:43","slug":"il-lago-di-varese-e-malato-ma-non-e-una-fogna","status":"publish","type":"post","link":"https:\/\/staging.varesenews.it\/2016\/07\/il-lago-di-varese-e-malato-ma-non-e-una-fogna\/534686\/","title":{"rendered":"Il lago di Varese? &#8220;E&#8217; malato ma non \u00e8 una fogna&#8221;"},"content":{"rendered":"<p><strong>Non star\u00e0 benissimo, ci saranno ancora molte cose da fare ma la strada imboccata dal lago di Varese \u00e8 quella giusta<\/strong>. Ne sono convinti sindaci e ambientalisti chiamati a raccolta da Legambiente alla darsena di Cazzago Brabbia per una tappa del tour della Goletta dei Laghi.<\/p>\n<p>Il primo e pi\u00f9 grande nemico ha un nome ben preciso: <strong>fosforo<\/strong>. \u00abIn questi anni le concentrazioni sono scese e i metalli pesanti non ci sono pi\u00f9 -racconta il chimico\u00a0Alessandro Fumagalli- ma spesso il fosforo torna ad essere sversato\u00a0nelle acque attraverso gli scarichi delle fognature\u00bb ed \u00e8 proprio qui che bisogna iniziare a lavorare \u00absenza interventi rivoluzionari o proposte pazzesche\u00bb. Il dito viene puntato\u00a0cos\u00ec sia verso i collettori di piena che, quando piove troppo, scaricano direttamente l&#8217;acqua di fogna nel bacino ma anche verso le\u00a0concentrazioni di fosforo che si sono accumulate nel lago che dovrebbero essere ridotte, magari riattivando i sistemi del <em>prelievo ipolimnico<\/em>.<\/p>\n<p>Una cosa per\u00f2 \u00e8 certa: \u00ab<strong>Questo non sar\u00e0 mai un lago dalle acque cristalline perch\u00e9 \u00e8 in una zona ampiamente urbanizzata<\/strong> -commenta Eleonora Paolelli, sindaco di Bodio Lomnago e presidente dell&#8217;associazione dei comuni rivieraschi- ma dobbiamo lavorare facendo squadra ed educando i cittadini\u00bb. E proprio in questo senso l&#8217;appello che arriva da Legambiente \u00e8 quello di \u00abcostruire finalmente una governance seria per questo lago -commenta Alberto Minazzi, coordinatore provinciale del Cigno Verde per Varese- perch\u00e9 il lago stesso ha tutte le carte in regola per essere una risorsa vera per il territorio, basta valorizzarne le naturali caratteristiche\u00bb. Tutto questo ricordando che il lago \u00e8 una \u201cZPS\u201d, cio\u00e8 una zona a protezione speciale, e come tale va trattato: \u00ab<strong>quindi dobbiamo mettere un freno alla pressione antropica che non si \u00e8 ancora fermata<\/strong> -continua Minazzi- controllando l\u2019eutrofizzazione e migliorando il sistema circumlacuale degli scolmatori e delle fognature facendo in modo di mantenere un buon livello delle acque, per aiutare l\u2019ecosistema a rimanere sano\u00bb.<\/p>\n<p>Segni positivi che comunque ci sono, <strong>a partire da quelli che hanno spinto Legambiente a non effettuare pi\u00f9 i suoi monitoraggi nel lago<\/strong>. \u00abDa due anni a questa parte i parametri dei batteri fecali sono migliorati e sono all&#8217;interno dei limiti di legge -spiega Barbara Meggetto, presidente regionale dell&#8217;associazione- ma la cura per non aggravare il suo stato deve continuare\u00bb.<\/p>\n","protected":false},"excerpt":{"rendered":"<p>La Goletta dei Laghi ha fatto tappa sul Lago di Varese ma quest&#8217;anno non verranno presi campioni: &#8220;I parametri migliorano -spiega Legambiente- ma la cura deve continuare&#8221;<\/p>\n","protected":false},"author":42,"featured_media":0,"comment_status":"open","ping_status":"open","sticky":false,"template":"","format":"standard","meta":{"footnotes":""},"categories":[2],"tags":[4141,611,258],"acf":[],"yoast_head":"<!-- This site is optimized with the Yoast SEO plugin v20.1 - https:\/\/yoast.com\/wordpress\/plugins\/seo\/ -->\n<title>Il lago di Varese? &quot;E&#039; malato ma non \u00e8 una fogna&quot;<\/title>\n<meta name=\"description\" content=\"La Goletta dei Laghi ha fatto tappa sul Lago di Varese ma quest&#039;anno non verranno presi campioni: &quot;I parametri migliorano -spiega Legambiente- ma la cura deve continuare&quot;\" \/>\n<meta name=\"robots\" content=\"noindex, follow, max-snippet:-1, max-image-preview:large, max-video-preview:-1\" \/>\n<meta property=\"og:locale\" content=\"it_IT\" \/>\n<meta property=\"og:type\" content=\"article\" \/>\n<meta property=\"og:title\" content=\"Il lago di Varese? &quot;E&#039; malato ma non \u00e8 una fogna&quot;\" \/>\n<meta property=\"og:description\" content=\"La Goletta dei Laghi ha fatto tappa sul Lago di Varese ma quest&#039;anno non verranno presi campioni: &quot;I parametri migliorano -spiega Legambiente- ma la cura deve continuare&quot;\" \/>\n<meta property=\"og:url\" content=\"https:\/\/staging.varesenews.it\/2016\/07\/il-lago-di-varese-e-malato-ma-non-e-una-fogna\/534686\/\" \/>\n<meta property=\"og:site_name\" content=\"VareseNews\" \/>\n<meta property=\"article:publisher\" content=\"https:\/\/www.facebook.com\/varesenews\" \/>\n<meta property=\"article:published_time\" content=\"2016-07-06T22:04:11+00:00\" \/>\n<meta property=\"article:modified_time\" content=\"2016-07-06T22:09:43+00:00\" \/>\n<meta name=\"author\" content=\"Marco Corso\" \/>\n<meta name=\"twitter:card\" content=\"summary_large_image\" \/>\n<meta name=\"twitter:creator\" content=\"@varesenews\" \/>\n<meta name=\"twitter:site\" content=\"@varesenews\" \/>\n<meta name=\"twitter:label1\" content=\"Scritto da\" \/>\n\t<meta name=\"twitter:data1\" content=\"Marco Corso\" \/>\n\t<meta name=\"twitter:label2\" content=\"Tempo di lettura stimato\" \/>\n\t<meta name=\"twitter:data2\" content=\"2 minuti\" \/>\n<script type=\"application\/ld+json\" class=\"yoast-schema-graph\">{\"@context\":\"https:\/\/schema.org\",\"@graph\":[{\"@type\":\"WebPage\",\"@id\":\"https:\/\/staging.varesenews.it\/2016\/07\/il-lago-di-varese-e-malato-ma-non-e-una-fogna\/534686\/\",\"url\":\"https:\/\/staging.varesenews.it\/2016\/07\/il-lago-di-varese-e-malato-ma-non-e-una-fogna\/534686\/\",\"name\":\"Il lago di Varese? \\\"E' malato ma non \u00e8 una fogna\\\"\",\"isPartOf\":{\"@id\":\"https:\/\/staging.varesenews.it\/#website\"},\"datePublished\":\"2016-07-06T22:04:11+00:00\",\"dateModified\":\"2016-07-06T22:09:43+00:00\",\"author\":{\"@id\":\"https:\/\/staging.varesenews.it\/#\/schema\/person\/f0b866bf1a4a7b2b1558574309a927fa\"},\"description\":\"La Goletta dei Laghi ha fatto tappa sul Lago di Varese ma quest'anno non verranno presi campioni: \\\"I parametri migliorano -spiega Legambiente- ma la cura deve continuare\\\"\",\"breadcrumb\":{\"@id\":\"https:\/\/staging.varesenews.it\/2016\/07\/il-lago-di-varese-e-malato-ma-non-e-una-fogna\/534686\/#breadcrumb\"},\"inLanguage\":\"it-IT\",\"potentialAction\":[{\"@type\":\"ReadAction\",\"target\":[\"https:\/\/staging.varesenews.it\/2016\/07\/il-lago-di-varese-e-malato-ma-non-e-una-fogna\/534686\/\"]}]},{\"@type\":\"BreadcrumbList\",\"@id\":\"https:\/\/staging.varesenews.it\/2016\/07\/il-lago-di-varese-e-malato-ma-non-e-una-fogna\/534686\/#breadcrumb\",\"itemListElement\":[{\"@type\":\"ListItem\",\"position\":1,\"name\":\"Home\",\"item\":\"https:\/\/www.varesenews.it\/\"},{\"@type\":\"ListItem\",\"position\":2,\"name\":\"Il lago di Varese? &#8220;E&#8217; malato ma non \u00e8 una fogna&#8221;\"}]},{\"@type\":\"WebSite\",\"@id\":\"https:\/\/staging.varesenews.it\/#website\",\"url\":\"https:\/\/staging.varesenews.it\/\",\"name\":\"VareseNews\",\"description\":\"\",\"potentialAction\":[{\"@type\":\"SearchAction\",\"target\":{\"@type\":\"EntryPoint\",\"urlTemplate\":\"https:\/\/staging.varesenews.it\/?s={search_term_string}\"},\"query-input\":\"required name=search_term_string\"}],\"inLanguage\":\"it-IT\"},{\"@type\":\"Person\",\"@id\":\"https:\/\/staging.varesenews.it\/#\/schema\/person\/f0b866bf1a4a7b2b1558574309a927fa\",\"name\":\"Marco Corso\",\"image\":{\"@type\":\"ImageObject\",\"inLanguage\":\"it-IT\",\"@id\":\"https:\/\/staging.varesenews.it\/#\/schema\/person\/image\/\",\"url\":\"https:\/\/staging.varesenews.it\/wp-content\/uploads\/2020\/12\/marco_corso_colori_500.jpg\",\"contentUrl\":\"https:\/\/staging.varesenews.it\/wp-content\/uploads\/2020\/12\/marco_corso_colori_500.jpg\",\"caption\":\"Marco Corso\"},\"description\":\"Classe 91, per diversi anni mi sono fregiato del titolo di pi&ugrave; giovane della redazione, ma adesso faccio il fratello maggiore alle nuove leve. Mi sono laureato nel 2013 in Scienze Sociali per la Globalizzazione alla Statale di Milano e nel 2015 mi sono diplomato in videogiornalismo alla Civica Scuola di Cinema di Milano. A VareseNews da 10 anni, ho seguito da sempre diversi progetti, partendo dalla mia Busto Arsizio per attraversare tutta la provincia. Adesso la \\\"sorvolo\\\" anche con il mio drone, regalando alle mie riprese sempre un punto di vista emozionale e narrativo sui luoghi e le vicende che racconto, ma rimanendo fedele alla cronaca. Quando non faccio il giornalista viaggio o mi arrampico sui monti, per guardare il mondo da altri punti di vista.\",\"sameAs\":[\"mar_corso\"],\"url\":\"https:\/\/staging.varesenews.it\/persona\/marco-corso1\/\"}]}<\/script>\n<!-- \/ Yoast SEO plugin. -->","yoast_head_json":{"title":"Il lago di Varese? \"E' malato ma non \u00e8 una fogna\"","description":"La Goletta dei Laghi ha fatto tappa sul Lago di Varese ma quest'anno non verranno presi campioni: \"I parametri migliorano -spiega Legambiente- ma la cura deve continuare\"","robots":{"index":"noindex","follow":"follow","max-snippet":"max-snippet:-1","max-image-preview":"max-image-preview:large","max-video-preview":"max-video-preview:-1"},"og_locale":"it_IT","og_type":"article","og_title":"Il lago di Varese? \"E' malato ma non \u00e8 una fogna\"","og_description":"La Goletta dei Laghi ha fatto tappa sul Lago di Varese ma quest'anno non verranno presi campioni: \"I parametri migliorano -spiega Legambiente- ma la cura deve continuare\"","og_url":"https:\/\/staging.varesenews.it\/2016\/07\/il-lago-di-varese-e-malato-ma-non-e-una-fogna\/534686\/","og_site_name":"VareseNews","article_publisher":"https:\/\/www.facebook.com\/varesenews","article_published_time":"2016-07-06T22:04:11+00:00","article_modified_time":"2016-07-06T22:09:43+00:00","author":"Marco Corso","twitter_card":"summary_large_image","twitter_creator":"@varesenews","twitter_site":"@varesenews","twitter_misc":{"Scritto da":"Marco Corso","Tempo di lettura stimato":"2 minuti"},"schema":{"@context":"https:\/\/schema.org","@graph":[{"@type":"WebPage","@id":"https:\/\/staging.varesenews.it\/2016\/07\/il-lago-di-varese-e-malato-ma-non-e-una-fogna\/534686\/","url":"https:\/\/staging.varesenews.it\/2016\/07\/il-lago-di-varese-e-malato-ma-non-e-una-fogna\/534686\/","name":"Il lago di Varese? \"E' malato ma non \u00e8 una fogna\"","isPartOf":{"@id":"https:\/\/staging.varesenews.it\/#website"},"datePublished":"2016-07-06T22:04:11+00:00","dateModified":"2016-07-06T22:09:43+00:00","author":{"@id":"https:\/\/staging.varesenews.it\/#\/schema\/person\/f0b866bf1a4a7b2b1558574309a927fa"},"description":"La Goletta dei Laghi ha fatto tappa sul Lago di Varese ma quest'anno non verranno presi campioni: \"I parametri migliorano -spiega Legambiente- ma la cura deve continuare\"","breadcrumb":{"@id":"https:\/\/staging.varesenews.it\/2016\/07\/il-lago-di-varese-e-malato-ma-non-e-una-fogna\/534686\/#breadcrumb"},"inLanguage":"it-IT","potentialAction":[{"@type":"ReadAction","target":["https:\/\/staging.varesenews.it\/2016\/07\/il-lago-di-varese-e-malato-ma-non-e-una-fogna\/534686\/"]}]},{"@type":"BreadcrumbList","@id":"https:\/\/staging.varesenews.it\/2016\/07\/il-lago-di-varese-e-malato-ma-non-e-una-fogna\/534686\/#breadcrumb","itemListElement":[{"@type":"ListItem","position":1,"name":"Home","item":"https:\/\/www.varesenews.it\/"},{"@type":"ListItem","position":2,"name":"Il lago di Varese? &#8220;E&#8217; malato ma non \u00e8 una fogna&#8221;"}]},{"@type":"WebSite","@id":"https:\/\/staging.varesenews.it\/#website","url":"https:\/\/staging.varesenews.it\/","name":"VareseNews","description":"","potentialAction":[{"@type":"SearchAction","target":{"@type":"EntryPoint","urlTemplate":"https:\/\/staging.varesenews.it\/?s={search_term_string}"},"query-input":"required name=search_term_string"}],"inLanguage":"it-IT"},{"@type":"Person","@id":"https:\/\/staging.varesenews.it\/#\/schema\/person\/f0b866bf1a4a7b2b1558574309a927fa","name":"Marco Corso","image":{"@type":"ImageObject","inLanguage":"it-IT","@id":"https:\/\/staging.varesenews.it\/#\/schema\/person\/image\/","url":"https:\/\/staging.varesenews.it\/wp-content\/uploads\/2020\/12\/marco_corso_colori_500.jpg","contentUrl":"https:\/\/staging.varesenews.it\/wp-content\/uploads\/2020\/12\/marco_corso_colori_500.jpg","caption":"Marco Corso"},"description":"Classe 91, per diversi anni mi sono fregiato del titolo di pi&ugrave; giovane della redazione, ma adesso faccio il fratello maggiore alle nuove leve. Mi sono laureato nel 2013 in Scienze Sociali per la Globalizzazione alla Statale di Milano e nel 2015 mi sono diplomato in videogiornalismo alla Civica Scuola di Cinema di Milano. A VareseNews da 10 anni, ho seguito da sempre diversi progetti, partendo dalla mia Busto Arsizio per attraversare tutta la provincia. Adesso la \"sorvolo\" anche con il mio drone, regalando alle mie riprese sempre un punto di vista emozionale e narrativo sui luoghi e le vicende che racconto, ma rimanendo fedele alla cronaca. Quando non faccio il giornalista viaggio o mi arrampico sui monti, per guardare il mondo da altri punti di vista.","sameAs":["mar_corso"],"url":"https:\/\/staging.varesenews.it\/persona\/marco-corso1\/"}]}},"post_meta":{"_edit_lock":"1467845168:42","_edit_last":"42","_category_permalink":"","wdfb_og_title":"","wdfb_og_type":"","wdfb_og_description":"","wdfb_og_images":"a:1:{i:0;s:0:\"\";}","wdfb_og_custom_name":"a:1:{i:0;s:0:\"\";}","wdfb_og_custom_value":"a:1:{i:0;s:0:\"\";}","foto":"547915","id_video_vzaar":"7550463","argomento":"Ambiente","_jd_twitter":"","_jd_tweet_this":"yes","id_leggi_anche":"534526","ratings_users":"0","ratings_score":"0","ratings_average":"0","_wpt_short_url":"http:\/\/www.varesenews.it\/2016\/07\/il-lago-di-varese-e-malato-ma-non-e-una-fogna\/534686\/","_wp_jd_target":"http:\/\/www.varesenews.it\/2016\/07\/il-lago-di-varese-e-malato-ma-non-e-una-fogna\/534686\/","_jd_wp_twitter":"a:1:{i:0;s:181:\"Il lago di Varese? \"E' malato ma non \u00e8 una fogna\" http:\/\/www.varesenews.it\/2016\/07\/il-lago-di-varese-e-malato-ma-non-e-una-fogna\/534686\/ #golettadeilaghi #lagodivarese #legambiente\";}","_wpt_status_message":"Tweet inviato con successo.","video":"534685"},"photos":[{"original":"https:\/\/staging.varesenews.it\/photogallery_new\/images\/2016\/06\/varie-547915.jpg","full":"https:\/\/staging.varesenews.it\/photogallery_new\/images\/2016\/06\/varie-547915.1024x768.jpg","large":"https:\/\/staging.varesenews.it\/photogallery_new\/images\/2016\/06\/varie-547915.610x431.jpg"}],"_links":{"self":[{"href":"https:\/\/staging.varesenews.it\/swgapi\/v1\/wp\/v2\/posts\/534686"}],"collection":[{"href":"https:\/\/staging.varesenews.it\/swgapi\/v1\/wp\/v2\/posts"}],"about":[{"href":"https:\/\/staging.varesenews.it\/swgapi\/v1\/wp\/v2\/types\/post"}],"author":[{"embeddable":true,"href":"https:\/\/staging.varesenews.it\/swgapi\/v1\/wp\/v2\/users\/42"}],"replies":[{"embeddable":true,"href":"https:\/\/staging.varesenews.it\/swgapi\/v1\/wp\/v2\/comments?post=534686"}],"version-history":[{"count":0,"href":"https:\/\/staging.varesenews.it\/swgapi\/v1\/wp\/v2\/posts\/534686\/revisions"}],"wp:attachment":[{"href":"https:\/\/staging.varesenews.it\/swgapi\/v1\/wp\/v2\/media?parent=534686"}],"wp:term":[{"taxonomy":"category","embeddable":true,"href":"https:\/\/staging.varesenews.it\/swgapi\/v1\/wp\/v2\/categories?post=534686"},{"taxonomy":"post_tag","embeddable":true,"href":"https:\/\/staging.varesenews.it\/swgapi\/v1\/wp\/v2\/tags?post=534686"}],"curies":[{"name":"wp","href":"https:\/\/api.w.org\/{rel}","templated":true}]}}