{"id":535009,"date":"2016-07-07T19:08:35","date_gmt":"2016-07-07T17:08:35","guid":{"rendered":"http:\/\/www.varesenews.it\/?p=535009"},"modified":"2016-07-07T19:41:12","modified_gmt":"2016-07-07T17:41:12","slug":"via-francigena-da-pont-saint-martin-a-ivrea","status":"publish","type":"post","link":"https:\/\/staging.varesenews.it\/2016\/07\/via-francigena-da-pont-saint-martin-a-ivrea\/535009\/","title":{"rendered":"Via Francigena: da Pont Saint-Martin a Ivrea"},"content":{"rendered":"<p><strong>Partenza all&#8217;alba con la fortuna di avere un bar sport a pochi metri che apre alle 5<\/strong> di mattina. Un&#8217;ora dopo sulla vallata non \u00e8 ancora arrivato il sole.<\/p>\n<p>La strada sale un po&#8217; ripida e si lascia subito la Val d&#8217;Aosta per entrare in provincia di Torino.<\/p>\n<p><strong>Il sentiero corre tra i vigneti tutti terrazzati<\/strong>. La mano dell&#8217;uomo \u00e8 antica e su alcuni dei pilastri \u00e8 stata incisa la data e alcune sono l\u00ec da met\u00e0 ottocento.<\/p>\n<p><strong>La tappa di oggi \u00e8 di media difficolt\u00e0,<\/strong> circa 22 km senza particolari pendenze. C&#8217;\u00e8 qualche salita ma con dislivelli minimi.<\/p>\n<p>Tanto verde e pochissimo asfalto. In alcuni tratti il sentiero \u00e8 affascinante perch\u00e9 entra in mezzo alle coltivazioni.<\/p>\n<p>Una tappa solitaria camminata in <strong>poco pi\u00f9 di sei ore, tenendo conto anche delle soste<\/strong>. Si inizia a sentire il caldo e nei passaggi esposti al sole <strong>la fatica \u00e8 accentuata da una temperatura che superava i 35 gradi.<\/strong><\/p>\n<p>Il paesaggio \u00e8 cambiato radicalmente. Le montagne si fanno solo collinari e Montalto Dora si entra bene nel clima del territorio morenico. Si incontrano i primi insediamenti industriali abbandonati e ci sono piccole frazioni abbandonate.<\/p>\n<p>La Francigena qui inizia ad esser segnata con i tradizionali cartelli e le fascette adesive. In Val d&#8217;Aosta il cammino si sviluppa lungo il sentiero 103 che \u00e8 segnato benissimo. Questo dal Gran San Bernardo arriva a Carema.<\/p>\n<p>I segni ulteriori sono anche nella presenza di tanti esercizi che si rifanno alla Francigena.<\/p>\n<p>A Montalto Dora, insieme con alcuni circuiti di sentieri, spicca un imponente castello. Da l\u00ec a Ivrea la strada inizia a scendere e in pochi km si arriva in citt\u00e0.<\/p>\n<p>La so nota subito per le imponenti torri del suo castello. Arrivo in un&#8217;ora rio in cui Ivrea sembra deserta. \u00c8 tutto chiuso per la pausa pranzo. Oggi poi \u00e8 un giorno speciale perch\u00e9 ricorre San Savino che \u00e8 il patrono della citt\u00e0.<\/p>\n<p>Fondata nell&#8217;anno cento dai romani, Ivrea ha una inconfondibile storia industriale legata a Olivetti. Furono anni eccezionali e il noto imprenditore plasm\u00f2 culturalmente la citt\u00e0. La storia eporediese \u00e8 stata <strong>segnata dallo sviluppo industriale della Olivetti e<\/strong> oggi \u00e8 candidata per entrare nella lista dei beni Unesco.<\/p>\n<p><strong>Tutto questo \u00e8 oggi visibile grazie al MaAM, museo all&#8217;aperto delle architetture moderne olivettiane<\/strong>, visitabile sempre lungo un percorso di circa 2 km che si snoda nella via Jervis. Sono state installate sette stazioni informative che permettono di conoscere la storia.<\/p>\n<p><strong>Ivrea \u00e8 segno di innovazione e di storia<\/strong>. Insieme con l&#8217;epopea Olivettiana nasce qui, in un bar che gli dar\u00e0 il nome, la scheda Arduino, che far\u00e0 la fortuna del suo fondatore Massimo Banzi.<\/p>\n<p>Ivrea \u00e8 tanto altro ancora con una storia importante della sua comunit\u00e0 ebraica stabilitasi in citt\u00e0 dal Settecento. Il carnevale con le battaglie delle arance \u00e8 tra i pi\u00f9 famosi in Italia.<\/p>\n<p>Tutto questo pu\u00f2 esser conoscito solo marginalmente perch\u00e9 il cammino richiede tempi molto stretti. In ogni caso Ivrea merita certamente una conoscenza perch\u00e9 \u00e8 rappresentativa di tante cose del nostro Paese.<\/p>\n<p><strong>La tappa di oggi ha base per la notte nel delizioso ostello gestito dal canoa club<\/strong>. \u00c8 collocato proprio sulla Dora e il rumore delle acque fa da sfondo a chi si ferma qui.<\/p>\n<p>Una tappa anche di attesa perch\u00e9 da domani,<strong> per i prossimi tre giorni, avr\u00f2 un compagno di viaggio d&#8217;eccezione. Camminer\u00f2 insieme a Martin Stigol.<\/strong> E sono sicuro che sar\u00e0 un&#8217;esperienza nella gi\u00e0 affascinante storia della Francigena.<\/p>\n","protected":false},"excerpt":{"rendered":"<p>Quinta tappa in cui si lascia la Val d&#8217;Aosta per entrare in Piemonte. Da domani il direttore camminer\u00e0 con Martin Stigol<\/p>\n","protected":false},"author":46,"featured_media":0,"comment_status":"open","ping_status":"open","sticky":false,"template":"","format":"standard","meta":{"footnotes":""},"categories":[9],"tags":[50089,5308],"acf":[],"yoast_head":"<!-- This site is optimized with the Yoast SEO plugin v20.1 - https:\/\/yoast.com\/wordpress\/plugins\/seo\/ -->\n<title>Via Francigena: da Pont Saint-Martin a Ivrea<\/title>\n<meta name=\"description\" content=\"Quinta tappa in cui si lascia la Val d&#039;Aosta per entrare in Piemonte. Da domani il direttore camminer\u00e0 con Martin Stigol\" \/>\n<meta name=\"robots\" content=\"noindex, follow, max-snippet:-1, max-image-preview:large, max-video-preview:-1\" \/>\n<meta property=\"og:locale\" content=\"it_IT\" \/>\n<meta property=\"og:type\" content=\"article\" \/>\n<meta property=\"og:title\" content=\"Via Francigena: da Pont Saint-Martin a Ivrea\" \/>\n<meta property=\"og:description\" content=\"Quinta tappa in cui si lascia la Val d&#039;Aosta per entrare in Piemonte. Da domani il direttore camminer\u00e0 con Martin Stigol\" \/>\n<meta property=\"og:url\" content=\"https:\/\/staging.varesenews.it\/2016\/07\/via-francigena-da-pont-saint-martin-a-ivrea\/535009\/\" \/>\n<meta property=\"og:site_name\" content=\"VareseNews\" \/>\n<meta property=\"article:publisher\" content=\"https:\/\/www.facebook.com\/varesenews\" \/>\n<meta property=\"article:published_time\" content=\"2016-07-07T17:08:35+00:00\" \/>\n<meta property=\"article:modified_time\" content=\"2016-07-07T17:41:12+00:00\" \/>\n<meta name=\"author\" content=\"Roberto Morandi\" \/>\n<meta name=\"twitter:card\" content=\"summary_large_image\" \/>\n<meta name=\"twitter:creator\" content=\"@ilmorands\" \/>\n<meta name=\"twitter:site\" content=\"@varesenews\" \/>\n<meta name=\"twitter:label1\" content=\"Scritto da\" \/>\n\t<meta name=\"twitter:data1\" content=\"Roberto Morandi\" \/>\n\t<meta name=\"twitter:label2\" content=\"Tempo di lettura stimato\" \/>\n\t<meta name=\"twitter:data2\" content=\"3 minuti\" \/>\n<script type=\"application\/ld+json\" class=\"yoast-schema-graph\">{\"@context\":\"https:\/\/schema.org\",\"@graph\":[{\"@type\":\"WebPage\",\"@id\":\"https:\/\/staging.varesenews.it\/2016\/07\/via-francigena-da-pont-saint-martin-a-ivrea\/535009\/\",\"url\":\"https:\/\/staging.varesenews.it\/2016\/07\/via-francigena-da-pont-saint-martin-a-ivrea\/535009\/\",\"name\":\"Via Francigena: da Pont Saint-Martin a Ivrea\",\"isPartOf\":{\"@id\":\"https:\/\/staging.varesenews.it\/#website\"},\"datePublished\":\"2016-07-07T17:08:35+00:00\",\"dateModified\":\"2016-07-07T17:41:12+00:00\",\"author\":{\"@id\":\"https:\/\/staging.varesenews.it\/#\/schema\/person\/efe592ae4c76536b551f89d8b6674bc3\"},\"description\":\"Quinta tappa in cui si lascia la Val d'Aosta per entrare in Piemonte. Da domani il direttore camminer\u00e0 con Martin Stigol\",\"breadcrumb\":{\"@id\":\"https:\/\/staging.varesenews.it\/2016\/07\/via-francigena-da-pont-saint-martin-a-ivrea\/535009\/#breadcrumb\"},\"inLanguage\":\"it-IT\",\"potentialAction\":[{\"@type\":\"ReadAction\",\"target\":[\"https:\/\/staging.varesenews.it\/2016\/07\/via-francigena-da-pont-saint-martin-a-ivrea\/535009\/\"]}]},{\"@type\":\"BreadcrumbList\",\"@id\":\"https:\/\/staging.varesenews.it\/2016\/07\/via-francigena-da-pont-saint-martin-a-ivrea\/535009\/#breadcrumb\",\"itemListElement\":[{\"@type\":\"ListItem\",\"position\":1,\"name\":\"Home\",\"item\":\"https:\/\/www.varesenews.it\/\"},{\"@type\":\"ListItem\",\"position\":2,\"name\":\"Via Francigena: da Pont Saint-Martin a Ivrea\"}]},{\"@type\":\"WebSite\",\"@id\":\"https:\/\/staging.varesenews.it\/#website\",\"url\":\"https:\/\/staging.varesenews.it\/\",\"name\":\"VareseNews\",\"description\":\"\",\"potentialAction\":[{\"@type\":\"SearchAction\",\"target\":{\"@type\":\"EntryPoint\",\"urlTemplate\":\"https:\/\/staging.varesenews.it\/?s={search_term_string}\"},\"query-input\":\"required name=search_term_string\"}],\"inLanguage\":\"it-IT\"},{\"@type\":\"Person\",\"@id\":\"https:\/\/staging.varesenews.it\/#\/schema\/person\/efe592ae4c76536b551f89d8b6674bc3\",\"name\":\"Roberto Morandi\",\"image\":{\"@type\":\"ImageObject\",\"inLanguage\":\"it-IT\",\"@id\":\"https:\/\/staging.varesenews.it\/#\/schema\/person\/image\/\",\"url\":\"https:\/\/staging.varesenews.it\/wp-content\/uploads\/2020\/12\/roberto_morandi_colori_500.jpg\",\"contentUrl\":\"https:\/\/staging.varesenews.it\/wp-content\/uploads\/2020\/12\/roberto_morandi_colori_500.jpg\",\"caption\":\"Roberto Morandi\"},\"description\":\"Classe 1980, laureato in storia, mi occupo dell&rsquo;area di Gallarate e di Malpensa, di trasporti e mobilit&agrave;. Amo molto la dimensione della citt&agrave;, come luogo d&rsquo;incontro di persone diverse e come organismo che si trasforma costantemente. Mi piace anche raccontare le piccole e grandi vicende, anche locali, che compongono la Storia con la S maiuscola. Appassionato di bicicletta: la macchina perfetta per muoversi in citt&agrave; e per viaggiare.\",\"sameAs\":[\"https:\/\/twitter.com\/ilmorands\"],\"url\":\"https:\/\/staging.varesenews.it\/persona\/roberto-morandi1\/\"}]}<\/script>\n<!-- \/ Yoast SEO plugin. -->","yoast_head_json":{"title":"Via Francigena: da Pont Saint-Martin a Ivrea","description":"Quinta tappa in cui si lascia la Val d'Aosta per entrare in Piemonte. Da domani il direttore camminer\u00e0 con Martin Stigol","robots":{"index":"noindex","follow":"follow","max-snippet":"max-snippet:-1","max-image-preview":"max-image-preview:large","max-video-preview":"max-video-preview:-1"},"og_locale":"it_IT","og_type":"article","og_title":"Via Francigena: da Pont Saint-Martin a Ivrea","og_description":"Quinta tappa in cui si lascia la Val d'Aosta per entrare in Piemonte. Da domani il direttore camminer\u00e0 con Martin Stigol","og_url":"https:\/\/staging.varesenews.it\/2016\/07\/via-francigena-da-pont-saint-martin-a-ivrea\/535009\/","og_site_name":"VareseNews","article_publisher":"https:\/\/www.facebook.com\/varesenews","article_published_time":"2016-07-07T17:08:35+00:00","article_modified_time":"2016-07-07T17:41:12+00:00","author":"Roberto Morandi","twitter_card":"summary_large_image","twitter_creator":"@ilmorands","twitter_site":"@varesenews","twitter_misc":{"Scritto da":"Roberto Morandi","Tempo di lettura stimato":"3 minuti"},"schema":{"@context":"https:\/\/schema.org","@graph":[{"@type":"WebPage","@id":"https:\/\/staging.varesenews.it\/2016\/07\/via-francigena-da-pont-saint-martin-a-ivrea\/535009\/","url":"https:\/\/staging.varesenews.it\/2016\/07\/via-francigena-da-pont-saint-martin-a-ivrea\/535009\/","name":"Via Francigena: da Pont Saint-Martin a Ivrea","isPartOf":{"@id":"https:\/\/staging.varesenews.it\/#website"},"datePublished":"2016-07-07T17:08:35+00:00","dateModified":"2016-07-07T17:41:12+00:00","author":{"@id":"https:\/\/staging.varesenews.it\/#\/schema\/person\/efe592ae4c76536b551f89d8b6674bc3"},"description":"Quinta tappa in cui si lascia la Val d'Aosta per entrare in Piemonte. Da domani il direttore camminer\u00e0 con Martin Stigol","breadcrumb":{"@id":"https:\/\/staging.varesenews.it\/2016\/07\/via-francigena-da-pont-saint-martin-a-ivrea\/535009\/#breadcrumb"},"inLanguage":"it-IT","potentialAction":[{"@type":"ReadAction","target":["https:\/\/staging.varesenews.it\/2016\/07\/via-francigena-da-pont-saint-martin-a-ivrea\/535009\/"]}]},{"@type":"BreadcrumbList","@id":"https:\/\/staging.varesenews.it\/2016\/07\/via-francigena-da-pont-saint-martin-a-ivrea\/535009\/#breadcrumb","itemListElement":[{"@type":"ListItem","position":1,"name":"Home","item":"https:\/\/www.varesenews.it\/"},{"@type":"ListItem","position":2,"name":"Via Francigena: da Pont Saint-Martin a Ivrea"}]},{"@type":"WebSite","@id":"https:\/\/staging.varesenews.it\/#website","url":"https:\/\/staging.varesenews.it\/","name":"VareseNews","description":"","potentialAction":[{"@type":"SearchAction","target":{"@type":"EntryPoint","urlTemplate":"https:\/\/staging.varesenews.it\/?s={search_term_string}"},"query-input":"required name=search_term_string"}],"inLanguage":"it-IT"},{"@type":"Person","@id":"https:\/\/staging.varesenews.it\/#\/schema\/person\/efe592ae4c76536b551f89d8b6674bc3","name":"Roberto Morandi","image":{"@type":"ImageObject","inLanguage":"it-IT","@id":"https:\/\/staging.varesenews.it\/#\/schema\/person\/image\/","url":"https:\/\/staging.varesenews.it\/wp-content\/uploads\/2020\/12\/roberto_morandi_colori_500.jpg","contentUrl":"https:\/\/staging.varesenews.it\/wp-content\/uploads\/2020\/12\/roberto_morandi_colori_500.jpg","caption":"Roberto Morandi"},"description":"Classe 1980, laureato in storia, mi occupo dell&rsquo;area di Gallarate e di Malpensa, di trasporti e mobilit&agrave;. Amo molto la dimensione della citt&agrave;, come luogo d&rsquo;incontro di persone diverse e come organismo che si trasforma costantemente. Mi piace anche raccontare le piccole e grandi vicende, anche locali, che compongono la Storia con la S maiuscola. Appassionato di bicicletta: la macchina perfetta per muoversi in citt&agrave; e per viaggiare.","sameAs":["https:\/\/twitter.com\/ilmorands"],"url":"https:\/\/staging.varesenews.it\/persona\/roberto-morandi1\/"}]}},"post_meta":{"_edit_lock":"1467913245:46","_edit_last":"46","ratings_users":"0","ratings_score":"0","ratings_average":"0","_category_permalink":"","wdfb_og_title":"","wdfb_og_type":"","wdfb_og_description":"","wdfb_og_images":"a:1:{i:0;s:0:\"\";}","wdfb_og_custom_name":"a:1:{i:0;s:0:\"\";}","wdfb_og_custom_value":"a:1:{i:0;s:0:\"\";}","foto":"550871","firma_come_redazione":"1","firma-personalizzata":"Marco Giovannelli","argomento":"Via Francigena","_jd_twitter":"","_jd_tweet_this":"yes","_wpt_short_url":"http:\/\/www.varesenews.it\/2016\/07\/via-francigena-da-pont-saint-martin-a-ivrea\/535009\/","_wp_jd_target":"http:\/\/www.varesenews.it\/2016\/07\/via-francigena-da-pont-saint-martin-a-ivrea\/535009\/","_jd_wp_twitter":"a:1:{i:0;s:144:\"Via Francigena: da Pont Saint-Martin a Ivrea http:\/\/www.varesenews.it\/2016\/07\/via-francigena-da-pont-saint-martin-a-ivrea\/535009\/ #ViaFrancigena\";}","_wpt_status_message":"Tweet inviato con successo.","id_link_fotogallery":"535024","id_leggi_anche":"535300"},"photos":[{"original":"https:\/\/staging.varesenews.it\/photogallery_new\/images\/2016\/07\/via-francigena-canavese-550871.jpg","full":"https:\/\/staging.varesenews.it\/photogallery_new\/images\/2016\/07\/via-francigena-canavese-550871.1024x768.jpg","large":"https:\/\/staging.varesenews.it\/photogallery_new\/images\/2016\/07\/via-francigena-canavese-550871.610x431.jpg"}],"_links":{"self":[{"href":"https:\/\/staging.varesenews.it\/swgapi\/v1\/wp\/v2\/posts\/535009"}],"collection":[{"href":"https:\/\/staging.varesenews.it\/swgapi\/v1\/wp\/v2\/posts"}],"about":[{"href":"https:\/\/staging.varesenews.it\/swgapi\/v1\/wp\/v2\/types\/post"}],"author":[{"embeddable":true,"href":"https:\/\/staging.varesenews.it\/swgapi\/v1\/wp\/v2\/users\/46"}],"replies":[{"embeddable":true,"href":"https:\/\/staging.varesenews.it\/swgapi\/v1\/wp\/v2\/comments?post=535009"}],"version-history":[{"count":0,"href":"https:\/\/staging.varesenews.it\/swgapi\/v1\/wp\/v2\/posts\/535009\/revisions"}],"wp:attachment":[{"href":"https:\/\/staging.varesenews.it\/swgapi\/v1\/wp\/v2\/media?parent=535009"}],"wp:term":[{"taxonomy":"category","embeddable":true,"href":"https:\/\/staging.varesenews.it\/swgapi\/v1\/wp\/v2\/categories?post=535009"},{"taxonomy":"post_tag","embeddable":true,"href":"https:\/\/staging.varesenews.it\/swgapi\/v1\/wp\/v2\/tags?post=535009"}],"curies":[{"name":"wp","href":"https:\/\/api.w.org\/{rel}","templated":true}]}}