{"id":535438,"date":"2016-07-09T18:52:23","date_gmt":"2016-07-09T16:52:23","guid":{"rendered":"http:\/\/www.varesenews.it\/?p=535438"},"modified":"2016-07-09T18:54:15","modified_gmt":"2016-07-09T16:54:15","slug":"lufficio-turistico-riaperto-dai-cittadini","status":"publish","type":"post","link":"https:\/\/staging.varesenews.it\/2016\/07\/lufficio-turistico-riaperto-dai-cittadini\/535438\/","title":{"rendered":"L&#8217;Ufficio turistico riaperto dai cittadini"},"content":{"rendered":"<p>Con una cerimonia semplice ma significativa la nuova amministrazione comunale guidata da Jenny Santi ha inaugurato ieri pomeriggio l<strong>&#8216;Ufficio turistico di Porto Ceresio<\/strong>, riaperto dopo due anni di inattivit\u00e0 grazie alla collaborazione di una ventina di giovani volontari coordinati da Shelene Roccatello e dall&#8217;associazione &#8220;Porto aperta&#8221;.<\/p>\n<p>Davanti alla facciata dell&#8217;edificio di piazza Luraschi \u00e8 stato steso un lungo nastro tricolore e al taglio sono state chiamate tutte le persone presenti, che insieme al sindaco hanno impugnato le forbici e riaperto simbolicamente un luogo molto importante per una cittadina a vocazione turistica come Porto Ceresio.<\/p>\n<p>&#8220;Abbiamo \u00a0voluto questa cerimonia un po&#8217; atipica perch\u00e9 la riapertura dell&#8217;Ufficio turistico \u00e8 stata possibile proprio grazie alla partecipazione dei cittadini &#8211; ha detto il sindaco &#8211; e perch\u00e9 nasce da un&#8217;idea di condivisione e di dialogo tra amministrazione e cittadinanza che ha segnato la nostra nascita come gruppo e che guida la nostra proposta politica&#8221;.<\/p>\n<p>Nel nuovo ufficio, che <strong>sar\u00e0 aperto sette giorni su sette<\/strong>, i turisti troveranno molti materiali informativi relativi alla Valceresio, ma anche alle mete pi\u00f9 interessanti della provincia di Varese. Grazie ad un accordo con gli altri comuni che fanno parte dell&#8217;area coinvolta, Porto Ceresio sar\u00e0 inoltre <strong>un ulteriore punto informativo per il sito Unesco del Monte San Giorgio.<\/strong><\/p>\n<p>Alla cerimonia ha partecipato anche <strong>Davide Bartolini, dell&#8217;Ufficio marketing della societ\u00e0 di navigazione del Lago di Lugano<\/strong>, e anche questo \u00e8 un segno della nuova rete di relazioni che l&#8217;amministrazione di &#8220;Insieme si pu\u00f2&#8221; eletta lo scorso 5 giugno sta attivando.<\/p>\n<p>Un&#8217;ulteriore importante novit\u00e0 \u00e8 stata annunciata dal sindaco durante l&#8217;inaugurazione: per tutta la stagione turistica, nei fine settimana, piazza Luraschi <strong>sar\u00e0 presidiata dai volontari di Sos Valceresio onlus<\/strong> che in caso di bisogno garantiranno assistenza sanitaria a turisti e residenti.<\/p>\n<p>&nbsp;<\/p>\n","protected":false},"excerpt":{"rendered":"<p>L&#8217;ufficio sar\u00e0 aperto sette giorni su sette nella sede di piazza Luraschi, sulla passeggiata a lago di Porto Ceresio. Nei fine settimana sar\u00e0 presente anche un presidio sanitario grazie a Sos Valceresio onlus<\/p>\n","protected":false},"author":44,"featured_media":0,"comment_status":"open","ping_status":"open","sticky":false,"template":"","format":"standard","meta":{"footnotes":""},"categories":[21,46,2],"tags":[61812,60213,3632],"acf":[],"yoast_head":"<!-- This site is optimized with the Yoast SEO plugin v20.1 - https:\/\/yoast.com\/wordpress\/plugins\/seo\/ -->\n<title>L&#039;Ufficio turistico riaperto dai cittadini<\/title>\n<meta name=\"description\" content=\"L&#039;ufficio sar\u00e0 aperto sette giorni su sette nella sede di piazza Luraschi, sulla passeggiata a lago di Porto Ceresio\" \/>\n<meta name=\"robots\" content=\"noindex, follow, max-snippet:-1, max-image-preview:large, max-video-preview:-1\" \/>\n<meta property=\"og:locale\" content=\"it_IT\" \/>\n<meta property=\"og:type\" content=\"article\" \/>\n<meta property=\"og:title\" content=\"L&#039;Ufficio turistico riaperto dai cittadini\" \/>\n<meta property=\"og:description\" content=\"L&#039;ufficio sar\u00e0 aperto sette giorni su sette nella sede di piazza Luraschi, sulla passeggiata a lago di Porto Ceresio\" \/>\n<meta property=\"og:url\" content=\"https:\/\/www.varesenews.it\/2016\/07\/lufficio-turistico-riaperto-dai-cittadini\/535438\/\" \/>\n<meta property=\"og:site_name\" content=\"VareseNews\" \/>\n<meta property=\"article:publisher\" content=\"https:\/\/www.facebook.com\/varesenews\" \/>\n<meta property=\"article:author\" content=\"https:\/\/www.facebook.com\/mariangela.gerletti\" \/>\n<meta property=\"article:published_time\" content=\"2016-07-09T16:52:23+00:00\" \/>\n<meta property=\"article:modified_time\" content=\"2016-07-09T16:54:15+00:00\" \/>\n<meta name=\"author\" content=\"Mariangela Gerletti\" \/>\n<meta name=\"twitter:card\" content=\"summary_large_image\" \/>\n<meta name=\"twitter:creator\" content=\"@MariGerletti\" \/>\n<meta name=\"twitter:site\" content=\"@varesenews\" \/>\n<meta name=\"twitter:label1\" content=\"Scritto da\" \/>\n\t<meta name=\"twitter:data1\" content=\"Mariangela Gerletti\" \/>\n\t<meta name=\"twitter:label2\" content=\"Tempo di lettura stimato\" \/>\n\t<meta name=\"twitter:data2\" content=\"1 minuto\" \/>\n<script type=\"application\/ld+json\" class=\"yoast-schema-graph\">{\"@context\":\"https:\/\/schema.org\",\"@graph\":[{\"@type\":\"WebPage\",\"@id\":\"https:\/\/www.varesenews.it\/2016\/07\/lufficio-turistico-riaperto-dai-cittadini\/535438\/\",\"url\":\"https:\/\/www.varesenews.it\/2016\/07\/lufficio-turistico-riaperto-dai-cittadini\/535438\/\",\"name\":\"L'Ufficio turistico riaperto dai cittadini\",\"isPartOf\":{\"@id\":\"https:\/\/staging.varesenews.it\/#website\"},\"datePublished\":\"2016-07-09T16:52:23+00:00\",\"dateModified\":\"2016-07-09T16:54:15+00:00\",\"author\":{\"@id\":\"https:\/\/staging.varesenews.it\/#\/schema\/person\/14f52876ea19bc10d0d2717b6e8f9b89\"},\"description\":\"L'ufficio sar\u00e0 aperto sette giorni su sette nella sede di piazza Luraschi, sulla passeggiata a lago di Porto Ceresio\",\"breadcrumb\":{\"@id\":\"https:\/\/www.varesenews.it\/2016\/07\/lufficio-turistico-riaperto-dai-cittadini\/535438\/#breadcrumb\"},\"inLanguage\":\"it-IT\",\"potentialAction\":[{\"@type\":\"ReadAction\",\"target\":[\"https:\/\/www.varesenews.it\/2016\/07\/lufficio-turistico-riaperto-dai-cittadini\/535438\/\"]}]},{\"@type\":\"BreadcrumbList\",\"@id\":\"https:\/\/www.varesenews.it\/2016\/07\/lufficio-turistico-riaperto-dai-cittadini\/535438\/#breadcrumb\",\"itemListElement\":[{\"@type\":\"ListItem\",\"position\":1,\"name\":\"Home\",\"item\":\"https:\/\/www.varesenews.it\/\"},{\"@type\":\"ListItem\",\"position\":2,\"name\":\"L&#8217;Ufficio turistico riaperto dai cittadini\"}]},{\"@type\":\"WebSite\",\"@id\":\"https:\/\/staging.varesenews.it\/#website\",\"url\":\"https:\/\/staging.varesenews.it\/\",\"name\":\"VareseNews\",\"description\":\"\",\"potentialAction\":[{\"@type\":\"SearchAction\",\"target\":{\"@type\":\"EntryPoint\",\"urlTemplate\":\"https:\/\/staging.varesenews.it\/?s={search_term_string}\"},\"query-input\":\"required name=search_term_string\"}],\"inLanguage\":\"it-IT\"},{\"@type\":\"Person\",\"@id\":\"https:\/\/staging.varesenews.it\/#\/schema\/person\/14f52876ea19bc10d0d2717b6e8f9b89\",\"name\":\"Mariangela Gerletti\",\"image\":{\"@type\":\"ImageObject\",\"inLanguage\":\"it-IT\",\"@id\":\"https:\/\/staging.varesenews.it\/#\/schema\/person\/image\/\",\"url\":\"https:\/\/staging.varesenews.it\/wp-content\/uploads\/2020\/12\/mariangela.jpeg\",\"contentUrl\":\"https:\/\/staging.varesenews.it\/wp-content\/uploads\/2020\/12\/mariangela.jpeg\",\"caption\":\"Mariangela Gerletti\"},\"description\":\"Da pi&ugrave; di trent'anni mi occupo di giornalismo e comunicazione Varesenews &egrave; il luogo dove ho trovato la passione, l'attenzione e le persone che ogni giorno mi fanno amare un po' di pi&ugrave; questo lavoro di cui non mi stanco mai. Far parte della redazione di Varesenews &egrave; un onore, sostenere il progetto della membership &egrave; un piacere perch&eacute; mi fa sentire ancora pi&ugrave; vicina alla grande comunit&agrave; dei nostri lettori.\",\"sameAs\":[\"https:\/\/www.facebook.com\/mariangela.gerletti\",\"marigerletti\",\"https:\/\/twitter.com\/MariGerletti\"],\"url\":\"https:\/\/staging.varesenews.it\/persona\/mariangela-gerletti1\/\"}]}<\/script>\n<!-- \/ Yoast SEO plugin. -->","yoast_head_json":{"title":"L'Ufficio turistico riaperto dai cittadini","description":"L'ufficio sar\u00e0 aperto sette giorni su sette nella sede di piazza Luraschi, sulla passeggiata a lago di Porto Ceresio","robots":{"index":"noindex","follow":"follow","max-snippet":"max-snippet:-1","max-image-preview":"max-image-preview:large","max-video-preview":"max-video-preview:-1"},"og_locale":"it_IT","og_type":"article","og_title":"L'Ufficio turistico riaperto dai cittadini","og_description":"L'ufficio sar\u00e0 aperto sette giorni su sette nella sede di piazza Luraschi, sulla passeggiata a lago di Porto Ceresio","og_url":"https:\/\/www.varesenews.it\/2016\/07\/lufficio-turistico-riaperto-dai-cittadini\/535438\/","og_site_name":"VareseNews","article_publisher":"https:\/\/www.facebook.com\/varesenews","article_author":"https:\/\/www.facebook.com\/mariangela.gerletti","article_published_time":"2016-07-09T16:52:23+00:00","article_modified_time":"2016-07-09T16:54:15+00:00","author":"Mariangela Gerletti","twitter_card":"summary_large_image","twitter_creator":"@MariGerletti","twitter_site":"@varesenews","twitter_misc":{"Scritto da":"Mariangela Gerletti","Tempo di lettura stimato":"1 minuto"},"schema":{"@context":"https:\/\/schema.org","@graph":[{"@type":"WebPage","@id":"https:\/\/www.varesenews.it\/2016\/07\/lufficio-turistico-riaperto-dai-cittadini\/535438\/","url":"https:\/\/www.varesenews.it\/2016\/07\/lufficio-turistico-riaperto-dai-cittadini\/535438\/","name":"L'Ufficio turistico riaperto dai cittadini","isPartOf":{"@id":"https:\/\/staging.varesenews.it\/#website"},"datePublished":"2016-07-09T16:52:23+00:00","dateModified":"2016-07-09T16:54:15+00:00","author":{"@id":"https:\/\/staging.varesenews.it\/#\/schema\/person\/14f52876ea19bc10d0d2717b6e8f9b89"},"description":"L'ufficio sar\u00e0 aperto sette giorni su sette nella sede di piazza Luraschi, sulla passeggiata a lago di Porto Ceresio","breadcrumb":{"@id":"https:\/\/www.varesenews.it\/2016\/07\/lufficio-turistico-riaperto-dai-cittadini\/535438\/#breadcrumb"},"inLanguage":"it-IT","potentialAction":[{"@type":"ReadAction","target":["https:\/\/www.varesenews.it\/2016\/07\/lufficio-turistico-riaperto-dai-cittadini\/535438\/"]}]},{"@type":"BreadcrumbList","@id":"https:\/\/www.varesenews.it\/2016\/07\/lufficio-turistico-riaperto-dai-cittadini\/535438\/#breadcrumb","itemListElement":[{"@type":"ListItem","position":1,"name":"Home","item":"https:\/\/www.varesenews.it\/"},{"@type":"ListItem","position":2,"name":"L&#8217;Ufficio turistico riaperto dai cittadini"}]},{"@type":"WebSite","@id":"https:\/\/staging.varesenews.it\/#website","url":"https:\/\/staging.varesenews.it\/","name":"VareseNews","description":"","potentialAction":[{"@type":"SearchAction","target":{"@type":"EntryPoint","urlTemplate":"https:\/\/staging.varesenews.it\/?s={search_term_string}"},"query-input":"required name=search_term_string"}],"inLanguage":"it-IT"},{"@type":"Person","@id":"https:\/\/staging.varesenews.it\/#\/schema\/person\/14f52876ea19bc10d0d2717b6e8f9b89","name":"Mariangela Gerletti","image":{"@type":"ImageObject","inLanguage":"it-IT","@id":"https:\/\/staging.varesenews.it\/#\/schema\/person\/image\/","url":"https:\/\/staging.varesenews.it\/wp-content\/uploads\/2020\/12\/mariangela.jpeg","contentUrl":"https:\/\/staging.varesenews.it\/wp-content\/uploads\/2020\/12\/mariangela.jpeg","caption":"Mariangela Gerletti"},"description":"Da pi&ugrave; di trent'anni mi occupo di giornalismo e comunicazione Varesenews &egrave; il luogo dove ho trovato la passione, l'attenzione e le persone che ogni giorno mi fanno amare un po' di pi&ugrave; questo lavoro di cui non mi stanco mai. Far parte della redazione di Varesenews &egrave; un onore, sostenere il progetto della membership &egrave; un piacere perch&eacute; mi fa sentire ancora pi&ugrave; vicina alla grande comunit&agrave; dei nostri lettori.","sameAs":["https:\/\/www.facebook.com\/mariangela.gerletti","marigerletti","https:\/\/twitter.com\/MariGerletti"],"url":"https:\/\/staging.varesenews.it\/persona\/mariangela-gerletti1\/"}]}},"post_meta":{"_edit_lock":"1468083272:44","_edit_last":"44","_category_permalink":"","wdfb_og_title":"","wdfb_og_type":"","wdfb_og_description":"","wdfb_og_images":"a:1:{i:0;s:0:\"\";}","wdfb_og_custom_name":"a:1:{i:0;s:0:\"\";}","wdfb_og_custom_value":"a:1:{i:0;s:0:\"\";}","_jd_twitter":"","_jd_tweet_this":"yes","foto":"551108","argomento":"Porto Ceresio","_yoast_wpseo_focuskw":"ufficio turistico","_yoast_wpseo_metadesc":"L'ufficio sar\u00e0 aperto sette giorni su sette nella sede di piazza Luraschi, sulla passeggiata a lago di Porto Ceresio","_yoast_wpseo_linkdex":"68","ratings_users":"0","ratings_score":"0","ratings_average":"0","id_link_fotogallery":"535371","_wpt_short_url":"http:\/\/www.varesenews.it\/2016\/07\/lufficio-turistico-riaperto-dai-cittadini\/535438\/","_wp_jd_target":"http:\/\/www.varesenews.it\/2016\/07\/lufficio-turistico-riaperto-dai-cittadini\/535438\/","_jd_wp_twitter":"a:1:{i:0;s:149:\"L'Ufficio turistico riaperto dai cittadini http:\/\/www.varesenews.it\/2016\/07\/lufficio-turistico-riaperto-dai-cittadini\/535438\/ #estate2016 #valceresio\";}","_wpt_status_message":"Tweet inviato con successo.","id_leggi_anche":"533452"},"photos":[{"original":"https:\/\/staging.varesenews.it\/photogallery_new\/images\/2016\/07\/porto-ceresio-ufficio-turistico-551108.jpg","full":"https:\/\/staging.varesenews.it\/photogallery_new\/images\/2016\/07\/porto-ceresio-ufficio-turistico-551108.1024x768.jpg","large":"https:\/\/staging.varesenews.it\/photogallery_new\/images\/2016\/07\/porto-ceresio-ufficio-turistico-551108.610x431.jpg"}],"_links":{"self":[{"href":"https:\/\/staging.varesenews.it\/swgapi\/v1\/wp\/v2\/posts\/535438"}],"collection":[{"href":"https:\/\/staging.varesenews.it\/swgapi\/v1\/wp\/v2\/posts"}],"about":[{"href":"https:\/\/staging.varesenews.it\/swgapi\/v1\/wp\/v2\/types\/post"}],"author":[{"embeddable":true,"href":"https:\/\/staging.varesenews.it\/swgapi\/v1\/wp\/v2\/users\/44"}],"replies":[{"embeddable":true,"href":"https:\/\/staging.varesenews.it\/swgapi\/v1\/wp\/v2\/comments?post=535438"}],"version-history":[{"count":0,"href":"https:\/\/staging.varesenews.it\/swgapi\/v1\/wp\/v2\/posts\/535438\/revisions"}],"wp:attachment":[{"href":"https:\/\/staging.varesenews.it\/swgapi\/v1\/wp\/v2\/media?parent=535438"}],"wp:term":[{"taxonomy":"category","embeddable":true,"href":"https:\/\/staging.varesenews.it\/swgapi\/v1\/wp\/v2\/categories?post=535438"},{"taxonomy":"post_tag","embeddable":true,"href":"https:\/\/staging.varesenews.it\/swgapi\/v1\/wp\/v2\/tags?post=535438"}],"curies":[{"name":"wp","href":"https:\/\/api.w.org\/{rel}","templated":true}]}}