{"id":535583,"date":"2016-07-11T08:19:49","date_gmt":"2016-07-11T06:19:49","guid":{"rendered":"http:\/\/www.varesenews.it\/?p=535583"},"modified":"2016-07-11T08:19:49","modified_gmt":"2016-07-11T06:19:49","slug":"fabrizio-salonia-e-il-nuovo-allenatore-della-busto-pallanuoto","status":"publish","type":"post","link":"https:\/\/staging.varesenews.it\/2016\/07\/fabrizio-salonia-e-il-nuovo-allenatore-della-busto-pallanuoto\/535583\/","title":{"rendered":"Fabrizio Salonia \u00e8 il nuovo allenatore della Busto Pallanuoto"},"content":{"rendered":"<p>La Busto Pallanuoto Renault Paglini che ha da poco concluso una stagione positiva del Campionato di Serie C, chiudendo al 7\u00b0 posto con 30 punti, <strong>vuole scommettere sulla sua crescita e chiama ad allenare la prima squadra Fabrizio Salonia<\/strong>, ex campione e allenatore di grande esperienza. Salonia ha giocato per dieci anni nel Pescara con cui ha raggiunto i massimi risultati, un anno ha giocato anche alla Pro Recco dove era allenatore proprio Gu Baldineti oggi alla BPM Sport Management, un anno a Bologna dove poi \u00e8 tornato come allenatore nella squadra di A2 per circa 5 anni.<\/p>\n<p>Le prime parole di Salonia da tecnico della Busto Pallanuoto: \u00abSono contento di mettermi alla prova anche come allenatore della prima squadra della Busto Pallanuoto.<strong> Infatti a Busto c\u2019\u00e8 un bel progetto che parte proprio dalle giovanili di cui sono Responsabile e su cui stiamo facendo un intenso lavoro<\/strong> per formare giocatori di alto livello, ampliando anche gli iscritti. Per la prima squadra il lavoro di rinnovamento comporter\u00e0 il giusto tempo per essere in grado di vedercela con tutte le squadre, forti e meno forti e mettere a segno i giusti risultati per arrivare alla serie B. Ringrazio il Prof. Tosi per l&#8217;opportunit\u00e0 che mi ha dato, l\u2019allenatore Giacomo Andreazza per il lavoro svolto con i ragazzi della serie C e naturalmente Paglini, il nostro sponsor\u00bb.<\/p>\n<p>Ad accoglierlo ci sar\u00e0 il Presidente Sport Management, Sergio Tosi che dichiara: \u00ab<strong>Grazie alla grande esperienza dell\u2019allenatore Fabrizio Salonia la Busto Pallanuoto Paglini \u00e8 pronta a fare il salto di qualit\u00e0<\/strong> e puntare alla serie B, e quindi alla crescita della squadra che sar\u00e0 sempre pi\u00f9 competitiva, anche con nuovi e importanti acquisti. Sono sicuro che tutte le persone che hanno creduto in questa squadra, dalla Sport Management, agli sponsor e ai tecnici la vedranno crescere e riceveranno sempre pi\u00f9 grandi soddisfazioni\u00bb.<\/p>\n<p>Claudio Grillo, Direttore Commerciale di Renault Paglini, main sponsor della Busto Pallanuoto commenta cos\u00ec l\u2019arrivo di Fabrizio Salonia e annuncia anche nuovi giocatori: \u00abLa nuova guida della squadra da parte di Fabrizio Salonia ci aprir\u00e0 nuove opportunit\u00e0 e siamo molto contenti di averlo tra noi, dar\u00e0 sicuramente una nuova impronta al team; la svolta continua con l&#8217;entrata di alcuni giocatori che faranno la differenza: torna il bomber Alessandro Saporoso (centro boa) e la new entry Daniele Osigliani\u00bb.<\/p>\n","protected":false},"excerpt":{"rendered":"<p>Dopo la buona stagione in questo campionato la squadra investe chiamando l&#8217;ex campione: &#8220;Siamo pronti per il salto di qualit\u00e0&#8221;<\/p>\n","protected":false},"author":42,"featured_media":0,"comment_status":"open","ping_status":"open","sticky":false,"template":"","format":"standard","meta":{"footnotes":""},"categories":[4,14],"tags":[5740,1590],"acf":[],"yoast_head":"<!-- This site is optimized with the Yoast SEO plugin v20.1 - https:\/\/yoast.com\/wordpress\/plugins\/seo\/ -->\n<title>Fabrizio Salonia \u00e8 il nuovo allenatore della Busto Pallanuoto<\/title>\n<meta name=\"description\" content=\"Dopo la buona stagione in questo campionato la squadra investe chiamando l&#039;ex campione: &quot;Siamo pronti per il salto di qualit\u00e0&quot;\" \/>\n<meta name=\"robots\" content=\"noindex, follow, max-snippet:-1, max-image-preview:large, max-video-preview:-1\" \/>\n<meta property=\"og:locale\" content=\"it_IT\" \/>\n<meta property=\"og:type\" content=\"article\" \/>\n<meta property=\"og:title\" content=\"Fabrizio Salonia \u00e8 il nuovo allenatore della Busto Pallanuoto\" \/>\n<meta property=\"og:description\" content=\"Dopo la buona stagione in questo campionato la squadra investe chiamando l&#039;ex campione: &quot;Siamo pronti per il salto di qualit\u00e0&quot;\" \/>\n<meta property=\"og:url\" content=\"https:\/\/www.varesenews.it\/2016\/07\/fabrizio-salonia-e-il-nuovo-allenatore-della-busto-pallanuoto\/535583\/\" \/>\n<meta property=\"og:site_name\" content=\"VareseNews\" \/>\n<meta property=\"article:publisher\" content=\"https:\/\/www.facebook.com\/varesenews\" \/>\n<meta property=\"article:published_time\" content=\"2016-07-11T06:19:49+00:00\" \/>\n<meta name=\"author\" content=\"Marco Corso\" \/>\n<meta name=\"twitter:card\" content=\"summary_large_image\" \/>\n<meta name=\"twitter:creator\" content=\"@varesenews\" \/>\n<meta name=\"twitter:site\" content=\"@varesenews\" \/>\n<meta name=\"twitter:label1\" content=\"Scritto da\" \/>\n\t<meta name=\"twitter:data1\" content=\"Marco Corso\" \/>\n\t<meta name=\"twitter:label2\" content=\"Tempo di lettura stimato\" \/>\n\t<meta name=\"twitter:data2\" content=\"2 minuti\" \/>\n<script type=\"application\/ld+json\" class=\"yoast-schema-graph\">{\"@context\":\"https:\/\/schema.org\",\"@graph\":[{\"@type\":\"WebPage\",\"@id\":\"https:\/\/www.varesenews.it\/2016\/07\/fabrizio-salonia-e-il-nuovo-allenatore-della-busto-pallanuoto\/535583\/\",\"url\":\"https:\/\/www.varesenews.it\/2016\/07\/fabrizio-salonia-e-il-nuovo-allenatore-della-busto-pallanuoto\/535583\/\",\"name\":\"Fabrizio Salonia \u00e8 il nuovo allenatore della Busto Pallanuoto\",\"isPartOf\":{\"@id\":\"https:\/\/staging.varesenews.it\/#website\"},\"datePublished\":\"2016-07-11T06:19:49+00:00\",\"dateModified\":\"2016-07-11T06:19:49+00:00\",\"author\":{\"@id\":\"https:\/\/staging.varesenews.it\/#\/schema\/person\/f0b866bf1a4a7b2b1558574309a927fa\"},\"description\":\"Dopo la buona stagione in questo campionato la squadra investe chiamando l'ex campione: \\\"Siamo pronti per il salto di qualit\u00e0\\\"\",\"breadcrumb\":{\"@id\":\"https:\/\/www.varesenews.it\/2016\/07\/fabrizio-salonia-e-il-nuovo-allenatore-della-busto-pallanuoto\/535583\/#breadcrumb\"},\"inLanguage\":\"it-IT\",\"potentialAction\":[{\"@type\":\"ReadAction\",\"target\":[\"https:\/\/www.varesenews.it\/2016\/07\/fabrizio-salonia-e-il-nuovo-allenatore-della-busto-pallanuoto\/535583\/\"]}]},{\"@type\":\"BreadcrumbList\",\"@id\":\"https:\/\/www.varesenews.it\/2016\/07\/fabrizio-salonia-e-il-nuovo-allenatore-della-busto-pallanuoto\/535583\/#breadcrumb\",\"itemListElement\":[{\"@type\":\"ListItem\",\"position\":1,\"name\":\"Home\",\"item\":\"https:\/\/www.varesenews.it\/\"},{\"@type\":\"ListItem\",\"position\":2,\"name\":\"Fabrizio Salonia \u00e8 il nuovo allenatore della Busto Pallanuoto\"}]},{\"@type\":\"WebSite\",\"@id\":\"https:\/\/staging.varesenews.it\/#website\",\"url\":\"https:\/\/staging.varesenews.it\/\",\"name\":\"VareseNews\",\"description\":\"\",\"potentialAction\":[{\"@type\":\"SearchAction\",\"target\":{\"@type\":\"EntryPoint\",\"urlTemplate\":\"https:\/\/staging.varesenews.it\/?s={search_term_string}\"},\"query-input\":\"required name=search_term_string\"}],\"inLanguage\":\"it-IT\"},{\"@type\":\"Person\",\"@id\":\"https:\/\/staging.varesenews.it\/#\/schema\/person\/f0b866bf1a4a7b2b1558574309a927fa\",\"name\":\"Marco Corso\",\"image\":{\"@type\":\"ImageObject\",\"inLanguage\":\"it-IT\",\"@id\":\"https:\/\/staging.varesenews.it\/#\/schema\/person\/image\/\",\"url\":\"https:\/\/staging.varesenews.it\/wp-content\/uploads\/2020\/12\/marco_corso_colori_500.jpg\",\"contentUrl\":\"https:\/\/staging.varesenews.it\/wp-content\/uploads\/2020\/12\/marco_corso_colori_500.jpg\",\"caption\":\"Marco Corso\"},\"description\":\"Classe 91, per diversi anni mi sono fregiato del titolo di pi&ugrave; giovane della redazione, ma adesso faccio il fratello maggiore alle nuove leve. Mi sono laureato nel 2013 in Scienze Sociali per la Globalizzazione alla Statale di Milano e nel 2015 mi sono diplomato in videogiornalismo alla Civica Scuola di Cinema di Milano. A VareseNews da 10 anni, ho seguito da sempre diversi progetti, partendo dalla mia Busto Arsizio per attraversare tutta la provincia. Adesso la \\\"sorvolo\\\" anche con il mio drone, regalando alle mie riprese sempre un punto di vista emozionale e narrativo sui luoghi e le vicende che racconto, ma rimanendo fedele alla cronaca. Quando non faccio il giornalista viaggio o mi arrampico sui monti, per guardare il mondo da altri punti di vista.\",\"sameAs\":[\"mar_corso\"],\"url\":\"https:\/\/staging.varesenews.it\/persona\/marco-corso1\/\"}]}<\/script>\n<!-- \/ Yoast SEO plugin. -->","yoast_head_json":{"title":"Fabrizio Salonia \u00e8 il nuovo allenatore della Busto Pallanuoto","description":"Dopo la buona stagione in questo campionato la squadra investe chiamando l'ex campione: \"Siamo pronti per il salto di qualit\u00e0\"","robots":{"index":"noindex","follow":"follow","max-snippet":"max-snippet:-1","max-image-preview":"max-image-preview:large","max-video-preview":"max-video-preview:-1"},"og_locale":"it_IT","og_type":"article","og_title":"Fabrizio Salonia \u00e8 il nuovo allenatore della Busto Pallanuoto","og_description":"Dopo la buona stagione in questo campionato la squadra investe chiamando l'ex campione: \"Siamo pronti per il salto di qualit\u00e0\"","og_url":"https:\/\/www.varesenews.it\/2016\/07\/fabrizio-salonia-e-il-nuovo-allenatore-della-busto-pallanuoto\/535583\/","og_site_name":"VareseNews","article_publisher":"https:\/\/www.facebook.com\/varesenews","article_published_time":"2016-07-11T06:19:49+00:00","author":"Marco Corso","twitter_card":"summary_large_image","twitter_creator":"@varesenews","twitter_site":"@varesenews","twitter_misc":{"Scritto da":"Marco Corso","Tempo di lettura stimato":"2 minuti"},"schema":{"@context":"https:\/\/schema.org","@graph":[{"@type":"WebPage","@id":"https:\/\/www.varesenews.it\/2016\/07\/fabrizio-salonia-e-il-nuovo-allenatore-della-busto-pallanuoto\/535583\/","url":"https:\/\/www.varesenews.it\/2016\/07\/fabrizio-salonia-e-il-nuovo-allenatore-della-busto-pallanuoto\/535583\/","name":"Fabrizio Salonia \u00e8 il nuovo allenatore della Busto Pallanuoto","isPartOf":{"@id":"https:\/\/staging.varesenews.it\/#website"},"datePublished":"2016-07-11T06:19:49+00:00","dateModified":"2016-07-11T06:19:49+00:00","author":{"@id":"https:\/\/staging.varesenews.it\/#\/schema\/person\/f0b866bf1a4a7b2b1558574309a927fa"},"description":"Dopo la buona stagione in questo campionato la squadra investe chiamando l'ex campione: \"Siamo pronti per il salto di qualit\u00e0\"","breadcrumb":{"@id":"https:\/\/www.varesenews.it\/2016\/07\/fabrizio-salonia-e-il-nuovo-allenatore-della-busto-pallanuoto\/535583\/#breadcrumb"},"inLanguage":"it-IT","potentialAction":[{"@type":"ReadAction","target":["https:\/\/www.varesenews.it\/2016\/07\/fabrizio-salonia-e-il-nuovo-allenatore-della-busto-pallanuoto\/535583\/"]}]},{"@type":"BreadcrumbList","@id":"https:\/\/www.varesenews.it\/2016\/07\/fabrizio-salonia-e-il-nuovo-allenatore-della-busto-pallanuoto\/535583\/#breadcrumb","itemListElement":[{"@type":"ListItem","position":1,"name":"Home","item":"https:\/\/www.varesenews.it\/"},{"@type":"ListItem","position":2,"name":"Fabrizio Salonia \u00e8 il nuovo allenatore della Busto Pallanuoto"}]},{"@type":"WebSite","@id":"https:\/\/staging.varesenews.it\/#website","url":"https:\/\/staging.varesenews.it\/","name":"VareseNews","description":"","potentialAction":[{"@type":"SearchAction","target":{"@type":"EntryPoint","urlTemplate":"https:\/\/staging.varesenews.it\/?s={search_term_string}"},"query-input":"required name=search_term_string"}],"inLanguage":"it-IT"},{"@type":"Person","@id":"https:\/\/staging.varesenews.it\/#\/schema\/person\/f0b866bf1a4a7b2b1558574309a927fa","name":"Marco Corso","image":{"@type":"ImageObject","inLanguage":"it-IT","@id":"https:\/\/staging.varesenews.it\/#\/schema\/person\/image\/","url":"https:\/\/staging.varesenews.it\/wp-content\/uploads\/2020\/12\/marco_corso_colori_500.jpg","contentUrl":"https:\/\/staging.varesenews.it\/wp-content\/uploads\/2020\/12\/marco_corso_colori_500.jpg","caption":"Marco Corso"},"description":"Classe 91, per diversi anni mi sono fregiato del titolo di pi&ugrave; giovane della redazione, ma adesso faccio il fratello maggiore alle nuove leve. Mi sono laureato nel 2013 in Scienze Sociali per la Globalizzazione alla Statale di Milano e nel 2015 mi sono diplomato in videogiornalismo alla Civica Scuola di Cinema di Milano. A VareseNews da 10 anni, ho seguito da sempre diversi progetti, partendo dalla mia Busto Arsizio per attraversare tutta la provincia. Adesso la \"sorvolo\" anche con il mio drone, regalando alle mie riprese sempre un punto di vista emozionale e narrativo sui luoghi e le vicende che racconto, ma rimanendo fedele alla cronaca. Quando non faccio il giornalista viaggio o mi arrampico sui monti, per guardare il mondo da altri punti di vista.","sameAs":["mar_corso"],"url":"https:\/\/staging.varesenews.it\/persona\/marco-corso1\/"}]}},"post_meta":{"_edit_lock":"1468218677:42","_edit_last":"42","_category_permalink":"","wdfb_og_title":"","wdfb_og_type":"","wdfb_og_description":"","wdfb_og_images":"a:1:{i:0;s:0:\"\";}","wdfb_og_custom_name":"a:1:{i:0;s:0:\"\";}","wdfb_og_custom_value":"a:1:{i:0;s:0:\"\";}","foto":"551415","firma_come_redazione":"1","argomento":"Sport","_jd_twitter":"","_jd_tweet_this":"yes","ratings_users":"0","ratings_score":"0","ratings_average":"0","_wpt_short_url":"http:\/\/www.varesenews.it\/2016\/07\/fabrizio-salonia-e-il-nuovo-allenatore-della-busto-pallanuoto\/535583\/","_wp_jd_target":"http:\/\/www.varesenews.it\/2016\/07\/fabrizio-salonia-e-il-nuovo-allenatore-della-busto-pallanuoto\/535583\/","_jd_wp_twitter":"a:1:{i:0;s:194:\"Fabrizio Salonia \u00e8 il nuovo allenatore della Busto Pallanuoto http:\/\/www.varesenews.it\/2016\/07\/fabrizio-salonia-e-il-nuovo-allenatore-della-busto-pallanuoto\/535583\/ #bustopallanuoto #pallanuoto\";}","_wpt_status_message":"Tweet inviato con successo."},"photos":[{"original":"https:\/\/staging.varesenews.it\/photogallery_new\/images\/2016\/07\/pallanuoto-551415.jpg","full":"https:\/\/staging.varesenews.it\/photogallery_new\/images\/2016\/07\/pallanuoto-551415.1024x768.jpg","large":"https:\/\/staging.varesenews.it\/photogallery_new\/images\/2016\/07\/pallanuoto-551415.610x431.jpg"}],"_links":{"self":[{"href":"https:\/\/staging.varesenews.it\/swgapi\/v1\/wp\/v2\/posts\/535583"}],"collection":[{"href":"https:\/\/staging.varesenews.it\/swgapi\/v1\/wp\/v2\/posts"}],"about":[{"href":"https:\/\/staging.varesenews.it\/swgapi\/v1\/wp\/v2\/types\/post"}],"author":[{"embeddable":true,"href":"https:\/\/staging.varesenews.it\/swgapi\/v1\/wp\/v2\/users\/42"}],"replies":[{"embeddable":true,"href":"https:\/\/staging.varesenews.it\/swgapi\/v1\/wp\/v2\/comments?post=535583"}],"version-history":[{"count":0,"href":"https:\/\/staging.varesenews.it\/swgapi\/v1\/wp\/v2\/posts\/535583\/revisions"}],"wp:attachment":[{"href":"https:\/\/staging.varesenews.it\/swgapi\/v1\/wp\/v2\/media?parent=535583"}],"wp:term":[{"taxonomy":"category","embeddable":true,"href":"https:\/\/staging.varesenews.it\/swgapi\/v1\/wp\/v2\/categories?post=535583"},{"taxonomy":"post_tag","embeddable":true,"href":"https:\/\/staging.varesenews.it\/swgapi\/v1\/wp\/v2\/tags?post=535583"}],"curies":[{"name":"wp","href":"https:\/\/api.w.org\/{rel}","templated":true}]}}