{"id":537467,"date":"2016-07-16T16:21:23","date_gmt":"2016-07-16T14:21:23","guid":{"rendered":"http:\/\/www.varesenews.it\/?p=537467"},"modified":"2016-07-16T17:44:13","modified_gmt":"2016-07-16T15:44:13","slug":"quello-scatto-dira-che-ha-sconvolto-mombello","status":"publish","type":"post","link":"https:\/\/staging.varesenews.it\/2016\/07\/quello-scatto-dira-che-ha-sconvolto-mombello\/537467\/","title":{"rendered":"Quello scatto d&#8217;ira che ha sconvolto Mombello"},"content":{"rendered":"<p>Un risveglio cos\u00ec tragico, a <strong>Mombello<\/strong>, non se lo aspettava nessuno. La localit\u00e0 che condivide con Laveno l&#8217;intitolazione di uno dei comuni pi\u00f9 noti e amati della &#8220;sponda magra&#8221; del Lago Maggiore si \u00e8 ritrovata di colpo nelle pagine di cronaca nera per l&#8217;omicidio di <strong>Loretta Gisotti,<\/strong>\u00a0truccatrice di 54 anni, uccisa dal marito <strong>Roberto Scapolo<\/strong>, di qualche anno pi\u00f9 giovane e di professione agente di commercio.<\/p>\n<p>Increduli i vicini a partire da <strong>Marco Brunella,<\/strong> dirimpettaio degli Scapolo ed<strong> ex consigliere comunale<\/strong>. \u00abNon abbiamo sentito nulla fino a quando sono arrivate le forze dell&#8217;ordine e i soccorritori con le sirene accese &#8211; racconta &#8211; Di certo <strong>non potevamo aspettarci qualcosa di simile<\/strong>. Conosco poco le due persone coinvolte, ci salutavamo senza frequentarci, ma non avevamo <strong>mai avuto sentori<\/strong> di una tragedia del genere\u00bb. A Marco \u00e8 toccato il duro compito di <strong>consolare la madre di Scapolo,<\/strong> Rosita, accorsa in via Fiume senza sapere esattamente cosa era accaduto: \u00e8 toccato ai Carabinieri del comando di Luino comunicarle la tremenda notizia.<\/p>\n<p>Poche e <strong>discrete<\/strong> le persone che si sono accostate in una mattinata assolata alla recinzione di questa bella villetta di propriet\u00e0 di una famiglia che vive in Svizzera. Gli Scapolo &#8211; <strong>imparentati con Cristiano, l&#8217;ex calciatore<\/strong> di Roma, Napoli e Bologna &#8211; \u00a0vivevano <strong>qui in affitto<\/strong> da pochi anni e avevano lo spazio, nel giardino sul retro, per i loro cani. \u00ab<strong>Un dobermann e un bastardino<\/strong> a cui volevano entrambi bene &#8211; racconta una giovane donna a sua volta con un cane al guinzaglio &#8211; Non li conoscevo bene, ma ho avuto modo di <strong>chiacchierare spesso con loro<\/strong> proprio durante la passeggiata con il cane.\u00a0Gentili, cordiali, appassionati dei loro animali\u00bb.<\/p>\n<p>Chi invece preferisce<strong> il silenzio \u00e8 Ercole Ielmini,<\/strong> il sindaco che vive con la famiglia a poche centinaia di metri da qui. \u00abOggi non vorrei parlare, sono persone che conosco e incrocio quasi tutte le mattine. <strong>Posso solo dire di essere sconvolto<\/strong> dall&#8217;accaduto\u00bb.<\/p>\n","protected":false},"excerpt":{"rendered":"<p>L&#8217;omicidio di Loretta Gisotti ha lasciato senza parole i conoscenti. \u00abEntrambi amavano i cani, nulla faceva presagire la tragedia\u00bb<\/p>\n","protected":false},"author":38,"featured_media":0,"comment_status":"open","ping_status":"open","sticky":false,"template":"","format":"standard","meta":{"footnotes":""},"categories":[2],"tags":[1697,62899],"acf":[],"yoast_head":"<!-- This site is optimized with the Yoast SEO plugin v20.1 - https:\/\/yoast.com\/wordpress\/plugins\/seo\/ -->\n<title>Quello scatto d&#039;ira che ha sconvolto Mombello<\/title>\n<meta name=\"description\" content=\"L&#039;omicidio di Loretta Gisotti ha lasciato senza parole i conoscenti. \u00abEntrambi amavano i cani, nulla faceva presagire la tragedia\u00bb\" \/>\n<meta name=\"robots\" content=\"noindex, follow, max-snippet:-1, max-image-preview:large, max-video-preview:-1\" \/>\n<meta property=\"og:locale\" content=\"it_IT\" \/>\n<meta property=\"og:type\" content=\"article\" \/>\n<meta property=\"og:title\" content=\"Quello scatto d&#039;ira che ha sconvolto Mombello\" \/>\n<meta property=\"og:description\" content=\"L&#039;omicidio di Loretta Gisotti ha lasciato senza parole i conoscenti. \u00abEntrambi amavano i cani, nulla faceva presagire la tragedia\u00bb\" \/>\n<meta property=\"og:url\" content=\"https:\/\/staging.varesenews.it\/2016\/07\/quello-scatto-dira-che-ha-sconvolto-mombello\/537467\/\" \/>\n<meta property=\"og:site_name\" content=\"VareseNews\" \/>\n<meta property=\"article:publisher\" content=\"https:\/\/www.facebook.com\/varesenews\" \/>\n<meta property=\"article:published_time\" content=\"2016-07-16T14:21:23+00:00\" \/>\n<meta property=\"article:modified_time\" content=\"2016-07-16T15:44:13+00:00\" \/>\n<meta name=\"author\" content=\"Damiano Franzetti\" \/>\n<meta name=\"twitter:card\" content=\"summary_large_image\" \/>\n<meta name=\"twitter:creator\" content=\"@damianofranz\" \/>\n<meta name=\"twitter:site\" content=\"@varesenews\" \/>\n<meta name=\"twitter:label1\" content=\"Scritto da\" \/>\n\t<meta name=\"twitter:data1\" content=\"Damiano Franzetti\" \/>\n\t<meta name=\"twitter:label2\" content=\"Tempo di lettura stimato\" \/>\n\t<meta name=\"twitter:data2\" content=\"2 minuti\" \/>\n<script type=\"application\/ld+json\" class=\"yoast-schema-graph\">{\"@context\":\"https:\/\/schema.org\",\"@graph\":[{\"@type\":\"WebPage\",\"@id\":\"https:\/\/staging.varesenews.it\/2016\/07\/quello-scatto-dira-che-ha-sconvolto-mombello\/537467\/\",\"url\":\"https:\/\/staging.varesenews.it\/2016\/07\/quello-scatto-dira-che-ha-sconvolto-mombello\/537467\/\",\"name\":\"Quello scatto d'ira che ha sconvolto Mombello\",\"isPartOf\":{\"@id\":\"https:\/\/staging.varesenews.it\/#website\"},\"datePublished\":\"2016-07-16T14:21:23+00:00\",\"dateModified\":\"2016-07-16T15:44:13+00:00\",\"author\":{\"@id\":\"https:\/\/staging.varesenews.it\/#\/schema\/person\/709ae3769f6b4dbde8ec332baede8a5b\"},\"description\":\"L'omicidio di Loretta Gisotti ha lasciato senza parole i conoscenti. \u00abEntrambi amavano i cani, nulla faceva presagire la tragedia\u00bb\",\"breadcrumb\":{\"@id\":\"https:\/\/staging.varesenews.it\/2016\/07\/quello-scatto-dira-che-ha-sconvolto-mombello\/537467\/#breadcrumb\"},\"inLanguage\":\"it-IT\",\"potentialAction\":[{\"@type\":\"ReadAction\",\"target\":[\"https:\/\/staging.varesenews.it\/2016\/07\/quello-scatto-dira-che-ha-sconvolto-mombello\/537467\/\"]}]},{\"@type\":\"BreadcrumbList\",\"@id\":\"https:\/\/staging.varesenews.it\/2016\/07\/quello-scatto-dira-che-ha-sconvolto-mombello\/537467\/#breadcrumb\",\"itemListElement\":[{\"@type\":\"ListItem\",\"position\":1,\"name\":\"Home\",\"item\":\"https:\/\/www.varesenews.it\/\"},{\"@type\":\"ListItem\",\"position\":2,\"name\":\"Quello scatto d&#8217;ira che ha sconvolto Mombello\"}]},{\"@type\":\"WebSite\",\"@id\":\"https:\/\/staging.varesenews.it\/#website\",\"url\":\"https:\/\/staging.varesenews.it\/\",\"name\":\"VareseNews\",\"description\":\"\",\"potentialAction\":[{\"@type\":\"SearchAction\",\"target\":{\"@type\":\"EntryPoint\",\"urlTemplate\":\"https:\/\/staging.varesenews.it\/?s={search_term_string}\"},\"query-input\":\"required name=search_term_string\"}],\"inLanguage\":\"it-IT\"},{\"@type\":\"Person\",\"@id\":\"https:\/\/staging.varesenews.it\/#\/schema\/person\/709ae3769f6b4dbde8ec332baede8a5b\",\"name\":\"Damiano Franzetti\",\"image\":{\"@type\":\"ImageObject\",\"inLanguage\":\"it-IT\",\"@id\":\"https:\/\/staging.varesenews.it\/#\/schema\/person\/image\/\",\"url\":\"https:\/\/staging.varesenews.it\/wp-content\/uploads\/2020\/12\/damiano_franzetti_colori_500.jpg\",\"contentUrl\":\"https:\/\/staging.varesenews.it\/wp-content\/uploads\/2020\/12\/damiano_franzetti_colori_500.jpg\",\"caption\":\"Damiano Franzetti\"},\"description\":\"Classe 1976, una laurea (nel cassetto) in scienze e tecnologie alimentari; sono giornalista professionista dal 2009 nato e cresciuto con VareseNews dove mi occupo soprattutto di sport ormai da vent&rsquo;anni. Inviato sui campi (sulle piste, sulle strade...), intervistatore, coordinatore e responsabile delle pagine sportive, mi ritaglio volentieri lo spazio per scrivere di birra sul blog Malto Gradimento. Ho seguito innumerevoli campionati di Serie A di basket, di serie B di calcio, due Mondiali di ciclismo, qualche Giro d&rsquo;;Italia e tanto altro ancora. Collaboro con Tuttosport e altre testate, mi diletto di social. Ho una moglie, un figlio, vivo nella mia Gemonio e ho purtroppo smesso con il basket giocato. &nbsp;\",\"sameAs\":[\"damianofranz\",\"https:\/\/www.linkedin.com\/profile\/view?id=241597124&trk=nav_responsive_tab_profile\",\"https:\/\/twitter.com\/damianofranz\"],\"url\":\"https:\/\/staging.varesenews.it\/persona\/damiano_franzetti-2\/\"}]}<\/script>\n<!-- \/ Yoast SEO plugin. -->","yoast_head_json":{"title":"Quello scatto d'ira che ha sconvolto Mombello","description":"L'omicidio di Loretta Gisotti ha lasciato senza parole i conoscenti. \u00abEntrambi amavano i cani, nulla faceva presagire la tragedia\u00bb","robots":{"index":"noindex","follow":"follow","max-snippet":"max-snippet:-1","max-image-preview":"max-image-preview:large","max-video-preview":"max-video-preview:-1"},"og_locale":"it_IT","og_type":"article","og_title":"Quello scatto d'ira che ha sconvolto Mombello","og_description":"L'omicidio di Loretta Gisotti ha lasciato senza parole i conoscenti. \u00abEntrambi amavano i cani, nulla faceva presagire la tragedia\u00bb","og_url":"https:\/\/staging.varesenews.it\/2016\/07\/quello-scatto-dira-che-ha-sconvolto-mombello\/537467\/","og_site_name":"VareseNews","article_publisher":"https:\/\/www.facebook.com\/varesenews","article_published_time":"2016-07-16T14:21:23+00:00","article_modified_time":"2016-07-16T15:44:13+00:00","author":"Damiano Franzetti","twitter_card":"summary_large_image","twitter_creator":"@damianofranz","twitter_site":"@varesenews","twitter_misc":{"Scritto da":"Damiano Franzetti","Tempo di lettura stimato":"2 minuti"},"schema":{"@context":"https:\/\/schema.org","@graph":[{"@type":"WebPage","@id":"https:\/\/staging.varesenews.it\/2016\/07\/quello-scatto-dira-che-ha-sconvolto-mombello\/537467\/","url":"https:\/\/staging.varesenews.it\/2016\/07\/quello-scatto-dira-che-ha-sconvolto-mombello\/537467\/","name":"Quello scatto d'ira che ha sconvolto Mombello","isPartOf":{"@id":"https:\/\/staging.varesenews.it\/#website"},"datePublished":"2016-07-16T14:21:23+00:00","dateModified":"2016-07-16T15:44:13+00:00","author":{"@id":"https:\/\/staging.varesenews.it\/#\/schema\/person\/709ae3769f6b4dbde8ec332baede8a5b"},"description":"L'omicidio di Loretta Gisotti ha lasciato senza parole i conoscenti. \u00abEntrambi amavano i cani, nulla faceva presagire la tragedia\u00bb","breadcrumb":{"@id":"https:\/\/staging.varesenews.it\/2016\/07\/quello-scatto-dira-che-ha-sconvolto-mombello\/537467\/#breadcrumb"},"inLanguage":"it-IT","potentialAction":[{"@type":"ReadAction","target":["https:\/\/staging.varesenews.it\/2016\/07\/quello-scatto-dira-che-ha-sconvolto-mombello\/537467\/"]}]},{"@type":"BreadcrumbList","@id":"https:\/\/staging.varesenews.it\/2016\/07\/quello-scatto-dira-che-ha-sconvolto-mombello\/537467\/#breadcrumb","itemListElement":[{"@type":"ListItem","position":1,"name":"Home","item":"https:\/\/www.varesenews.it\/"},{"@type":"ListItem","position":2,"name":"Quello scatto d&#8217;ira che ha sconvolto Mombello"}]},{"@type":"WebSite","@id":"https:\/\/staging.varesenews.it\/#website","url":"https:\/\/staging.varesenews.it\/","name":"VareseNews","description":"","potentialAction":[{"@type":"SearchAction","target":{"@type":"EntryPoint","urlTemplate":"https:\/\/staging.varesenews.it\/?s={search_term_string}"},"query-input":"required name=search_term_string"}],"inLanguage":"it-IT"},{"@type":"Person","@id":"https:\/\/staging.varesenews.it\/#\/schema\/person\/709ae3769f6b4dbde8ec332baede8a5b","name":"Damiano Franzetti","image":{"@type":"ImageObject","inLanguage":"it-IT","@id":"https:\/\/staging.varesenews.it\/#\/schema\/person\/image\/","url":"https:\/\/staging.varesenews.it\/wp-content\/uploads\/2020\/12\/damiano_franzetti_colori_500.jpg","contentUrl":"https:\/\/staging.varesenews.it\/wp-content\/uploads\/2020\/12\/damiano_franzetti_colori_500.jpg","caption":"Damiano Franzetti"},"description":"Classe 1976, una laurea (nel cassetto) in scienze e tecnologie alimentari; sono giornalista professionista dal 2009 nato e cresciuto con VareseNews dove mi occupo soprattutto di sport ormai da vent&rsquo;anni. Inviato sui campi (sulle piste, sulle strade...), intervistatore, coordinatore e responsabile delle pagine sportive, mi ritaglio volentieri lo spazio per scrivere di birra sul blog Malto Gradimento. Ho seguito innumerevoli campionati di Serie A di basket, di serie B di calcio, due Mondiali di ciclismo, qualche Giro d&rsquo;;Italia e tanto altro ancora. Collaboro con Tuttosport e altre testate, mi diletto di social. Ho una moglie, un figlio, vivo nella mia Gemonio e ho purtroppo smesso con il basket giocato. &nbsp;","sameAs":["damianofranz","https:\/\/www.linkedin.com\/profile\/view?id=241597124&trk=nav_responsive_tab_profile","https:\/\/twitter.com\/damianofranz"],"url":"https:\/\/staging.varesenews.it\/persona\/damiano_franzetti-2\/"}]}},"post_meta":{"_edit_lock":"1468683742:38","_edit_last":"38","_category_permalink":"","wdfb_og_title":"","wdfb_og_type":"","wdfb_og_description":"","wdfb_og_images":"a:1:{i:0;s:0:\"\";}","wdfb_og_custom_name":"a:1:{i:0;s:0:\"\";}","wdfb_og_custom_value":"a:1:{i:0;s:0:\"\";}","id_leggi_anche":"537421,537500,537582,538248,538418,539302,613664","id_link_fotogallery":"537440","argomento":"Laveno Mombello","_jd_twitter":"","_jd_tweet_this":"yes","foto":"553096","ratings_users":"0","ratings_score":"0","ratings_average":"0","_wpt_short_url":"http:\/\/www.varesenews.it\/2016\/07\/quello-scatto-dira-che-ha-sconvolto-mombello\/537467\/","_wp_jd_target":"http:\/\/www.varesenews.it\/2016\/07\/quello-scatto-dira-che-ha-sconvolto-mombello\/537467\/","_jd_wp_twitter":"a:1:{i:0;s:141:\"Quello scatto d'ira che ha sconvolto Mombello http:\/\/www.varesenews.it\/2016\/07\/quello-scatto-dira-che-ha-sconvolto-mombello\/537467\/ #omicidio\";}","_wpt_status_message":"Tweet inviato con successo.","nascondi_adsense":"1"},"photos":[{"original":"https:\/\/staging.varesenews.it\/photogallery_new\/images\/2016\/07\/omicidio-mombello-553096.jpg","full":"https:\/\/staging.varesenews.it\/photogallery_new\/images\/2016\/07\/omicidio-mombello-553096.1024x768.jpg","large":"https:\/\/staging.varesenews.it\/photogallery_new\/images\/2016\/07\/omicidio-mombello-553096.610x431.jpg"}],"_links":{"self":[{"href":"https:\/\/staging.varesenews.it\/swgapi\/v1\/wp\/v2\/posts\/537467"}],"collection":[{"href":"https:\/\/staging.varesenews.it\/swgapi\/v1\/wp\/v2\/posts"}],"about":[{"href":"https:\/\/staging.varesenews.it\/swgapi\/v1\/wp\/v2\/types\/post"}],"author":[{"embeddable":true,"href":"https:\/\/staging.varesenews.it\/swgapi\/v1\/wp\/v2\/users\/38"}],"replies":[{"embeddable":true,"href":"https:\/\/staging.varesenews.it\/swgapi\/v1\/wp\/v2\/comments?post=537467"}],"version-history":[{"count":0,"href":"https:\/\/staging.varesenews.it\/swgapi\/v1\/wp\/v2\/posts\/537467\/revisions"}],"wp:attachment":[{"href":"https:\/\/staging.varesenews.it\/swgapi\/v1\/wp\/v2\/media?parent=537467"}],"wp:term":[{"taxonomy":"category","embeddable":true,"href":"https:\/\/staging.varesenews.it\/swgapi\/v1\/wp\/v2\/categories?post=537467"},{"taxonomy":"post_tag","embeddable":true,"href":"https:\/\/staging.varesenews.it\/swgapi\/v1\/wp\/v2\/tags?post=537467"}],"curies":[{"name":"wp","href":"https:\/\/api.w.org\/{rel}","templated":true}]}}