{"id":537998,"date":"2016-07-19T11:25:28","date_gmt":"2016-07-19T09:25:28","guid":{"rendered":"http:\/\/www.varesenews.it\/?p=537998"},"modified":"2016-07-19T16:06:16","modified_gmt":"2016-07-19T14:06:16","slug":"addio-angelo-che-la-terra-ti-sia-lieve","status":"publish","type":"post","link":"https:\/\/staging.varesenews.it\/2016\/07\/addio-angelo-che-la-terra-ti-sia-lieve\/537998\/","title":{"rendered":"&#8220;Addio Angelo, che la terra ti sia lieve&#8221;"},"content":{"rendered":"<p><em>I ricordi di Angelo Chiesa, presidente onorario dell\u2019Anpi provinciale di Varese, morto nella mattinata di marted\u00ec 19 luglio<\/em><\/p>\n<p>\u00abGiunge, all&#8217;amministratore di questa pagina, la triste notizia della scomparsa di Angelo Chiesa, a lungo Presidente di ANPI Provinciale Varese, di cui era Presidente Onorario. Porgiamo alla famiglia le nostre pi\u00f9 sentite condoglianze e le espressioni del pi\u00f9 profondo cordoglio, abbrunando idealmente la nostra bandiera. Dalla resistenza ai giorni nostri il suo impegno ha tracciato un solco indelebile nella storia varesina. Giunga a lui il nostro caldo abbraccio. Che la terra ti sia lieve, Angelo&#8230;\u00bb &#8211; <em>Anpi Provinciale Varese<\/em><\/p>\n<p>\u00abApprendo con grande tristezza della scomparsa di Angelo Chiesa: desidero inviare a nome di tutta la comunit\u00e0 del Partito Democratico di Varese le condoglianze alla sua famiglia, alla Presidente De Tomasi e a tutti i militanti dell&#8217;Anpi provinciale. Afferma Astuti &#8220;Angelo Chiesa non si \u00e8 mai risparmiato nel testimoniare la lotta per la libert\u00e0 e la democrazia contro il regime totalitario fascista: in molte occasioni ho avuto modo di sentirlo &#8211; spesso nelle scuole &#8211; e le sue parole rappresentavano sempre un monito, soprattutto nei confronti delle nuove generazioni, a non abbassare mai la guardia rispetto al sorgere di movimenti neofascisti. Il suo era un continuo sprone a rimarcare la difesa dei valori alla base della nostra Repubblica democratica. Nel libro che ha deciso di scrivere qualche anno fa, &#8220;Racconti di vita e di lotta&#8221;, mi ha sempre colpito il ricordo, con grande emozione, della sua prima azione da resistente: la creazione di un volantino indirizzato proprio ai giovani. Un&#8217;attenzione, quella rivolta ai giovani, che lo ha spinto pi\u00f9 volte negli anni a favorire un allargamento dell&#8217;associazione a nuovi componenti, per favorire una piena consapevolezza nella societ\u00e0 dei valori di democrazia, solidariet\u00e0 e libert\u00e0. Un ringraziamento doveroso per quanto Angelo ci ha insegnato e continuer\u00e0 a insegnarci\u00bb &#8211;<em> Samuele Astuti<\/em><\/p>\n<p>\u00abApprendo, con grande tristezza, della morte di Angelo Chiesa, presidente onorario di ANPI Provinciale Varese. Ci lascia un partigiano vero, perch\u00e9 Angelo un partigiano lo \u00e8 stato tutta la vita. Ha interpretato la politica come servizio per la collettivit\u00e0 e vissuto sempre il suo impegno con onest\u00e0, determinazione e intelligenza. Il suo impegno politico, la sua passione, la sua moralit\u00e0 indiscussa, la sua lucidit\u00e0 di analisi sono sempre state per me un esempio da seguire. Ricordo con affetto e commozione il video registrato con lui durante la campagna per le primarie del 2013. Ero una giovane candidata, e mi aveva preso per mano. Non dimenticher\u00f2 mai il suo affetto, i suoi consigli in questi anni di impegno parlamentare\u00bb &#8211; <em>Maria Chiara Gadda<\/em><\/p>\n<p>\u00abLa passione per la politica \u2013 conclude Gadda \u2013 lo ha accompagnato tutta la vita, e questa passione rimane nel cuore di quanti, come me, hanno avuto l\u2019onore e la gioia di condividere con lui un pezzo di strada insieme\u00bb.<\/p>\n<p>\u00abCiao ad Agelo Chiesa, storico Presidente Anpi, Testimone di un tempo epocale, che oggi sarebbe pi\u00f9 utile che mai. Riposa in pace, compagno partigiano\u00bb &#8211; <em>Erica D&#8217;Adda<\/em><\/p>\n<p>\u00abE\u2019 morto Angelo Chiesa partigiano, amico e compagno da una vita. Era nato a Venegono inferiore il 24 novembre del 1927. Il suo impegno politico era cominciato nella Resistenza a soli 17 anni. Funzionario del PCI \u00e8 stato anche consigliere regionale per due legislature. Negli utlimi anni ha ricoperto la carica di Presidente provinciale dell&#8217;ANPI. Per me Angelo \u00e8 stato un punto di riferimento importante perch\u00e8 il suo impegno, i suoi valori, la sua moralit\u00e0, davano alla comune militanza politica quello spessore e quella vitalit\u00e0 di cui oggi purtroppo si avverte l&#8217;assenza. Ciao Angelo!\u00bb &#8211;<em> Rocco Cord\u00ec<\/em><\/p>\n<p>\u00abMi giunge, ora, purtroppo, la triste notizia della scomparsa di Angelo Chiesa. Ho conosciuto Angelo tanti anni fa e mi ha subito colpito per la sua profonda umanit\u00e0. Da lui, che ho sempre considerato un esempio, ho imparato che i valori della Resistenza vanno praticati, concretamente, nella vita quotidiana e tradotti in azione politica. Addio, caro partigiano Angelo. E riposa in pace\u00bb &#8211; <em>Fabrizio Mirabelli<\/em><\/p>\n<p>\u00abE&#8217; una giornata triste&#8230; ci lascia un grande uomo! Grazie per tutto il tuo impegno e rimarr\u00e0 sempre nel mio cuore e nei miei occhi il ricordo delle tue parole e dei tuoi insegnamenti davanti a tanti ragazzi e ragazze&#8230;\u00bb &#8211; <em>Noemi Bassani<\/em><\/p>\n<p>\u00abAngelo, una persona che sapeva farsi ascoltare ed ascoltare partendo da una vita di impegno e di fiducia nei propri ideali, una persona con cui ho avuto il piacere di confrontarmi apertamente e da cui ho potuto apprendere, un compagno con cui ho potuto condividere dubbi e decisioni. Ciao\u00bb &#8211; <em>Angelo Zappoli<\/em><\/p>\n<p>\u00abGrazie Angelo per tutto quello che hai fatto per la democrazia e la libert\u00e0 dell&#8217;Italia e degli italiani!<br \/>\nUn pensiero a te ed un abbraccio ai tuoi cari!\u00bb &#8211; <em>Francesco Liparoti<\/em><\/p>\n<p>\u00abCiao Angelo. Ti sia lieve la terra\u00bb &#8211; <em>Marco Zocchi<\/em><\/p>\n<p>\u00abIl Partito Democratico di Luino esprime le pi\u00f9 sentite condoglianze per la scomparsa del partigiano Angelo Chiesa.\u00a0 Persona eccezionale e amatissima da tutti coloro che l&#8217;hanno conosciuto, Angelo Chiesa ha prestato una straordinaria opera di testimonianza in merito alla storia e ai valori della Resistenza, molto importante anche per la nostra citt\u00e0. Sempre partecipe alle manifestazioni organizzate a Luino, Angelo Chiesa \u00e8 intervenuto molte volte presso le nostre scuole medie, su invito del preside Emilio Rossi, per testimoniare e raccontare la Resistenza, insieme al giornalista della Prealpina Aldo Mongodi. Ringraziamo Angelo per il limpido esempio di vita che ci ha fornito in questi anni, e ci uniamo al cordoglio della sua famiglia, di Anpi, e di tutti coloro che l&#8217;hanno conosciuto e apprezzato per le sue grandi qualit\u00e0 umane\u00bb &#8211; <em>Pd Luino<\/em><\/p>\n<p>\u00abArci Varese, i suoi soci e socie, i circoli e il gruppo dirigente tutto, si uniscono alla famiglia Chiesa, all&#8217;ANPI e alla societ\u00e0 civile della provincia di Varese nel dolore per la scomparsa di Angelo Chiesa\u00bb &#8211; <em>Arci Varese<\/em><\/p>\n","protected":false},"excerpt":{"rendered":"<p>I ricordi di Angelo Chiesa, presidente onorario dell\u2019Anpi provinciale di Varese, morto nella mattinata di marted\u00ec 19 luglio<\/p>\n","protected":false},"author":39,"featured_media":0,"comment_status":"open","ping_status":"open","sticky":false,"template":"","format":"standard","meta":{"footnotes":""},"categories":[2],"tags":[15013],"acf":[],"yoast_head":"<!-- This site is optimized with the Yoast SEO plugin v20.1 - https:\/\/yoast.com\/wordpress\/plugins\/seo\/ -->\n<title>&quot;Addio Angelo, che la terra ti sia lieve&quot;<\/title>\n<meta name=\"description\" content=\"I ricordi di Angelo Chiesa, presidente onorario dell\u2019Anpi provinciale di Varese, morto nella mattinata di marted\u00ec 19 luglio\" \/>\n<meta name=\"robots\" content=\"noindex, follow, max-snippet:-1, max-image-preview:large, max-video-preview:-1\" \/>\n<meta property=\"og:locale\" content=\"it_IT\" \/>\n<meta property=\"og:type\" content=\"article\" \/>\n<meta property=\"og:title\" content=\"&quot;Addio Angelo, che la terra ti sia lieve&quot;\" \/>\n<meta property=\"og:description\" content=\"I ricordi di Angelo Chiesa, presidente onorario dell\u2019Anpi provinciale di Varese, morto nella mattinata di marted\u00ec 19 luglio\" \/>\n<meta property=\"og:url\" content=\"https:\/\/staging.varesenews.it\/2016\/07\/addio-angelo-che-la-terra-ti-sia-lieve\/537998\/\" \/>\n<meta property=\"og:site_name\" content=\"VareseNews\" \/>\n<meta property=\"article:publisher\" content=\"https:\/\/www.facebook.com\/varesenews\" \/>\n<meta property=\"article:author\" content=\"https:\/\/www.facebook.com\/tommaso.guidotti.7\" \/>\n<meta property=\"article:published_time\" content=\"2016-07-19T09:25:28+00:00\" \/>\n<meta property=\"article:modified_time\" content=\"2016-07-19T14:06:16+00:00\" \/>\n<meta name=\"author\" content=\"Tommaso Guidotti\" \/>\n<meta name=\"twitter:card\" content=\"summary_large_image\" \/>\n<meta name=\"twitter:creator\" content=\"@tomguidoz\" \/>\n<meta name=\"twitter:site\" content=\"@varesenews\" \/>\n<meta name=\"twitter:label1\" content=\"Scritto da\" \/>\n\t<meta name=\"twitter:data1\" content=\"Tommaso Guidotti\" \/>\n\t<meta name=\"twitter:label2\" content=\"Tempo di lettura stimato\" \/>\n\t<meta name=\"twitter:data2\" content=\"5 minuti\" \/>\n<script type=\"application\/ld+json\" class=\"yoast-schema-graph\">{\"@context\":\"https:\/\/schema.org\",\"@graph\":[{\"@type\":\"WebPage\",\"@id\":\"https:\/\/staging.varesenews.it\/2016\/07\/addio-angelo-che-la-terra-ti-sia-lieve\/537998\/\",\"url\":\"https:\/\/staging.varesenews.it\/2016\/07\/addio-angelo-che-la-terra-ti-sia-lieve\/537998\/\",\"name\":\"\\\"Addio Angelo, che la terra ti sia lieve\\\"\",\"isPartOf\":{\"@id\":\"https:\/\/staging.varesenews.it\/#website\"},\"datePublished\":\"2016-07-19T09:25:28+00:00\",\"dateModified\":\"2016-07-19T14:06:16+00:00\",\"author\":{\"@id\":\"https:\/\/staging.varesenews.it\/#\/schema\/person\/5ae9c65889c40fea73a6c40733b93f8a\"},\"description\":\"I ricordi di Angelo Chiesa, presidente onorario dell\u2019Anpi provinciale di Varese, morto nella mattinata di marted\u00ec 19 luglio\",\"breadcrumb\":{\"@id\":\"https:\/\/staging.varesenews.it\/2016\/07\/addio-angelo-che-la-terra-ti-sia-lieve\/537998\/#breadcrumb\"},\"inLanguage\":\"it-IT\",\"potentialAction\":[{\"@type\":\"ReadAction\",\"target\":[\"https:\/\/staging.varesenews.it\/2016\/07\/addio-angelo-che-la-terra-ti-sia-lieve\/537998\/\"]}]},{\"@type\":\"BreadcrumbList\",\"@id\":\"https:\/\/staging.varesenews.it\/2016\/07\/addio-angelo-che-la-terra-ti-sia-lieve\/537998\/#breadcrumb\",\"itemListElement\":[{\"@type\":\"ListItem\",\"position\":1,\"name\":\"Home\",\"item\":\"https:\/\/www.varesenews.it\/\"},{\"@type\":\"ListItem\",\"position\":2,\"name\":\"&#8220;Addio Angelo, che la terra ti sia lieve&#8221;\"}]},{\"@type\":\"WebSite\",\"@id\":\"https:\/\/staging.varesenews.it\/#website\",\"url\":\"https:\/\/staging.varesenews.it\/\",\"name\":\"VareseNews\",\"description\":\"\",\"potentialAction\":[{\"@type\":\"SearchAction\",\"target\":{\"@type\":\"EntryPoint\",\"urlTemplate\":\"https:\/\/staging.varesenews.it\/?s={search_term_string}\"},\"query-input\":\"required name=search_term_string\"}],\"inLanguage\":\"it-IT\"},{\"@type\":\"Person\",\"@id\":\"https:\/\/staging.varesenews.it\/#\/schema\/person\/5ae9c65889c40fea73a6c40733b93f8a\",\"name\":\"Tommaso Guidotti\",\"image\":{\"@type\":\"ImageObject\",\"inLanguage\":\"it-IT\",\"@id\":\"https:\/\/staging.varesenews.it\/#\/schema\/person\/image\/\",\"url\":\"https:\/\/staging.varesenews.it\/wp-content\/uploads\/2020\/12\/tommaso_guidotti_colori_500.jpg\",\"contentUrl\":\"https:\/\/staging.varesenews.it\/wp-content\/uploads\/2020\/12\/tommaso_guidotti_colori_500.jpg\",\"caption\":\"Tommaso Guidotti\"},\"description\":\"Nato a Milano e trasferito nel Varesotto in tenera et&agrave;, sposato con Chiara dal 2012 e padre di due figli, Lorenzo e Alice. Sono laureato in Scienze Politiche e ho nel mio bagaglio lontani studi classici al Liceo Cairoli di Varese. Amo leggere, le serie tv, i viaggi e mi piace sperimentare e conoscere. La passione pi&ugrave; grande? Il calcio, giocato, simulato e guardato: occupo parte del mio tempo libero con quella che &egrave; pi&ugrave; di una squadra di calcio, i Bidone, una vera e propria seconda famiglia con cui ho portato avanti tanti progetti sportivi e benefici. Faccio parte dal 2004 della squadra di VareseNews e sono giornalista professionista dal 2009: per dieci anni ho ricoperto il ruolo di caporedattore. Dal 2019 coordino insieme ad una redazione di giovani collaboratori il nuovo progetto del gruppo nella zona del Saronnese, il giornale SaronnoNews, spin-off di VareseNews, restando comunque radicato al territorio di Casciago, paese che mi ha adottato e che amo moltissimo come il lago di Varese e Cazzago Brabbia, il paese dove ho vissuto da giovane.\",\"sameAs\":[\"https:\/\/www.facebook.com\/tommaso.guidotti.7\",\"tomguidoz80\",\"https:\/\/www.linkedin.com\/profile\/view?id=36891883&authType=name&authToken=9pNm&locale=en_US&goback=npv_36891883_*1_*1_name_9pNm_*1_*1_*1_*1_*1_*1_*1_*1_*1_*1_*1_*1_*1_*1_*1_*1_*1_*1_*1_*1_*1_*1_*1_*1_*1_*1_*1_*1_*1_*1_*1_*1_*1\",\"https:\/\/twitter.com\/tomguidoz\"],\"url\":\"https:\/\/staging.varesenews.it\/persona\/tommaso_guidotti\/\"}]}<\/script>\n<!-- \/ Yoast SEO plugin. -->","yoast_head_json":{"title":"\"Addio Angelo, che la terra ti sia lieve\"","description":"I ricordi di Angelo Chiesa, presidente onorario dell\u2019Anpi provinciale di Varese, morto nella mattinata di marted\u00ec 19 luglio","robots":{"index":"noindex","follow":"follow","max-snippet":"max-snippet:-1","max-image-preview":"max-image-preview:large","max-video-preview":"max-video-preview:-1"},"og_locale":"it_IT","og_type":"article","og_title":"\"Addio Angelo, che la terra ti sia lieve\"","og_description":"I ricordi di Angelo Chiesa, presidente onorario dell\u2019Anpi provinciale di Varese, morto nella mattinata di marted\u00ec 19 luglio","og_url":"https:\/\/staging.varesenews.it\/2016\/07\/addio-angelo-che-la-terra-ti-sia-lieve\/537998\/","og_site_name":"VareseNews","article_publisher":"https:\/\/www.facebook.com\/varesenews","article_author":"https:\/\/www.facebook.com\/tommaso.guidotti.7","article_published_time":"2016-07-19T09:25:28+00:00","article_modified_time":"2016-07-19T14:06:16+00:00","author":"Tommaso Guidotti","twitter_card":"summary_large_image","twitter_creator":"@tomguidoz","twitter_site":"@varesenews","twitter_misc":{"Scritto da":"Tommaso Guidotti","Tempo di lettura stimato":"5 minuti"},"schema":{"@context":"https:\/\/schema.org","@graph":[{"@type":"WebPage","@id":"https:\/\/staging.varesenews.it\/2016\/07\/addio-angelo-che-la-terra-ti-sia-lieve\/537998\/","url":"https:\/\/staging.varesenews.it\/2016\/07\/addio-angelo-che-la-terra-ti-sia-lieve\/537998\/","name":"\"Addio Angelo, che la terra ti sia lieve\"","isPartOf":{"@id":"https:\/\/staging.varesenews.it\/#website"},"datePublished":"2016-07-19T09:25:28+00:00","dateModified":"2016-07-19T14:06:16+00:00","author":{"@id":"https:\/\/staging.varesenews.it\/#\/schema\/person\/5ae9c65889c40fea73a6c40733b93f8a"},"description":"I ricordi di Angelo Chiesa, presidente onorario dell\u2019Anpi provinciale di Varese, morto nella mattinata di marted\u00ec 19 luglio","breadcrumb":{"@id":"https:\/\/staging.varesenews.it\/2016\/07\/addio-angelo-che-la-terra-ti-sia-lieve\/537998\/#breadcrumb"},"inLanguage":"it-IT","potentialAction":[{"@type":"ReadAction","target":["https:\/\/staging.varesenews.it\/2016\/07\/addio-angelo-che-la-terra-ti-sia-lieve\/537998\/"]}]},{"@type":"BreadcrumbList","@id":"https:\/\/staging.varesenews.it\/2016\/07\/addio-angelo-che-la-terra-ti-sia-lieve\/537998\/#breadcrumb","itemListElement":[{"@type":"ListItem","position":1,"name":"Home","item":"https:\/\/www.varesenews.it\/"},{"@type":"ListItem","position":2,"name":"&#8220;Addio Angelo, che la terra ti sia lieve&#8221;"}]},{"@type":"WebSite","@id":"https:\/\/staging.varesenews.it\/#website","url":"https:\/\/staging.varesenews.it\/","name":"VareseNews","description":"","potentialAction":[{"@type":"SearchAction","target":{"@type":"EntryPoint","urlTemplate":"https:\/\/staging.varesenews.it\/?s={search_term_string}"},"query-input":"required name=search_term_string"}],"inLanguage":"it-IT"},{"@type":"Person","@id":"https:\/\/staging.varesenews.it\/#\/schema\/person\/5ae9c65889c40fea73a6c40733b93f8a","name":"Tommaso Guidotti","image":{"@type":"ImageObject","inLanguage":"it-IT","@id":"https:\/\/staging.varesenews.it\/#\/schema\/person\/image\/","url":"https:\/\/staging.varesenews.it\/wp-content\/uploads\/2020\/12\/tommaso_guidotti_colori_500.jpg","contentUrl":"https:\/\/staging.varesenews.it\/wp-content\/uploads\/2020\/12\/tommaso_guidotti_colori_500.jpg","caption":"Tommaso Guidotti"},"description":"Nato a Milano e trasferito nel Varesotto in tenera et&agrave;, sposato con Chiara dal 2012 e padre di due figli, Lorenzo e Alice. Sono laureato in Scienze Politiche e ho nel mio bagaglio lontani studi classici al Liceo Cairoli di Varese. Amo leggere, le serie tv, i viaggi e mi piace sperimentare e conoscere. La passione pi&ugrave; grande? Il calcio, giocato, simulato e guardato: occupo parte del mio tempo libero con quella che &egrave; pi&ugrave; di una squadra di calcio, i Bidone, una vera e propria seconda famiglia con cui ho portato avanti tanti progetti sportivi e benefici. Faccio parte dal 2004 della squadra di VareseNews e sono giornalista professionista dal 2009: per dieci anni ho ricoperto il ruolo di caporedattore. Dal 2019 coordino insieme ad una redazione di giovani collaboratori il nuovo progetto del gruppo nella zona del Saronnese, il giornale SaronnoNews, spin-off di VareseNews, restando comunque radicato al territorio di Casciago, paese che mi ha adottato e che amo moltissimo come il lago di Varese e Cazzago Brabbia, il paese dove ho vissuto da giovane.","sameAs":["https:\/\/www.facebook.com\/tommaso.guidotti.7","tomguidoz80","https:\/\/www.linkedin.com\/profile\/view?id=36891883&authType=name&authToken=9pNm&locale=en_US&goback=npv_36891883_*1_*1_name_9pNm_*1_*1_*1_*1_*1_*1_*1_*1_*1_*1_*1_*1_*1_*1_*1_*1_*1_*1_*1_*1_*1_*1_*1_*1_*1_*1_*1_*1_*1_*1_*1_*1_*1","https:\/\/twitter.com\/tomguidoz"],"url":"https:\/\/staging.varesenews.it\/persona\/tommaso_guidotti\/"}]}},"post_meta":{"_edit_lock":"1468939882:39","_edit_last":"39","ratings_users":"0","ratings_score":"0","ratings_average":"0","_category_permalink":"","wdfb_og_title":"","wdfb_og_type":"","wdfb_og_description":"","wdfb_og_images":"a:1:{i:0;s:0:\"\";}","wdfb_og_custom_name":"a:1:{i:0;s:0:\"\";}","wdfb_og_custom_value":"a:1:{i:0;s:0:\"\";}","argomento":"Varese","_jd_twitter":"","_jd_tweet_this":"yes","_wpt_short_url":"http:\/\/www.varesenews.it\/2016\/07\/addio-angelo-che-la-terra-ti-sia-lieve\/537998\/","_wp_jd_target":"http:\/\/www.varesenews.it\/2016\/07\/addio-angelo-che-la-terra-ti-sia-lieve\/537998\/","_jd_wp_twitter":"a:1:{i:0;s:130:\"\"Addio Angelo, che la terra ti sia lieve\" http:\/\/www.varesenews.it\/2016\/07\/addio-angelo-che-la-terra-ti-sia-lieve\/537998\/ #ricordi\";}","_wpt_status_message":"Tweet inviato con successo.","id_leggi_anche":"538527"},"photos":[],"_links":{"self":[{"href":"https:\/\/staging.varesenews.it\/swgapi\/v1\/wp\/v2\/posts\/537998"}],"collection":[{"href":"https:\/\/staging.varesenews.it\/swgapi\/v1\/wp\/v2\/posts"}],"about":[{"href":"https:\/\/staging.varesenews.it\/swgapi\/v1\/wp\/v2\/types\/post"}],"author":[{"embeddable":true,"href":"https:\/\/staging.varesenews.it\/swgapi\/v1\/wp\/v2\/users\/39"}],"replies":[{"embeddable":true,"href":"https:\/\/staging.varesenews.it\/swgapi\/v1\/wp\/v2\/comments?post=537998"}],"version-history":[{"count":0,"href":"https:\/\/staging.varesenews.it\/swgapi\/v1\/wp\/v2\/posts\/537998\/revisions"}],"wp:attachment":[{"href":"https:\/\/staging.varesenews.it\/swgapi\/v1\/wp\/v2\/media?parent=537998"}],"wp:term":[{"taxonomy":"category","embeddable":true,"href":"https:\/\/staging.varesenews.it\/swgapi\/v1\/wp\/v2\/categories?post=537998"},{"taxonomy":"post_tag","embeddable":true,"href":"https:\/\/staging.varesenews.it\/swgapi\/v1\/wp\/v2\/tags?post=537998"}],"curies":[{"name":"wp","href":"https:\/\/api.w.org\/{rel}","templated":true}]}}