{"id":539468,"date":"2016-07-25T10:54:52","date_gmt":"2016-07-25T08:54:52","guid":{"rendered":"http:\/\/www.varesenews.it\/?p=539468"},"modified":"2016-07-25T10:54:52","modified_gmt":"2016-07-25T08:54:52","slug":"via-salgari-primi-provvedimenti-anti-vandali","status":"publish","type":"post","link":"https:\/\/staging.varesenews.it\/2016\/07\/via-salgari-primi-provvedimenti-anti-vandali\/539468\/","title":{"rendered":"Via Salgari, primi provvedimenti &#8220;anti vandali&#8221;"},"content":{"rendered":"<p>La notte con i cassonetti date alle fiamme e gli estintori scaricati sulle auto <strong>\u00e8 stata la goccia che ha fatto traboccare il vaso in via Salgari a Busto Arsizio.<\/strong> Proprio per questo iniziano ad arrivare i primi provvedimenti per quest&#8217;area.<\/p>\n<p>Il comando di Polizia Locale ha deciso quindi di istituire\u00a0il divieto di transito per tutti i veicoli nell\u2019area antistante i civici 69 e 71, con la sola esclusione di quelli di pronto intervento e soccorso, quelli\u00a0in uso alle societ\u00e0 di servizi manutentivi e raccolta rifiuti e quelli diretti alle associazioni di volontariato.<\/p>\n<p>Un primo provvedimento preso dal momento che in quella zona \u00e8 presente un immobile di propriet\u00e0 comunale che \u00e8\u00a0sede di diverse associazioni di volontariato oltre alla scuola dell&#8217;infanzia. L\u00ec \u00e8 anche presente un\u2019area carrabile utilizzata per la sosta dei veicoli confinante con la recinzione della scuola dell\u2019infanzia Salgari <strong>che \u00e8 stata oggetto di diversi atti vandalici e lamentele per schiamazzi da parte di persone non autorizzate<\/strong>.<\/p>\n","protected":false},"excerpt":{"rendered":"<p>E&#8217; stato deciso di istituire un divieto di transito in un tratto della via per evitare gli atti di vandalismo e gli schiamazzi<\/p>\n","protected":false},"author":42,"featured_media":0,"comment_status":"open","ping_status":"open","sticky":false,"template":"","format":"standard","meta":{"footnotes":""},"categories":[4],"tags":[],"acf":[],"yoast_head":"<!-- This site is optimized with the Yoast SEO plugin v20.1 - https:\/\/yoast.com\/wordpress\/plugins\/seo\/ -->\n<title>Via Salgari, primi provvedimenti &quot;anti vandali&quot;<\/title>\n<meta name=\"description\" content=\"E&#039; stato deciso di istituire un divieto di transito in un tratto della via per evitare gli atti di vandalismo e gli schiamazzi\" \/>\n<meta name=\"robots\" content=\"noindex, follow, max-snippet:-1, max-image-preview:large, max-video-preview:-1\" \/>\n<meta property=\"og:locale\" content=\"it_IT\" \/>\n<meta property=\"og:type\" content=\"article\" \/>\n<meta property=\"og:title\" content=\"Via Salgari, primi provvedimenti &quot;anti vandali&quot;\" \/>\n<meta property=\"og:description\" content=\"E&#039; stato deciso di istituire un divieto di transito in un tratto della via per evitare gli atti di vandalismo e gli schiamazzi\" \/>\n<meta property=\"og:url\" content=\"https:\/\/staging.varesenews.it\/2016\/07\/via-salgari-primi-provvedimenti-anti-vandali\/539468\/\" \/>\n<meta property=\"og:site_name\" content=\"VareseNews\" \/>\n<meta property=\"article:publisher\" content=\"https:\/\/www.facebook.com\/varesenews\" \/>\n<meta property=\"article:published_time\" content=\"2016-07-25T08:54:52+00:00\" \/>\n<meta name=\"author\" content=\"Marco Corso\" \/>\n<meta name=\"twitter:card\" content=\"summary_large_image\" \/>\n<meta name=\"twitter:creator\" content=\"@varesenews\" \/>\n<meta name=\"twitter:site\" content=\"@varesenews\" \/>\n<meta name=\"twitter:label1\" content=\"Scritto da\" \/>\n\t<meta name=\"twitter:data1\" content=\"Marco Corso\" \/>\n\t<meta name=\"twitter:label2\" content=\"Tempo di lettura stimato\" \/>\n\t<meta name=\"twitter:data2\" content=\"1 minuto\" \/>\n<script type=\"application\/ld+json\" class=\"yoast-schema-graph\">{\"@context\":\"https:\/\/schema.org\",\"@graph\":[{\"@type\":\"WebPage\",\"@id\":\"https:\/\/staging.varesenews.it\/2016\/07\/via-salgari-primi-provvedimenti-anti-vandali\/539468\/\",\"url\":\"https:\/\/staging.varesenews.it\/2016\/07\/via-salgari-primi-provvedimenti-anti-vandali\/539468\/\",\"name\":\"Via Salgari, primi provvedimenti \\\"anti vandali\\\"\",\"isPartOf\":{\"@id\":\"https:\/\/staging.varesenews.it\/#website\"},\"datePublished\":\"2016-07-25T08:54:52+00:00\",\"dateModified\":\"2016-07-25T08:54:52+00:00\",\"author\":{\"@id\":\"https:\/\/staging.varesenews.it\/#\/schema\/person\/f0b866bf1a4a7b2b1558574309a927fa\"},\"description\":\"E' stato deciso di istituire un divieto di transito in un tratto della via per evitare gli atti di vandalismo e gli schiamazzi\",\"breadcrumb\":{\"@id\":\"https:\/\/staging.varesenews.it\/2016\/07\/via-salgari-primi-provvedimenti-anti-vandali\/539468\/#breadcrumb\"},\"inLanguage\":\"it-IT\",\"potentialAction\":[{\"@type\":\"ReadAction\",\"target\":[\"https:\/\/staging.varesenews.it\/2016\/07\/via-salgari-primi-provvedimenti-anti-vandali\/539468\/\"]}]},{\"@type\":\"BreadcrumbList\",\"@id\":\"https:\/\/staging.varesenews.it\/2016\/07\/via-salgari-primi-provvedimenti-anti-vandali\/539468\/#breadcrumb\",\"itemListElement\":[{\"@type\":\"ListItem\",\"position\":1,\"name\":\"Home\",\"item\":\"https:\/\/www.varesenews.it\/\"},{\"@type\":\"ListItem\",\"position\":2,\"name\":\"Via Salgari, primi provvedimenti &#8220;anti vandali&#8221;\"}]},{\"@type\":\"WebSite\",\"@id\":\"https:\/\/staging.varesenews.it\/#website\",\"url\":\"https:\/\/staging.varesenews.it\/\",\"name\":\"VareseNews\",\"description\":\"\",\"potentialAction\":[{\"@type\":\"SearchAction\",\"target\":{\"@type\":\"EntryPoint\",\"urlTemplate\":\"https:\/\/staging.varesenews.it\/?s={search_term_string}\"},\"query-input\":\"required name=search_term_string\"}],\"inLanguage\":\"it-IT\"},{\"@type\":\"Person\",\"@id\":\"https:\/\/staging.varesenews.it\/#\/schema\/person\/f0b866bf1a4a7b2b1558574309a927fa\",\"name\":\"Marco Corso\",\"image\":{\"@type\":\"ImageObject\",\"inLanguage\":\"it-IT\",\"@id\":\"https:\/\/staging.varesenews.it\/#\/schema\/person\/image\/\",\"url\":\"https:\/\/staging.varesenews.it\/wp-content\/uploads\/2020\/12\/marco_corso_colori_500.jpg\",\"contentUrl\":\"https:\/\/staging.varesenews.it\/wp-content\/uploads\/2020\/12\/marco_corso_colori_500.jpg\",\"caption\":\"Marco Corso\"},\"description\":\"Classe 91, per diversi anni mi sono fregiato del titolo di pi&ugrave; giovane della redazione, ma adesso faccio il fratello maggiore alle nuove leve. Mi sono laureato nel 2013 in Scienze Sociali per la Globalizzazione alla Statale di Milano e nel 2015 mi sono diplomato in videogiornalismo alla Civica Scuola di Cinema di Milano. A VareseNews da 10 anni, ho seguito da sempre diversi progetti, partendo dalla mia Busto Arsizio per attraversare tutta la provincia. Adesso la \\\"sorvolo\\\" anche con il mio drone, regalando alle mie riprese sempre un punto di vista emozionale e narrativo sui luoghi e le vicende che racconto, ma rimanendo fedele alla cronaca. Quando non faccio il giornalista viaggio o mi arrampico sui monti, per guardare il mondo da altri punti di vista.\",\"sameAs\":[\"mar_corso\"],\"url\":\"https:\/\/staging.varesenews.it\/persona\/marco-corso1\/\"}]}<\/script>\n<!-- \/ Yoast SEO plugin. -->","yoast_head_json":{"title":"Via Salgari, primi provvedimenti \"anti vandali\"","description":"E' stato deciso di istituire un divieto di transito in un tratto della via per evitare gli atti di vandalismo e gli schiamazzi","robots":{"index":"noindex","follow":"follow","max-snippet":"max-snippet:-1","max-image-preview":"max-image-preview:large","max-video-preview":"max-video-preview:-1"},"og_locale":"it_IT","og_type":"article","og_title":"Via Salgari, primi provvedimenti \"anti vandali\"","og_description":"E' stato deciso di istituire un divieto di transito in un tratto della via per evitare gli atti di vandalismo e gli schiamazzi","og_url":"https:\/\/staging.varesenews.it\/2016\/07\/via-salgari-primi-provvedimenti-anti-vandali\/539468\/","og_site_name":"VareseNews","article_publisher":"https:\/\/www.facebook.com\/varesenews","article_published_time":"2016-07-25T08:54:52+00:00","author":"Marco Corso","twitter_card":"summary_large_image","twitter_creator":"@varesenews","twitter_site":"@varesenews","twitter_misc":{"Scritto da":"Marco Corso","Tempo di lettura stimato":"1 minuto"},"schema":{"@context":"https:\/\/schema.org","@graph":[{"@type":"WebPage","@id":"https:\/\/staging.varesenews.it\/2016\/07\/via-salgari-primi-provvedimenti-anti-vandali\/539468\/","url":"https:\/\/staging.varesenews.it\/2016\/07\/via-salgari-primi-provvedimenti-anti-vandali\/539468\/","name":"Via Salgari, primi provvedimenti \"anti vandali\"","isPartOf":{"@id":"https:\/\/staging.varesenews.it\/#website"},"datePublished":"2016-07-25T08:54:52+00:00","dateModified":"2016-07-25T08:54:52+00:00","author":{"@id":"https:\/\/staging.varesenews.it\/#\/schema\/person\/f0b866bf1a4a7b2b1558574309a927fa"},"description":"E' stato deciso di istituire un divieto di transito in un tratto della via per evitare gli atti di vandalismo e gli schiamazzi","breadcrumb":{"@id":"https:\/\/staging.varesenews.it\/2016\/07\/via-salgari-primi-provvedimenti-anti-vandali\/539468\/#breadcrumb"},"inLanguage":"it-IT","potentialAction":[{"@type":"ReadAction","target":["https:\/\/staging.varesenews.it\/2016\/07\/via-salgari-primi-provvedimenti-anti-vandali\/539468\/"]}]},{"@type":"BreadcrumbList","@id":"https:\/\/staging.varesenews.it\/2016\/07\/via-salgari-primi-provvedimenti-anti-vandali\/539468\/#breadcrumb","itemListElement":[{"@type":"ListItem","position":1,"name":"Home","item":"https:\/\/www.varesenews.it\/"},{"@type":"ListItem","position":2,"name":"Via Salgari, primi provvedimenti &#8220;anti vandali&#8221;"}]},{"@type":"WebSite","@id":"https:\/\/staging.varesenews.it\/#website","url":"https:\/\/staging.varesenews.it\/","name":"VareseNews","description":"","potentialAction":[{"@type":"SearchAction","target":{"@type":"EntryPoint","urlTemplate":"https:\/\/staging.varesenews.it\/?s={search_term_string}"},"query-input":"required name=search_term_string"}],"inLanguage":"it-IT"},{"@type":"Person","@id":"https:\/\/staging.varesenews.it\/#\/schema\/person\/f0b866bf1a4a7b2b1558574309a927fa","name":"Marco Corso","image":{"@type":"ImageObject","inLanguage":"it-IT","@id":"https:\/\/staging.varesenews.it\/#\/schema\/person\/image\/","url":"https:\/\/staging.varesenews.it\/wp-content\/uploads\/2020\/12\/marco_corso_colori_500.jpg","contentUrl":"https:\/\/staging.varesenews.it\/wp-content\/uploads\/2020\/12\/marco_corso_colori_500.jpg","caption":"Marco Corso"},"description":"Classe 91, per diversi anni mi sono fregiato del titolo di pi&ugrave; giovane della redazione, ma adesso faccio il fratello maggiore alle nuove leve. Mi sono laureato nel 2013 in Scienze Sociali per la Globalizzazione alla Statale di Milano e nel 2015 mi sono diplomato in videogiornalismo alla Civica Scuola di Cinema di Milano. A VareseNews da 10 anni, ho seguito da sempre diversi progetti, partendo dalla mia Busto Arsizio per attraversare tutta la provincia. Adesso la \"sorvolo\" anche con il mio drone, regalando alle mie riprese sempre un punto di vista emozionale e narrativo sui luoghi e le vicende che racconto, ma rimanendo fedele alla cronaca. Quando non faccio il giornalista viaggio o mi arrampico sui monti, per guardare il mondo da altri punti di vista.","sameAs":["mar_corso"],"url":"https:\/\/staging.varesenews.it\/persona\/marco-corso1\/"}]}},"post_meta":{"_edit_lock":"1469440247:42","_edit_last":"42","_category_permalink":"","wdfb_og_title":"","wdfb_og_type":"","wdfb_og_description":"","wdfb_og_images":"a:1:{i:0;s:0:\"\";}","wdfb_og_custom_name":"a:1:{i:0;s:0:\"\";}","wdfb_og_custom_value":"a:1:{i:0;s:0:\"\";}","id_leggi_anche":"537138,536855","foto":"19773","firma_come_redazione":"1","argomento":"Busto Arsizio","_jd_twitter":"","_jd_tweet_this":"yes","ratings_users":"0","ratings_score":"0","ratings_average":"0","_wpt_short_url":"http:\/\/www.varesenews.it\/2016\/07\/via-salgari-primi-provvedimenti-anti-vandali\/539468\/","_wp_jd_target":"http:\/\/www.varesenews.it\/2016\/07\/via-salgari-primi-provvedimenti-anti-vandali\/539468\/","_jd_wp_twitter":"a:1:{i:0;s:134:\"Via Salgari, primi provvedimenti \"anti vandali\" http:\/\/www.varesenews.it\/2016\/07\/via-salgari-primi-provvedimenti-anti-vandali\/539468\/ \";}","_wpt_status_message":"Tweet inviato con successo."},"photos":[{"original":"https:\/\/staging.varesenews.it\/photogallery_new\/images\/2014\/05\/polizia-locale-busto-arsizio-paletta-19773.jpg","full":"https:\/\/staging.varesenews.it\/photogallery_new\/images\/2014\/05\/polizia-locale-busto-arsizio-paletta-19773.1024x768.jpg","large":"https:\/\/staging.varesenews.it\/photogallery_new\/images\/2014\/05\/polizia-locale-busto-arsizio-paletta-19773.610x431.jpg"}],"_links":{"self":[{"href":"https:\/\/staging.varesenews.it\/swgapi\/v1\/wp\/v2\/posts\/539468"}],"collection":[{"href":"https:\/\/staging.varesenews.it\/swgapi\/v1\/wp\/v2\/posts"}],"about":[{"href":"https:\/\/staging.varesenews.it\/swgapi\/v1\/wp\/v2\/types\/post"}],"author":[{"embeddable":true,"href":"https:\/\/staging.varesenews.it\/swgapi\/v1\/wp\/v2\/users\/42"}],"replies":[{"embeddable":true,"href":"https:\/\/staging.varesenews.it\/swgapi\/v1\/wp\/v2\/comments?post=539468"}],"version-history":[{"count":0,"href":"https:\/\/staging.varesenews.it\/swgapi\/v1\/wp\/v2\/posts\/539468\/revisions"}],"wp:attachment":[{"href":"https:\/\/staging.varesenews.it\/swgapi\/v1\/wp\/v2\/media?parent=539468"}],"wp:term":[{"taxonomy":"category","embeddable":true,"href":"https:\/\/staging.varesenews.it\/swgapi\/v1\/wp\/v2\/categories?post=539468"},{"taxonomy":"post_tag","embeddable":true,"href":"https:\/\/staging.varesenews.it\/swgapi\/v1\/wp\/v2\/tags?post=539468"}],"curies":[{"name":"wp","href":"https:\/\/api.w.org\/{rel}","templated":true}]}}