{"id":539937,"date":"2016-07-26T17:17:46","date_gmt":"2016-07-26T15:17:46","guid":{"rendered":"http:\/\/www.varesenews.it\/?p=539937"},"modified":"2016-07-26T17:19:44","modified_gmt":"2016-07-26T15:19:44","slug":"varese-una-partita-speciale-con-i-ragazzi-del-gulliver","status":"publish","type":"post","link":"https:\/\/staging.varesenews.it\/2016\/07\/varese-una-partita-speciale-con-i-ragazzi-del-gulliver\/539937\/","title":{"rendered":"Varese, una partita speciale con i ragazzi del Gulliver"},"content":{"rendered":"<p>\u00c8 davvero una <strong>preparazione particolare<\/strong> quella che il <strong>Varese Calcio<\/strong> sta svolgendo in questa estate 2016. Oltre alla bella novit\u00e0 di lavorare in un centro sportivo controllato direttamente (<strong>il cosiddetto &#8220;Varesello&#8221;<\/strong> alle Bustecche) c&#8217;\u00e8 infatti la particolarit\u00e0 di utilizzare come struttura di riposo <strong>una casa gestita dalle suore<\/strong> a Biumo Inferiore.<\/p>\n<blockquote><p><span style=\"color: #ff0000;\"><strong>MERCATO E AMICHEVOLI<\/strong><\/span> &#8211; <a title=\"L\u2019estate del Varese: il calciomercato e le amichevoli\" href=\"http:\/\/www.varesenews.it\/2016\/07\/lestate-del-varese-il-calciomercato-e-le-amichevoli\/539895\/\">L&#8217;estate del Varese<\/a><\/p><\/blockquote>\n<p>E, notizia di oggi, nel programma di Giovio e compagni \u00e8 stato inserito <strong>un match speciale<\/strong>. Il prossimo <strong>5 agosto,<\/strong> un venerd\u00ec, dalle ore 16 i biancorossi scenderanno in campo a porte aperte proprio a Varesello per una <strong>gara amichevole<\/strong>, ma dall&#8217;altra parte del terreno di gioco non troveranno una formazione di pari categoria, e nemmeno iscritta alla galassia del calcio nazionale.<\/p>\n<p>L&#8217;undici avversario sar\u00e0 infatti composto <strong>dagli operatori e dai ragazzi ospiti del Centro Gulliver,<\/strong> la comunit\u00e0 terapeutica che quest&#8217;anno <strong>festeggia i 30 anni<\/strong> di attivit\u00e0 e che ha voluto cos\u00ec celebrare l&#8217;amicizia con la societ\u00e0 sportiva biancorossa. Lo spirito sar\u00e0 ovviamente quello di una <strong>partita estiva tra amici, <\/strong>con la mente libera da pressioni e la semplice attenzione a evitare contrasti troppo duri.<\/p>\n<p>Ad spingere per\u00a0la gara tra Gulliver e Varese \u00e8 proprio il tecnico biancorosso, <strong>Ernestino Ramella.<\/strong> \u00abConosco da sempre la comunit\u00e0 terapeutica e poche settimane fa ho avuto l&#8217;occasione di incontrare don Michele Barban (il fondatore del Gulliver ndr). <strong>Dalla nostra chiacchierata e\u0300 scaturita la voglia<\/strong> di fare qualcosa insieme, che desse agli ospiti della struttura\u00a0la possibilita\u0300 di vivere una giornata diversa dal solito. Cos\u00ec abbiamo deciso di far affrontare loro il Varese, un modo per farli sentire parte integrante della citt\u00e0\u00bb.<\/p>\n<p>A seguire le parole dell&#8217;allenatore arrivano anche quelle di <strong>don Barban<\/strong>: \u00abQuella che ci offre il Varese \u00e8 un&#8217;opportunit\u00e0 che abbiamo colto con entusiasmo. Il gioco, inteso come &#8220;insieme di regole&#8221;, scaturisce nella disciplina, che per noi e\u0300 un elemento fondamentale da restituire ai nostri ospiti.\u00a0Le regole per\u00f2 non vanno sub\u00ecte ma fatte proprie, perch\u00e9 cos\u00ec non si \u00e8 in bal\u00eca di un applauso o di una denigrazione ma si cresce come squadra. <strong>Uno dei motti della nostra comunit\u00e0 \u00e8 &#8220;Tu solo, ma non da solo&#8221;:<\/strong> lo estenderemo anche al Varese affinch\u00e9 possa spronare ogni singolo giocatore anche nelle partite pi\u00f9 impegnative\u00bb.<\/p>\n<blockquote><p><span style=\"color: #ff0000;\"><strong>MERCATO E AMICHEVOLI<\/strong><\/span> &#8211; <a title=\"L\u2019estate del Varese: il calciomercato e le amichevoli\" href=\"http:\/\/www.varesenews.it\/2016\/07\/lestate-del-varese-il-calciomercato-e-le-amichevoli\/539895\/\">L&#8217;estate del Varese<\/a><\/p><\/blockquote>\n","protected":false},"excerpt":{"rendered":"<p>Venerd\u00ec 5 agosto a &#8220;Varesello&#8221; i ragazzi di Ramella giocheranno con ospiti e operatori della comunit\u00e0 che festeggia i suoi 30 anni<\/p>\n","protected":false},"author":38,"featured_media":0,"comment_status":"open","ping_status":"open","sticky":false,"template":"","format":"standard","meta":{"footnotes":""},"categories":[14,21,2],"tags":[144,2561,9192],"acf":[],"yoast_head":"<!-- This site is optimized with the Yoast SEO plugin v20.1 - https:\/\/yoast.com\/wordpress\/plugins\/seo\/ -->\n<title>Varese, una partita speciale con i ragazzi del Gulliver<\/title>\n<meta name=\"description\" content=\"Venerd\u00ec 5 agosto a &quot;Varesello&quot; i ragazzi di Ramella giocheranno con ospiti e operatori della comunit\u00e0 che festeggia i suoi 30 anni\" \/>\n<meta name=\"robots\" content=\"noindex, follow, max-snippet:-1, max-image-preview:large, max-video-preview:-1\" \/>\n<meta property=\"og:locale\" content=\"it_IT\" \/>\n<meta property=\"og:type\" content=\"article\" \/>\n<meta property=\"og:title\" content=\"Varese, una partita speciale con i ragazzi del Gulliver\" \/>\n<meta property=\"og:description\" content=\"Venerd\u00ec 5 agosto a &quot;Varesello&quot; i ragazzi di Ramella giocheranno con ospiti e operatori della comunit\u00e0 che festeggia i suoi 30 anni\" \/>\n<meta property=\"og:url\" content=\"https:\/\/staging.varesenews.it\/2016\/07\/varese-una-partita-speciale-con-i-ragazzi-del-gulliver\/539937\/\" \/>\n<meta property=\"og:site_name\" content=\"VareseNews\" \/>\n<meta property=\"article:publisher\" content=\"https:\/\/www.facebook.com\/varesenews\" \/>\n<meta property=\"article:published_time\" content=\"2016-07-26T15:17:46+00:00\" \/>\n<meta property=\"article:modified_time\" content=\"2016-07-26T15:19:44+00:00\" \/>\n<meta name=\"author\" content=\"Damiano Franzetti\" \/>\n<meta name=\"twitter:card\" content=\"summary_large_image\" \/>\n<meta name=\"twitter:creator\" content=\"@damianofranz\" \/>\n<meta name=\"twitter:site\" content=\"@varesenews\" \/>\n<meta name=\"twitter:label1\" content=\"Scritto da\" \/>\n\t<meta name=\"twitter:data1\" content=\"Damiano Franzetti\" \/>\n\t<meta name=\"twitter:label2\" content=\"Tempo di lettura stimato\" \/>\n\t<meta name=\"twitter:data2\" content=\"2 minuti\" \/>\n<script type=\"application\/ld+json\" class=\"yoast-schema-graph\">{\"@context\":\"https:\/\/schema.org\",\"@graph\":[{\"@type\":\"WebPage\",\"@id\":\"https:\/\/staging.varesenews.it\/2016\/07\/varese-una-partita-speciale-con-i-ragazzi-del-gulliver\/539937\/\",\"url\":\"https:\/\/staging.varesenews.it\/2016\/07\/varese-una-partita-speciale-con-i-ragazzi-del-gulliver\/539937\/\",\"name\":\"Varese, una partita speciale con i ragazzi del Gulliver\",\"isPartOf\":{\"@id\":\"https:\/\/staging.varesenews.it\/#website\"},\"datePublished\":\"2016-07-26T15:17:46+00:00\",\"dateModified\":\"2016-07-26T15:19:44+00:00\",\"author\":{\"@id\":\"https:\/\/staging.varesenews.it\/#\/schema\/person\/709ae3769f6b4dbde8ec332baede8a5b\"},\"description\":\"Venerd\u00ec 5 agosto a \\\"Varesello\\\" i ragazzi di Ramella giocheranno con ospiti e operatori della comunit\u00e0 che festeggia i suoi 30 anni\",\"breadcrumb\":{\"@id\":\"https:\/\/staging.varesenews.it\/2016\/07\/varese-una-partita-speciale-con-i-ragazzi-del-gulliver\/539937\/#breadcrumb\"},\"inLanguage\":\"it-IT\",\"potentialAction\":[{\"@type\":\"ReadAction\",\"target\":[\"https:\/\/staging.varesenews.it\/2016\/07\/varese-una-partita-speciale-con-i-ragazzi-del-gulliver\/539937\/\"]}]},{\"@type\":\"BreadcrumbList\",\"@id\":\"https:\/\/staging.varesenews.it\/2016\/07\/varese-una-partita-speciale-con-i-ragazzi-del-gulliver\/539937\/#breadcrumb\",\"itemListElement\":[{\"@type\":\"ListItem\",\"position\":1,\"name\":\"Home\",\"item\":\"https:\/\/www.varesenews.it\/\"},{\"@type\":\"ListItem\",\"position\":2,\"name\":\"Varese, una partita speciale con i ragazzi del Gulliver\"}]},{\"@type\":\"WebSite\",\"@id\":\"https:\/\/staging.varesenews.it\/#website\",\"url\":\"https:\/\/staging.varesenews.it\/\",\"name\":\"VareseNews\",\"description\":\"\",\"potentialAction\":[{\"@type\":\"SearchAction\",\"target\":{\"@type\":\"EntryPoint\",\"urlTemplate\":\"https:\/\/staging.varesenews.it\/?s={search_term_string}\"},\"query-input\":\"required name=search_term_string\"}],\"inLanguage\":\"it-IT\"},{\"@type\":\"Person\",\"@id\":\"https:\/\/staging.varesenews.it\/#\/schema\/person\/709ae3769f6b4dbde8ec332baede8a5b\",\"name\":\"Damiano Franzetti\",\"image\":{\"@type\":\"ImageObject\",\"inLanguage\":\"it-IT\",\"@id\":\"https:\/\/staging.varesenews.it\/#\/schema\/person\/image\/\",\"url\":\"https:\/\/staging.varesenews.it\/wp-content\/uploads\/2020\/12\/damiano_franzetti_colori_500.jpg\",\"contentUrl\":\"https:\/\/staging.varesenews.it\/wp-content\/uploads\/2020\/12\/damiano_franzetti_colori_500.jpg\",\"caption\":\"Damiano Franzetti\"},\"description\":\"Classe 1976, una laurea (nel cassetto) in scienze e tecnologie alimentari; sono giornalista professionista dal 2009 nato e cresciuto con VareseNews dove mi occupo soprattutto di sport ormai da vent&rsquo;anni. Inviato sui campi (sulle piste, sulle strade...), intervistatore, coordinatore e responsabile delle pagine sportive, mi ritaglio volentieri lo spazio per scrivere di birra sul blog Malto Gradimento. Ho seguito innumerevoli campionati di Serie A di basket, di serie B di calcio, due Mondiali di ciclismo, qualche Giro d&rsquo;;Italia e tanto altro ancora. Collaboro con Tuttosport e altre testate, mi diletto di social. Ho una moglie, un figlio, vivo nella mia Gemonio e ho purtroppo smesso con il basket giocato. &nbsp;\",\"sameAs\":[\"damianofranz\",\"https:\/\/www.linkedin.com\/profile\/view?id=241597124&trk=nav_responsive_tab_profile\",\"https:\/\/twitter.com\/damianofranz\"],\"url\":\"https:\/\/staging.varesenews.it\/persona\/damiano_franzetti-2\/\"}]}<\/script>\n<!-- \/ Yoast SEO plugin. -->","yoast_head_json":{"title":"Varese, una partita speciale con i ragazzi del Gulliver","description":"Venerd\u00ec 5 agosto a \"Varesello\" i ragazzi di Ramella giocheranno con ospiti e operatori della comunit\u00e0 che festeggia i suoi 30 anni","robots":{"index":"noindex","follow":"follow","max-snippet":"max-snippet:-1","max-image-preview":"max-image-preview:large","max-video-preview":"max-video-preview:-1"},"og_locale":"it_IT","og_type":"article","og_title":"Varese, una partita speciale con i ragazzi del Gulliver","og_description":"Venerd\u00ec 5 agosto a \"Varesello\" i ragazzi di Ramella giocheranno con ospiti e operatori della comunit\u00e0 che festeggia i suoi 30 anni","og_url":"https:\/\/staging.varesenews.it\/2016\/07\/varese-una-partita-speciale-con-i-ragazzi-del-gulliver\/539937\/","og_site_name":"VareseNews","article_publisher":"https:\/\/www.facebook.com\/varesenews","article_published_time":"2016-07-26T15:17:46+00:00","article_modified_time":"2016-07-26T15:19:44+00:00","author":"Damiano Franzetti","twitter_card":"summary_large_image","twitter_creator":"@damianofranz","twitter_site":"@varesenews","twitter_misc":{"Scritto da":"Damiano Franzetti","Tempo di lettura stimato":"2 minuti"},"schema":{"@context":"https:\/\/schema.org","@graph":[{"@type":"WebPage","@id":"https:\/\/staging.varesenews.it\/2016\/07\/varese-una-partita-speciale-con-i-ragazzi-del-gulliver\/539937\/","url":"https:\/\/staging.varesenews.it\/2016\/07\/varese-una-partita-speciale-con-i-ragazzi-del-gulliver\/539937\/","name":"Varese, una partita speciale con i ragazzi del Gulliver","isPartOf":{"@id":"https:\/\/staging.varesenews.it\/#website"},"datePublished":"2016-07-26T15:17:46+00:00","dateModified":"2016-07-26T15:19:44+00:00","author":{"@id":"https:\/\/staging.varesenews.it\/#\/schema\/person\/709ae3769f6b4dbde8ec332baede8a5b"},"description":"Venerd\u00ec 5 agosto a \"Varesello\" i ragazzi di Ramella giocheranno con ospiti e operatori della comunit\u00e0 che festeggia i suoi 30 anni","breadcrumb":{"@id":"https:\/\/staging.varesenews.it\/2016\/07\/varese-una-partita-speciale-con-i-ragazzi-del-gulliver\/539937\/#breadcrumb"},"inLanguage":"it-IT","potentialAction":[{"@type":"ReadAction","target":["https:\/\/staging.varesenews.it\/2016\/07\/varese-una-partita-speciale-con-i-ragazzi-del-gulliver\/539937\/"]}]},{"@type":"BreadcrumbList","@id":"https:\/\/staging.varesenews.it\/2016\/07\/varese-una-partita-speciale-con-i-ragazzi-del-gulliver\/539937\/#breadcrumb","itemListElement":[{"@type":"ListItem","position":1,"name":"Home","item":"https:\/\/www.varesenews.it\/"},{"@type":"ListItem","position":2,"name":"Varese, una partita speciale con i ragazzi del Gulliver"}]},{"@type":"WebSite","@id":"https:\/\/staging.varesenews.it\/#website","url":"https:\/\/staging.varesenews.it\/","name":"VareseNews","description":"","potentialAction":[{"@type":"SearchAction","target":{"@type":"EntryPoint","urlTemplate":"https:\/\/staging.varesenews.it\/?s={search_term_string}"},"query-input":"required name=search_term_string"}],"inLanguage":"it-IT"},{"@type":"Person","@id":"https:\/\/staging.varesenews.it\/#\/schema\/person\/709ae3769f6b4dbde8ec332baede8a5b","name":"Damiano Franzetti","image":{"@type":"ImageObject","inLanguage":"it-IT","@id":"https:\/\/staging.varesenews.it\/#\/schema\/person\/image\/","url":"https:\/\/staging.varesenews.it\/wp-content\/uploads\/2020\/12\/damiano_franzetti_colori_500.jpg","contentUrl":"https:\/\/staging.varesenews.it\/wp-content\/uploads\/2020\/12\/damiano_franzetti_colori_500.jpg","caption":"Damiano Franzetti"},"description":"Classe 1976, una laurea (nel cassetto) in scienze e tecnologie alimentari; sono giornalista professionista dal 2009 nato e cresciuto con VareseNews dove mi occupo soprattutto di sport ormai da vent&rsquo;anni. Inviato sui campi (sulle piste, sulle strade...), intervistatore, coordinatore e responsabile delle pagine sportive, mi ritaglio volentieri lo spazio per scrivere di birra sul blog Malto Gradimento. Ho seguito innumerevoli campionati di Serie A di basket, di serie B di calcio, due Mondiali di ciclismo, qualche Giro d&rsquo;;Italia e tanto altro ancora. Collaboro con Tuttosport e altre testate, mi diletto di social. Ho una moglie, un figlio, vivo nella mia Gemonio e ho purtroppo smesso con il basket giocato. &nbsp;","sameAs":["damianofranz","https:\/\/www.linkedin.com\/profile\/view?id=241597124&trk=nav_responsive_tab_profile","https:\/\/twitter.com\/damianofranz"],"url":"https:\/\/staging.varesenews.it\/persona\/damiano_franzetti-2\/"}]}},"post_meta":{"_edit_lock":"1469552164:38","_edit_last":"38","_category_permalink":"14","wdfb_og_title":"","wdfb_og_type":"","wdfb_og_description":"","wdfb_og_images":"a:1:{i:0;s:0:\"\";}","wdfb_og_custom_name":"a:1:{i:0;s:0:\"\";}","wdfb_og_custom_value":"a:1:{i:0;s:0:\"\";}","argomento":"Calcio","_jd_twitter":"","_jd_tweet_this":"yes","ratings_users":"0","ratings_score":"0","ratings_average":"0","foto":"553718","_wpt_short_url":"http:\/\/www.varesenews.it\/2016\/07\/varese-una-partita-speciale-con-i-ragazzi-del-gulliver\/539937\/","_wp_jd_target":"http:\/\/www.varesenews.it\/2016\/07\/varese-una-partita-speciale-con-i-ragazzi-del-gulliver\/539937\/","_jd_wp_twitter":"a:1:{i:0;s:189:\"Varese, una partita speciale con i ragazzi del Gulliver http:\/\/www.varesenews.it\/2016\/07\/varese-una-partita-speciale-con-i-ragazzi-del-gulliver\/539937\/ #calcio #centrogulliver #varesecalcio\";}","_wpt_status_message":"Tweet inviato con successo.","id_leggi_anche":"539895"},"photos":[{"original":"https:\/\/staging.varesenews.it\/photogallery_new\/images\/2016\/07\/raduno-varese-calcio-553718.jpg","full":"https:\/\/staging.varesenews.it\/photogallery_new\/images\/2016\/07\/raduno-varese-calcio-553718.1024x768.jpg","large":"https:\/\/staging.varesenews.it\/photogallery_new\/images\/2016\/07\/raduno-varese-calcio-553718.610x431.jpg"}],"_links":{"self":[{"href":"https:\/\/staging.varesenews.it\/swgapi\/v1\/wp\/v2\/posts\/539937"}],"collection":[{"href":"https:\/\/staging.varesenews.it\/swgapi\/v1\/wp\/v2\/posts"}],"about":[{"href":"https:\/\/staging.varesenews.it\/swgapi\/v1\/wp\/v2\/types\/post"}],"author":[{"embeddable":true,"href":"https:\/\/staging.varesenews.it\/swgapi\/v1\/wp\/v2\/users\/38"}],"replies":[{"embeddable":true,"href":"https:\/\/staging.varesenews.it\/swgapi\/v1\/wp\/v2\/comments?post=539937"}],"version-history":[{"count":0,"href":"https:\/\/staging.varesenews.it\/swgapi\/v1\/wp\/v2\/posts\/539937\/revisions"}],"wp:attachment":[{"href":"https:\/\/staging.varesenews.it\/swgapi\/v1\/wp\/v2\/media?parent=539937"}],"wp:term":[{"taxonomy":"category","embeddable":true,"href":"https:\/\/staging.varesenews.it\/swgapi\/v1\/wp\/v2\/categories?post=539937"},{"taxonomy":"post_tag","embeddable":true,"href":"https:\/\/staging.varesenews.it\/swgapi\/v1\/wp\/v2\/tags?post=539937"}],"curies":[{"name":"wp","href":"https:\/\/api.w.org\/{rel}","templated":true}]}}