{"id":540509,"date":"2016-07-28T12:54:29","date_gmt":"2016-07-28T10:54:29","guid":{"rendered":"http:\/\/www.varesenews.it\/?p=540509"},"modified":"2016-07-28T13:00:33","modified_gmt":"2016-07-28T11:00:33","slug":"fallisce-il-tour-operator-vacanze-a-rischio-per-migliaia-di-persone","status":"publish","type":"post","link":"https:\/\/staging.varesenews.it\/2016\/07\/fallisce-il-tour-operator-vacanze-a-rischio-per-migliaia-di-persone\/540509\/","title":{"rendered":"Fallisce il tour operator, vacanze a rischio per migliaia di persone"},"content":{"rendered":"<p>Il tour operator fallisce e migliaia di vacanzieri rischiano di rimanere a casa. Nel Regno Unito &#8211; &#8220;patria&#8221; della <strong>Lowcostholidays<\/strong>, la societ\u00e0 coinvolta &#8211; ma anche in vari Stati d&#8217;Europa, Italia compresa. Solo nel Regno Unito si parla di 50 milioni di sterline spese per questa estate 2016, mentre complessivamente sarebbero 140mila i clienti coinvolti.<\/p>\n<p>&#8220;Sostanzialmente la Lowcostholidays Spain SL pur avendo ricevuto i pagamenti dai clienti non ha pagato i fornitori&#8221; denuncia l&#8217;associazione di consumatorici CODICI. Adesso <strong>i rischi per i consumatori sono molto alti: rinunciare alle vacanze?<\/strong> Oppure sostenere significativi costi per poter effettuare le tante agognate vacanze?<br \/>\nPartire? Si pu\u00f2, i problemi per\u00f2 potrebbero iniziare una volta atterrati. &#8220;A quanto pare, come affermato dalla stessa compagnia,<strong> i voli prenotati nella maggior parte dei casi risultano regolarmente pagati, ma i problemi principali potrebbero verificarsi a terra<\/strong>, quando gli utenti si ritroveranno con le prenotazioni degli alberghi cancellate oppure con richieste di pagamento che gli albergatori rivolgeranno loro direttamente&#8221;.<\/p>\n<p>Nata in Regno Unito, Lowcostholidays si \u00e8 trasferita in Spagna, nelle Baleari, per motivi fiscali. E ora \u00e8 vittima (la societ\u00e0, ma anche i clienti) della <strong>pessima stagione internazionale, tra gli scossoni della Brexit<\/strong> (che ha spaventato il mercato britannico e indotto a risparmiare) e la <strong>paura del terrorismo e dell&#8217;instabilit\u00e0 in Turchia<\/strong>, come ha dichiarato <a href=\"http:\/\/www.independent.co.uk\/travel\/low-cost-holidays-budget-online-travel-agents-boss-bankrupt-collapse-a7158006.html\" target=\"_blank\">l&#8217;amministratore delegato all&#8217;Indipendent<\/a>. Dal 21 luglio la societ\u00e0 \u00e8 in fallimento e sul <a href=\"http:\/\/www.lowcostholidays.it\/\" target=\"_blank\">suo sito<\/a> si trovano solo le indicaioni per chiedere rimborsi.<\/p>\n<p>\u00abAncora una volta un caso di fallimento di un tour operator in cui a pagare saranno soltanto i consumatori, che in questo caso dovranno subire ulteriori costi da pagare in loco per realizzare il sogno delle tanto meritate vacanze estive, altri addirittura potrebbero anche vederlo sfumare se non saranno in grado di sostenere tali costi aggiuntivi\u00bb, afferma il segretario regionale di Codici Davide Zanon.<\/p>\n<p><strong>La compagnia invita a conservare tutte le ricevute delle spese<\/strong> e a rivolgersi alla e-mail lowcosttravelspain@smith.williamson.co.uk per effettuare il reclamo. &#8220;Eppure molti utenti, riunitisi su forum online come quello di Tripadvisor, lamentano il fatto che queste e-mail tornino indietro al mittente senza alcuna risposta&#8221; denunciano le associazioni di consumatori. &#8220;Comunque i metodi per ottenere il rimborso sono vari: attivare la procedura di Chargeback se si e\u0300 pagato con carta di credito (entro 120 giorni dal pagamento); oppure reclamare entro 180 se si e\u0300 pagato con PayPal, verificare le condizioni di contratto se si e\u0300 stipulata una polizza assicurativa, infine richiedere il rimborso al Fondo di Garanzia dell\u2019Autorita\u0300 spagnola, dal momento che l\u2019agenzia ha sede nelle isole Baleari&#8221;.<\/p>\n","protected":false},"excerpt":{"rendered":"<p>Scossoni della Brexit, terrorismo e instabilit\u00e0 hanno dato il colpo finale all&#8217;anglo-spagnola Lowcostholidays. Si muovono le associazioni di consumatori<\/p>\n","protected":false},"author":46,"featured_media":0,"comment_status":"open","ping_status":"open","sticky":false,"template":"","format":"standard","meta":{"footnotes":""},"categories":[9],"tags":[928,63145,3146],"acf":[],"yoast_head":"<!-- This site is optimized with the Yoast SEO plugin v20.1 - https:\/\/yoast.com\/wordpress\/plugins\/seo\/ -->\n<title>Fallisce il tour operator, vacanze a rischio per migliaia di persone<\/title>\n<meta name=\"description\" content=\"Scossoni della Brexit, terrorismo e instabilit\u00e0 hanno dato il colpo finale all&#039;anglo-spagnola Lowcostholidays. Si muovono le associazioni di consumatori\" \/>\n<meta name=\"robots\" content=\"noindex, follow, max-snippet:-1, max-image-preview:large, max-video-preview:-1\" \/>\n<meta property=\"og:locale\" content=\"it_IT\" \/>\n<meta property=\"og:type\" content=\"article\" \/>\n<meta property=\"og:title\" content=\"Fallisce il tour operator, vacanze a rischio per migliaia di persone\" \/>\n<meta property=\"og:description\" content=\"Scossoni della Brexit, terrorismo e instabilit\u00e0 hanno dato il colpo finale all&#039;anglo-spagnola Lowcostholidays. Si muovono le associazioni di consumatori\" \/>\n<meta property=\"og:url\" content=\"https:\/\/staging.varesenews.it\/2016\/07\/fallisce-il-tour-operator-vacanze-a-rischio-per-migliaia-di-persone\/540509\/\" \/>\n<meta property=\"og:site_name\" content=\"VareseNews\" \/>\n<meta property=\"article:publisher\" content=\"https:\/\/www.facebook.com\/varesenews\" \/>\n<meta property=\"article:published_time\" content=\"2016-07-28T10:54:29+00:00\" \/>\n<meta property=\"article:modified_time\" content=\"2016-07-28T11:00:33+00:00\" \/>\n<meta name=\"author\" content=\"Roberto Morandi\" \/>\n<meta name=\"twitter:card\" content=\"summary_large_image\" \/>\n<meta name=\"twitter:creator\" content=\"@ilmorands\" \/>\n<meta name=\"twitter:site\" content=\"@varesenews\" \/>\n<meta name=\"twitter:label1\" content=\"Scritto da\" \/>\n\t<meta name=\"twitter:data1\" content=\"Roberto Morandi\" \/>\n\t<meta name=\"twitter:label2\" content=\"Tempo di lettura stimato\" \/>\n\t<meta name=\"twitter:data2\" content=\"2 minuti\" \/>\n<script type=\"application\/ld+json\" class=\"yoast-schema-graph\">{\"@context\":\"https:\/\/schema.org\",\"@graph\":[{\"@type\":\"WebPage\",\"@id\":\"https:\/\/staging.varesenews.it\/2016\/07\/fallisce-il-tour-operator-vacanze-a-rischio-per-migliaia-di-persone\/540509\/\",\"url\":\"https:\/\/staging.varesenews.it\/2016\/07\/fallisce-il-tour-operator-vacanze-a-rischio-per-migliaia-di-persone\/540509\/\",\"name\":\"Fallisce il tour operator, vacanze a rischio per migliaia di persone\",\"isPartOf\":{\"@id\":\"https:\/\/staging.varesenews.it\/#website\"},\"datePublished\":\"2016-07-28T10:54:29+00:00\",\"dateModified\":\"2016-07-28T11:00:33+00:00\",\"author\":{\"@id\":\"https:\/\/staging.varesenews.it\/#\/schema\/person\/efe592ae4c76536b551f89d8b6674bc3\"},\"description\":\"Scossoni della Brexit, terrorismo e instabilit\u00e0 hanno dato il colpo finale all'anglo-spagnola Lowcostholidays. Si muovono le associazioni di consumatori\",\"breadcrumb\":{\"@id\":\"https:\/\/staging.varesenews.it\/2016\/07\/fallisce-il-tour-operator-vacanze-a-rischio-per-migliaia-di-persone\/540509\/#breadcrumb\"},\"inLanguage\":\"it-IT\",\"potentialAction\":[{\"@type\":\"ReadAction\",\"target\":[\"https:\/\/staging.varesenews.it\/2016\/07\/fallisce-il-tour-operator-vacanze-a-rischio-per-migliaia-di-persone\/540509\/\"]}]},{\"@type\":\"BreadcrumbList\",\"@id\":\"https:\/\/staging.varesenews.it\/2016\/07\/fallisce-il-tour-operator-vacanze-a-rischio-per-migliaia-di-persone\/540509\/#breadcrumb\",\"itemListElement\":[{\"@type\":\"ListItem\",\"position\":1,\"name\":\"Home\",\"item\":\"https:\/\/www.varesenews.it\/\"},{\"@type\":\"ListItem\",\"position\":2,\"name\":\"Fallisce il tour operator, vacanze a rischio per migliaia di persone\"}]},{\"@type\":\"WebSite\",\"@id\":\"https:\/\/staging.varesenews.it\/#website\",\"url\":\"https:\/\/staging.varesenews.it\/\",\"name\":\"VareseNews\",\"description\":\"\",\"potentialAction\":[{\"@type\":\"SearchAction\",\"target\":{\"@type\":\"EntryPoint\",\"urlTemplate\":\"https:\/\/staging.varesenews.it\/?s={search_term_string}\"},\"query-input\":\"required name=search_term_string\"}],\"inLanguage\":\"it-IT\"},{\"@type\":\"Person\",\"@id\":\"https:\/\/staging.varesenews.it\/#\/schema\/person\/efe592ae4c76536b551f89d8b6674bc3\",\"name\":\"Roberto Morandi\",\"image\":{\"@type\":\"ImageObject\",\"inLanguage\":\"it-IT\",\"@id\":\"https:\/\/staging.varesenews.it\/#\/schema\/person\/image\/\",\"url\":\"https:\/\/staging.varesenews.it\/wp-content\/uploads\/2020\/12\/roberto_morandi_colori_500.jpg\",\"contentUrl\":\"https:\/\/staging.varesenews.it\/wp-content\/uploads\/2020\/12\/roberto_morandi_colori_500.jpg\",\"caption\":\"Roberto Morandi\"},\"description\":\"Classe 1980, laureato in storia, mi occupo dell&rsquo;area di Gallarate e di Malpensa, di trasporti e mobilit&agrave;. Amo molto la dimensione della citt&agrave;, come luogo d&rsquo;incontro di persone diverse e come organismo che si trasforma costantemente. Mi piace anche raccontare le piccole e grandi vicende, anche locali, che compongono la Storia con la S maiuscola. Appassionato di bicicletta: la macchina perfetta per muoversi in citt&agrave; e per viaggiare.\",\"sameAs\":[\"https:\/\/twitter.com\/ilmorands\"],\"url\":\"https:\/\/staging.varesenews.it\/persona\/roberto-morandi1\/\"}]}<\/script>\n<!-- \/ Yoast SEO plugin. -->","yoast_head_json":{"title":"Fallisce il tour operator, vacanze a rischio per migliaia di persone","description":"Scossoni della Brexit, terrorismo e instabilit\u00e0 hanno dato il colpo finale all'anglo-spagnola Lowcostholidays. Si muovono le associazioni di consumatori","robots":{"index":"noindex","follow":"follow","max-snippet":"max-snippet:-1","max-image-preview":"max-image-preview:large","max-video-preview":"max-video-preview:-1"},"og_locale":"it_IT","og_type":"article","og_title":"Fallisce il tour operator, vacanze a rischio per migliaia di persone","og_description":"Scossoni della Brexit, terrorismo e instabilit\u00e0 hanno dato il colpo finale all'anglo-spagnola Lowcostholidays. Si muovono le associazioni di consumatori","og_url":"https:\/\/staging.varesenews.it\/2016\/07\/fallisce-il-tour-operator-vacanze-a-rischio-per-migliaia-di-persone\/540509\/","og_site_name":"VareseNews","article_publisher":"https:\/\/www.facebook.com\/varesenews","article_published_time":"2016-07-28T10:54:29+00:00","article_modified_time":"2016-07-28T11:00:33+00:00","author":"Roberto Morandi","twitter_card":"summary_large_image","twitter_creator":"@ilmorands","twitter_site":"@varesenews","twitter_misc":{"Scritto da":"Roberto Morandi","Tempo di lettura stimato":"2 minuti"},"schema":{"@context":"https:\/\/schema.org","@graph":[{"@type":"WebPage","@id":"https:\/\/staging.varesenews.it\/2016\/07\/fallisce-il-tour-operator-vacanze-a-rischio-per-migliaia-di-persone\/540509\/","url":"https:\/\/staging.varesenews.it\/2016\/07\/fallisce-il-tour-operator-vacanze-a-rischio-per-migliaia-di-persone\/540509\/","name":"Fallisce il tour operator, vacanze a rischio per migliaia di persone","isPartOf":{"@id":"https:\/\/staging.varesenews.it\/#website"},"datePublished":"2016-07-28T10:54:29+00:00","dateModified":"2016-07-28T11:00:33+00:00","author":{"@id":"https:\/\/staging.varesenews.it\/#\/schema\/person\/efe592ae4c76536b551f89d8b6674bc3"},"description":"Scossoni della Brexit, terrorismo e instabilit\u00e0 hanno dato il colpo finale all'anglo-spagnola Lowcostholidays. Si muovono le associazioni di consumatori","breadcrumb":{"@id":"https:\/\/staging.varesenews.it\/2016\/07\/fallisce-il-tour-operator-vacanze-a-rischio-per-migliaia-di-persone\/540509\/#breadcrumb"},"inLanguage":"it-IT","potentialAction":[{"@type":"ReadAction","target":["https:\/\/staging.varesenews.it\/2016\/07\/fallisce-il-tour-operator-vacanze-a-rischio-per-migliaia-di-persone\/540509\/"]}]},{"@type":"BreadcrumbList","@id":"https:\/\/staging.varesenews.it\/2016\/07\/fallisce-il-tour-operator-vacanze-a-rischio-per-migliaia-di-persone\/540509\/#breadcrumb","itemListElement":[{"@type":"ListItem","position":1,"name":"Home","item":"https:\/\/www.varesenews.it\/"},{"@type":"ListItem","position":2,"name":"Fallisce il tour operator, vacanze a rischio per migliaia di persone"}]},{"@type":"WebSite","@id":"https:\/\/staging.varesenews.it\/#website","url":"https:\/\/staging.varesenews.it\/","name":"VareseNews","description":"","potentialAction":[{"@type":"SearchAction","target":{"@type":"EntryPoint","urlTemplate":"https:\/\/staging.varesenews.it\/?s={search_term_string}"},"query-input":"required name=search_term_string"}],"inLanguage":"it-IT"},{"@type":"Person","@id":"https:\/\/staging.varesenews.it\/#\/schema\/person\/efe592ae4c76536b551f89d8b6674bc3","name":"Roberto Morandi","image":{"@type":"ImageObject","inLanguage":"it-IT","@id":"https:\/\/staging.varesenews.it\/#\/schema\/person\/image\/","url":"https:\/\/staging.varesenews.it\/wp-content\/uploads\/2020\/12\/roberto_morandi_colori_500.jpg","contentUrl":"https:\/\/staging.varesenews.it\/wp-content\/uploads\/2020\/12\/roberto_morandi_colori_500.jpg","caption":"Roberto Morandi"},"description":"Classe 1980, laureato in storia, mi occupo dell&rsquo;area di Gallarate e di Malpensa, di trasporti e mobilit&agrave;. Amo molto la dimensione della citt&agrave;, come luogo d&rsquo;incontro di persone diverse e come organismo che si trasforma costantemente. Mi piace anche raccontare le piccole e grandi vicende, anche locali, che compongono la Storia con la S maiuscola. Appassionato di bicicletta: la macchina perfetta per muoversi in citt&agrave; e per viaggiare.","sameAs":["https:\/\/twitter.com\/ilmorands"],"url":"https:\/\/staging.varesenews.it\/persona\/roberto-morandi1\/"}]}},"post_meta":{"_edit_lock":"1469709983:46","_edit_last":"46","_category_permalink":"9","ratings_users":"0","ratings_score":"0","ratings_average":"0","wdfb_og_title":"","wdfb_og_type":"","wdfb_og_description":"","wdfb_og_images":"a:1:{i:0;s:0:\"\";}","wdfb_og_custom_name":"a:1:{i:0;s:0:\"\";}","wdfb_og_custom_value":"a:1:{i:0;s:0:\"\";}","foto":"474880","firma_come_redazione":"1","argomento":"Vacanze","_jd_twitter":"","_jd_tweet_this":"yes","_wpt_short_url":"http:\/\/www.varesenews.it\/2016\/07\/fallisce-il-tour-operator-vacanze-a-rischio-per-migliaia-di-persone\/540509\/","_wp_jd_target":"http:\/\/www.varesenews.it\/2016\/07\/fallisce-il-tour-operator-vacanze-a-rischio-per-migliaia-di-persone\/540509\/","_jd_wp_twitter":"a:1:{i:0;s:215:\"Fallisce il tour operator, vacanze a rischio per migliaia di persone http:\/\/www.varesenews.it\/2016\/07\/fallisce-il-tour-operator-vacanze-a-rischio-per-migliaia-di-persone\/540509\/ #fallimento #lowcostholidays #vacanze\";}","_wpt_status_message":"Tweet inviato con successo."},"photos":[{"original":"https:\/\/staging.varesenews.it\/photogallery_new\/images\/2015\/08\/dieci-spiagge-da-sogno-474880.jpg","full":"https:\/\/staging.varesenews.it\/photogallery_new\/images\/2015\/08\/dieci-spiagge-da-sogno-474880.1024x768.jpg","large":"https:\/\/staging.varesenews.it\/photogallery_new\/images\/2015\/08\/dieci-spiagge-da-sogno-474880.610x431.jpg"}],"_links":{"self":[{"href":"https:\/\/staging.varesenews.it\/swgapi\/v1\/wp\/v2\/posts\/540509"}],"collection":[{"href":"https:\/\/staging.varesenews.it\/swgapi\/v1\/wp\/v2\/posts"}],"about":[{"href":"https:\/\/staging.varesenews.it\/swgapi\/v1\/wp\/v2\/types\/post"}],"author":[{"embeddable":true,"href":"https:\/\/staging.varesenews.it\/swgapi\/v1\/wp\/v2\/users\/46"}],"replies":[{"embeddable":true,"href":"https:\/\/staging.varesenews.it\/swgapi\/v1\/wp\/v2\/comments?post=540509"}],"version-history":[{"count":0,"href":"https:\/\/staging.varesenews.it\/swgapi\/v1\/wp\/v2\/posts\/540509\/revisions"}],"wp:attachment":[{"href":"https:\/\/staging.varesenews.it\/swgapi\/v1\/wp\/v2\/media?parent=540509"}],"wp:term":[{"taxonomy":"category","embeddable":true,"href":"https:\/\/staging.varesenews.it\/swgapi\/v1\/wp\/v2\/categories?post=540509"},{"taxonomy":"post_tag","embeddable":true,"href":"https:\/\/staging.varesenews.it\/swgapi\/v1\/wp\/v2\/tags?post=540509"}],"curies":[{"name":"wp","href":"https:\/\/api.w.org\/{rel}","templated":true}]}}