{"id":540778,"date":"2016-07-29T10:10:14","date_gmt":"2016-07-29T08:10:14","guid":{"rendered":"http:\/\/www.varesenews.it\/?p=540778"},"modified":"2016-07-29T10:10:14","modified_gmt":"2016-07-29T08:10:14","slug":"per-la-pace-un-voto-allunanimita","status":"publish","type":"post","link":"https:\/\/staging.varesenews.it\/2016\/07\/per-la-pace-un-voto-allunanimita\/540778\/","title":{"rendered":"Per la pace un voto all&#8217;unanimit\u00e0"},"content":{"rendered":"<p>La condanna della violenza e del terrorismo ma anche l&#8217;importanza di perseguire la pace. Sono questi in estrema sintesi i contenuti del <strong>documento che il consiglio comunale di Ispra ha approvato mercoled\u00ec all&#8217;unanimit\u00e0.<\/strong><\/p>\n<p>Di seguito il testo completo votato dai consiglieri:<\/p>\n<p>&#8220;Considerato che:<\/p>\n<p>\uf0b7 \u00a0le recenti notizie di cronaca evidenziano un allarmante aumento, in tutti i paesi, di fenomeni di violenza e intimidazione a danno delle persone e delle libert\u00e0 fondamentali e inalienabili su cui si fonda la nostra civilt\u00e0;<br \/>\n\uf0b7 \u00a0i suddetti atti di terrorismo e il clima che li anima risultano in contrasto con lo spirito dei valori della Costituzione italiana, della Convenzione europea dei Diritti dell\u2019Uomo, della Dichiarazione Universale dei Diritti Umani, della Carta dei diritti fondamentali dell&#8217;Unione europea;<br \/>\n\uf0b7 \u00a0la stessa Costituzione italiana non si limita a riconoscere i diritti degli individui, ma impegna le Istituzioni ad adoperarsi per combattere violenze, disuguaglianze ed ingiustizie per garantire l\u2019effettivo esercizio dei diritti di libert\u00e0 contro chiunque cerchi di limitarli o di impedirli;<br \/>\nche qualsiasi azione terroristica di qualsivoglia matrice ideologica, in qualunque modo la violenza si estrinsechi, trover\u00e0 sempre una ferma condanna da parte della nostra societ\u00e0 fondata sui principi della Democrazia;<br \/>\n\uf0b7 \u00a0che <strong>la pace \u00e8 un diritto fondamentale della persona e dei popoli;<\/strong><\/p>\n<p>Ritenuto<br \/>\nche nessuna efferata violenza ad opera di gruppi terroristici potr\u00e0 spezzare n\u00e9 comprimere il processo di integrazione, tolleranza, rispetto, accoglienza e sostegno per i pi\u00f9 deboli;<br \/>\n\uf0b7 \u00a0che siano da evitare strumentalizzazioni e semplificazioni che tendano a distorcere l\u2019interpretazione degli eventi, favorendo l\u2019insorgere di atteggiamenti xenofobi e discriminatori;<br \/>\nche l\u2019educazione al rispetto delle diversit\u00e0 di opinione \u00e8 fondamentale per l\u2019intera comunit\u00e0, soprattutto per i pi\u00f9 giovani di ogni Paese e di ogni convinzione religiosa, affinch\u00e9 nel corso della loro formazione, possano cogliere la diversit\u00e0 come valore, la libert\u00e0 di religione come scelta di pace e di amore verso il prossimo e la convivenza tra individui di diversi Paesi come arricchimento reciproco e crescita dei valori condivisi nel rispetto vicendevole;<\/p>\n<p>Tanto sopra premesso il Consiglio Comunale\u00a0condanna fermamente ogni atto di violenza;<br \/>\nesprime piena solidariet\u00e0 ai cittadini e alle istituzioni dei paesi vittime degli atti di terrorismo e violenza, unendosi al dolore delle famiglie colpite;<br \/>\nafferma con forza che la paura non ci far\u00e0 arretrare rispetto a quanto di pi\u00f9 prezioso abbiamo costruito in termini di civilt\u00e0 e di diritto;<br \/>\nribadisce che l\u2019Europa democratica e solidale continuer\u00e0 a impegnarsi nella realizzazione di una forma di vita sociale in cui gli interessi si compenetrino vicenda e si valorizzi il senso delle conquiste democratiche raggiunte; \u00a0 chiede che chi ci governa continui ad operare per costruire un\u2019intesa politica operativa, condivisa con tutti i paesi democratici, volta a contrastare l\u2019azione violenta e distruttrice delle organizzazioni estremiste, e perch\u00e9 si attui una severa regolamentazione del commercio delle armi a livello globale, quale primo e indispensabile passo per mitigare i conflitti in corso e che metta in campo tutte le strategie e le risorse possibili atte a garantire la sicurezza dei cittadini ed il loro diritto ad essere difesi.<\/p>\n<p>Ispra, 27\/07\/2016&#8243;<\/p>\n","protected":false},"excerpt":{"rendered":"<p>In consiglio comunale l&#8217;approvazione di un documento che condanna la violenza e il terrorismo<\/p>\n","protected":false},"author":43,"featured_media":0,"comment_status":"open","ping_status":"open","sticky":false,"template":"","format":"standard","meta":{"footnotes":""},"categories":[2],"tags":[57035,1065,41496,1418,2387],"acf":[],"yoast_head":"<!-- This site is optimized with the Yoast SEO plugin v20.1 - https:\/\/yoast.com\/wordpress\/plugins\/seo\/ -->\n<title>Per la pace un voto all&#039;unanimit\u00e0<\/title>\n<meta name=\"description\" content=\"In consiglio comunale l&#039;approvazione di un documento che condanna la violenza e il terrorismo\" \/>\n<meta name=\"robots\" content=\"noindex, follow, max-snippet:-1, max-image-preview:large, max-video-preview:-1\" \/>\n<meta property=\"og:locale\" content=\"it_IT\" \/>\n<meta property=\"og:type\" content=\"article\" \/>\n<meta property=\"og:title\" content=\"Per la pace un voto all&#039;unanimit\u00e0\" \/>\n<meta property=\"og:description\" content=\"In consiglio comunale l&#039;approvazione di un documento che condanna la violenza e il terrorismo\" \/>\n<meta property=\"og:url\" content=\"https:\/\/staging.varesenews.it\/2016\/07\/per-la-pace-un-voto-allunanimita\/540778\/\" \/>\n<meta property=\"og:site_name\" content=\"VareseNews\" \/>\n<meta property=\"article:publisher\" content=\"https:\/\/www.facebook.com\/varesenews\" \/>\n<meta property=\"article:author\" content=\"https:\/\/www.facebook.com\/mariacarla.cebrelli\" \/>\n<meta property=\"article:published_time\" content=\"2016-07-29T08:10:14+00:00\" \/>\n<meta name=\"author\" content=\"Maria Carla Cebrelli\" \/>\n<meta name=\"twitter:card\" content=\"summary_large_image\" \/>\n<meta name=\"twitter:creator\" content=\"@pikapiketti\" \/>\n<meta name=\"twitter:site\" content=\"@varesenews\" \/>\n<meta name=\"twitter:label1\" content=\"Scritto da\" \/>\n\t<meta name=\"twitter:data1\" content=\"Maria Carla Cebrelli\" \/>\n\t<meta name=\"twitter:label2\" content=\"Tempo di lettura stimato\" \/>\n\t<meta name=\"twitter:data2\" content=\"3 minuti\" \/>\n<script type=\"application\/ld+json\" class=\"yoast-schema-graph\">{\"@context\":\"https:\/\/schema.org\",\"@graph\":[{\"@type\":\"WebPage\",\"@id\":\"https:\/\/staging.varesenews.it\/2016\/07\/per-la-pace-un-voto-allunanimita\/540778\/\",\"url\":\"https:\/\/staging.varesenews.it\/2016\/07\/per-la-pace-un-voto-allunanimita\/540778\/\",\"name\":\"Per la pace un voto all'unanimit\u00e0\",\"isPartOf\":{\"@id\":\"https:\/\/staging.varesenews.it\/#website\"},\"datePublished\":\"2016-07-29T08:10:14+00:00\",\"dateModified\":\"2016-07-29T08:10:14+00:00\",\"author\":{\"@id\":\"https:\/\/staging.varesenews.it\/#\/schema\/person\/5bf790e99d7ec50061119cc825c454de\"},\"description\":\"In consiglio comunale l'approvazione di un documento che condanna la violenza e il terrorismo\",\"breadcrumb\":{\"@id\":\"https:\/\/staging.varesenews.it\/2016\/07\/per-la-pace-un-voto-allunanimita\/540778\/#breadcrumb\"},\"inLanguage\":\"it-IT\",\"potentialAction\":[{\"@type\":\"ReadAction\",\"target\":[\"https:\/\/staging.varesenews.it\/2016\/07\/per-la-pace-un-voto-allunanimita\/540778\/\"]}]},{\"@type\":\"BreadcrumbList\",\"@id\":\"https:\/\/staging.varesenews.it\/2016\/07\/per-la-pace-un-voto-allunanimita\/540778\/#breadcrumb\",\"itemListElement\":[{\"@type\":\"ListItem\",\"position\":1,\"name\":\"Home\",\"item\":\"https:\/\/www.varesenews.it\/\"},{\"@type\":\"ListItem\",\"position\":2,\"name\":\"Per la pace un voto all&#8217;unanimit\u00e0\"}]},{\"@type\":\"WebSite\",\"@id\":\"https:\/\/staging.varesenews.it\/#website\",\"url\":\"https:\/\/staging.varesenews.it\/\",\"name\":\"VareseNews\",\"description\":\"\",\"potentialAction\":[{\"@type\":\"SearchAction\",\"target\":{\"@type\":\"EntryPoint\",\"urlTemplate\":\"https:\/\/staging.varesenews.it\/?s={search_term_string}\"},\"query-input\":\"required name=search_term_string\"}],\"inLanguage\":\"it-IT\"},{\"@type\":\"Person\",\"@id\":\"https:\/\/staging.varesenews.it\/#\/schema\/person\/5bf790e99d7ec50061119cc825c454de\",\"name\":\"Maria Carla Cebrelli\",\"image\":{\"@type\":\"ImageObject\",\"inLanguage\":\"it-IT\",\"@id\":\"https:\/\/staging.varesenews.it\/#\/schema\/person\/image\/\",\"url\":\"https:\/\/staging.varesenews.it\/wp-content\/uploads\/2020\/12\/mariacarla_cebrelli_colori_500-1.jpg\",\"contentUrl\":\"https:\/\/staging.varesenews.it\/wp-content\/uploads\/2020\/12\/mariacarla_cebrelli_colori_500-1.jpg\",\"caption\":\"Maria Carla Cebrelli\"},\"description\":\"Economista di formazione, giornalista per passione. A VareseNews dal 2005, mi sono occupata negli anni di universit&agrave;, tematiche di confine, news locali e comunicazione nel settore sociale. Attualmente sono responsabile di VerbanoNews, del canale di VareseNews dedicato al Turismo e seguo i social dell'area business.\",\"sameAs\":[\"https:\/\/www.facebook.com\/mariacarla.cebrelli\",\"pikapiketti\",\"https:\/\/twitter.com\/pikapiketti\"],\"url\":\"https:\/\/staging.varesenews.it\/persona\/mariacarla-cebrelli1\/\"}]}<\/script>\n<!-- \/ Yoast SEO plugin. -->","yoast_head_json":{"title":"Per la pace un voto all'unanimit\u00e0","description":"In consiglio comunale l'approvazione di un documento che condanna la violenza e il terrorismo","robots":{"index":"noindex","follow":"follow","max-snippet":"max-snippet:-1","max-image-preview":"max-image-preview:large","max-video-preview":"max-video-preview:-1"},"og_locale":"it_IT","og_type":"article","og_title":"Per la pace un voto all'unanimit\u00e0","og_description":"In consiglio comunale l'approvazione di un documento che condanna la violenza e il terrorismo","og_url":"https:\/\/staging.varesenews.it\/2016\/07\/per-la-pace-un-voto-allunanimita\/540778\/","og_site_name":"VareseNews","article_publisher":"https:\/\/www.facebook.com\/varesenews","article_author":"https:\/\/www.facebook.com\/mariacarla.cebrelli","article_published_time":"2016-07-29T08:10:14+00:00","author":"Maria Carla Cebrelli","twitter_card":"summary_large_image","twitter_creator":"@pikapiketti","twitter_site":"@varesenews","twitter_misc":{"Scritto da":"Maria Carla Cebrelli","Tempo di lettura stimato":"3 minuti"},"schema":{"@context":"https:\/\/schema.org","@graph":[{"@type":"WebPage","@id":"https:\/\/staging.varesenews.it\/2016\/07\/per-la-pace-un-voto-allunanimita\/540778\/","url":"https:\/\/staging.varesenews.it\/2016\/07\/per-la-pace-un-voto-allunanimita\/540778\/","name":"Per la pace un voto all'unanimit\u00e0","isPartOf":{"@id":"https:\/\/staging.varesenews.it\/#website"},"datePublished":"2016-07-29T08:10:14+00:00","dateModified":"2016-07-29T08:10:14+00:00","author":{"@id":"https:\/\/staging.varesenews.it\/#\/schema\/person\/5bf790e99d7ec50061119cc825c454de"},"description":"In consiglio comunale l'approvazione di un documento che condanna la violenza e il terrorismo","breadcrumb":{"@id":"https:\/\/staging.varesenews.it\/2016\/07\/per-la-pace-un-voto-allunanimita\/540778\/#breadcrumb"},"inLanguage":"it-IT","potentialAction":[{"@type":"ReadAction","target":["https:\/\/staging.varesenews.it\/2016\/07\/per-la-pace-un-voto-allunanimita\/540778\/"]}]},{"@type":"BreadcrumbList","@id":"https:\/\/staging.varesenews.it\/2016\/07\/per-la-pace-un-voto-allunanimita\/540778\/#breadcrumb","itemListElement":[{"@type":"ListItem","position":1,"name":"Home","item":"https:\/\/www.varesenews.it\/"},{"@type":"ListItem","position":2,"name":"Per la pace un voto all&#8217;unanimit\u00e0"}]},{"@type":"WebSite","@id":"https:\/\/staging.varesenews.it\/#website","url":"https:\/\/staging.varesenews.it\/","name":"VareseNews","description":"","potentialAction":[{"@type":"SearchAction","target":{"@type":"EntryPoint","urlTemplate":"https:\/\/staging.varesenews.it\/?s={search_term_string}"},"query-input":"required name=search_term_string"}],"inLanguage":"it-IT"},{"@type":"Person","@id":"https:\/\/staging.varesenews.it\/#\/schema\/person\/5bf790e99d7ec50061119cc825c454de","name":"Maria Carla Cebrelli","image":{"@type":"ImageObject","inLanguage":"it-IT","@id":"https:\/\/staging.varesenews.it\/#\/schema\/person\/image\/","url":"https:\/\/staging.varesenews.it\/wp-content\/uploads\/2020\/12\/mariacarla_cebrelli_colori_500-1.jpg","contentUrl":"https:\/\/staging.varesenews.it\/wp-content\/uploads\/2020\/12\/mariacarla_cebrelli_colori_500-1.jpg","caption":"Maria Carla Cebrelli"},"description":"Economista di formazione, giornalista per passione. A VareseNews dal 2005, mi sono occupata negli anni di universit&agrave;, tematiche di confine, news locali e comunicazione nel settore sociale. Attualmente sono responsabile di VerbanoNews, del canale di VareseNews dedicato al Turismo e seguo i social dell'area business.","sameAs":["https:\/\/www.facebook.com\/mariacarla.cebrelli","pikapiketti","https:\/\/twitter.com\/pikapiketti"],"url":"https:\/\/staging.varesenews.it\/persona\/mariacarla-cebrelli1\/"}]}},"post_meta":{"_edit_lock":"1469779712:43","_edit_last":"43","ratings_users":"0","ratings_score":"0","ratings_average":"0","_category_permalink":"","wdfb_og_title":"","wdfb_og_type":"","wdfb_og_description":"","wdfb_og_images":"a:1:{i:0;s:0:\"\";}","wdfb_og_custom_name":"a:1:{i:0;s:0:\"\";}","wdfb_og_custom_value":"a:1:{i:0;s:0:\"\";}","foto":"554859","argomento":"Ispra","_jd_twitter":"","_jd_tweet_this":"yes","_wpt_short_url":"http:\/\/www.varesenews.it\/2016\/07\/per-la-pace-un-voto-allunanimita\/540778\/","_wp_jd_target":"http:\/\/www.varesenews.it\/2016\/07\/per-la-pace-un-voto-allunanimita\/540778\/","_jd_wp_twitter":"a:1:{i:0;s:135:\"Per la pace un voto all'unanimit\u00e0 http:\/\/www.varesenews.it\/2016\/07\/per-la-pace-un-voto-allunanimita\/540778\/ #bassoverbano #ispra #pace\";}","_wpt_status_message":"Tweet inviato con successo."},"photos":[{"original":"https:\/\/staging.varesenews.it\/photogallery_new\/images\/2016\/07\/un-fumetto-per-dire-no-al-terrorismo-554859.jpg","full":"https:\/\/staging.varesenews.it\/photogallery_new\/images\/2016\/07\/un-fumetto-per-dire-no-al-terrorismo-554859.1024x768.jpg","large":"https:\/\/staging.varesenews.it\/photogallery_new\/images\/2016\/07\/un-fumetto-per-dire-no-al-terrorismo-554859.610x431.jpg"}],"_links":{"self":[{"href":"https:\/\/staging.varesenews.it\/swgapi\/v1\/wp\/v2\/posts\/540778"}],"collection":[{"href":"https:\/\/staging.varesenews.it\/swgapi\/v1\/wp\/v2\/posts"}],"about":[{"href":"https:\/\/staging.varesenews.it\/swgapi\/v1\/wp\/v2\/types\/post"}],"author":[{"embeddable":true,"href":"https:\/\/staging.varesenews.it\/swgapi\/v1\/wp\/v2\/users\/43"}],"replies":[{"embeddable":true,"href":"https:\/\/staging.varesenews.it\/swgapi\/v1\/wp\/v2\/comments?post=540778"}],"version-history":[{"count":0,"href":"https:\/\/staging.varesenews.it\/swgapi\/v1\/wp\/v2\/posts\/540778\/revisions"}],"wp:attachment":[{"href":"https:\/\/staging.varesenews.it\/swgapi\/v1\/wp\/v2\/media?parent=540778"}],"wp:term":[{"taxonomy":"category","embeddable":true,"href":"https:\/\/staging.varesenews.it\/swgapi\/v1\/wp\/v2\/categories?post=540778"},{"taxonomy":"post_tag","embeddable":true,"href":"https:\/\/staging.varesenews.it\/swgapi\/v1\/wp\/v2\/tags?post=540778"}],"curies":[{"name":"wp","href":"https:\/\/api.w.org\/{rel}","templated":true}]}}