{"id":540910,"date":"2016-07-29T12:34:46","date_gmt":"2016-07-29T10:34:46","guid":{"rendered":"http:\/\/www.varesenews.it\/?p=540910"},"modified":"2016-07-29T12:34:46","modified_gmt":"2016-07-29T10:34:46","slug":"due-mostre-per-la-pinacoteca-zust-aperta-tutta-lestate","status":"publish","type":"post","link":"https:\/\/staging.varesenews.it\/2016\/07\/due-mostre-per-la-pinacoteca-zust-aperta-tutta-lestate\/540910\/","title":{"rendered":"Due mostre per la Pinacoteca Z\u00fcst aperta tutta l\u2019estate"},"content":{"rendered":"<p><strong>La Pinacoteca Z\u00fcst di Rancate<\/strong> rimane aperta tutta l\u2019estate con l\u2019apertura straordinaria di luned\u00ec 1 e 15 agosto delle mostre in corso: <strong>Arte. Antichit\u00e0. Argenti <\/strong>e<strong> Bastoni che passione.<\/strong><\/p>\n<p>La prima mostra in corso fino al 28 agosto<strong> riunisce per la prima volta le collezioni d\u2019arte che Giovanni Z\u00fcst<\/strong> (Basilea, 1887 &#8211; Rancate, 1976), figura complessa di imprenditore filantropo, don\u00f2 a enti pubblici svizzeri: il Cantone Ticino (1966), che avrebbe quindi aperto la Pinacoteca cantonale Giovanni Z\u00fcst di Rancate, il Cantone di Basilea-Citt\u00e0 (1959), che ricevette cos\u00ec l\u2019impulso per la creazione dell\u2019Antikenmuseum di Basilea, la citt\u00e0 di San Gallo (1967).<\/p>\n<p>Il percorso si snoda tra rare e preziose antichit\u00e0 etrusche, greche e romane, strepitosi argenti dei secoli XVI-XVIII e dipinti di Serodine, Petrini e dei protagonisti dell\u2019Ottocento ticinese (Rinaldi, Luigi Rossi, Ernesto Fontana, Galbusera), accompagnando il visitatore alla scoperta del gusto vario e raffinato di Giovanni Z\u00fcst.<\/p>\n<p>Il percorso espositivo \u00e8 corredato da numerosi filmati e fotografie d\u2019epoca recentemente riscoperti. In mostra anche due poesie di Alberto Nessi dedicate alla Pinacoteca Z\u00fcst e ai dipinti che conserva.<\/p>\n<p><strong>Bastoni che passione<\/strong>, fino al 4 settembre, \u00e8 una collezione di bastoni da passeggio raccolti da Luciano Cattaneo che svelano un aspetto curioso della moda tra Ottocento e Novecento.<\/p>\n<p>In passato simbolo di potere, sostegno, strumento di difesa o complemento del vestiario, per alcuni decenni il bastone \u00e8 stato inoltre un accessorio assolutamente imprescindibile, declinato in innumerevoli forme e materiali \u2013 legno, avorio, metallo, cuoio, ecc. \u2013 per adattarsi a ogni momento della vita sociale e da scegliere con cura, perch\u00e9 specchio della personalit\u00e0 di chi lo esibiva.<\/p>\n<p>Le signore amavano spesso sostituirlo con un grazioso ombrellino, come si pu\u00f2 vedere in mostra in alcune fotografie e nel frizzante ritratto che Giovanni Boldini dedica a un\u2019elegante esponente dell\u2019alta societ\u00e0.<\/p>\n<p>La rassegna intende contestualizzare i bastoni selezionati sia dal punto di vista storico che della moda: ad essi sono infatti accostati abiti coevi, fotografie (molte del celebre fotografo Roberto Donetta), riviste illustrate, dipinti (Bernardino Pasta, Feragutti Visconti, ecc.), in un dialogo serrato che permette di immergersi nello spirito dell\u2019epoca.<\/p>\n<p>Pinacoteca cantonale Giovanni Z\u00fcst<br \/>\nCH-6862 Rancate (Mendrisio), Canton Ticino, Svizzera<\/p>\n<p><a href=\"http:\/\/www.ti.ch\/zuest\">www.ti.ch\/zuest<\/a><\/p>\n<p>Orario: 14-18<\/p>\n<p>Info: Tel. 0041 (0)91 816 47 91; www.ti.ch\/zuest<\/p>\n","protected":false},"excerpt":{"rendered":"<p>Doppia esposizione dedicata agli argenti della collezione di Giovanni Z\u00fcst e i bastoni tra Otto e Novecento di Luciano Cattaneo<\/p>\n","protected":false},"author":36,"featured_media":0,"comment_status":"open","ping_status":"open","sticky":false,"template":"","format":"standard","meta":{"footnotes":""},"categories":[8,18],"tags":[],"acf":[],"yoast_head":"<!-- This site is optimized with the Yoast SEO plugin v20.1 - https:\/\/yoast.com\/wordpress\/plugins\/seo\/ -->\n<title>Due mostre per la Pinacoteca Z\u00fcst aperta tutta l\u2019estate<\/title>\n<meta name=\"description\" content=\"Doppia esposizione dedicata agli argenti della collezione di Giovanni Z\u00fcst e i bastoni tra Otto e Novecento di Luciano Cattaneo\" \/>\n<meta name=\"robots\" content=\"noindex, follow, max-snippet:-1, max-image-preview:large, max-video-preview:-1\" \/>\n<meta property=\"og:locale\" content=\"it_IT\" \/>\n<meta property=\"og:type\" content=\"article\" \/>\n<meta property=\"og:title\" content=\"Due mostre per la Pinacoteca Z\u00fcst aperta tutta l\u2019estate\" \/>\n<meta property=\"og:description\" content=\"Doppia esposizione dedicata agli argenti della collezione di Giovanni Z\u00fcst e i bastoni tra Otto e Novecento di Luciano Cattaneo\" \/>\n<meta property=\"og:url\" content=\"https:\/\/staging.varesenews.it\/2016\/07\/due-mostre-per-la-pinacoteca-zust-aperta-tutta-lestate\/540910\/\" \/>\n<meta property=\"og:site_name\" content=\"VareseNews\" \/>\n<meta property=\"article:publisher\" content=\"https:\/\/www.facebook.com\/varesenews\" \/>\n<meta property=\"article:published_time\" content=\"2016-07-29T10:34:46+00:00\" \/>\n<meta name=\"author\" content=\"Erika La Rosa\" \/>\n<meta name=\"twitter:card\" content=\"summary_large_image\" \/>\n<meta name=\"twitter:creator\" content=\"@twerirosa\" \/>\n<meta name=\"twitter:site\" content=\"@varesenews\" \/>\n<meta name=\"twitter:label1\" content=\"Scritto da\" \/>\n\t<meta name=\"twitter:data1\" content=\"Erika La Rosa\" \/>\n\t<meta name=\"twitter:label2\" content=\"Tempo di lettura stimato\" \/>\n\t<meta name=\"twitter:data2\" content=\"2 minuti\" \/>\n<script type=\"application\/ld+json\" class=\"yoast-schema-graph\">{\"@context\":\"https:\/\/schema.org\",\"@graph\":[{\"@type\":\"WebPage\",\"@id\":\"https:\/\/staging.varesenews.it\/2016\/07\/due-mostre-per-la-pinacoteca-zust-aperta-tutta-lestate\/540910\/\",\"url\":\"https:\/\/staging.varesenews.it\/2016\/07\/due-mostre-per-la-pinacoteca-zust-aperta-tutta-lestate\/540910\/\",\"name\":\"Due mostre per la Pinacoteca Z\u00fcst aperta tutta l\u2019estate\",\"isPartOf\":{\"@id\":\"https:\/\/staging.varesenews.it\/#website\"},\"datePublished\":\"2016-07-29T10:34:46+00:00\",\"dateModified\":\"2016-07-29T10:34:46+00:00\",\"author\":{\"@id\":\"https:\/\/staging.varesenews.it\/#\/schema\/person\/0512a4cda1d8b4f14c19f86d1016dc18\"},\"description\":\"Doppia esposizione dedicata agli argenti della collezione di Giovanni Z\u00fcst e i bastoni tra Otto e Novecento di Luciano Cattaneo\",\"breadcrumb\":{\"@id\":\"https:\/\/staging.varesenews.it\/2016\/07\/due-mostre-per-la-pinacoteca-zust-aperta-tutta-lestate\/540910\/#breadcrumb\"},\"inLanguage\":\"it-IT\",\"potentialAction\":[{\"@type\":\"ReadAction\",\"target\":[\"https:\/\/staging.varesenews.it\/2016\/07\/due-mostre-per-la-pinacoteca-zust-aperta-tutta-lestate\/540910\/\"]}]},{\"@type\":\"BreadcrumbList\",\"@id\":\"https:\/\/staging.varesenews.it\/2016\/07\/due-mostre-per-la-pinacoteca-zust-aperta-tutta-lestate\/540910\/#breadcrumb\",\"itemListElement\":[{\"@type\":\"ListItem\",\"position\":1,\"name\":\"Home\",\"item\":\"https:\/\/www.varesenews.it\/\"},{\"@type\":\"ListItem\",\"position\":2,\"name\":\"Due mostre per la Pinacoteca Z\u00fcst aperta tutta l\u2019estate\"}]},{\"@type\":\"WebSite\",\"@id\":\"https:\/\/staging.varesenews.it\/#website\",\"url\":\"https:\/\/staging.varesenews.it\/\",\"name\":\"VareseNews\",\"description\":\"\",\"potentialAction\":[{\"@type\":\"SearchAction\",\"target\":{\"@type\":\"EntryPoint\",\"urlTemplate\":\"https:\/\/staging.varesenews.it\/?s={search_term_string}\"},\"query-input\":\"required name=search_term_string\"}],\"inLanguage\":\"it-IT\"},{\"@type\":\"Person\",\"@id\":\"https:\/\/staging.varesenews.it\/#\/schema\/person\/0512a4cda1d8b4f14c19f86d1016dc18\",\"name\":\"Erika La Rosa\",\"image\":{\"@type\":\"ImageObject\",\"inLanguage\":\"it-IT\",\"@id\":\"https:\/\/staging.varesenews.it\/#\/schema\/person\/image\/\",\"url\":\"https:\/\/staging.varesenews.it\/wp-content\/uploads\/2020\/12\/erika_larosa_colori_500.jpg\",\"contentUrl\":\"https:\/\/staging.varesenews.it\/wp-content\/uploads\/2020\/12\/erika_larosa_colori_500.jpg\",\"caption\":\"Erika La Rosa\"},\"description\":\"Giornalista pubblicista, collaboro con VareseNews dal lontano 1997 quando la redazione piccolissima ma l&rsquo;entusiasmo era tanto e la sfida titanica. Da allora siamo cresciuti, la redazione &egrave; diventata pi&ugrave; grande ma l&rsquo;entusiasmo &egrave; rimato lo stesso. Mi piace guardare il mondo attraverso gli occhi degli artisti, per questo scrivo, leggo e mi nutro di arte seguendo per il giornale le pagine dedicate alle mostre e agli artisti. Ho collaborato con diversi Musei e Istituzioni culturali italiane e svizzere. Da oltre dieci anni mi occupo di strategie e comunicazione sui social media di enti pubblici e privati. Vivo il presente e non dimentico mai che quando c&rsquo;&egrave; una meta, anche il deserto diventa una strada.\",\"sameAs\":[\"https:\/\/www.linkedin.com\/profile\/view?id=93070756&trk=nav_responsive_tab_profile_pic\",\"https:\/\/twitter.com\/twerirosa\"],\"url\":\"https:\/\/staging.varesenews.it\/persona\/erika_larosa\/\"}]}<\/script>\n<!-- \/ Yoast SEO plugin. -->","yoast_head_json":{"title":"Due mostre per la Pinacoteca Z\u00fcst aperta tutta l\u2019estate","description":"Doppia esposizione dedicata agli argenti della collezione di Giovanni Z\u00fcst e i bastoni tra Otto e Novecento di Luciano Cattaneo","robots":{"index":"noindex","follow":"follow","max-snippet":"max-snippet:-1","max-image-preview":"max-image-preview:large","max-video-preview":"max-video-preview:-1"},"og_locale":"it_IT","og_type":"article","og_title":"Due mostre per la Pinacoteca Z\u00fcst aperta tutta l\u2019estate","og_description":"Doppia esposizione dedicata agli argenti della collezione di Giovanni Z\u00fcst e i bastoni tra Otto e Novecento di Luciano Cattaneo","og_url":"https:\/\/staging.varesenews.it\/2016\/07\/due-mostre-per-la-pinacoteca-zust-aperta-tutta-lestate\/540910\/","og_site_name":"VareseNews","article_publisher":"https:\/\/www.facebook.com\/varesenews","article_published_time":"2016-07-29T10:34:46+00:00","author":"Erika La Rosa","twitter_card":"summary_large_image","twitter_creator":"@twerirosa","twitter_site":"@varesenews","twitter_misc":{"Scritto da":"Erika La Rosa","Tempo di lettura stimato":"2 minuti"},"schema":{"@context":"https:\/\/schema.org","@graph":[{"@type":"WebPage","@id":"https:\/\/staging.varesenews.it\/2016\/07\/due-mostre-per-la-pinacoteca-zust-aperta-tutta-lestate\/540910\/","url":"https:\/\/staging.varesenews.it\/2016\/07\/due-mostre-per-la-pinacoteca-zust-aperta-tutta-lestate\/540910\/","name":"Due mostre per la Pinacoteca Z\u00fcst aperta tutta l\u2019estate","isPartOf":{"@id":"https:\/\/staging.varesenews.it\/#website"},"datePublished":"2016-07-29T10:34:46+00:00","dateModified":"2016-07-29T10:34:46+00:00","author":{"@id":"https:\/\/staging.varesenews.it\/#\/schema\/person\/0512a4cda1d8b4f14c19f86d1016dc18"},"description":"Doppia esposizione dedicata agli argenti della collezione di Giovanni Z\u00fcst e i bastoni tra Otto e Novecento di Luciano Cattaneo","breadcrumb":{"@id":"https:\/\/staging.varesenews.it\/2016\/07\/due-mostre-per-la-pinacoteca-zust-aperta-tutta-lestate\/540910\/#breadcrumb"},"inLanguage":"it-IT","potentialAction":[{"@type":"ReadAction","target":["https:\/\/staging.varesenews.it\/2016\/07\/due-mostre-per-la-pinacoteca-zust-aperta-tutta-lestate\/540910\/"]}]},{"@type":"BreadcrumbList","@id":"https:\/\/staging.varesenews.it\/2016\/07\/due-mostre-per-la-pinacoteca-zust-aperta-tutta-lestate\/540910\/#breadcrumb","itemListElement":[{"@type":"ListItem","position":1,"name":"Home","item":"https:\/\/www.varesenews.it\/"},{"@type":"ListItem","position":2,"name":"Due mostre per la Pinacoteca Z\u00fcst aperta tutta l\u2019estate"}]},{"@type":"WebSite","@id":"https:\/\/staging.varesenews.it\/#website","url":"https:\/\/staging.varesenews.it\/","name":"VareseNews","description":"","potentialAction":[{"@type":"SearchAction","target":{"@type":"EntryPoint","urlTemplate":"https:\/\/staging.varesenews.it\/?s={search_term_string}"},"query-input":"required name=search_term_string"}],"inLanguage":"it-IT"},{"@type":"Person","@id":"https:\/\/staging.varesenews.it\/#\/schema\/person\/0512a4cda1d8b4f14c19f86d1016dc18","name":"Erika La Rosa","image":{"@type":"ImageObject","inLanguage":"it-IT","@id":"https:\/\/staging.varesenews.it\/#\/schema\/person\/image\/","url":"https:\/\/staging.varesenews.it\/wp-content\/uploads\/2020\/12\/erika_larosa_colori_500.jpg","contentUrl":"https:\/\/staging.varesenews.it\/wp-content\/uploads\/2020\/12\/erika_larosa_colori_500.jpg","caption":"Erika La Rosa"},"description":"Giornalista pubblicista, collaboro con VareseNews dal lontano 1997 quando la redazione piccolissima ma l&rsquo;entusiasmo era tanto e la sfida titanica. Da allora siamo cresciuti, la redazione &egrave; diventata pi&ugrave; grande ma l&rsquo;entusiasmo &egrave; rimato lo stesso. Mi piace guardare il mondo attraverso gli occhi degli artisti, per questo scrivo, leggo e mi nutro di arte seguendo per il giornale le pagine dedicate alle mostre e agli artisti. Ho collaborato con diversi Musei e Istituzioni culturali italiane e svizzere. Da oltre dieci anni mi occupo di strategie e comunicazione sui social media di enti pubblici e privati. Vivo il presente e non dimentico mai che quando c&rsquo;&egrave; una meta, anche il deserto diventa una strada.","sameAs":["https:\/\/www.linkedin.com\/profile\/view?id=93070756&trk=nav_responsive_tab_profile_pic","https:\/\/twitter.com\/twerirosa"],"url":"https:\/\/staging.varesenews.it\/persona\/erika_larosa\/"}]}},"post_meta":{"_edit_lock":"1469788575:36","_edit_last":"36","ratings_users":"0","ratings_score":"0","ratings_average":"0","_category_permalink":"","wdfb_og_title":"","wdfb_og_type":"","wdfb_og_description":"","wdfb_og_images":"a:1:{i:0;s:0:\"\";}","wdfb_og_custom_name":"a:1:{i:0;s:0:\"\";}","wdfb_og_custom_value":"a:1:{i:0;s:0:\"\";}","foto":"555914","firma_come_redazione":"1","argomento":"Rancate CH","_jd_twitter":"","_jd_tweet_this":"yes","_wpt_short_url":"http:\/\/www.varesenews.it\/2016\/07\/due-mostre-per-la-pinacoteca-zust-aperta-tutta-lestate\/540910\/","_wp_jd_target":"http:\/\/www.varesenews.it\/2016\/07\/due-mostre-per-la-pinacoteca-zust-aperta-tutta-lestate\/540910\/","_jd_wp_twitter":"a:1:{i:0;s:155:\"Due mostre per la Pinacoteca Z\u00fcst aperta tutta l\u2019estate http:\/\/www.varesenews.it\/2016\/07\/due-mostre-per-la-pinacoteca-zust-aperta-tutta-lestate\/540910\/ \";}","_wpt_status_message":"Tweet inviato con successo."},"photos":[{"original":"https:\/\/staging.varesenews.it\/photogallery_new\/images\/2016\/07\/arte-mostre-555914.jpg","full":"https:\/\/staging.varesenews.it\/photogallery_new\/images\/2016\/07\/arte-mostre-555914.1024x768.jpg","large":"https:\/\/staging.varesenews.it\/photogallery_new\/images\/2016\/07\/arte-mostre-555914.610x431.jpg"}],"_links":{"self":[{"href":"https:\/\/staging.varesenews.it\/swgapi\/v1\/wp\/v2\/posts\/540910"}],"collection":[{"href":"https:\/\/staging.varesenews.it\/swgapi\/v1\/wp\/v2\/posts"}],"about":[{"href":"https:\/\/staging.varesenews.it\/swgapi\/v1\/wp\/v2\/types\/post"}],"author":[{"embeddable":true,"href":"https:\/\/staging.varesenews.it\/swgapi\/v1\/wp\/v2\/users\/36"}],"replies":[{"embeddable":true,"href":"https:\/\/staging.varesenews.it\/swgapi\/v1\/wp\/v2\/comments?post=540910"}],"version-history":[{"count":0,"href":"https:\/\/staging.varesenews.it\/swgapi\/v1\/wp\/v2\/posts\/540910\/revisions"}],"wp:attachment":[{"href":"https:\/\/staging.varesenews.it\/swgapi\/v1\/wp\/v2\/media?parent=540910"}],"wp:term":[{"taxonomy":"category","embeddable":true,"href":"https:\/\/staging.varesenews.it\/swgapi\/v1\/wp\/v2\/categories?post=540910"},{"taxonomy":"post_tag","embeddable":true,"href":"https:\/\/staging.varesenews.it\/swgapi\/v1\/wp\/v2\/tags?post=540910"}],"curies":[{"name":"wp","href":"https:\/\/api.w.org\/{rel}","templated":true}]}}