{"id":540938,"date":"2016-07-29T16:08:37","date_gmt":"2016-07-29T14:08:37","guid":{"rendered":"http:\/\/www.varesenews.it\/?p=540938"},"modified":"2016-07-29T16:08:37","modified_gmt":"2016-07-29T14:08:37","slug":"una-gita-turistica-per-gruppi-facebook","status":"publish","type":"post","link":"https:\/\/staging.varesenews.it\/2016\/07\/una-gita-turistica-per-gruppi-facebook\/540938\/","title":{"rendered":"Una gita turistica per gruppi Facebook"},"content":{"rendered":"<p class=\"p1\">I gruppi facebook, sempre di pi\u00f9, si ritrovano anche &#8220;dal vivo&#8221;. Incontri, pizzate, aperitivi: ogni occasione \u00e8 buona per rendere ancora pi\u00f9 concreta una amicizia che si \u00e8 gi\u00e0 sviluppata nei social.<\/p>\n<p class=\"p1\">Ma, fino ad ora, non era ancora capitata una &#8220;gita di gruppo&#8221; in pullman per conoscersi meglio: \u00e8 quello per\u00f2 che succede ai gruppi &#8220;<strong>Amici di Varese<\/strong>&#8221; &amp; &#8220;<strong>Fotografando Varese e Provincia<\/strong>&#8220;<\/p>\n<p class=\"p1\">Un&#8217;edizione speciale del Varese Liberty Tour 2016, domenica 31 luglio, sar\u00e0 dedicata agli appartenenti ai due gruppi Facebbok &#8220;<b>Amici di Varese&#8221;\u00a0<\/b>e\u00a0<b>&#8220;Fotografando Varese e Provincia&#8221;<\/b> che hanno organizzato, insieme a Morandi Tour, questa curiosa occasione di socializzazione.<\/p>\n<p class=\"p3\">Per chi partecipa alla gita, della durata di circa due ore, il ritrovo \u00e8alla stazione delle Ferrovie dello Stato in Piazzale Trieste alle <b>15.30<\/b>. Come sempre, il tour sar\u00e0 con guida, che\u00a0spiegher\u00e0 e racconter\u00e0 il fantastico mondo del Liberty Varesino e non solo.<\/p>\n<p class=\"p7\">Le otto tappe vanno dai giardini di Palazzo Estense a Villa Recalcati, dal Palace Grand Hotel a piazza Montegrappa, dalla funicolare del Sacro Monte al Birrificio Poretti, a Villa Panza. Il tour, che per i &#8220;comuni mortali&#8221; ha il costo di<b>\u00a025 euro<\/b>, per gli appartenenti al gruppo \u00e8 scontato a 20 euro, e 10 euro per i ragazzi sotto i 16 anni.<\/p>\n<p class=\"p9\"><span class=\"s1\">La prenotazione\u00a0\u00e8 obbligatoria, entro sabato 30 Luglio alle 12,00<span class=\"Apple-converted-space\">\u00a0 <\/span>al numero 0332\/287146 oppure 348\/7820329<\/span><\/p>\n","protected":false},"excerpt":{"rendered":"<p>E&#8217; l&#8217;edizione speciale del Liberty Tour di domenica 31: dedicato agli appartenenti ai gruppi facebook Amici di Varese &#038; Fotografando Varese e Provincia<\/p>\n","protected":false},"author":48,"featured_media":0,"comment_status":"open","ping_status":"open","sticky":false,"template":"","format":"standard","meta":{"footnotes":""},"categories":[26,1,21,46,2],"tags":[3371],"acf":[],"yoast_head":"<!-- This site is optimized with the Yoast SEO plugin v20.1 - https:\/\/yoast.com\/wordpress\/plugins\/seo\/ -->\n<title>Una gita turistica per gruppi Facebook<\/title>\n<meta name=\"description\" content=\"E&#039; l&#039;edizione speciale del Liberty Tour di domenica 31: dedicato agli appartenenti ai gruppi facebook Amici di Varese &amp; Fotografando Varese e Provincia\" \/>\n<meta name=\"robots\" content=\"noindex, follow, max-snippet:-1, max-image-preview:large, max-video-preview:-1\" \/>\n<meta property=\"og:locale\" content=\"it_IT\" \/>\n<meta property=\"og:type\" content=\"article\" \/>\n<meta property=\"og:title\" content=\"Una gita turistica per gruppi Facebook\" \/>\n<meta property=\"og:description\" content=\"E&#039; l&#039;edizione speciale del Liberty Tour di domenica 31: dedicato agli appartenenti ai gruppi facebook Amici di Varese &amp; Fotografando Varese e Provincia\" \/>\n<meta property=\"og:url\" content=\"https:\/\/staging.varesenews.it\/2016\/07\/una-gita-turistica-per-gruppi-facebook\/540938\/\" \/>\n<meta property=\"og:site_name\" content=\"VareseNews\" \/>\n<meta property=\"article:publisher\" content=\"https:\/\/www.facebook.com\/varesenews\" \/>\n<meta property=\"article:author\" content=\"https:\/\/www.facebook.com\/stefaniaradman\" \/>\n<meta property=\"article:published_time\" content=\"2016-07-29T14:08:37+00:00\" \/>\n<meta name=\"author\" content=\"Stefania Radman\" \/>\n<meta name=\"twitter:card\" content=\"summary_large_image\" \/>\n<meta name=\"twitter:creator\" content=\"@LaRadman\" \/>\n<meta name=\"twitter:site\" content=\"@varesenews\" \/>\n<meta name=\"twitter:label1\" content=\"Scritto da\" \/>\n\t<meta name=\"twitter:data1\" content=\"Stefania Radman\" \/>\n\t<meta name=\"twitter:label2\" content=\"Tempo di lettura stimato\" \/>\n\t<meta name=\"twitter:data2\" content=\"1 minuto\" \/>\n<script type=\"application\/ld+json\" class=\"yoast-schema-graph\">{\"@context\":\"https:\/\/schema.org\",\"@graph\":[{\"@type\":\"WebPage\",\"@id\":\"https:\/\/staging.varesenews.it\/2016\/07\/una-gita-turistica-per-gruppi-facebook\/540938\/\",\"url\":\"https:\/\/staging.varesenews.it\/2016\/07\/una-gita-turistica-per-gruppi-facebook\/540938\/\",\"name\":\"Una gita turistica per gruppi Facebook\",\"isPartOf\":{\"@id\":\"https:\/\/staging.varesenews.it\/#website\"},\"datePublished\":\"2016-07-29T14:08:37+00:00\",\"dateModified\":\"2016-07-29T14:08:37+00:00\",\"author\":{\"@id\":\"https:\/\/staging.varesenews.it\/#\/schema\/person\/995d2e6a31c67237a9a1bc1f0079f3aa\"},\"description\":\"E' l'edizione speciale del Liberty Tour di domenica 31: dedicato agli appartenenti ai gruppi facebook Amici di Varese & Fotografando Varese e Provincia\",\"breadcrumb\":{\"@id\":\"https:\/\/staging.varesenews.it\/2016\/07\/una-gita-turistica-per-gruppi-facebook\/540938\/#breadcrumb\"},\"inLanguage\":\"it-IT\",\"potentialAction\":[{\"@type\":\"ReadAction\",\"target\":[\"https:\/\/staging.varesenews.it\/2016\/07\/una-gita-turistica-per-gruppi-facebook\/540938\/\"]}]},{\"@type\":\"BreadcrumbList\",\"@id\":\"https:\/\/staging.varesenews.it\/2016\/07\/una-gita-turistica-per-gruppi-facebook\/540938\/#breadcrumb\",\"itemListElement\":[{\"@type\":\"ListItem\",\"position\":1,\"name\":\"Home\",\"item\":\"https:\/\/www.varesenews.it\/\"},{\"@type\":\"ListItem\",\"position\":2,\"name\":\"Una gita turistica per gruppi Facebook\"}]},{\"@type\":\"WebSite\",\"@id\":\"https:\/\/staging.varesenews.it\/#website\",\"url\":\"https:\/\/staging.varesenews.it\/\",\"name\":\"VareseNews\",\"description\":\"\",\"potentialAction\":[{\"@type\":\"SearchAction\",\"target\":{\"@type\":\"EntryPoint\",\"urlTemplate\":\"https:\/\/staging.varesenews.it\/?s={search_term_string}\"},\"query-input\":\"required name=search_term_string\"}],\"inLanguage\":\"it-IT\"},{\"@type\":\"Person\",\"@id\":\"https:\/\/staging.varesenews.it\/#\/schema\/person\/995d2e6a31c67237a9a1bc1f0079f3aa\",\"name\":\"Stefania Radman\",\"image\":{\"@type\":\"ImageObject\",\"inLanguage\":\"it-IT\",\"@id\":\"https:\/\/staging.varesenews.it\/#\/schema\/person\/image\/\",\"url\":\"https:\/\/staging.varesenews.it\/wp-content\/uploads\/2020\/12\/stefania_radman_colori_500.jpg\",\"contentUrl\":\"https:\/\/staging.varesenews.it\/wp-content\/uploads\/2020\/12\/stefania_radman_colori_500.jpg\",\"caption\":\"Stefania Radman\"},\"description\":\"Varesina dal 1991, lavoro dal 2000 per Varesenews.it, prima come responsabile della pagina dell&rsquo;economia, poi della pagina life, ora della citt&agrave; di Varese.Ma sono (e sono stata) anche altro: per esempio, agli albori delle radio private ero dj in una radio milanese, Onda Radio. Da 20 anni sono corrispondente da Varese di Radio Popolare e ho collaborato con Espresso, Repubblica, Diario della Settimana, Italia Oggi. &ldquo;Smanettona&rdquo; da sempre, ho aperto il mio primo sito personale con Geocities nei primi anni novanta (chi se lo ricorda?) e i miei primi blog in Splinder all&rsquo;inizio del 2000. Ora sono sui social: qui quasi sempre sono semplicemente \\\"LaRadman&rdquo;.\",\"sameAs\":[\"http:\/\/laradman.blogspot.it\",\"https:\/\/www.facebook.com\/stefaniaradman\",\"@LaRadman\",\"https:\/\/www.linkedin.com\/in\/stefaniaradman\",\"https:\/\/twitter.com\/LaRadman\"],\"url\":\"https:\/\/staging.varesenews.it\/persona\/stefania-radman1\/\"}]}<\/script>\n<!-- \/ Yoast SEO plugin. -->","yoast_head_json":{"title":"Una gita turistica per gruppi Facebook","description":"E' l'edizione speciale del Liberty Tour di domenica 31: dedicato agli appartenenti ai gruppi facebook Amici di Varese & Fotografando Varese e Provincia","robots":{"index":"noindex","follow":"follow","max-snippet":"max-snippet:-1","max-image-preview":"max-image-preview:large","max-video-preview":"max-video-preview:-1"},"og_locale":"it_IT","og_type":"article","og_title":"Una gita turistica per gruppi Facebook","og_description":"E' l'edizione speciale del Liberty Tour di domenica 31: dedicato agli appartenenti ai gruppi facebook Amici di Varese & Fotografando Varese e Provincia","og_url":"https:\/\/staging.varesenews.it\/2016\/07\/una-gita-turistica-per-gruppi-facebook\/540938\/","og_site_name":"VareseNews","article_publisher":"https:\/\/www.facebook.com\/varesenews","article_author":"https:\/\/www.facebook.com\/stefaniaradman","article_published_time":"2016-07-29T14:08:37+00:00","author":"Stefania Radman","twitter_card":"summary_large_image","twitter_creator":"@LaRadman","twitter_site":"@varesenews","twitter_misc":{"Scritto da":"Stefania Radman","Tempo di lettura stimato":"1 minuto"},"schema":{"@context":"https:\/\/schema.org","@graph":[{"@type":"WebPage","@id":"https:\/\/staging.varesenews.it\/2016\/07\/una-gita-turistica-per-gruppi-facebook\/540938\/","url":"https:\/\/staging.varesenews.it\/2016\/07\/una-gita-turistica-per-gruppi-facebook\/540938\/","name":"Una gita turistica per gruppi Facebook","isPartOf":{"@id":"https:\/\/staging.varesenews.it\/#website"},"datePublished":"2016-07-29T14:08:37+00:00","dateModified":"2016-07-29T14:08:37+00:00","author":{"@id":"https:\/\/staging.varesenews.it\/#\/schema\/person\/995d2e6a31c67237a9a1bc1f0079f3aa"},"description":"E' l'edizione speciale del Liberty Tour di domenica 31: dedicato agli appartenenti ai gruppi facebook Amici di Varese & Fotografando Varese e Provincia","breadcrumb":{"@id":"https:\/\/staging.varesenews.it\/2016\/07\/una-gita-turistica-per-gruppi-facebook\/540938\/#breadcrumb"},"inLanguage":"it-IT","potentialAction":[{"@type":"ReadAction","target":["https:\/\/staging.varesenews.it\/2016\/07\/una-gita-turistica-per-gruppi-facebook\/540938\/"]}]},{"@type":"BreadcrumbList","@id":"https:\/\/staging.varesenews.it\/2016\/07\/una-gita-turistica-per-gruppi-facebook\/540938\/#breadcrumb","itemListElement":[{"@type":"ListItem","position":1,"name":"Home","item":"https:\/\/www.varesenews.it\/"},{"@type":"ListItem","position":2,"name":"Una gita turistica per gruppi Facebook"}]},{"@type":"WebSite","@id":"https:\/\/staging.varesenews.it\/#website","url":"https:\/\/staging.varesenews.it\/","name":"VareseNews","description":"","potentialAction":[{"@type":"SearchAction","target":{"@type":"EntryPoint","urlTemplate":"https:\/\/staging.varesenews.it\/?s={search_term_string}"},"query-input":"required name=search_term_string"}],"inLanguage":"it-IT"},{"@type":"Person","@id":"https:\/\/staging.varesenews.it\/#\/schema\/person\/995d2e6a31c67237a9a1bc1f0079f3aa","name":"Stefania Radman","image":{"@type":"ImageObject","inLanguage":"it-IT","@id":"https:\/\/staging.varesenews.it\/#\/schema\/person\/image\/","url":"https:\/\/staging.varesenews.it\/wp-content\/uploads\/2020\/12\/stefania_radman_colori_500.jpg","contentUrl":"https:\/\/staging.varesenews.it\/wp-content\/uploads\/2020\/12\/stefania_radman_colori_500.jpg","caption":"Stefania Radman"},"description":"Varesina dal 1991, lavoro dal 2000 per Varesenews.it, prima come responsabile della pagina dell&rsquo;economia, poi della pagina life, ora della citt&agrave; di Varese.Ma sono (e sono stata) anche altro: per esempio, agli albori delle radio private ero dj in una radio milanese, Onda Radio. Da 20 anni sono corrispondente da Varese di Radio Popolare e ho collaborato con Espresso, Repubblica, Diario della Settimana, Italia Oggi. &ldquo;Smanettona&rdquo; da sempre, ho aperto il mio primo sito personale con Geocities nei primi anni novanta (chi se lo ricorda?) e i miei primi blog in Splinder all&rsquo;inizio del 2000. Ora sono sui social: qui quasi sempre sono semplicemente \"LaRadman&rdquo;.","sameAs":["http:\/\/laradman.blogspot.it","https:\/\/www.facebook.com\/stefaniaradman","@LaRadman","https:\/\/www.linkedin.com\/in\/stefaniaradman","https:\/\/twitter.com\/LaRadman"],"url":"https:\/\/staging.varesenews.it\/persona\/stefania-radman1\/"}]}},"post_meta":{"_edit_lock":"1469801475:48","_edit_last":"48","_category_permalink":"","wdfb_og_title":"","wdfb_og_type":"","wdfb_og_description":"","wdfb_og_images":"a:1:{i:0;s:0:\"\";}","wdfb_og_custom_name":"a:1:{i:0;s:0:\"\";}","wdfb_og_custom_value":"a:1:{i:0;s:0:\"\";}","_jd_twitter":"","_jd_tweet_this":"yes","ratings_users":"0","ratings_score":"0","ratings_average":"0","foto":"173592","firma_come_redazione":"1","argomento":"Varese","_yoast_wpseo_focuskw":"facebook","_yoast_wpseo_metadesc":"E' l'edizione speciale del Liberty Tour di domenica 31: dedicato agli appartenenti ai gruppi facebook Amici di Varese & Fotografando Varese e Provincia","_wpt_short_url":"http:\/\/www.varesenews.it\/2016\/07\/una-gita-turistica-per-gruppi-facebook\/540938\/","_wp_jd_target":"http:\/\/www.varesenews.it\/2016\/07\/una-gita-turistica-per-gruppi-facebook\/540938\/","_jd_wp_twitter":"a:1:{i:0;s:131:\"Una gita turistica per gruppi Facebook http:\/\/www.varesenews.it\/2016\/07\/una-gita-turistica-per-gruppi-facebook\/540938\/ #libertytour\";}","_wpt_status_message":"Tweet inviato con successo.","_yoast_wpseo_linkdex":"66"},"photos":[{"original":"https:\/\/staging.varesenews.it\/photogallery_new\/images\/2014\/06\/varese-liberty-tour-la-prima-gita-inserita-in-galleria-173592.jpg","full":"https:\/\/staging.varesenews.it\/photogallery_new\/images\/2014\/06\/varese-liberty-tour-la-prima-gita-inserita-in-galleria-173592.1024x768.jpg","large":"https:\/\/staging.varesenews.it\/photogallery_new\/images\/2014\/06\/varese-liberty-tour-la-prima-gita-inserita-in-galleria-173592.610x431.jpg"}],"_links":{"self":[{"href":"https:\/\/staging.varesenews.it\/swgapi\/v1\/wp\/v2\/posts\/540938"}],"collection":[{"href":"https:\/\/staging.varesenews.it\/swgapi\/v1\/wp\/v2\/posts"}],"about":[{"href":"https:\/\/staging.varesenews.it\/swgapi\/v1\/wp\/v2\/types\/post"}],"author":[{"embeddable":true,"href":"https:\/\/staging.varesenews.it\/swgapi\/v1\/wp\/v2\/users\/48"}],"replies":[{"embeddable":true,"href":"https:\/\/staging.varesenews.it\/swgapi\/v1\/wp\/v2\/comments?post=540938"}],"version-history":[{"count":0,"href":"https:\/\/staging.varesenews.it\/swgapi\/v1\/wp\/v2\/posts\/540938\/revisions"}],"wp:attachment":[{"href":"https:\/\/staging.varesenews.it\/swgapi\/v1\/wp\/v2\/media?parent=540938"}],"wp:term":[{"taxonomy":"category","embeddable":true,"href":"https:\/\/staging.varesenews.it\/swgapi\/v1\/wp\/v2\/categories?post=540938"},{"taxonomy":"post_tag","embeddable":true,"href":"https:\/\/staging.varesenews.it\/swgapi\/v1\/wp\/v2\/tags?post=540938"}],"curies":[{"name":"wp","href":"https:\/\/api.w.org\/{rel}","templated":true}]}}