{"id":542981,"date":"2016-08-08T16:20:15","date_gmt":"2016-08-08T14:20:15","guid":{"rendered":"http:\/\/www.varesenews.it\/?p=542981"},"modified":"2016-08-08T16:20:15","modified_gmt":"2016-08-08T14:20:15","slug":"chiamata-diretta-dei-docenti-lassessore-aprea-teme-ritardi","status":"publish","type":"post","link":"https:\/\/staging.varesenews.it\/2016\/08\/chiamata-diretta-dei-docenti-lassessore-aprea-teme-ritardi\/542981\/","title":{"rendered":"Chiamata diretta dei docenti: l&#8217;assessore Aprea teme ritardi"},"content":{"rendered":"<p class=\"p1\"><span class=\"s1\">Si stanno completando le<strong> operazioni preparatori per la nomina dei docenti impegnati nel prossimo anno scolastico.<\/strong> Il sistema, introdotto con la Buona Scuola prevede ch<strong>e gli incarichi vengano conferiti non pi\u00f9 in base ad anzianit\u00e0 e punteggi<\/strong> ma per corrispondenza tra le<strong> competenze degli insegnanti e le richieste dei dirigenti<\/strong> che potranno indicare alcune caratteristiche specifiche. <\/span><\/p>\n<p class=\"p1\"><span class=\"s1\">Entro <strong>domani, 9 agosto, gli oltre 17.000 docenti del ciclo secondario di primo grado<\/strong> dovranno aver inviato il proprio curriculum al Ministero.<strong> Operazioni concluse, invece, per le scuole dell\u2019infanzia e le primarie:<\/strong> oltre 20.000 docenti, il 92% degli aventi diritto, hanno inviato le proprie caratteristiche per essere scelti dai dirigenti per coprire i posti vacanti. <\/span><\/p>\n<p class=\"p1\"><span class=\"s2\"><strong>Il Ministero ha gi\u00e0 individuato gli ambiti territoriali entro cui i docenti opereranno.<\/strong> Un sistema che, secondo <strong>l\u2019assessore all\u2019Istruzione Valentina Aprea,<\/strong> rischia di non completare entro l\u2019avvio dell\u2019anno scolastico tutte le pratiche previste: <\/span><span class=\"s1\">\u00abNonostante l\u2019impegno e il lavoro dell&#8217;Ufficio Scolastico Regionale della Lombardia, temo che <strong>l&#8217;avvio dell&#8217;anno scolastico possa essere pregiudicato dalla situazione che si sta delineando in tutta Italia gi\u00e0 in questi giorni<\/strong>. A complicare la gi\u00e0 difficile composizione degli organici, si aggiungono la scelta dei docenti dagli ambiti territoriali da parte dei dirigenti scolastici e la conclusione delle procedure concorsuali, al termine delle quali <strong>resteranno comunque scoperte numerose cattedre di materie fondamentali.<\/strong> Pur comprendendo a livello umano le singole situazioni personali e famigliari dei docenti assunti lo scorso anno che dovranno trasferirsi da sud a nord non posso non ricordare a tutti come il mismatch tra domanda e offerta di lavoro nella Scuola \u00e8 una componente sistemica, tra le principali cause del persistente precariato, che \u00e8 ancora lontano dall&#8217;essere risolto.\u00a0<strong> Il dibattito estivo e&#8217; di nuovo incentrato sui sit-in di quei docenti che\u00a0 dovranno trasferirsi per coprire le cattedre<\/strong> che, non scopriamo certo oggi, sono disponibili al nord. Ma era tutto gi\u00e0 previsto nella &#8216;Buona Scuola&#8217;, con l&#8217;aggravante che il vero elemento di innovazione che avrebbe potuto introdurre una gestione meno burocratica degli organici &#8211; la chiamata diretta &#8211; \u00e8 stata fortemente depotenziata dallo stesso Ministero, confidente che cos\u00ec avrebbe potuto sedare le immancabili proteste estive, come \u00e8 riuscito a fare lo scorso anno, concedendo la <strong>possibilit\u00e0 ai nuovi assunti di restare ancora per un anno nella sede di supplenza dell&#8217;anno precedente<\/strong>\u00bb.<\/span><\/p>\n","protected":false},"excerpt":{"rendered":"<p>L&#8217;assessore regionale all&#8217;istruzione Aprea teme che non saranno assegnati in tempo i posti vacanti della scuola<\/p>\n","protected":false},"author":33,"featured_media":0,"comment_status":"open","ping_status":"open","sticky":false,"template":"","format":"standard","meta":{"footnotes":""},"categories":[7,90],"tags":[2371,976,1764],"acf":[],"yoast_head":"<!-- This site is optimized with the Yoast SEO plugin v20.1 - https:\/\/yoast.com\/wordpress\/plugins\/seo\/ -->\n<title>Chiamata diretta dei docenti: l&#039;assessore Aprea teme ritardi<\/title>\n<meta name=\"description\" content=\"L&#039;assessore regionale all&#039;istruzione Aprea teme che non saranno assegnati in tempo i posti vacanti della scuola\" \/>\n<meta name=\"robots\" content=\"noindex, follow, max-snippet:-1, max-image-preview:large, max-video-preview:-1\" \/>\n<meta property=\"og:locale\" content=\"it_IT\" \/>\n<meta property=\"og:type\" content=\"article\" \/>\n<meta property=\"og:title\" content=\"Chiamata diretta dei docenti: l&#039;assessore Aprea teme ritardi\" \/>\n<meta property=\"og:description\" content=\"L&#039;assessore regionale all&#039;istruzione Aprea teme che non saranno assegnati in tempo i posti vacanti della scuola\" \/>\n<meta property=\"og:url\" content=\"https:\/\/staging.varesenews.it\/2016\/08\/chiamata-diretta-dei-docenti-lassessore-aprea-teme-ritardi\/542981\/\" \/>\n<meta property=\"og:site_name\" content=\"VareseNews\" \/>\n<meta property=\"article:publisher\" content=\"https:\/\/www.facebook.com\/varesenews\" \/>\n<meta property=\"article:author\" content=\"alessandra.toni7\" \/>\n<meta property=\"article:published_time\" content=\"2016-08-08T14:20:15+00:00\" \/>\n<meta name=\"author\" content=\"Alessandra Toni\" \/>\n<meta name=\"twitter:card\" content=\"summary_large_image\" \/>\n<meta name=\"twitter:creator\" content=\"@alessandra_toni\" \/>\n<meta name=\"twitter:site\" content=\"@varesenews\" \/>\n<meta name=\"twitter:label1\" content=\"Scritto da\" \/>\n\t<meta name=\"twitter:data1\" content=\"Alessandra Toni\" \/>\n\t<meta name=\"twitter:label2\" content=\"Tempo di lettura stimato\" \/>\n\t<meta name=\"twitter:data2\" content=\"2 minuti\" \/>\n<script type=\"application\/ld+json\" class=\"yoast-schema-graph\">{\"@context\":\"https:\/\/schema.org\",\"@graph\":[{\"@type\":\"WebPage\",\"@id\":\"https:\/\/staging.varesenews.it\/2016\/08\/chiamata-diretta-dei-docenti-lassessore-aprea-teme-ritardi\/542981\/\",\"url\":\"https:\/\/staging.varesenews.it\/2016\/08\/chiamata-diretta-dei-docenti-lassessore-aprea-teme-ritardi\/542981\/\",\"name\":\"Chiamata diretta dei docenti: l'assessore Aprea teme ritardi\",\"isPartOf\":{\"@id\":\"https:\/\/staging.varesenews.it\/#website\"},\"datePublished\":\"2016-08-08T14:20:15+00:00\",\"dateModified\":\"2016-08-08T14:20:15+00:00\",\"author\":{\"@id\":\"https:\/\/staging.varesenews.it\/#\/schema\/person\/2643ce123d4a3c9511e015dc548779b8\"},\"description\":\"L'assessore regionale all'istruzione Aprea teme che non saranno assegnati in tempo i posti vacanti della scuola\",\"breadcrumb\":{\"@id\":\"https:\/\/staging.varesenews.it\/2016\/08\/chiamata-diretta-dei-docenti-lassessore-aprea-teme-ritardi\/542981\/#breadcrumb\"},\"inLanguage\":\"it-IT\",\"potentialAction\":[{\"@type\":\"ReadAction\",\"target\":[\"https:\/\/staging.varesenews.it\/2016\/08\/chiamata-diretta-dei-docenti-lassessore-aprea-teme-ritardi\/542981\/\"]}]},{\"@type\":\"BreadcrumbList\",\"@id\":\"https:\/\/staging.varesenews.it\/2016\/08\/chiamata-diretta-dei-docenti-lassessore-aprea-teme-ritardi\/542981\/#breadcrumb\",\"itemListElement\":[{\"@type\":\"ListItem\",\"position\":1,\"name\":\"Home\",\"item\":\"https:\/\/www.varesenews.it\/\"},{\"@type\":\"ListItem\",\"position\":2,\"name\":\"Chiamata diretta dei docenti: l&#8217;assessore Aprea teme ritardi\"}]},{\"@type\":\"WebSite\",\"@id\":\"https:\/\/staging.varesenews.it\/#website\",\"url\":\"https:\/\/staging.varesenews.it\/\",\"name\":\"VareseNews\",\"description\":\"\",\"potentialAction\":[{\"@type\":\"SearchAction\",\"target\":{\"@type\":\"EntryPoint\",\"urlTemplate\":\"https:\/\/staging.varesenews.it\/?s={search_term_string}\"},\"query-input\":\"required name=search_term_string\"}],\"inLanguage\":\"it-IT\"},{\"@type\":\"Person\",\"@id\":\"https:\/\/staging.varesenews.it\/#\/schema\/person\/2643ce123d4a3c9511e015dc548779b8\",\"name\":\"Alessandra Toni\",\"image\":{\"@type\":\"ImageObject\",\"inLanguage\":\"it-IT\",\"@id\":\"https:\/\/staging.varesenews.it\/#\/schema\/person\/image\/\",\"url\":\"https:\/\/staging.varesenews.it\/wp-content\/uploads\/2020\/12\/alessandra_toni_colori_500.jpg\",\"contentUrl\":\"https:\/\/staging.varesenews.it\/wp-content\/uploads\/2020\/12\/alessandra_toni_colori_500.jpg\",\"caption\":\"Alessandra Toni\"},\"description\":\"Sono entrata nella redazione di VareseNews nel lontano anno 2000. Ero reduce da una bellissima esperienza nella redazione giornalistica della TV Nuova Antennatre, sotto la direzione dell'indimenticabile direttore Adolfo Caldarini. Sono arrivata quando era ancora una piccola realt\u00e0 editoriale e insieme abbiamo fatto un lungo ed entusiasmante lavoro. Mi occupo prevalentemente di scuola e di sanit\u00e0, settori impegnativi di grande valore sociale.\u00a0\",\"sameAs\":[\"alessandra.toni7\",\"alessandra.toni\",\"https:\/\/twitter.com\/alessandra_toni\"],\"url\":\"https:\/\/staging.varesenews.it\/persona\/alessandra_toni1\/\"}]}<\/script>\n<!-- \/ Yoast SEO plugin. -->","yoast_head_json":{"title":"Chiamata diretta dei docenti: l'assessore Aprea teme ritardi","description":"L'assessore regionale all'istruzione Aprea teme che non saranno assegnati in tempo i posti vacanti della scuola","robots":{"index":"noindex","follow":"follow","max-snippet":"max-snippet:-1","max-image-preview":"max-image-preview:large","max-video-preview":"max-video-preview:-1"},"og_locale":"it_IT","og_type":"article","og_title":"Chiamata diretta dei docenti: l'assessore Aprea teme ritardi","og_description":"L'assessore regionale all'istruzione Aprea teme che non saranno assegnati in tempo i posti vacanti della scuola","og_url":"https:\/\/staging.varesenews.it\/2016\/08\/chiamata-diretta-dei-docenti-lassessore-aprea-teme-ritardi\/542981\/","og_site_name":"VareseNews","article_publisher":"https:\/\/www.facebook.com\/varesenews","article_author":"alessandra.toni7","article_published_time":"2016-08-08T14:20:15+00:00","author":"Alessandra Toni","twitter_card":"summary_large_image","twitter_creator":"@alessandra_toni","twitter_site":"@varesenews","twitter_misc":{"Scritto da":"Alessandra Toni","Tempo di lettura stimato":"2 minuti"},"schema":{"@context":"https:\/\/schema.org","@graph":[{"@type":"WebPage","@id":"https:\/\/staging.varesenews.it\/2016\/08\/chiamata-diretta-dei-docenti-lassessore-aprea-teme-ritardi\/542981\/","url":"https:\/\/staging.varesenews.it\/2016\/08\/chiamata-diretta-dei-docenti-lassessore-aprea-teme-ritardi\/542981\/","name":"Chiamata diretta dei docenti: l'assessore Aprea teme ritardi","isPartOf":{"@id":"https:\/\/staging.varesenews.it\/#website"},"datePublished":"2016-08-08T14:20:15+00:00","dateModified":"2016-08-08T14:20:15+00:00","author":{"@id":"https:\/\/staging.varesenews.it\/#\/schema\/person\/2643ce123d4a3c9511e015dc548779b8"},"description":"L'assessore regionale all'istruzione Aprea teme che non saranno assegnati in tempo i posti vacanti della scuola","breadcrumb":{"@id":"https:\/\/staging.varesenews.it\/2016\/08\/chiamata-diretta-dei-docenti-lassessore-aprea-teme-ritardi\/542981\/#breadcrumb"},"inLanguage":"it-IT","potentialAction":[{"@type":"ReadAction","target":["https:\/\/staging.varesenews.it\/2016\/08\/chiamata-diretta-dei-docenti-lassessore-aprea-teme-ritardi\/542981\/"]}]},{"@type":"BreadcrumbList","@id":"https:\/\/staging.varesenews.it\/2016\/08\/chiamata-diretta-dei-docenti-lassessore-aprea-teme-ritardi\/542981\/#breadcrumb","itemListElement":[{"@type":"ListItem","position":1,"name":"Home","item":"https:\/\/www.varesenews.it\/"},{"@type":"ListItem","position":2,"name":"Chiamata diretta dei docenti: l&#8217;assessore Aprea teme ritardi"}]},{"@type":"WebSite","@id":"https:\/\/staging.varesenews.it\/#website","url":"https:\/\/staging.varesenews.it\/","name":"VareseNews","description":"","potentialAction":[{"@type":"SearchAction","target":{"@type":"EntryPoint","urlTemplate":"https:\/\/staging.varesenews.it\/?s={search_term_string}"},"query-input":"required name=search_term_string"}],"inLanguage":"it-IT"},{"@type":"Person","@id":"https:\/\/staging.varesenews.it\/#\/schema\/person\/2643ce123d4a3c9511e015dc548779b8","name":"Alessandra Toni","image":{"@type":"ImageObject","inLanguage":"it-IT","@id":"https:\/\/staging.varesenews.it\/#\/schema\/person\/image\/","url":"https:\/\/staging.varesenews.it\/wp-content\/uploads\/2020\/12\/alessandra_toni_colori_500.jpg","contentUrl":"https:\/\/staging.varesenews.it\/wp-content\/uploads\/2020\/12\/alessandra_toni_colori_500.jpg","caption":"Alessandra Toni"},"description":"Sono entrata nella redazione di VareseNews nel lontano anno 2000. Ero reduce da una bellissima esperienza nella redazione giornalistica della TV Nuova Antennatre, sotto la direzione dell'indimenticabile direttore Adolfo Caldarini. Sono arrivata quando era ancora una piccola realt\u00e0 editoriale e insieme abbiamo fatto un lungo ed entusiasmante lavoro. Mi occupo prevalentemente di scuola e di sanit\u00e0, settori impegnativi di grande valore sociale.\u00a0","sameAs":["alessandra.toni7","alessandra.toni","https:\/\/twitter.com\/alessandra_toni"],"url":"https:\/\/staging.varesenews.it\/persona\/alessandra_toni1\/"}]}},"post_meta":{"_edit_lock":"1470666023:33","_edit_last":"33","_category_permalink":"90","wdfb_og_title":"","wdfb_og_type":"","wdfb_og_description":"","wdfb_og_images":"a:1:{i:0;s:0:\"\";}","wdfb_og_custom_name":"a:1:{i:0;s:0:\"\";}","wdfb_og_custom_value":"a:1:{i:0;s:0:\"\";}","foto":"160611","argomento":"Milano","_jd_twitter":"","_jd_tweet_this":"yes","ratings_users":"0","ratings_score":"0","ratings_average":"0","_wpt_short_url":"http:\/\/www.varesenews.it\/2016\/08\/chiamata-diretta-dei-docenti-lassessore-aprea-teme-ritardi\/542981\/","_wp_jd_target":"http:\/\/www.varesenews.it\/2016\/08\/chiamata-diretta-dei-docenti-lassessore-aprea-teme-ritardi\/542981\/","_jd_wp_twitter":"a:1:{i:0;s:198:\"Chiamata diretta dei docenti: l'assessore Aprea teme ritardi http:\/\/www.varesenews.it\/2016\/08\/chiamata-diretta-dei-docenti-lassessore-aprea-teme-ritardi\/542981\/ #Buonascuola #docenti #docentiprecari\";}","_wpt_status_message":"Tweet inviato con successo.","_yoast_wpseo_focuskw":"buona scuola","_yoast_wpseo_linkdex":"52","id_leggi_anche":"546098"},"photos":[{"original":"https:\/\/staging.varesenews.it\/photogallery_new\/images\/2012\/10\/valentina-aprea-160611.jpg","full":"https:\/\/staging.varesenews.it\/photogallery_new\/images\/2012\/10\/valentina-aprea-160611.1024x768.jpg","large":"https:\/\/staging.varesenews.it\/photogallery_new\/images\/2012\/10\/valentina-aprea-160611.610x431.jpg"}],"_links":{"self":[{"href":"https:\/\/staging.varesenews.it\/swgapi\/v1\/wp\/v2\/posts\/542981"}],"collection":[{"href":"https:\/\/staging.varesenews.it\/swgapi\/v1\/wp\/v2\/posts"}],"about":[{"href":"https:\/\/staging.varesenews.it\/swgapi\/v1\/wp\/v2\/types\/post"}],"author":[{"embeddable":true,"href":"https:\/\/staging.varesenews.it\/swgapi\/v1\/wp\/v2\/users\/33"}],"replies":[{"embeddable":true,"href":"https:\/\/staging.varesenews.it\/swgapi\/v1\/wp\/v2\/comments?post=542981"}],"version-history":[{"count":0,"href":"https:\/\/staging.varesenews.it\/swgapi\/v1\/wp\/v2\/posts\/542981\/revisions"}],"wp:attachment":[{"href":"https:\/\/staging.varesenews.it\/swgapi\/v1\/wp\/v2\/media?parent=542981"}],"wp:term":[{"taxonomy":"category","embeddable":true,"href":"https:\/\/staging.varesenews.it\/swgapi\/v1\/wp\/v2\/categories?post=542981"},{"taxonomy":"post_tag","embeddable":true,"href":"https:\/\/staging.varesenews.it\/swgapi\/v1\/wp\/v2\/tags?post=542981"}],"curies":[{"name":"wp","href":"https:\/\/api.w.org\/{rel}","templated":true}]}}