{"id":543676,"date":"2016-08-11T07:48:36","date_gmt":"2016-08-11T05:48:36","guid":{"rendered":"http:\/\/www.varesenews.it\/?p=543676"},"modified":"2016-08-11T07:48:36","modified_gmt":"2016-08-11T05:48:36","slug":"ferragosto-con-il-sole-poi-torna-qualche-nuvola","status":"publish","type":"post","link":"https:\/\/staging.varesenews.it\/2016\/08\/ferragosto-con-il-sole-poi-torna-qualche-nuvola\/543676\/","title":{"rendered":"Ferragosto con il sole, poi torna qualche nuvola"},"content":{"rendered":"<p>Dimenticate per qualche giorno nuvole e temporali. Le\u00a0previsioni meteo sono tutte concordi, Ferragosto ce lo godremo con un bel sole e temperature estive.<\/p>\n<p>Dopo gli accumuli temporaleschi di ieri, oggi ancora qualche nuvola sparsa, un po&#8217; di vento e temperature mattutine decisamente fresche, ma nel corso della giornata la situazione andr\u00e0 stabilizzandosi grazie all&#8217;arrivo dell&#8217;anticiclone.<\/p>\n<p>Per il\u00a0<strong>fine settimana<\/strong> e la giornata di <strong>Ferragosto <\/strong>si conferma una fase di tempo stabile e soleggiato su tutto il Varesotto. Qualche nuvola in pi\u00f9 nelle ore pi\u00f9 calde della giornata potr\u00e0 svilupparsi tra domenica e luned\u00ec sulle zone alpine, ma con scarso rischio di precipitazioni.<\/p>\n<p>Solo da marted\u00ec 17 torner\u00e0 a vedersi qualche nuvola.<\/p>\n<p><a href=\"http:\/\/www.varesenews.it\/previsioni-meteo-varese\/\"><strong>Segui le previsioni mateo del Centro geofisico Prealpino<\/strong><\/a><\/p>\n","protected":false},"excerpt":{"rendered":"<p>Le previsioni meteo sono tutte concordi: fino a marted\u00ec 16 agosto il cielo sul Varesotto sar\u00e0 sereno<\/p>\n","protected":false},"author":44,"featured_media":0,"comment_status":"open","ping_status":"open","sticky":false,"template":"","format":"standard","meta":{"footnotes":""},"categories":[21,2],"tags":[63302,162],"acf":[],"yoast_head":"<!-- This site is optimized with the Yoast SEO plugin v20.1 - https:\/\/yoast.com\/wordpress\/plugins\/seo\/ -->\n<title>Ferragosto con il sole, poi torna qualche nuvola<\/title>\n<meta name=\"description\" content=\"Le previsioni meteo sono tutte concordi: fino a marted\u00ec 16 agosto il cielo sul Varesotto sar\u00e0 sereno\" \/>\n<meta name=\"robots\" content=\"noindex, follow, max-snippet:-1, max-image-preview:large, max-video-preview:-1\" \/>\n<meta property=\"og:locale\" content=\"it_IT\" \/>\n<meta property=\"og:type\" content=\"article\" \/>\n<meta property=\"og:title\" content=\"Ferragosto con il sole, poi torna qualche nuvola\" \/>\n<meta property=\"og:description\" content=\"Le previsioni meteo sono tutte concordi: fino a marted\u00ec 16 agosto il cielo sul Varesotto sar\u00e0 sereno\" \/>\n<meta property=\"og:url\" content=\"https:\/\/staging.varesenews.it\/2016\/08\/ferragosto-con-il-sole-poi-torna-qualche-nuvola\/543676\/\" \/>\n<meta property=\"og:site_name\" content=\"VareseNews\" \/>\n<meta property=\"article:publisher\" content=\"https:\/\/www.facebook.com\/varesenews\" \/>\n<meta property=\"article:author\" content=\"https:\/\/www.facebook.com\/mariangela.gerletti\" \/>\n<meta property=\"article:published_time\" content=\"2016-08-11T05:48:36+00:00\" \/>\n<meta name=\"author\" content=\"Mariangela Gerletti\" \/>\n<meta name=\"twitter:card\" content=\"summary_large_image\" \/>\n<meta name=\"twitter:creator\" content=\"@MariGerletti\" \/>\n<meta name=\"twitter:site\" content=\"@varesenews\" \/>\n<meta name=\"twitter:label1\" content=\"Scritto da\" \/>\n\t<meta name=\"twitter:data1\" content=\"Mariangela Gerletti\" \/>\n\t<meta name=\"twitter:label2\" content=\"Tempo di lettura stimato\" \/>\n\t<meta name=\"twitter:data2\" content=\"1 minuto\" \/>\n<script type=\"application\/ld+json\" class=\"yoast-schema-graph\">{\"@context\":\"https:\/\/schema.org\",\"@graph\":[{\"@type\":\"WebPage\",\"@id\":\"https:\/\/staging.varesenews.it\/2016\/08\/ferragosto-con-il-sole-poi-torna-qualche-nuvola\/543676\/\",\"url\":\"https:\/\/staging.varesenews.it\/2016\/08\/ferragosto-con-il-sole-poi-torna-qualche-nuvola\/543676\/\",\"name\":\"Ferragosto con il sole, poi torna qualche nuvola\",\"isPartOf\":{\"@id\":\"https:\/\/staging.varesenews.it\/#website\"},\"datePublished\":\"2016-08-11T05:48:36+00:00\",\"dateModified\":\"2016-08-11T05:48:36+00:00\",\"author\":{\"@id\":\"https:\/\/staging.varesenews.it\/#\/schema\/person\/14f52876ea19bc10d0d2717b6e8f9b89\"},\"description\":\"Le previsioni meteo sono tutte concordi: fino a marted\u00ec 16 agosto il cielo sul Varesotto sar\u00e0 sereno\",\"breadcrumb\":{\"@id\":\"https:\/\/staging.varesenews.it\/2016\/08\/ferragosto-con-il-sole-poi-torna-qualche-nuvola\/543676\/#breadcrumb\"},\"inLanguage\":\"it-IT\",\"potentialAction\":[{\"@type\":\"ReadAction\",\"target\":[\"https:\/\/staging.varesenews.it\/2016\/08\/ferragosto-con-il-sole-poi-torna-qualche-nuvola\/543676\/\"]}]},{\"@type\":\"BreadcrumbList\",\"@id\":\"https:\/\/staging.varesenews.it\/2016\/08\/ferragosto-con-il-sole-poi-torna-qualche-nuvola\/543676\/#breadcrumb\",\"itemListElement\":[{\"@type\":\"ListItem\",\"position\":1,\"name\":\"Home\",\"item\":\"https:\/\/www.varesenews.it\/\"},{\"@type\":\"ListItem\",\"position\":2,\"name\":\"Ferragosto con il sole, poi torna qualche nuvola\"}]},{\"@type\":\"WebSite\",\"@id\":\"https:\/\/staging.varesenews.it\/#website\",\"url\":\"https:\/\/staging.varesenews.it\/\",\"name\":\"VareseNews\",\"description\":\"\",\"potentialAction\":[{\"@type\":\"SearchAction\",\"target\":{\"@type\":\"EntryPoint\",\"urlTemplate\":\"https:\/\/staging.varesenews.it\/?s={search_term_string}\"},\"query-input\":\"required name=search_term_string\"}],\"inLanguage\":\"it-IT\"},{\"@type\":\"Person\",\"@id\":\"https:\/\/staging.varesenews.it\/#\/schema\/person\/14f52876ea19bc10d0d2717b6e8f9b89\",\"name\":\"Mariangela Gerletti\",\"image\":{\"@type\":\"ImageObject\",\"inLanguage\":\"it-IT\",\"@id\":\"https:\/\/staging.varesenews.it\/#\/schema\/person\/image\/\",\"url\":\"https:\/\/staging.varesenews.it\/wp-content\/uploads\/2020\/12\/mariangela.jpeg\",\"contentUrl\":\"https:\/\/staging.varesenews.it\/wp-content\/uploads\/2020\/12\/mariangela.jpeg\",\"caption\":\"Mariangela Gerletti\"},\"description\":\"Da pi&ugrave; di trent'anni mi occupo di giornalismo e comunicazione Varesenews &egrave; il luogo dove ho trovato la passione, l'attenzione e le persone che ogni giorno mi fanno amare un po' di pi&ugrave; questo lavoro di cui non mi stanco mai. Far parte della redazione di Varesenews &egrave; un onore, sostenere il progetto della membership &egrave; un piacere perch&eacute; mi fa sentire ancora pi&ugrave; vicina alla grande comunit&agrave; dei nostri lettori.\",\"sameAs\":[\"https:\/\/www.facebook.com\/mariangela.gerletti\",\"marigerletti\",\"https:\/\/twitter.com\/MariGerletti\"],\"url\":\"https:\/\/staging.varesenews.it\/persona\/mariangela-gerletti1\/\"}]}<\/script>\n<!-- \/ Yoast SEO plugin. -->","yoast_head_json":{"title":"Ferragosto con il sole, poi torna qualche nuvola","description":"Le previsioni meteo sono tutte concordi: fino a marted\u00ec 16 agosto il cielo sul Varesotto sar\u00e0 sereno","robots":{"index":"noindex","follow":"follow","max-snippet":"max-snippet:-1","max-image-preview":"max-image-preview:large","max-video-preview":"max-video-preview:-1"},"og_locale":"it_IT","og_type":"article","og_title":"Ferragosto con il sole, poi torna qualche nuvola","og_description":"Le previsioni meteo sono tutte concordi: fino a marted\u00ec 16 agosto il cielo sul Varesotto sar\u00e0 sereno","og_url":"https:\/\/staging.varesenews.it\/2016\/08\/ferragosto-con-il-sole-poi-torna-qualche-nuvola\/543676\/","og_site_name":"VareseNews","article_publisher":"https:\/\/www.facebook.com\/varesenews","article_author":"https:\/\/www.facebook.com\/mariangela.gerletti","article_published_time":"2016-08-11T05:48:36+00:00","author":"Mariangela Gerletti","twitter_card":"summary_large_image","twitter_creator":"@MariGerletti","twitter_site":"@varesenews","twitter_misc":{"Scritto da":"Mariangela Gerletti","Tempo di lettura stimato":"1 minuto"},"schema":{"@context":"https:\/\/schema.org","@graph":[{"@type":"WebPage","@id":"https:\/\/staging.varesenews.it\/2016\/08\/ferragosto-con-il-sole-poi-torna-qualche-nuvola\/543676\/","url":"https:\/\/staging.varesenews.it\/2016\/08\/ferragosto-con-il-sole-poi-torna-qualche-nuvola\/543676\/","name":"Ferragosto con il sole, poi torna qualche nuvola","isPartOf":{"@id":"https:\/\/staging.varesenews.it\/#website"},"datePublished":"2016-08-11T05:48:36+00:00","dateModified":"2016-08-11T05:48:36+00:00","author":{"@id":"https:\/\/staging.varesenews.it\/#\/schema\/person\/14f52876ea19bc10d0d2717b6e8f9b89"},"description":"Le previsioni meteo sono tutte concordi: fino a marted\u00ec 16 agosto il cielo sul Varesotto sar\u00e0 sereno","breadcrumb":{"@id":"https:\/\/staging.varesenews.it\/2016\/08\/ferragosto-con-il-sole-poi-torna-qualche-nuvola\/543676\/#breadcrumb"},"inLanguage":"it-IT","potentialAction":[{"@type":"ReadAction","target":["https:\/\/staging.varesenews.it\/2016\/08\/ferragosto-con-il-sole-poi-torna-qualche-nuvola\/543676\/"]}]},{"@type":"BreadcrumbList","@id":"https:\/\/staging.varesenews.it\/2016\/08\/ferragosto-con-il-sole-poi-torna-qualche-nuvola\/543676\/#breadcrumb","itemListElement":[{"@type":"ListItem","position":1,"name":"Home","item":"https:\/\/www.varesenews.it\/"},{"@type":"ListItem","position":2,"name":"Ferragosto con il sole, poi torna qualche nuvola"}]},{"@type":"WebSite","@id":"https:\/\/staging.varesenews.it\/#website","url":"https:\/\/staging.varesenews.it\/","name":"VareseNews","description":"","potentialAction":[{"@type":"SearchAction","target":{"@type":"EntryPoint","urlTemplate":"https:\/\/staging.varesenews.it\/?s={search_term_string}"},"query-input":"required name=search_term_string"}],"inLanguage":"it-IT"},{"@type":"Person","@id":"https:\/\/staging.varesenews.it\/#\/schema\/person\/14f52876ea19bc10d0d2717b6e8f9b89","name":"Mariangela Gerletti","image":{"@type":"ImageObject","inLanguage":"it-IT","@id":"https:\/\/staging.varesenews.it\/#\/schema\/person\/image\/","url":"https:\/\/staging.varesenews.it\/wp-content\/uploads\/2020\/12\/mariangela.jpeg","contentUrl":"https:\/\/staging.varesenews.it\/wp-content\/uploads\/2020\/12\/mariangela.jpeg","caption":"Mariangela Gerletti"},"description":"Da pi&ugrave; di trent'anni mi occupo di giornalismo e comunicazione Varesenews &egrave; il luogo dove ho trovato la passione, l'attenzione e le persone che ogni giorno mi fanno amare un po' di pi&ugrave; questo lavoro di cui non mi stanco mai. Far parte della redazione di Varesenews &egrave; un onore, sostenere il progetto della membership &egrave; un piacere perch&eacute; mi fa sentire ancora pi&ugrave; vicina alla grande comunit&agrave; dei nostri lettori.","sameAs":["https:\/\/www.facebook.com\/mariangela.gerletti","marigerletti","https:\/\/twitter.com\/MariGerletti"],"url":"https:\/\/staging.varesenews.it\/persona\/mariangela-gerletti1\/"}]}},"post_meta":{"_edit_lock":"1470894386:44","_edit_last":"44","_category_permalink":"","wdfb_og_title":"","wdfb_og_type":"","wdfb_og_description":"","wdfb_og_images":"a:1:{i:0;s:0:\"\";}","wdfb_og_custom_name":"a:1:{i:0;s:0:\"\";}","wdfb_og_custom_value":"a:1:{i:0;s:0:\"\";}","foto":"557491","firma_come_redazione":"1","argomento":"Meteo","_yoast_wpseo_focuskw":"ferragosto","_yoast_wpseo_metadesc":"Le previsioni meteo sono tutte concordi: fino a marted\u00ec 16 agosto il cielo sul Varesotto sar\u00e0 sereno","_jd_twitter":"","_jd_tweet_this":"yes","ratings_users":"0","ratings_score":"0","ratings_average":"0","_wpt_short_url":"http:\/\/www.varesenews.it\/2016\/08\/ferragosto-con-il-sole-poi-torna-qualche-nuvola\/543676\/","_wp_jd_target":"http:\/\/www.varesenews.it\/2016\/08\/ferragosto-con-il-sole-poi-torna-qualche-nuvola\/543676\/","_jd_wp_twitter":"a:1:{i:0;s:160:\"Ferragosto con il sole, poi torna qualche nuvola http:\/\/www.varesenews.it\/2016\/08\/ferragosto-con-il-sole-poi-torna-qualche-nuvola\/543676\/ #ferragosto2016 #meteo\";}","_wpt_status_message":"Tweet inviato con successo.","_yoast_wpseo_linkdex":"56","id_leggi_anche":"544169"},"photos":[{"original":"https:\/\/staging.varesenews.it\/photogallery_new\/images\/2016\/08\/ferragosto-557491.jpg","full":"https:\/\/staging.varesenews.it\/photogallery_new\/images\/2016\/08\/ferragosto-557491.1024x768.jpg","large":"https:\/\/staging.varesenews.it\/photogallery_new\/images\/2016\/08\/ferragosto-557491.610x431.jpg"}],"_links":{"self":[{"href":"https:\/\/staging.varesenews.it\/swgapi\/v1\/wp\/v2\/posts\/543676"}],"collection":[{"href":"https:\/\/staging.varesenews.it\/swgapi\/v1\/wp\/v2\/posts"}],"about":[{"href":"https:\/\/staging.varesenews.it\/swgapi\/v1\/wp\/v2\/types\/post"}],"author":[{"embeddable":true,"href":"https:\/\/staging.varesenews.it\/swgapi\/v1\/wp\/v2\/users\/44"}],"replies":[{"embeddable":true,"href":"https:\/\/staging.varesenews.it\/swgapi\/v1\/wp\/v2\/comments?post=543676"}],"version-history":[{"count":0,"href":"https:\/\/staging.varesenews.it\/swgapi\/v1\/wp\/v2\/posts\/543676\/revisions"}],"wp:attachment":[{"href":"https:\/\/staging.varesenews.it\/swgapi\/v1\/wp\/v2\/media?parent=543676"}],"wp:term":[{"taxonomy":"category","embeddable":true,"href":"https:\/\/staging.varesenews.it\/swgapi\/v1\/wp\/v2\/categories?post=543676"},{"taxonomy":"post_tag","embeddable":true,"href":"https:\/\/staging.varesenews.it\/swgapi\/v1\/wp\/v2\/tags?post=543676"}],"curies":[{"name":"wp","href":"https:\/\/api.w.org\/{rel}","templated":true}]}}