{"id":543791,"date":"2016-08-11T13:58:13","date_gmt":"2016-08-11T11:58:13","guid":{"rendered":"http:\/\/www.varesenews.it\/?p=543791"},"modified":"2016-08-11T15:21:49","modified_gmt":"2016-08-11T13:21:49","slug":"il-canottaggio-varesino-si-ferma-in-semifinale","status":"publish","type":"post","link":"https:\/\/staging.varesenews.it\/2016\/08\/il-canottaggio-varesino-si-ferma-in-semifinale\/543791\/","title":{"rendered":"Il canottaggio varesino si ferma in semifinale"},"content":{"rendered":"<p>\u00c8 iniziata con la semifinale del due senza senior femminile la giornata olimpica del canottaggio, con i tre varesini impegnati e tre finali con gli azzurri.<\/p>\n<p><strong>BERTOLASI<\/strong>\u00a0<strong>OUT<\/strong> &#8211; Purtroppo Sara Bertolasi e Alessandra Patelli non sono riuscite a fare il miracolo di qualificarsi alla finale, obiettivo per\u00f2 francamente quasi impossibile. Le due azzurre hanno chiuso al sesto e ultimo posto la propria semifinale dominata da Gran Bretagna e USA che si sono qualificate insieme alla Romania. Brave, Sara e Alessandra, nella primissima parte di regata ma poi il loro distacco dalle prime \u00e8 progressivamente aumentato senza rimonta su una Germania non lontanissima. Bertolasi e Patelli torneranno comunque in acqua per la finale di consolazione: obiettivo chiudere le Olimpiadi tra le prime dieci imbarcazioni.<\/p>\n<p><strong>DELUSIONE PER MICHELETTI<\/strong> &#8211; Anche Andrea Micheletti resta fuori dalla finale olimpica del doppio leggero maschile, obiettivo che era alla portata del giovane di Ispra in coppia con Marcello Milani. Questione di centimetri ma eliminazione che brucia perch\u00e9 la barca italiana, seconda nella prima parte di regata, ha mantenuto il terzo posto (ultimo utile per andare in finale) fino agli ultimi metri ma si \u00e8 fatta infilare in volata dalla Polonia. Sfuma cos\u00ec quella che era una &#8211; piccola &#8211; possibilit\u00e0 di medaglia per la spedizione varesina.<\/p>\n<p><strong>FRATTINI LONTANO<\/strong> &#8211; Pronostico purtroppo confermato per l&#8217;otto senior con a bordo Pierpaolo Frattini. L&#8217;ammiraglia azzurra non \u00e8 mai in lotta per i primi quattro posti, quelli che davano l&#8217;accesso alla finalissima di specialit\u00e0: subito indietro alla partenza, gli azzurri hanno fatto gara di coda senza mai dare l&#8217;impressione di poter recuperare. Termina probabilmente cos\u00ec l&#8217;esperienza olimpica di Frattini, che a 32 anni ha disputato i Giochi per la terza volta.<\/p>\n<p><a title=\"Il canottaggio ci riprova, meteo permettendo\" href=\"http:\/\/www.varesenews.it\/2016\/08\/il-canottaggio-ci-riprova-meteo-permettendo\/543739\/\">QUI IL PROGRAMMA AZZURRO DEL CANOTTAGGIO<\/a><\/p>\n<blockquote><p><span style=\"color: #ff0000;\"><strong>SPECIALE RIO 2016<\/strong><\/span> &#8211; <a href=\"http:\/\/www.varesenews.it\/tag\/speciale-rio-2016\/\" target=\"_blank\">Le Olimpiadi di VareseNews<\/a><\/p>\n<p><span style=\"color: #ff0000;\"><strong>LIVE<\/strong><\/span> &#8211; <a title=\"Rio 2016, il live a cinque cerchi\" href=\"http:\/\/www.varesenews.it\/2016\/08\/rio-2016-il-live-a-cinque-cerchi\/543157\/\" target=\"_blank\">La diretta con immagini e notizie da Rio<\/a><\/p><\/blockquote>\n","protected":false},"excerpt":{"rendered":"<p>Giornata negativa per il nostro remo: se l&#8217;eliminazione di Bertolasi e Frattini era prevista, brucia il quarto posto di Micheletti sul doppio pl<\/p>\n","protected":false},"author":38,"featured_media":0,"comment_status":"open","ping_status":"open","sticky":false,"template":"","format":"standard","meta":{"footnotes":""},"categories":[14],"tags":[1575,62961],"acf":[],"yoast_head":"<!-- This site is optimized with the Yoast SEO plugin v20.1 - https:\/\/yoast.com\/wordpress\/plugins\/seo\/ -->\n<title>Il canottaggio varesino si ferma in semifinale<\/title>\n<meta name=\"description\" content=\"Giornata negativa per il nostro remo: se l&#039;eliminazione di Bertolasi e Frattini era prevista, brucia il quarto posto di Micheletti sul doppio pl\" \/>\n<meta name=\"robots\" content=\"noindex, follow, max-snippet:-1, max-image-preview:large, max-video-preview:-1\" \/>\n<meta property=\"og:locale\" content=\"it_IT\" \/>\n<meta property=\"og:type\" content=\"article\" \/>\n<meta property=\"og:title\" content=\"Il canottaggio varesino si ferma in semifinale\" \/>\n<meta property=\"og:description\" content=\"Giornata negativa per il nostro remo: se l&#039;eliminazione di Bertolasi e Frattini era prevista, brucia il quarto posto di Micheletti sul doppio pl\" \/>\n<meta property=\"og:url\" content=\"https:\/\/staging.varesenews.it\/2016\/08\/il-canottaggio-varesino-si-ferma-in-semifinale\/543791\/\" \/>\n<meta property=\"og:site_name\" content=\"VareseNews\" \/>\n<meta property=\"article:publisher\" content=\"https:\/\/www.facebook.com\/varesenews\" \/>\n<meta property=\"article:published_time\" content=\"2016-08-11T11:58:13+00:00\" \/>\n<meta property=\"article:modified_time\" content=\"2016-08-11T13:21:49+00:00\" \/>\n<meta name=\"author\" content=\"Damiano Franzetti\" \/>\n<meta name=\"twitter:card\" content=\"summary_large_image\" \/>\n<meta name=\"twitter:creator\" content=\"@damianofranz\" \/>\n<meta name=\"twitter:site\" content=\"@varesenews\" \/>\n<meta name=\"twitter:label1\" content=\"Scritto da\" \/>\n\t<meta name=\"twitter:data1\" content=\"Damiano Franzetti\" \/>\n\t<meta name=\"twitter:label2\" content=\"Tempo di lettura stimato\" \/>\n\t<meta name=\"twitter:data2\" content=\"2 minuti\" \/>\n<script type=\"application\/ld+json\" class=\"yoast-schema-graph\">{\"@context\":\"https:\/\/schema.org\",\"@graph\":[{\"@type\":\"WebPage\",\"@id\":\"https:\/\/staging.varesenews.it\/2016\/08\/il-canottaggio-varesino-si-ferma-in-semifinale\/543791\/\",\"url\":\"https:\/\/staging.varesenews.it\/2016\/08\/il-canottaggio-varesino-si-ferma-in-semifinale\/543791\/\",\"name\":\"Il canottaggio varesino si ferma in semifinale\",\"isPartOf\":{\"@id\":\"https:\/\/staging.varesenews.it\/#website\"},\"datePublished\":\"2016-08-11T11:58:13+00:00\",\"dateModified\":\"2016-08-11T13:21:49+00:00\",\"author\":{\"@id\":\"https:\/\/staging.varesenews.it\/#\/schema\/person\/709ae3769f6b4dbde8ec332baede8a5b\"},\"description\":\"Giornata negativa per il nostro remo: se l'eliminazione di Bertolasi e Frattini era prevista, brucia il quarto posto di Micheletti sul doppio pl\",\"breadcrumb\":{\"@id\":\"https:\/\/staging.varesenews.it\/2016\/08\/il-canottaggio-varesino-si-ferma-in-semifinale\/543791\/#breadcrumb\"},\"inLanguage\":\"it-IT\",\"potentialAction\":[{\"@type\":\"ReadAction\",\"target\":[\"https:\/\/staging.varesenews.it\/2016\/08\/il-canottaggio-varesino-si-ferma-in-semifinale\/543791\/\"]}]},{\"@type\":\"BreadcrumbList\",\"@id\":\"https:\/\/staging.varesenews.it\/2016\/08\/il-canottaggio-varesino-si-ferma-in-semifinale\/543791\/#breadcrumb\",\"itemListElement\":[{\"@type\":\"ListItem\",\"position\":1,\"name\":\"Home\",\"item\":\"https:\/\/www.varesenews.it\/\"},{\"@type\":\"ListItem\",\"position\":2,\"name\":\"Il canottaggio varesino si ferma in semifinale\"}]},{\"@type\":\"WebSite\",\"@id\":\"https:\/\/staging.varesenews.it\/#website\",\"url\":\"https:\/\/staging.varesenews.it\/\",\"name\":\"VareseNews\",\"description\":\"\",\"potentialAction\":[{\"@type\":\"SearchAction\",\"target\":{\"@type\":\"EntryPoint\",\"urlTemplate\":\"https:\/\/staging.varesenews.it\/?s={search_term_string}\"},\"query-input\":\"required name=search_term_string\"}],\"inLanguage\":\"it-IT\"},{\"@type\":\"Person\",\"@id\":\"https:\/\/staging.varesenews.it\/#\/schema\/person\/709ae3769f6b4dbde8ec332baede8a5b\",\"name\":\"Damiano Franzetti\",\"image\":{\"@type\":\"ImageObject\",\"inLanguage\":\"it-IT\",\"@id\":\"https:\/\/staging.varesenews.it\/#\/schema\/person\/image\/\",\"url\":\"https:\/\/staging.varesenews.it\/wp-content\/uploads\/2020\/12\/damiano_franzetti_colori_500.jpg\",\"contentUrl\":\"https:\/\/staging.varesenews.it\/wp-content\/uploads\/2020\/12\/damiano_franzetti_colori_500.jpg\",\"caption\":\"Damiano Franzetti\"},\"description\":\"Classe 1976, una laurea (nel cassetto) in scienze e tecnologie alimentari; sono giornalista professionista dal 2009 nato e cresciuto con VareseNews dove mi occupo soprattutto di sport ormai da vent&rsquo;anni. Inviato sui campi (sulle piste, sulle strade...), intervistatore, coordinatore e responsabile delle pagine sportive, mi ritaglio volentieri lo spazio per scrivere di birra sul blog Malto Gradimento. Ho seguito innumerevoli campionati di Serie A di basket, di serie B di calcio, due Mondiali di ciclismo, qualche Giro d&rsquo;;Italia e tanto altro ancora. Collaboro con Tuttosport e altre testate, mi diletto di social. Ho una moglie, un figlio, vivo nella mia Gemonio e ho purtroppo smesso con il basket giocato. &nbsp;\",\"sameAs\":[\"damianofranz\",\"https:\/\/www.linkedin.com\/profile\/view?id=241597124&trk=nav_responsive_tab_profile\",\"https:\/\/twitter.com\/damianofranz\"],\"url\":\"https:\/\/staging.varesenews.it\/persona\/damiano_franzetti-2\/\"}]}<\/script>\n<!-- \/ Yoast SEO plugin. -->","yoast_head_json":{"title":"Il canottaggio varesino si ferma in semifinale","description":"Giornata negativa per il nostro remo: se l'eliminazione di Bertolasi e Frattini era prevista, brucia il quarto posto di Micheletti sul doppio pl","robots":{"index":"noindex","follow":"follow","max-snippet":"max-snippet:-1","max-image-preview":"max-image-preview:large","max-video-preview":"max-video-preview:-1"},"og_locale":"it_IT","og_type":"article","og_title":"Il canottaggio varesino si ferma in semifinale","og_description":"Giornata negativa per il nostro remo: se l'eliminazione di Bertolasi e Frattini era prevista, brucia il quarto posto di Micheletti sul doppio pl","og_url":"https:\/\/staging.varesenews.it\/2016\/08\/il-canottaggio-varesino-si-ferma-in-semifinale\/543791\/","og_site_name":"VareseNews","article_publisher":"https:\/\/www.facebook.com\/varesenews","article_published_time":"2016-08-11T11:58:13+00:00","article_modified_time":"2016-08-11T13:21:49+00:00","author":"Damiano Franzetti","twitter_card":"summary_large_image","twitter_creator":"@damianofranz","twitter_site":"@varesenews","twitter_misc":{"Scritto da":"Damiano Franzetti","Tempo di lettura stimato":"2 minuti"},"schema":{"@context":"https:\/\/schema.org","@graph":[{"@type":"WebPage","@id":"https:\/\/staging.varesenews.it\/2016\/08\/il-canottaggio-varesino-si-ferma-in-semifinale\/543791\/","url":"https:\/\/staging.varesenews.it\/2016\/08\/il-canottaggio-varesino-si-ferma-in-semifinale\/543791\/","name":"Il canottaggio varesino si ferma in semifinale","isPartOf":{"@id":"https:\/\/staging.varesenews.it\/#website"},"datePublished":"2016-08-11T11:58:13+00:00","dateModified":"2016-08-11T13:21:49+00:00","author":{"@id":"https:\/\/staging.varesenews.it\/#\/schema\/person\/709ae3769f6b4dbde8ec332baede8a5b"},"description":"Giornata negativa per il nostro remo: se l'eliminazione di Bertolasi e Frattini era prevista, brucia il quarto posto di Micheletti sul doppio pl","breadcrumb":{"@id":"https:\/\/staging.varesenews.it\/2016\/08\/il-canottaggio-varesino-si-ferma-in-semifinale\/543791\/#breadcrumb"},"inLanguage":"it-IT","potentialAction":[{"@type":"ReadAction","target":["https:\/\/staging.varesenews.it\/2016\/08\/il-canottaggio-varesino-si-ferma-in-semifinale\/543791\/"]}]},{"@type":"BreadcrumbList","@id":"https:\/\/staging.varesenews.it\/2016\/08\/il-canottaggio-varesino-si-ferma-in-semifinale\/543791\/#breadcrumb","itemListElement":[{"@type":"ListItem","position":1,"name":"Home","item":"https:\/\/www.varesenews.it\/"},{"@type":"ListItem","position":2,"name":"Il canottaggio varesino si ferma in semifinale"}]},{"@type":"WebSite","@id":"https:\/\/staging.varesenews.it\/#website","url":"https:\/\/staging.varesenews.it\/","name":"VareseNews","description":"","potentialAction":[{"@type":"SearchAction","target":{"@type":"EntryPoint","urlTemplate":"https:\/\/staging.varesenews.it\/?s={search_term_string}"},"query-input":"required name=search_term_string"}],"inLanguage":"it-IT"},{"@type":"Person","@id":"https:\/\/staging.varesenews.it\/#\/schema\/person\/709ae3769f6b4dbde8ec332baede8a5b","name":"Damiano Franzetti","image":{"@type":"ImageObject","inLanguage":"it-IT","@id":"https:\/\/staging.varesenews.it\/#\/schema\/person\/image\/","url":"https:\/\/staging.varesenews.it\/wp-content\/uploads\/2020\/12\/damiano_franzetti_colori_500.jpg","contentUrl":"https:\/\/staging.varesenews.it\/wp-content\/uploads\/2020\/12\/damiano_franzetti_colori_500.jpg","caption":"Damiano Franzetti"},"description":"Classe 1976, una laurea (nel cassetto) in scienze e tecnologie alimentari; sono giornalista professionista dal 2009 nato e cresciuto con VareseNews dove mi occupo soprattutto di sport ormai da vent&rsquo;anni. Inviato sui campi (sulle piste, sulle strade...), intervistatore, coordinatore e responsabile delle pagine sportive, mi ritaglio volentieri lo spazio per scrivere di birra sul blog Malto Gradimento. Ho seguito innumerevoli campionati di Serie A di basket, di serie B di calcio, due Mondiali di ciclismo, qualche Giro d&rsquo;;Italia e tanto altro ancora. Collaboro con Tuttosport e altre testate, mi diletto di social. Ho una moglie, un figlio, vivo nella mia Gemonio e ho purtroppo smesso con il basket giocato. &nbsp;","sameAs":["damianofranz","https:\/\/www.linkedin.com\/profile\/view?id=241597124&trk=nav_responsive_tab_profile","https:\/\/twitter.com\/damianofranz"],"url":"https:\/\/staging.varesenews.it\/persona\/damiano_franzetti-2\/"}]}},"post_meta":{"_edit_lock":"1470924045:38","_edit_last":"38","ratings_users":"0","ratings_score":"0","ratings_average":"0","_category_permalink":"","wdfb_og_title":"","wdfb_og_type":"","wdfb_og_description":"","wdfb_og_images":"a:1:{i:0;s:0:\"\";}","wdfb_og_custom_name":"a:1:{i:0;s:0:\"\";}","wdfb_og_custom_value":"a:1:{i:0;s:0:\"\";}","foto":"558172","argomento":"Speciale Rio 2016","_jd_twitter":"","_jd_tweet_this":"yes","_wpt_short_url":"http:\/\/www.varesenews.it\/2016\/08\/sara-bertolasi-si-ferma-in-semifinale\/543791\/","_wp_jd_target":"http:\/\/www.varesenews.it\/2016\/08\/sara-bertolasi-si-ferma-in-semifinale\/543791\/","_jd_wp_twitter":"a:1:{i:0;s:146:\"Sara Bertolasi si ferma in semifinale http:\/\/www.varesenews.it\/2016\/08\/sara-bertolasi-si-ferma-in-semifinale\/543791\/ #canottaggio #specialerio2016\";}","_wpt_status_message":"Tweet inviato con successo.","_wp_old_slug":"sara-bertolasi-si-ferma-in-semifinale","id_leggi_anche":"547647"},"photos":[{"original":"https:\/\/staging.varesenews.it\/photogallery_new\/images\/2016\/08\/canottaggio-otto-italia-558172.jpg","full":"https:\/\/staging.varesenews.it\/photogallery_new\/images\/2016\/08\/canottaggio-otto-italia-558172.1024x768.jpg","large":"https:\/\/staging.varesenews.it\/photogallery_new\/images\/2016\/08\/canottaggio-otto-italia-558172.610x431.jpg"}],"_links":{"self":[{"href":"https:\/\/staging.varesenews.it\/swgapi\/v1\/wp\/v2\/posts\/543791"}],"collection":[{"href":"https:\/\/staging.varesenews.it\/swgapi\/v1\/wp\/v2\/posts"}],"about":[{"href":"https:\/\/staging.varesenews.it\/swgapi\/v1\/wp\/v2\/types\/post"}],"author":[{"embeddable":true,"href":"https:\/\/staging.varesenews.it\/swgapi\/v1\/wp\/v2\/users\/38"}],"replies":[{"embeddable":true,"href":"https:\/\/staging.varesenews.it\/swgapi\/v1\/wp\/v2\/comments?post=543791"}],"version-history":[{"count":0,"href":"https:\/\/staging.varesenews.it\/swgapi\/v1\/wp\/v2\/posts\/543791\/revisions"}],"wp:attachment":[{"href":"https:\/\/staging.varesenews.it\/swgapi\/v1\/wp\/v2\/media?parent=543791"}],"wp:term":[{"taxonomy":"category","embeddable":true,"href":"https:\/\/staging.varesenews.it\/swgapi\/v1\/wp\/v2\/categories?post=543791"},{"taxonomy":"post_tag","embeddable":true,"href":"https:\/\/staging.varesenews.it\/swgapi\/v1\/wp\/v2\/tags?post=543791"}],"curies":[{"name":"wp","href":"https:\/\/api.w.org\/{rel}","templated":true}]}}