{"id":54613,"date":"2013-07-30T00:00:00","date_gmt":"2013-07-30T00:00:00","guid":{"rendered":""},"modified":"2013-07-30T00:00:00","modified_gmt":"2013-07-30T00:00:00","slug":"festa-degli-alpini-a-bogno","status":"publish","type":"post","link":"https:\/\/staging.varesenews.it\/2013\/07\/festa-degli-alpini-a-bogno\/54613\/","title":{"rendered":"Festa degli Alpini a Bogno"},"content":{"rendered":"<p><strong>Festa degli Alpini a Bogno<\/strong>. La festa si terr&agrave; da venerd&igrave; 2 a domenica 4 agosto nella frazione di Besozzo e vedr&agrave; stand gastronomico attivo per tutti e tre i giorni (venerd&igrave; e sabato la sera, domenica anche a mezzogiorno) con tante specialit&agrave; e polenta. La sera ballo liscio sia sabato che domenica.&nbsp;<br \/>\nDomenica, alle 10 &egrave; previsto anche l&#8217;Alzabandiera, alle&nbsp;10.15 al Cimitero di Bogno, Deposizione corona alla lapide ai Caduti, alle&nbsp;10.30 alla Chiesa S. Vito Martire di Bogno S. Messa (accompagna la Corale S. Vito di Bogno). Alle&nbsp;11.45 Ritorno alla Sede del Gruppo per i discorsi delle Autorit&agrave; e Aperitivo. Alle&nbsp;12.30 pranzo nell&rsquo;area coperta della Sede (su invito e\/o prenotazione *). Alle&nbsp;18 apertura banco gastronomico.&nbsp;<\/p>\n","protected":false},"excerpt":{"rendered":"<p>La festa si terr\u00e0 da venerd\u00ec 2 a domenica 4 agosto nella frazione di Besozzo e vedr\u00e0 stand gastronomico attivo per tutti e tre i giorni <\/p>\n","protected":false},"author":10,"featured_media":0,"comment_status":"open","ping_status":"open","sticky":false,"template":"","format":"standard","meta":{"footnotes":""},"categories":[21,2],"tags":[10620,2926,158],"acf":[],"yoast_head":"<!-- This site is optimized with the Yoast SEO plugin v20.1 - https:\/\/yoast.com\/wordpress\/plugins\/seo\/ -->\n<title>Festa degli Alpini a Bogno<\/title>\n<meta name=\"description\" content=\"La festa si terr\u00e0 da venerd\u00ec 2 a domenica 4 agosto nella frazione di Besozzo e vedr\u00e0 stand gastronomico attivo per tutti e tre i giorni\" \/>\n<meta name=\"robots\" content=\"noindex, follow, max-snippet:-1, max-image-preview:large, max-video-preview:-1\" \/>\n<meta property=\"og:locale\" content=\"it_IT\" \/>\n<meta property=\"og:type\" content=\"article\" \/>\n<meta property=\"og:title\" content=\"Festa degli Alpini a Bogno\" \/>\n<meta property=\"og:description\" content=\"La festa si terr\u00e0 da venerd\u00ec 2 a domenica 4 agosto nella frazione di Besozzo e vedr\u00e0 stand gastronomico attivo per tutti e tre i giorni\" \/>\n<meta property=\"og:url\" content=\"https:\/\/staging.varesenews.it\/2013\/07\/festa-degli-alpini-a-bogno\/54613\/\" \/>\n<meta property=\"og:site_name\" content=\"VareseNews\" \/>\n<meta property=\"article:publisher\" content=\"https:\/\/www.facebook.com\/varesenews\" \/>\n<meta property=\"article:published_time\" content=\"2013-07-30T00:00:00+00:00\" \/>\n<meta name=\"author\" content=\"Redazione VareseNews\" \/>\n<meta name=\"twitter:card\" content=\"summary_large_image\" \/>\n<meta name=\"twitter:creator\" content=\"@varesenews\" \/>\n<meta name=\"twitter:site\" content=\"@varesenews\" \/>\n<meta name=\"twitter:label1\" content=\"Scritto da\" \/>\n\t<meta name=\"twitter:data1\" content=\"Redazione VareseNews\" \/>\n\t<meta name=\"twitter:label2\" content=\"Tempo di lettura stimato\" \/>\n\t<meta name=\"twitter:data2\" content=\"1 minuto\" \/>\n<script type=\"application\/ld+json\" class=\"yoast-schema-graph\">{\"@context\":\"https:\/\/schema.org\",\"@graph\":[{\"@type\":\"WebPage\",\"@id\":\"https:\/\/staging.varesenews.it\/2013\/07\/festa-degli-alpini-a-bogno\/54613\/\",\"url\":\"https:\/\/staging.varesenews.it\/2013\/07\/festa-degli-alpini-a-bogno\/54613\/\",\"name\":\"Festa degli Alpini a Bogno\",\"isPartOf\":{\"@id\":\"https:\/\/staging.varesenews.it\/#website\"},\"datePublished\":\"2013-07-30T00:00:00+00:00\",\"dateModified\":\"2013-07-30T00:00:00+00:00\",\"author\":{\"@id\":\"https:\/\/staging.varesenews.it\/#\/schema\/person\/fb20c4da0b7b16c291707a20db73e169\"},\"description\":\"La festa si terr\u00e0 da venerd\u00ec 2 a domenica 4 agosto nella frazione di Besozzo e vedr\u00e0 stand gastronomico attivo per tutti e tre i giorni\",\"breadcrumb\":{\"@id\":\"https:\/\/staging.varesenews.it\/2013\/07\/festa-degli-alpini-a-bogno\/54613\/#breadcrumb\"},\"inLanguage\":\"it-IT\",\"potentialAction\":[{\"@type\":\"ReadAction\",\"target\":[\"https:\/\/staging.varesenews.it\/2013\/07\/festa-degli-alpini-a-bogno\/54613\/\"]}]},{\"@type\":\"BreadcrumbList\",\"@id\":\"https:\/\/staging.varesenews.it\/2013\/07\/festa-degli-alpini-a-bogno\/54613\/#breadcrumb\",\"itemListElement\":[{\"@type\":\"ListItem\",\"position\":1,\"name\":\"Home\",\"item\":\"https:\/\/www.varesenews.it\/\"},{\"@type\":\"ListItem\",\"position\":2,\"name\":\"Festa degli Alpini a Bogno\"}]},{\"@type\":\"WebSite\",\"@id\":\"https:\/\/staging.varesenews.it\/#website\",\"url\":\"https:\/\/staging.varesenews.it\/\",\"name\":\"VareseNews\",\"description\":\"\",\"potentialAction\":[{\"@type\":\"SearchAction\",\"target\":{\"@type\":\"EntryPoint\",\"urlTemplate\":\"https:\/\/staging.varesenews.it\/?s={search_term_string}\"},\"query-input\":\"required name=search_term_string\"}],\"inLanguage\":\"it-IT\"},{\"@type\":\"Person\",\"@id\":\"https:\/\/staging.varesenews.it\/#\/schema\/person\/fb20c4da0b7b16c291707a20db73e169\",\"name\":\"Redazione VareseNews\",\"image\":{\"@type\":\"ImageObject\",\"inLanguage\":\"it-IT\",\"@id\":\"https:\/\/staging.varesenews.it\/#\/schema\/person\/image\/\",\"url\":\"https:\/\/staging.varesenews.it\/wp-content\/uploads\/2020\/12\/logo_VN_colori_500.png\",\"contentUrl\":\"https:\/\/staging.varesenews.it\/wp-content\/uploads\/2020\/12\/logo_VN_colori_500.png\",\"caption\":\"Redazione VareseNews\"},\"url\":\"https:\/\/staging.varesenews.it\/persona\/redazione1\/\"}]}<\/script>\n<!-- \/ Yoast SEO plugin. -->","yoast_head_json":{"title":"Festa degli Alpini a Bogno","description":"La festa si terr\u00e0 da venerd\u00ec 2 a domenica 4 agosto nella frazione di Besozzo e vedr\u00e0 stand gastronomico attivo per tutti e tre i giorni","robots":{"index":"noindex","follow":"follow","max-snippet":"max-snippet:-1","max-image-preview":"max-image-preview:large","max-video-preview":"max-video-preview:-1"},"og_locale":"it_IT","og_type":"article","og_title":"Festa degli Alpini a Bogno","og_description":"La festa si terr\u00e0 da venerd\u00ec 2 a domenica 4 agosto nella frazione di Besozzo e vedr\u00e0 stand gastronomico attivo per tutti e tre i giorni","og_url":"https:\/\/staging.varesenews.it\/2013\/07\/festa-degli-alpini-a-bogno\/54613\/","og_site_name":"VareseNews","article_publisher":"https:\/\/www.facebook.com\/varesenews","article_published_time":"2013-07-30T00:00:00+00:00","author":"Redazione VareseNews","twitter_card":"summary_large_image","twitter_creator":"@varesenews","twitter_site":"@varesenews","twitter_misc":{"Scritto da":"Redazione VareseNews","Tempo di lettura stimato":"1 minuto"},"schema":{"@context":"https:\/\/schema.org","@graph":[{"@type":"WebPage","@id":"https:\/\/staging.varesenews.it\/2013\/07\/festa-degli-alpini-a-bogno\/54613\/","url":"https:\/\/staging.varesenews.it\/2013\/07\/festa-degli-alpini-a-bogno\/54613\/","name":"Festa degli Alpini a Bogno","isPartOf":{"@id":"https:\/\/staging.varesenews.it\/#website"},"datePublished":"2013-07-30T00:00:00+00:00","dateModified":"2013-07-30T00:00:00+00:00","author":{"@id":"https:\/\/staging.varesenews.it\/#\/schema\/person\/fb20c4da0b7b16c291707a20db73e169"},"description":"La festa si terr\u00e0 da venerd\u00ec 2 a domenica 4 agosto nella frazione di Besozzo e vedr\u00e0 stand gastronomico attivo per tutti e tre i giorni","breadcrumb":{"@id":"https:\/\/staging.varesenews.it\/2013\/07\/festa-degli-alpini-a-bogno\/54613\/#breadcrumb"},"inLanguage":"it-IT","potentialAction":[{"@type":"ReadAction","target":["https:\/\/staging.varesenews.it\/2013\/07\/festa-degli-alpini-a-bogno\/54613\/"]}]},{"@type":"BreadcrumbList","@id":"https:\/\/staging.varesenews.it\/2013\/07\/festa-degli-alpini-a-bogno\/54613\/#breadcrumb","itemListElement":[{"@type":"ListItem","position":1,"name":"Home","item":"https:\/\/www.varesenews.it\/"},{"@type":"ListItem","position":2,"name":"Festa degli Alpini a Bogno"}]},{"@type":"WebSite","@id":"https:\/\/staging.varesenews.it\/#website","url":"https:\/\/staging.varesenews.it\/","name":"VareseNews","description":"","potentialAction":[{"@type":"SearchAction","target":{"@type":"EntryPoint","urlTemplate":"https:\/\/staging.varesenews.it\/?s={search_term_string}"},"query-input":"required name=search_term_string"}],"inLanguage":"it-IT"},{"@type":"Person","@id":"https:\/\/staging.varesenews.it\/#\/schema\/person\/fb20c4da0b7b16c291707a20db73e169","name":"Redazione VareseNews","image":{"@type":"ImageObject","inLanguage":"it-IT","@id":"https:\/\/staging.varesenews.it\/#\/schema\/person\/image\/","url":"https:\/\/staging.varesenews.it\/wp-content\/uploads\/2020\/12\/logo_VN_colori_500.png","contentUrl":"https:\/\/staging.varesenews.it\/wp-content\/uploads\/2020\/12\/logo_VN_colori_500.png","caption":"Redazione VareseNews"},"url":"https:\/\/staging.varesenews.it\/persona\/redazione1\/"}]}},"post_meta":{"id_old":"268844","argomento":"Besozzo "},"photos":[],"_links":{"self":[{"href":"https:\/\/staging.varesenews.it\/swgapi\/v1\/wp\/v2\/posts\/54613"}],"collection":[{"href":"https:\/\/staging.varesenews.it\/swgapi\/v1\/wp\/v2\/posts"}],"about":[{"href":"https:\/\/staging.varesenews.it\/swgapi\/v1\/wp\/v2\/types\/post"}],"author":[{"embeddable":true,"href":"https:\/\/staging.varesenews.it\/swgapi\/v1\/wp\/v2\/users\/10"}],"replies":[{"embeddable":true,"href":"https:\/\/staging.varesenews.it\/swgapi\/v1\/wp\/v2\/comments?post=54613"}],"version-history":[{"count":0,"href":"https:\/\/staging.varesenews.it\/swgapi\/v1\/wp\/v2\/posts\/54613\/revisions"}],"wp:attachment":[{"href":"https:\/\/staging.varesenews.it\/swgapi\/v1\/wp\/v2\/media?parent=54613"}],"wp:term":[{"taxonomy":"category","embeddable":true,"href":"https:\/\/staging.varesenews.it\/swgapi\/v1\/wp\/v2\/categories?post=54613"},{"taxonomy":"post_tag","embeddable":true,"href":"https:\/\/staging.varesenews.it\/swgapi\/v1\/wp\/v2\/tags?post=54613"}],"curies":[{"name":"wp","href":"https:\/\/api.w.org\/{rel}","templated":true}]}}