{"id":547283,"date":"2016-08-30T23:55:05","date_gmt":"2016-08-30T21:55:05","guid":{"rendered":"http:\/\/www.varesenews.it\/?p=547283"},"modified":"2016-08-30T23:55:05","modified_gmt":"2016-08-30T21:55:05","slug":"progetto-concittadino-diventa-associazione","status":"publish","type":"post","link":"https:\/\/staging.varesenews.it\/2016\/08\/progetto-concittadino-diventa-associazione\/547283\/","title":{"rendered":"&#8220;Progetto Concittadino&#8221; diventa associazione"},"content":{"rendered":"<p><strong>Progetto Concittadino diventa associazione<\/strong>, e si presenta con una serata conviviale al Tennis Bar di Villa Toeplitz. Dopo la fortunata avventura della campagna elettorale, <strong>la lista civica nata dalla candidatura alle primarie del centrosinistra di Dino De Simone<\/strong> si riorganizza, per diventare una realt\u00e0 in grado sia di sostenere per tutto il mandato il lavoro di De Simone, oggi assessore ad Ambiente, Benessere e Sport, e del consigliere comunale<strong> Enzo R. Laforgia<\/strong>, sia di diventare un punto d\u2019incontro tra cittadini e amministrazione, capace di coinvolgere e di incidere in citt\u00e0.<\/p>\n<p>I due coordinatori e referenti della nuova associazione sono <strong>Natalino Bianchi e Francesca Coffano<\/strong>. \u00abIl gruppo dei 32 candidati continua e si consolida \u2013 spiega Bianchi \u2013 perch\u00e9 siamo tutti animati da uno stesso spirito: non vogliamo \u201cpoltrone\u201d, ma intendiamo lavorare concretamente al miglioramento della citt\u00e0 e della vita dei varesini\u00bb. Per questo, \u00e8 gi\u00e0 pronta la divisione dei compiti per il sostegno al lavoro di Laforgia nelle commissioni consiliari.<\/p>\n<p>\u00abNon \u00e8 pensabile che una sola persona segua tutte le commissioni \u2013 dice Bianchi \u2013 per questo, grazie allo strumento della delega, i \u201cConcittadini\u201d potranno assumersi la responsabilit\u00e0 di sostituire Enzo Laforgia nelle commissioni che lui decider\u00e0 di delegare. Per ogni commissione, poi, ci sar\u00e0 un piccolo gruppo di lavoro, che aiuter\u00e0 Enzo e i suoi delegati\u00bb.<\/p>\n<p>Insomma, Progetto Concittadino, passato il momento del grande entusiasmo per la vittoria elettorale, non intende disperdere le energie e le competenze raccolte, ma metterle a frutto. Nel lavoro delle commissioni, ma anche oltre. \u00abAbbiamo gi\u00e0 tre iniziative in programma \u2013 <strong>spiega Francesca Coffano<\/strong>, che si occuper\u00e0 delle questioni pi\u00f9 puramente organizzative \u2013 il 25 settembre affiancheremo Legambiente e l\u2019assessorato del \u201cnostro\u201d Dino nell\u2019organizzazione cittadina di \u201cPuliamo il mondo\u201d, manifestazione nazionale di Legambiente.<\/p>\n<p><strong>Il 6 settembre, invece, alle 21<\/strong>, l\u2019appuntamento \u00e8 in Sala Macchi, in via de Cristoforis 5, per la presentazione di \u201cRadio Concittadina\u201d, un progetto di radio web da un\u2019idea di Tiziana Cilia Schiavoni. Un\u2019altra iniziativa \u00e8 in via di definizione per le celebrazioni dell\u2019Ottobre di Sangue, momento di memoria della Resistenza a Varese\u00bb. Non solo, spiega ancora Coffano: \u00abTra i progetti pi\u00f9 a lungo termine, c\u2019\u00e8 quello di un grande evento annuale che riunisca le nostre tre parole chiave: giovani, ambiente e partecipazione\u00bb.<br \/>\nE non \u00e8 finita. \u00abVogliamo anche costruire una rete di contatti con liste civiche simili in provincia \u2013 spiega Bianchi \u2013 il Gelso che sostiene Silvio Aimetti a Comerio, Vedano Viva, la lista del sindaco di Vedano Olona Cristiano Citterio e Malnate Sostenibile, che sostiene a Malnate Samuele Astuti hanno un loro rappresentante qui stasera. Perch\u00e9 Varese va pensata anche come area vasta: non un\u2019isola, ma snodo di un sistema complesso\u00bb.<\/p>\n","protected":false},"excerpt":{"rendered":"<p>La lista civica nata dalla candidatura alle primarie del centrosinistra di Dino De Simone si riorganizza<\/p>\n","protected":false},"author":52,"featured_media":0,"comment_status":"open","ping_status":"open","sticky":false,"template":"","format":"standard","meta":{"footnotes":""},"categories":[16,2],"tags":[58762],"acf":[],"yoast_head":"<!-- This site is optimized with the Yoast SEO plugin v20.1 - https:\/\/yoast.com\/wordpress\/plugins\/seo\/ -->\n<title>&quot;Progetto Concittadino&quot; diventa associazione<\/title>\n<meta name=\"description\" content=\"La lista civica nata dalla candidatura alle primarie del centrosinistra di Dino De Simone si riorganizza\" \/>\n<meta name=\"robots\" content=\"noindex, follow, max-snippet:-1, max-image-preview:large, max-video-preview:-1\" \/>\n<meta property=\"og:locale\" content=\"it_IT\" \/>\n<meta property=\"og:type\" content=\"article\" \/>\n<meta property=\"og:title\" content=\"&quot;Progetto Concittadino&quot; diventa associazione\" \/>\n<meta property=\"og:description\" content=\"La lista civica nata dalla candidatura alle primarie del centrosinistra di Dino De Simone si riorganizza\" \/>\n<meta property=\"og:url\" content=\"https:\/\/staging.varesenews.it\/2016\/08\/progetto-concittadino-diventa-associazione\/547283\/\" \/>\n<meta property=\"og:site_name\" content=\"VareseNews\" \/>\n<meta property=\"article:publisher\" content=\"https:\/\/www.facebook.com\/varesenews\" \/>\n<meta property=\"article:published_time\" content=\"2016-08-30T21:55:05+00:00\" \/>\n<meta name=\"author\" content=\"Tomaso Bassani\" \/>\n<meta name=\"twitter:card\" content=\"summary_large_image\" \/>\n<meta name=\"twitter:creator\" content=\"@varesenews\" \/>\n<meta name=\"twitter:site\" content=\"@varesenews\" \/>\n<meta name=\"twitter:label1\" content=\"Scritto da\" \/>\n\t<meta name=\"twitter:data1\" content=\"Tomaso Bassani\" \/>\n\t<meta name=\"twitter:label2\" content=\"Tempo di lettura stimato\" \/>\n\t<meta name=\"twitter:data2\" content=\"2 minuti\" \/>\n<script type=\"application\/ld+json\" class=\"yoast-schema-graph\">{\"@context\":\"https:\/\/schema.org\",\"@graph\":[{\"@type\":\"WebPage\",\"@id\":\"https:\/\/staging.varesenews.it\/2016\/08\/progetto-concittadino-diventa-associazione\/547283\/\",\"url\":\"https:\/\/staging.varesenews.it\/2016\/08\/progetto-concittadino-diventa-associazione\/547283\/\",\"name\":\"\\\"Progetto Concittadino\\\" diventa associazione\",\"isPartOf\":{\"@id\":\"https:\/\/staging.varesenews.it\/#website\"},\"datePublished\":\"2016-08-30T21:55:05+00:00\",\"dateModified\":\"2016-08-30T21:55:05+00:00\",\"author\":{\"@id\":\"https:\/\/staging.varesenews.it\/#\/schema\/person\/f8cc543029c96c954a35c042e01892bb\"},\"description\":\"La lista civica nata dalla candidatura alle primarie del centrosinistra di Dino De Simone si riorganizza\",\"breadcrumb\":{\"@id\":\"https:\/\/staging.varesenews.it\/2016\/08\/progetto-concittadino-diventa-associazione\/547283\/#breadcrumb\"},\"inLanguage\":\"it-IT\",\"potentialAction\":[{\"@type\":\"ReadAction\",\"target\":[\"https:\/\/staging.varesenews.it\/2016\/08\/progetto-concittadino-diventa-associazione\/547283\/\"]}]},{\"@type\":\"BreadcrumbList\",\"@id\":\"https:\/\/staging.varesenews.it\/2016\/08\/progetto-concittadino-diventa-associazione\/547283\/#breadcrumb\",\"itemListElement\":[{\"@type\":\"ListItem\",\"position\":1,\"name\":\"Home\",\"item\":\"https:\/\/www.varesenews.it\/\"},{\"@type\":\"ListItem\",\"position\":2,\"name\":\"&#8220;Progetto Concittadino&#8221; diventa associazione\"}]},{\"@type\":\"WebSite\",\"@id\":\"https:\/\/staging.varesenews.it\/#website\",\"url\":\"https:\/\/staging.varesenews.it\/\",\"name\":\"VareseNews\",\"description\":\"\",\"potentialAction\":[{\"@type\":\"SearchAction\",\"target\":{\"@type\":\"EntryPoint\",\"urlTemplate\":\"https:\/\/staging.varesenews.it\/?s={search_term_string}\"},\"query-input\":\"required name=search_term_string\"}],\"inLanguage\":\"it-IT\"},{\"@type\":\"Person\",\"@id\":\"https:\/\/staging.varesenews.it\/#\/schema\/person\/f8cc543029c96c954a35c042e01892bb\",\"name\":\"Tomaso Bassani\",\"image\":{\"@type\":\"ImageObject\",\"inLanguage\":\"it-IT\",\"@id\":\"https:\/\/staging.varesenews.it\/#\/schema\/person\/image\/\",\"url\":\"https:\/\/staging.varesenews.it\/wp-content\/uploads\/2020\/12\/tomaso_bassani_colori_500.jpg\",\"contentUrl\":\"https:\/\/staging.varesenews.it\/wp-content\/uploads\/2020\/12\/tomaso_bassani_colori_500.jpg\",\"caption\":\"Tomaso Bassani\"},\"description\":\"Sono nato nel 1988 e questo ha fatto s&igrave; che la mia vita sia coincisa con l'epoca di pi&ugrave; grande e veloce cambiamento della storia. Sono giornalista e caporedattore di Varesenews. Ho un master in data analysis, una laurea in storia e una formazione superiore commerciale. Sono cresciuto tra scout, tavola a rotelle, impegno associativo (in quella grande esperienza giovanile che &egrave; stato l&rsquo;Albizzate Valley Festival) e cooperativo (Circolo The Family di Albizzate). Per passione mi occupo di dati, videomaking, fotografia, scrittura e web. Per lavoro anche.&nbsp;\",\"sameAs\":[\"tomasobassani\",\"https:\/\/www.linkedin.com\/profile\/view?id=102759293&trk=nav_responsive_tab_profile\"],\"url\":\"https:\/\/staging.varesenews.it\/persona\/tomaso-bassani\/\"}]}<\/script>\n<!-- \/ Yoast SEO plugin. -->","yoast_head_json":{"title":"\"Progetto Concittadino\" diventa associazione","description":"La lista civica nata dalla candidatura alle primarie del centrosinistra di Dino De Simone si riorganizza","robots":{"index":"noindex","follow":"follow","max-snippet":"max-snippet:-1","max-image-preview":"max-image-preview:large","max-video-preview":"max-video-preview:-1"},"og_locale":"it_IT","og_type":"article","og_title":"\"Progetto Concittadino\" diventa associazione","og_description":"La lista civica nata dalla candidatura alle primarie del centrosinistra di Dino De Simone si riorganizza","og_url":"https:\/\/staging.varesenews.it\/2016\/08\/progetto-concittadino-diventa-associazione\/547283\/","og_site_name":"VareseNews","article_publisher":"https:\/\/www.facebook.com\/varesenews","article_published_time":"2016-08-30T21:55:05+00:00","author":"Tomaso Bassani","twitter_card":"summary_large_image","twitter_creator":"@varesenews","twitter_site":"@varesenews","twitter_misc":{"Scritto da":"Tomaso Bassani","Tempo di lettura stimato":"2 minuti"},"schema":{"@context":"https:\/\/schema.org","@graph":[{"@type":"WebPage","@id":"https:\/\/staging.varesenews.it\/2016\/08\/progetto-concittadino-diventa-associazione\/547283\/","url":"https:\/\/staging.varesenews.it\/2016\/08\/progetto-concittadino-diventa-associazione\/547283\/","name":"\"Progetto Concittadino\" diventa associazione","isPartOf":{"@id":"https:\/\/staging.varesenews.it\/#website"},"datePublished":"2016-08-30T21:55:05+00:00","dateModified":"2016-08-30T21:55:05+00:00","author":{"@id":"https:\/\/staging.varesenews.it\/#\/schema\/person\/f8cc543029c96c954a35c042e01892bb"},"description":"La lista civica nata dalla candidatura alle primarie del centrosinistra di Dino De Simone si riorganizza","breadcrumb":{"@id":"https:\/\/staging.varesenews.it\/2016\/08\/progetto-concittadino-diventa-associazione\/547283\/#breadcrumb"},"inLanguage":"it-IT","potentialAction":[{"@type":"ReadAction","target":["https:\/\/staging.varesenews.it\/2016\/08\/progetto-concittadino-diventa-associazione\/547283\/"]}]},{"@type":"BreadcrumbList","@id":"https:\/\/staging.varesenews.it\/2016\/08\/progetto-concittadino-diventa-associazione\/547283\/#breadcrumb","itemListElement":[{"@type":"ListItem","position":1,"name":"Home","item":"https:\/\/www.varesenews.it\/"},{"@type":"ListItem","position":2,"name":"&#8220;Progetto Concittadino&#8221; diventa associazione"}]},{"@type":"WebSite","@id":"https:\/\/staging.varesenews.it\/#website","url":"https:\/\/staging.varesenews.it\/","name":"VareseNews","description":"","potentialAction":[{"@type":"SearchAction","target":{"@type":"EntryPoint","urlTemplate":"https:\/\/staging.varesenews.it\/?s={search_term_string}"},"query-input":"required name=search_term_string"}],"inLanguage":"it-IT"},{"@type":"Person","@id":"https:\/\/staging.varesenews.it\/#\/schema\/person\/f8cc543029c96c954a35c042e01892bb","name":"Tomaso Bassani","image":{"@type":"ImageObject","inLanguage":"it-IT","@id":"https:\/\/staging.varesenews.it\/#\/schema\/person\/image\/","url":"https:\/\/staging.varesenews.it\/wp-content\/uploads\/2020\/12\/tomaso_bassani_colori_500.jpg","contentUrl":"https:\/\/staging.varesenews.it\/wp-content\/uploads\/2020\/12\/tomaso_bassani_colori_500.jpg","caption":"Tomaso Bassani"},"description":"Sono nato nel 1988 e questo ha fatto s&igrave; che la mia vita sia coincisa con l'epoca di pi&ugrave; grande e veloce cambiamento della storia. Sono giornalista e caporedattore di Varesenews. Ho un master in data analysis, una laurea in storia e una formazione superiore commerciale. Sono cresciuto tra scout, tavola a rotelle, impegno associativo (in quella grande esperienza giovanile che &egrave; stato l&rsquo;Albizzate Valley Festival) e cooperativo (Circolo The Family di Albizzate). Per passione mi occupo di dati, videomaking, fotografia, scrittura e web. Per lavoro anche.&nbsp;","sameAs":["tomasobassani","https:\/\/www.linkedin.com\/profile\/view?id=102759293&trk=nav_responsive_tab_profile"],"url":"https:\/\/staging.varesenews.it\/persona\/tomaso-bassani\/"}]}},"post_meta":{"_edit_lock":"1472595398:52","_edit_last":"52","ratings_users":"0","ratings_score":"0","ratings_average":"0","_category_permalink":"","wdfb_og_title":"","wdfb_og_type":"","wdfb_og_description":"","wdfb_og_images":"a:1:{i:0;s:0:\"\";}","wdfb_og_custom_name":"a:1:{i:0;s:0:\"\";}","wdfb_og_custom_value":"a:1:{i:0;s:0:\"\";}","foto":"562077","firma_come_redazione":"1","argomento":"Varese","_jd_twitter":"","_jd_tweet_this":"yes","_wpt_short_url":"http:\/\/www.varesenews.it\/2016\/08\/progetto-concittadino-diventa-associazione\/547283\/","_wp_jd_target":"http:\/\/www.varesenews.it\/2016\/08\/progetto-concittadino-diventa-associazione\/547283\/","_jd_wp_twitter":"a:1:{i:0;s:129:\"\"Progetto Concittadino\" diventa associazione http:\/\/www.varesenews.it\/2016\/08\/progetto-concittadino-diventa-associazione\/547283\/ \";}","_wpt_status_message":"Tweet inviato con successo."},"photos":[{"original":"https:\/\/staging.varesenews.it\/photogallery_new\/images\/2016\/08\/progetto-concittadino-562077.jpg","full":"https:\/\/staging.varesenews.it\/photogallery_new\/images\/2016\/08\/progetto-concittadino-562077.1024x768.jpg","large":"https:\/\/staging.varesenews.it\/photogallery_new\/images\/2016\/08\/progetto-concittadino-562077.610x431.jpg"}],"_links":{"self":[{"href":"https:\/\/staging.varesenews.it\/swgapi\/v1\/wp\/v2\/posts\/547283"}],"collection":[{"href":"https:\/\/staging.varesenews.it\/swgapi\/v1\/wp\/v2\/posts"}],"about":[{"href":"https:\/\/staging.varesenews.it\/swgapi\/v1\/wp\/v2\/types\/post"}],"author":[{"embeddable":true,"href":"https:\/\/staging.varesenews.it\/swgapi\/v1\/wp\/v2\/users\/52"}],"replies":[{"embeddable":true,"href":"https:\/\/staging.varesenews.it\/swgapi\/v1\/wp\/v2\/comments?post=547283"}],"version-history":[{"count":0,"href":"https:\/\/staging.varesenews.it\/swgapi\/v1\/wp\/v2\/posts\/547283\/revisions"}],"wp:attachment":[{"href":"https:\/\/staging.varesenews.it\/swgapi\/v1\/wp\/v2\/media?parent=547283"}],"wp:term":[{"taxonomy":"category","embeddable":true,"href":"https:\/\/staging.varesenews.it\/swgapi\/v1\/wp\/v2\/categories?post=547283"},{"taxonomy":"post_tag","embeddable":true,"href":"https:\/\/staging.varesenews.it\/swgapi\/v1\/wp\/v2\/tags?post=547283"}],"curies":[{"name":"wp","href":"https:\/\/api.w.org\/{rel}","templated":true}]}}